{"id":990,"date":"2021-08-30T09:00:00","date_gmt":"2021-08-30T07:00:00","guid":{"rendered":"https:\/\/office-roxx.de\/primabueroklima\/?p=990"},"modified":"2024-10-31T15:36:11","modified_gmt":"2024-10-31T14:36:11","slug":"back-to-business-sichere-rueckkehr-ins-buero-durch-gute-luftqualitaet","status":"publish","type":"post","link":"https:\/\/office-roxx.de\/primabueroklima\/back-to-business-sichere-rueckkehr-ins-buero-durch-gute-luftqualitaet\/","title":{"rendered":"Back to Business: Sichere R\u00fcckkehr ins B\u00fcro durch gute Luftqualit\u00e4t"},"content":{"rendered":"<p>Mit stei\u00adgen\u00adder Impf\u00adquo\u00adte f\u00fcl\u00adlen sich lang\u00adsam die B\u00fcro\u00adge\u00adb\u00e4u\u00adde. Doch die Sor\u00adge um die eige\u00adne Gesund\u00adheit d\u00e4mpft die Freu\u00adde \u00fcber das Wie\u00adder\u00adse\u00adhen. Auch bei nied\u00adri\u00adgen Inzi\u00adden\u00adzen kann schlech\u00adte Raum\u00adluft in voll besetz\u00adten Innen\u00adr\u00e4u\u00admen f\u00fcr rasche Krank\u00adheits\u00ad\u00fcber\u00adtra\u00adgun\u00adgen und Kopf\u00adschmer\u00adzen sorgen.<\/p>\n<p><!--more--><\/p>\n<figure id=\"attachment_1041\" aria-describedby=\"caption-attachment-1041\" style=\"width: 600px\" class=\"wp-caption aligncenter\"><img loading=\"lazy\" decoding=\"async\" class=\"wp-image-1041 ml-lightbox-enabled\" src=\"https:\/\/office-roxx.de\/primabueroklima\/wp-content\/uploads\/2021\/08\/Airthings-View-Plus-for-Business-Meeting-Room.jpg\" alt=\"Einen gro\u00dfen Teil ihres Lebens verbringen Menschen am Arbeitsplatz. Die Luft, die sie atmen, spielt hier eine wichtige Rolle f\u00fcr ihr Wohlbefinden und ihre Gesundheit. Abbildung: Airthings\" width=\"600\" height=\"321\" srcset=\"https:\/\/office-roxx.de\/primabueroklima\/wp-content\/uploads\/2021\/08\/Airthings-View-Plus-for-Business-Meeting-Room.jpg 1000w, https:\/\/office-roxx.de\/primabueroklima\/wp-content\/uploads\/2021\/08\/Airthings-View-Plus-for-Business-Meeting-Room-300x161.jpg 300w, https:\/\/office-roxx.de\/primabueroklima\/wp-content\/uploads\/2021\/08\/Airthings-View-Plus-for-Business-Meeting-Room-768x411.jpg 768w\" sizes=\"auto, (max-width: 600px) 100vw, 600px\"><figcaption id=\"caption-attachment-1041\" class=\"wp-caption-text\">Einen gro\u00ad\u00dfen Teil ihres Lebens ver\u00adbrin\u00adgen Men\u00adschen am Arbeits\u00adplatz. Die Luft, die sie atmen, spielt hier eine wich\u00adti\u00adge Rol\u00adle f\u00fcr ihr Wohl\u00adbe\u00adfin\u00adden und ihre Gesund\u00adheit. Abbil\u00addung: Airthings<\/figcaption><\/figure>\n<p>Im Gegen\u00adsatz zum Home\u00adof\u00adfice liegt die Ver\u00adant\u00adwor\u00adtung f\u00fcr eine gesun\u00adde und siche\u00adre Arbeits\u00adum\u00adge\u00adbung in der Hand der B\u00fcro\u00adlei\u00adter und Gesch\u00e4fts\u00adin\u00adha\u00adber. Die \u00dcber\u00adwa\u00adchung der Luft\u00adqua\u00adli\u00adt\u00e4t durch View Plus for Busi\u00adness, die aktu\u00adells\u00adte Erwei\u00adte\u00adrung der \u201eAirt\u00adhings for Business\u201c-L\u00f6sung, erm\u00f6g\u00adlicht schnel\u00adle und ein\u00adfa\u00adche Sicher\u00adheits\u00adma\u00df\u00adnah\u00admen f\u00fcr ein pan\u00adde\u00admie\u00adge\u00adschw\u00e4ch\u00adtes Budget.<\/p>\n<h2>Sick Building Syndrom<\/h2>\n<p>Sei es ein brand\u00adneu\u00ader Wol\u00adken\u00adkrat\u00adzer oder ein in die Jah\u00adre gekom\u00adme\u00adnes B\u00fcro\u00adge\u00adb\u00e4u\u00adde, jeder Innen\u00adraum kann \u201ekrank\u201c machen, wenn die Luft\u00adqua\u00adli\u00adt\u00e4t nicht ber\u00fcck\u00adsich\u00adtigt wird. Die\u00adses Ph\u00e4\u00adno\u00admen beschreibt der Begriff \u201eSick Buil\u00adding Syn\u00addrom\u201c, zu Deutsch \u201eKran\u00adkes-Geb\u00e4u\u00adde-Syn\u00addrom\u201c. Bei\u00adspiels\u00adwei\u00adse k\u00f6n\u00adnen erh\u00f6h\u00adte CO2- oder Fein\u00adstaub\u00adwer\u00adte Kopf\u00adschmer\u00adzen und Kon\u00adzen\u00adtra\u00adti\u00adons\u00adschwie\u00adrig\u00adkei\u00adten ver\u00adur\u00adsa\u00adchen. Unter\u00addes\u00adsen ist das geruchs- und farb\u00adlo\u00adse Gas Radon nach Ein\u00adsch\u00e4t\u00adzung der <a href=\"https:\/\/www.epa.gov\/radon\/health-risk-radon\" target=\"_blank\" rel=\"noopener\">US-Umwelt\u00adschutz\u00adbe\u00adh\u00f6r\u00adde<\/a> die Haupt\u00adur\u00adsa\u00adche f\u00fcr Lun\u00adgen\u00adkrebs bei Nicht\u00adrau\u00adchern. Um sol\u00adchen Gesund\u00adheits\u00adri\u00adsi\u00adken vor\u00adzu\u00adbeu\u00adgen, muss man zun\u00e4chst ver\u00adste\u00adhen, was sich in der Luft befindet.<\/p>\n<figure id=\"attachment_1046\" aria-describedby=\"caption-attachment-1046\" style=\"width: 600px\" class=\"wp-caption aligncenter\"><img loading=\"lazy\" decoding=\"async\" class=\"wp-image-1046 ml-lightbox-enabled\" src=\"https:\/\/office-roxx.de\/primabueroklima\/wp-content\/uploads\/2021\/08\/Airthings-View-Plus-Front.jpg\" alt=\"View Plus for Business ist das weltweit fortschrittlichste System f\u00fcr das Monitoring von Luftqualit\u00e4t in Innenr\u00e4umen. Abbildung: Airthings\" width=\"600\" height=\"266\" srcset=\"https:\/\/office-roxx.de\/primabueroklima\/wp-content\/uploads\/2021\/08\/Airthings-View-Plus-Front.jpg 1000w, https:\/\/office-roxx.de\/primabueroklima\/wp-content\/uploads\/2021\/08\/Airthings-View-Plus-Front-300x133.jpg 300w, https:\/\/office-roxx.de\/primabueroklima\/wp-content\/uploads\/2021\/08\/Airthings-View-Plus-Front-768x341.jpg 768w\" sizes=\"auto, (max-width: 600px) 100vw, 600px\"><figcaption id=\"caption-attachment-1046\" class=\"wp-caption-text\">View Plus for Busi\u00adness ist das welt\u00adweit fort\u00adschritt\u00adlichs\u00adte Sys\u00adtem f\u00fcr das Moni\u00adto\u00adring von Luft\u00adqua\u00adli\u00adt\u00e4t in Innen\u00adr\u00e4u\u00admen. Abbil\u00addung: Airthings<\/figcaption><\/figure>\n<p>Die \u201e<a href=\"https:\/\/www.airthings.com\/de\/business\" target=\"_blank\" rel=\"noopener\">Airt\u00adhings for Busi\u00adness<\/a>\u201c-L\u00f6sung stellt umfang\u00adrei\u00adche Luft\u00adqua\u00adli\u00adt\u00e4ts\u00adda\u00adten bereit, die Geb\u00e4u\u00adde\u00adma\u00adna\u00adger digi\u00adtal von \u00fcber\u00adall abru\u00adfen k\u00f6n\u00adnen. View Plus for Busi\u00adness ist die j\u00fcngs\u00adte Erg\u00e4n\u00adzung der Airt\u00adhings-Pro\u00addukt\u00adfa\u00admi\u00adlie und welt\u00adweit eins der fort\u00adschritt\u00adlichs\u00adten Sys\u00adte\u00adme zur \u00dcber\u00adwa\u00adchung der Luft\u00adqua\u00adli\u00adt\u00e4t in Innen\u00adr\u00e4u\u00admen. Die Sen\u00adso\u00adren mes\u00adsen Para\u00adme\u00adter wie Luft\u00adfeuch\u00adtig\u00adkeit, CO2-S\u00e4t\u00adti\u00adgung, Fein\u00adstaub und luft\u00adge\u00adtra\u00adge\u00adne Che\u00admi\u00adka\u00adli\u00aden sowie den Ger\u00e4usch\u00adpe\u00adgel. Aus der Ana\u00adly\u00adse der gewon\u00adne\u00adnen Daten k\u00f6n\u00adnen au\u00dfer\u00addem Hin\u00adwei\u00adse auf das all\u00adge\u00admei\u00adne Virus\u00adri\u00adsi\u00adko abge\u00adlei\u00adtet wer\u00adden. Nur wer die Qua\u00adli\u00adt\u00e4t der Atem\u00adluft in Innen\u00adr\u00e4u\u00admen misst und ana\u00adly\u00adsiert, kann gezielt Ein\u00adfluss dar\u00adauf neh\u00admen, das Well\u00adbe\u00ading in B\u00fcro\u00adr\u00e4u\u00admen oder in kom\u00adplet\u00adten Geb\u00e4u\u00adden wir\u00adkungs\u00advoll zu optimieren.<\/p>\n<h2>Geb\u00e4udeleittechnik ist nur so gut wie ihre&nbsp;Daten<\/h2>\n<p>Alles beginnt mit der Leit\u00adtech\u00adnik des Geb\u00e4u\u00addes. Die Ger\u00e4\u00adte der \u201eAirt\u00adhings for Business\u201c-L\u00f6sung las\u00adsen sich leicht in die\u00adse inte\u00adgrie\u00adren und opti\u00admie\u00adren. Bel\u00fcf\u00adtung, Hei\u00adzung, K\u00fch\u00adlung und sogar der Ener\u00adgie\u00adver\u00adbrauch der Beleuch\u00adtung kann dem tat\u00ads\u00e4ch\u00adli\u00adchen Bedarf ange\u00adpasst wer\u00adden und muss nicht nach einem fes\u00adten Zeit\u00adplan ablaufen.<\/p>\n<p>Office-Mana\u00adger k\u00f6n\u00adnen ein Moni\u00adto\u00adring der Luft\u00adqua\u00adli\u00adt\u00e4t nut\u00adzen, um das idea\u00adle Gleich\u00adge\u00adwicht an Per\u00adso\u00adnen in einem Raum zu mes\u00adsen. Nicht die abso\u00adlu\u00adte Anzahl der Mit\u00adar\u00adbei\u00adter ist hier ent\u00adschei\u00addend, son\u00addern die Verteilung.<\/p>\n<figure id=\"attachment_1043\" aria-describedby=\"caption-attachment-1043\" style=\"width: 600px\" class=\"wp-caption aligncenter\"><img loading=\"lazy\" decoding=\"async\" class=\"wp-image-1043 ml-lightbox-enabled\" src=\"https:\/\/office-roxx.de\/primabueroklima\/wp-content\/uploads\/2021\/08\/Airthings-Dashboard.jpg\" alt=\"Das \u201eAirthings for Business\u201c-Dashboard erm\u00f6glicht einen ausf\u00fchrlichen \u00dcberblick \u00fcber die Luftqualit\u00e4t im B\u00fcrogeb\u00e4ude. Abbildung: Airthings\" width=\"600\" height=\"334\" srcset=\"https:\/\/office-roxx.de\/primabueroklima\/wp-content\/uploads\/2021\/08\/Airthings-Dashboard.jpg 1000w, https:\/\/office-roxx.de\/primabueroklima\/wp-content\/uploads\/2021\/08\/Airthings-Dashboard-300x167.jpg 300w, https:\/\/office-roxx.de\/primabueroklima\/wp-content\/uploads\/2021\/08\/Airthings-Dashboard-768x428.jpg 768w\" sizes=\"auto, (max-width: 600px) 100vw, 600px\"><figcaption id=\"caption-attachment-1043\" class=\"wp-caption-text\">Das \u201eAirt\u00adhings for Business\u201c-Dashboard erm\u00f6g\u00adlicht einen aus\u00adf\u00fchr\u00adli\u00adchen \u00dcber\u00adblick \u00fcber die Luft\u00adqua\u00adli\u00adt\u00e4t im B\u00fcro\u00adge\u00adb\u00e4u\u00adde. Abbil\u00addung: Airthings<\/figcaption><\/figure>\n<p>Die meis\u00adten Geb\u00e4u\u00adde\u00adbe\u00adl\u00fcf\u00adtun\u00adgen lau\u00adfen den gan\u00adzen Tag lang, unab\u00adh\u00e4n\u00adgig von der Geb\u00e4u\u00adde\u00adbe\u00adle\u00adgung, was die Betriebs\u00adkos\u00adten f\u00fcr Ener\u00adgie, War\u00adtung und Ver\u00adschlei\u00df schnell unn\u00f6\u00adtig ver\u00addop\u00adpelt. Eine sinn\u00advol\u00adle\u00adre L\u00f6sung ist eine adap\u00adti\u00adve Aus\u00adle\u00adgung. Grund\u00adla\u00adge daf\u00fcr sind die Luft\u00adqua\u00adli\u00adt\u00e4ts\u00admess\u00adwer\u00adte, sodass das Sys\u00adtem in Zei\u00adten hoher Bean\u00adspru\u00adchung und bei kri\u00adti\u00adschen Mess\u00adwer\u00adten daten\u00adba\u00adsiert eingreift.<\/p>\n<h2>Luftfeuchtigkeit ist nicht nur ein Faktor in Badezimmern<\/h2>\n<p>Grund\u00ads\u00e4tz\u00adlich gilt es, die Luft\u00adfeuch\u00adtig\u00adkeit in Innen\u00adr\u00e4u\u00admen zwi\u00adschen 30 und 60 Pro\u00adzent zu hal\u00adten. Stu\u00addi\u00aden haben einen direk\u00adten Zusam\u00admen\u00adhang zwi\u00adschen der Ver\u00adbrei\u00adtung von Grip\u00adpe\u00advi\u00adren und einer nied\u00adri\u00adgen Luft\u00adfeuch\u00adtig\u00adkeit bewie\u00adsen. Bei einer Luft\u00adfeuch\u00adtig\u00adkeit von 23 Pro\u00adzent waren 70 bis 77 Pro\u00adzent der <a href=\"https:\/\/journals.plos.org\/plosone\/article?id=10.1371\/journal.pone.0057485\" target=\"_blank\" rel=\"noopener\">Grip\u00adpe\u00advi\u00adrus-Erre\u00adger<\/a>&nbsp;noch eine Stun\u00adde nach dem Hus\u00adten in der Lage, eine Infek\u00adti\u00adon aus\u00adzu\u00adl\u00f6\u00adsen. Eine Erh\u00f6\u00adhung der Luft\u00adfeuch\u00adtig\u00adkeit auf 43 Pro\u00adzent redu\u00adzier\u00adte den Anteil der infek\u00adti\u00f6\u00adsen Par\u00adti\u00adkel auf nur noch 14 Pro\u00adzent. Erschwe\u00adrend kommt hin\u00adzu, dass in vie\u00adlen mit zen\u00adtra\u00adlen Kli\u00adma\u00adan\u00adla\u00adgen betrie\u00adbe\u00adnen B\u00fcro\u00adge\u00adb\u00e4u\u00adden die Luft sehr tro\u00adcken ist. Eine zu hohe Luft\u00adfeuch\u00adtig\u00adkeit kann hin\u00adge\u00adgen zu \u00fcber\u00adm\u00e4\u00ad\u00dfi\u00adger Feuch\u00adtig\u00adkeit und Schim\u00admel\u00adbil\u00addung f\u00fch\u00adren. Eine kon\u00adstan\u00adte Luft\u00adfeuch\u00adte von 30 bis 60 Pro\u00adzent hilft, bei\u00adde Pro\u00adble\u00adme zu vermeiden.<\/p>\n<h2>Zukunftssichere Geb\u00e4ude<\/h2>\n<p>Tech\u00adnik zur Opti\u00admie\u00adrung der Luft\u00adqua\u00adli\u00adt\u00e4t ist eine sinn\u00advol\u00adle, zeit\u00adge\u00adm\u00e4\u00ad\u00dfe Inves\u00adti\u00adti\u00adon. Das spie\u00adgelt sich auch in Zer\u00adti\u00adfi\u00adzie\u00adrungs\u00adsys\u00adte\u00admen f\u00fcr gesun\u00addes und nach\u00adhal\u00adti\u00adges Bau\u00aden wider. Schon lang ist der Fak\u00adtor der Luft\u00adqua\u00adli\u00adt\u00e4t von die\u00adsen eine Bewer\u00adtungs\u00adka\u00adte\u00adgo\u00adrie. So wird mit\u00adhil\u00adfe von Airt\u00adhings-Ger\u00e4\u00adten etwa beim <a href=\"https:\/\/www.wellcertified.com\/\" target=\"_blank\" rel=\"noopener\">Well-Buil\u00adding-Stan\u00addard<\/a> die h\u00f6chs\u00adte Punkt\u00adzahl in der Luft\u00adqua\u00adli\u00adt\u00e4ts\u00adka\u00adte\u00adgo\u00adrie erlangt, da auch Sen\u00adso\u00adren f\u00fcr Radon inte\u00adgriert sind.<\/p>\n<p>View Plus ist au\u00dfer\u00addem seit Kur\u00adzem auf der Lis\u00adte der akkre\u00addi\u00adtier\u00adten Luft\u00adqua\u00adli\u00adt\u00e4ts\u00admo\u00adni\u00adto\u00adre von <a href=\"https:\/\/reset.build\/\" target=\"_blank\" rel=\"noopener\">Reset<\/a>. Die Vor\u00adtei\u00adle einer hohen Punkt\u00adzahl im Zer\u00adti\u00adfi\u00adzie\u00adrungs\u00adpro\u00adzess lie\u00adgen auf der Hand. Die Immo\u00adbi\u00adlie geht auf das Wohl\u00adbe\u00adfin\u00adden der Nut\u00adzer ein und wird zu einem attrak\u00adti\u00adve\u00adren Arbeits\u00adplatz. Nicht zuletzt sind die Pro\u00adzes\u00adse nach\u00adhal\u00adti\u00adger und ener\u00adgie\u00adef\u00adfi\u00adzi\u00aden\u00adter. Gegen\u00adw\u00e4r\u00adtig ist eine Viel\u00adzahl \u00f6ffent\u00adli\u00adcher F\u00f6r\u00adder\u00admit\u00adtel ver\u00adf\u00fcg\u00adbar, um in punc\u00adto Luft\u00adg\u00fc\u00adte nachzur\u00fcsten.<\/p>\n<p>Durch die Prio\u00adri\u00adsie\u00adrung der Luft\u00adqua\u00adli\u00adt\u00e4t in Innen\u00adr\u00e4u\u00admen k\u00f6n\u00adnen Geb\u00e4u\u00adde\u00adma\u00adna\u00adger den Mit\u00adar\u00adbei\u00adten\u00adden eine m\u00f6g\u00adlichst gesun\u00adde und pro\u00adduk\u00adti\u00adve Umge\u00adbung gew\u00e4h\u00adren. Erm\u00f6g\u00adlicht wird dies durch Sen\u00adso\u00adren, die Echt\u00adzeit\u00adin\u00adfor\u00adma\u00adtio\u00adnen lie\u00adfern und mit der Geb\u00e4u\u00adde\u00adleit\u00adtech\u00adnik ver\u00adkn\u00fcpft wer\u00adden k\u00f6n\u00adnen. Ma\u00df\u00adnah\u00admen zur Regu\u00adlie\u00adrung der Raum\u00adluft\u00adqua\u00adli\u00adt\u00e4t wer\u00adden so auto\u00adma\u00adtisch ergrif\u00adfen. Das hat nach\u00adweis\u00adli\u00adche Aus\u00adwir\u00adkun\u00adgen auf die Pro\u00adduk\u00adti\u00advi\u00adt\u00e4t und Zufrie\u00adden\u00adheit der Geb\u00e4u\u00adde\u00adnut\u00adzer, sodass sich jeder bei der R\u00fcck\u00adkehr ins B\u00fcro wie\u00adder wohl und sicher f\u00fch\u00adlen&nbsp;kann.<\/p>\n","protected":false},"excerpt":{"rendered":"<p>Mit stei\u00adgen\u00adder Impf\u00adquo\u00adte f\u00fcl\u00adlen sich lang\u00adsam die B\u00fcro\u00adge\u00adb\u00e4u\u00adde. Doch die Sor\u00adge um die eige\u00adne Gesund\u00adheit d\u00e4mpft die Freu\u00adde \u00fcber das Wie\u00adder\u00adse\u00adhen. Auch bei nied\u00adri\u00adgen Inzi\u00adden\u00adzen kann schlech\u00adte Raum\u00adluft in voll besetz\u00adten Innen\u00adr\u00e4u\u00admen f\u00fcr rasche Krank\u00adheits\u00ad\u00fcber\u00adtra\u00adgun\u00adgen und Kopf\u00adschmer\u00adzen sorgen.<\/p>\n","protected":false},"author":1,"featured_media":1041,"comment_status":"closed","ping_status":"closed","sticky":false,"template":"","format":"standard","meta":{"wp_typography_post_enhancements_disabled":false,"footnotes":""},"categories":[1],"tags":[4],"class_list":["post-990","post","type-post","status-publish","format-standard","has-post-thumbnail","hentry","category-allgemein","tag-luftmessung"],"yoast_head":"<!-- This site is optimized with the Yoast SEO plugin v27.3 - https:\/\/yoast.com\/product\/yoast-seo-wordpress\/ -->\n<title>Back to Business: Sichere R\u00fcckkehr ins B\u00fcro durch gute Luftqualit\u00e4t - PRIMAB\u00dcROKLIMA<\/title>\n<meta name=\"description\" content=\"Die \u00dcberwachung der Luftqualit\u00e4t durch View Plus for Business erm\u00f6glicht einfache Sicherheitsma\u00dfnahmen f\u00fcr ein pandemiegeschw\u00e4chtes Budget.\" \/>\n<meta name=\"robots\" content=\"index, follow, max-snippet:-1, max-image-preview:large, max-video-preview:-1\" \/>\n<link rel=\"canonical\" href=\"https:\/\/office-roxx.de\/primabueroklima\/back-to-business-sichere-rueckkehr-ins-buero-durch-gute-luftqualitaet\/\" \/>\n<meta property=\"og:locale\" content=\"de_DE\" \/>\n<meta property=\"og:type\" content=\"article\" \/>\n<meta property=\"og:title\" content=\"Back to Business: Sichere R\u00fcckkehr ins B\u00fcro durch gute Luftqualit\u00e4t - PRIMAB\u00dcROKLIMA\" \/>\n<meta property=\"og:description\" content=\"Die \u00dcberwachung der Luftqualit\u00e4t durch View Plus for Business erm\u00f6glicht einfache Sicherheitsma\u00dfnahmen f\u00fcr ein pandemiegeschw\u00e4chtes Budget.\" \/>\n<meta property=\"og:url\" content=\"https:\/\/office-roxx.de\/primabueroklima\/back-to-business-sichere-rueckkehr-ins-buero-durch-gute-luftqualitaet\/\" \/>\n<meta property=\"og:site_name\" content=\"PRIMAB\u00dcROKLIMA\" \/>\n<meta property=\"article:published_time\" content=\"2021-08-30T07:00:00+00:00\" \/>\n<meta property=\"article:modified_time\" content=\"2024-10-31T14:36:11+00:00\" \/>\n<meta property=\"og:image\" content=\"http:\/\/h3068839.stratoserver.net\/office-roxx\/primabueroklima\/wp-content\/uploads\/2021\/08\/Airthings-View-Plus-for-Business-Meeting-Room.jpg\" \/>\n\t<meta property=\"og:image:width\" content=\"1000\" \/>\n\t<meta property=\"og:image:height\" content=\"535\" \/>\n\t<meta property=\"og:image:type\" content=\"image\/jpeg\" \/>\n<meta name=\"author\" content=\"Team-PBK\" \/>\n<meta name=\"twitter:card\" content=\"summary_large_image\" \/>\n<meta name=\"twitter:label1\" content=\"Verfasst von\" \/>\n\t<meta name=\"twitter:data1\" content=\"Team-PBK\" \/>\n\t<meta name=\"twitter:label2\" content=\"Gesch\u00e4tzte Lesezeit\" \/>\n\t<meta name=\"twitter:data2\" content=\"4\u00a0Minuten\" \/>\n<script type=\"application\/ld+json\" class=\"yoast-schema-graph\">{\"@context\":\"https:\\\/\\\/schema.org\",\"@graph\":[{\"@type\":\"Article\",\"@id\":\"https:\\\/\\\/office-roxx.de\\\/primabueroklima\\\/back-to-business-sichere-rueckkehr-ins-buero-durch-gute-luftqualitaet\\\/#article\",\"isPartOf\":{\"@id\":\"https:\\\/\\\/office-roxx.de\\\/primabueroklima\\\/back-to-business-sichere-rueckkehr-ins-buero-durch-gute-luftqualitaet\\\/\"},\"author\":{\"name\":\"Team-PBK\",\"@id\":\"https:\\\/\\\/office-roxx.de\\\/primabueroklima\\\/#\\\/schema\\\/person\\\/aaff4d37a59d78dad48543c1cf5d7b0e\"},\"headline\":\"Back to Business: Sichere R\u00fcckkehr ins B\u00fcro durch gute Luftqualit\u00e4t\",\"datePublished\":\"2021-08-30T07:00:00+00:00\",\"dateModified\":\"2024-10-31T14:36:11+00:00\",\"mainEntityOfPage\":{\"@id\":\"https:\\\/\\\/office-roxx.de\\\/primabueroklima\\\/back-to-business-sichere-rueckkehr-ins-buero-durch-gute-luftqualitaet\\\/\"},\"wordCount\":896,\"publisher\":{\"@id\":\"https:\\\/\\\/office-roxx.de\\\/primabueroklima\\\/#organization\"},\"image\":{\"@id\":\"https:\\\/\\\/office-roxx.de\\\/primabueroklima\\\/back-to-business-sichere-rueckkehr-ins-buero-durch-gute-luftqualitaet\\\/#primaryimage\"},\"thumbnailUrl\":\"https:\\\/\\\/office-roxx.de\\\/primabueroklima\\\/wp-content\\\/uploads\\\/2021\\\/08\\\/Airthings-View-Plus-for-Business-Meeting-Room.jpg\",\"keywords\":[\"Luftmessung\"],\"inLanguage\":\"de\"},{\"@type\":\"WebPage\",\"@id\":\"https:\\\/\\\/office-roxx.de\\\/primabueroklima\\\/back-to-business-sichere-rueckkehr-ins-buero-durch-gute-luftqualitaet\\\/\",\"url\":\"https:\\\/\\\/office-roxx.de\\\/primabueroklima\\\/back-to-business-sichere-rueckkehr-ins-buero-durch-gute-luftqualitaet\\\/\",\"name\":\"Back to Business: Sichere R\u00fcckkehr ins B\u00fcro durch gute Luftqualit\u00e4t - PRIMAB\u00dcROKLIMA\",\"isPartOf\":{\"@id\":\"https:\\\/\\\/office-roxx.de\\\/primabueroklima\\\/#website\"},\"primaryImageOfPage\":{\"@id\":\"https:\\\/\\\/office-roxx.de\\\/primabueroklima\\\/back-to-business-sichere-rueckkehr-ins-buero-durch-gute-luftqualitaet\\\/#primaryimage\"},\"image\":{\"@id\":\"https:\\\/\\\/office-roxx.de\\\/primabueroklima\\\/back-to-business-sichere-rueckkehr-ins-buero-durch-gute-luftqualitaet\\\/#primaryimage\"},\"thumbnailUrl\":\"https:\\\/\\\/office-roxx.de\\\/primabueroklima\\\/wp-content\\\/uploads\\\/2021\\\/08\\\/Airthings-View-Plus-for-Business-Meeting-Room.jpg\",\"datePublished\":\"2021-08-30T07:00:00+00:00\",\"dateModified\":\"2024-10-31T14:36:11+00:00\",\"description\":\"Die \u00dcberwachung der Luftqualit\u00e4t durch View Plus for Business erm\u00f6glicht einfache Sicherheitsma\u00dfnahmen f\u00fcr ein pandemiegeschw\u00e4chtes Budget.\",\"breadcrumb\":{\"@id\":\"https:\\\/\\\/office-roxx.de\\\/primabueroklima\\\/back-to-business-sichere-rueckkehr-ins-buero-durch-gute-luftqualitaet\\\/#breadcrumb\"},\"inLanguage\":\"de\",\"potentialAction\":[{\"@type\":\"ReadAction\",\"target\":[\"https:\\\/\\\/office-roxx.de\\\/primabueroklima\\\/back-to-business-sichere-rueckkehr-ins-buero-durch-gute-luftqualitaet\\\/\"]}]},{\"@type\":\"ImageObject\",\"inLanguage\":\"de\",\"@id\":\"https:\\\/\\\/office-roxx.de\\\/primabueroklima\\\/back-to-business-sichere-rueckkehr-ins-buero-durch-gute-luftqualitaet\\\/#primaryimage\",\"url\":\"https:\\\/\\\/office-roxx.de\\\/primabueroklima\\\/wp-content\\\/uploads\\\/2021\\\/08\\\/Airthings-View-Plus-for-Business-Meeting-Room.jpg\",\"contentUrl\":\"https:\\\/\\\/office-roxx.de\\\/primabueroklima\\\/wp-content\\\/uploads\\\/2021\\\/08\\\/Airthings-View-Plus-for-Business-Meeting-Room.jpg\",\"width\":1000,\"height\":535,\"caption\":\"Einen gro\u00dfen Teil ihres Lebens verbringen Menschen am Arbeitsplatz. Die Luft, die sie atmen, spielt hier eine wichtige Rolle f\u00fcr ihr Wohlbefinden und ihre Gesundheit. Abbildung: Airthings\"},{\"@type\":\"BreadcrumbList\",\"@id\":\"https:\\\/\\\/office-roxx.de\\\/primabueroklima\\\/back-to-business-sichere-rueckkehr-ins-buero-durch-gute-luftqualitaet\\\/#breadcrumb\",\"itemListElement\":[{\"@type\":\"ListItem\",\"position\":1,\"name\":\"Startseite\",\"item\":\"https:\\\/\\\/office-roxx.de\\\/primabueroklima\\\/\"},{\"@type\":\"ListItem\",\"position\":2,\"name\":\"Back to Business: Sichere R\u00fcckkehr ins B\u00fcro durch gute Luftqualit\u00e4t\"}]},{\"@type\":\"WebSite\",\"@id\":\"https:\\\/\\\/office-roxx.de\\\/primabueroklima\\\/#website\",\"url\":\"https:\\\/\\\/office-roxx.de\\\/primabueroklima\\\/\",\"name\":\"PRIMAB\u00dcROKLIMA\",\"description\":\"F\u00fcr eine bessere Luftqualit\u00e4t in Office-Umgebungen\",\"publisher\":{\"@id\":\"https:\\\/\\\/office-roxx.de\\\/primabueroklima\\\/#organization\"},\"potentialAction\":[{\"@type\":\"SearchAction\",\"target\":{\"@type\":\"EntryPoint\",\"urlTemplate\":\"https:\\\/\\\/office-roxx.de\\\/primabueroklima\\\/?s={search_term_string}\"},\"query-input\":{\"@type\":\"PropertyValueSpecification\",\"valueRequired\":true,\"valueName\":\"search_term_string\"}}],\"inLanguage\":\"de\"},{\"@type\":\"Organization\",\"@id\":\"https:\\\/\\\/office-roxx.de\\\/primabueroklima\\\/#organization\",\"name\":\"PRIMAB\u00dcROKLIMA\",\"url\":\"https:\\\/\\\/office-roxx.de\\\/primabueroklima\\\/\",\"logo\":{\"@type\":\"ImageObject\",\"inLanguage\":\"de\",\"@id\":\"https:\\\/\\\/office-roxx.de\\\/primabueroklima\\\/#\\\/schema\\\/logo\\\/image\\\/\",\"url\":\"https:\\\/\\\/office-roxx.de\\\/primabueroklima\\\/wp-content\\\/uploads\\\/2020\\\/09\\\/Prima-Klima-Logo_Farbe_beschn.jpg\",\"contentUrl\":\"https:\\\/\\\/office-roxx.de\\\/primabueroklima\\\/wp-content\\\/uploads\\\/2020\\\/09\\\/Prima-Klima-Logo_Farbe_beschn.jpg\",\"width\":1000,\"height\":675,\"caption\":\"PRIMAB\u00dcROKLIMA\"},\"image\":{\"@id\":\"https:\\\/\\\/office-roxx.de\\\/primabueroklima\\\/#\\\/schema\\\/logo\\\/image\\\/\"}},{\"@type\":\"Person\",\"@id\":\"https:\\\/\\\/office-roxx.de\\\/primabueroklima\\\/#\\\/schema\\\/person\\\/aaff4d37a59d78dad48543c1cf5d7b0e\",\"name\":\"Team-PBK\",\"image\":{\"@type\":\"ImageObject\",\"inLanguage\":\"de\",\"@id\":\"https:\\\/\\\/secure.gravatar.com\\\/avatar\\\/e7f38084968dcbb88b923f48395eb5ec7c3ad3102c6db95eccceb504d4317f39?s=96&d=mm&r=g\",\"url\":\"https:\\\/\\\/secure.gravatar.com\\\/avatar\\\/e7f38084968dcbb88b923f48395eb5ec7c3ad3102c6db95eccceb504d4317f39?s=96&d=mm&r=g\",\"contentUrl\":\"https:\\\/\\\/secure.gravatar.com\\\/avatar\\\/e7f38084968dcbb88b923f48395eb5ec7c3ad3102c6db95eccceb504d4317f39?s=96&d=mm&r=g\",\"caption\":\"Team-PBK\"},\"sameAs\":[\"https:\\\/\\\/office-roxx.de\\\/primabueroklima\"],\"url\":\"https:\\\/\\\/office-roxx.de\\\/primabueroklima\\\/author\\\/team-pbk\\\/\"}]}<\/script>\n<!-- \/ Yoast SEO plugin. -->","yoast_head_json":{"title":"Back to Business: Sichere R\u00fcckkehr ins B\u00fcro durch gute Luftqualit\u00e4t - PRIMAB\u00dcROKLIMA","description":"Die \u00dcberwachung der Luftqualit\u00e4t durch View Plus for Business erm\u00f6glicht einfache Sicherheitsma\u00dfnahmen f\u00fcr ein pandemiegeschw\u00e4chtes Budget.","robots":{"index":"index","follow":"follow","max-snippet":"max-snippet:-1","max-image-preview":"max-image-preview:large","max-video-preview":"max-video-preview:-1"},"canonical":"https:\/\/office-roxx.de\/primabueroklima\/back-to-business-sichere-rueckkehr-ins-buero-durch-gute-luftqualitaet\/","og_locale":"de_DE","og_type":"article","og_title":"Back to Business: Sichere R\u00fcckkehr ins B\u00fcro durch gute Luftqualit\u00e4t - PRIMAB\u00dcROKLIMA","og_description":"Die \u00dcberwachung der Luftqualit\u00e4t durch View Plus for Business erm\u00f6glicht einfache Sicherheitsma\u00dfnahmen f\u00fcr ein pandemiegeschw\u00e4chtes Budget.","og_url":"https:\/\/office-roxx.de\/primabueroklima\/back-to-business-sichere-rueckkehr-ins-buero-durch-gute-luftqualitaet\/","og_site_name":"PRIMAB\u00dcROKLIMA","article_published_time":"2021-08-30T07:00:00+00:00","article_modified_time":"2024-10-31T14:36:11+00:00","og_image":[{"width":1000,"height":535,"url":"http:\/\/h3068839.stratoserver.net\/office-roxx\/primabueroklima\/wp-content\/uploads\/2021\/08\/Airthings-View-Plus-for-Business-Meeting-Room.jpg","type":"image\/jpeg"}],"author":"Team-PBK","twitter_card":"summary_large_image","twitter_misc":{"Verfasst von":"Team-PBK","Gesch\u00e4tzte Lesezeit":"4\u00a0Minuten"},"schema":{"@context":"https:\/\/schema.org","@graph":[{"@type":"Article","@id":"https:\/\/office-roxx.de\/primabueroklima\/back-to-business-sichere-rueckkehr-ins-buero-durch-gute-luftqualitaet\/#article","isPartOf":{"@id":"https:\/\/office-roxx.de\/primabueroklima\/back-to-business-sichere-rueckkehr-ins-buero-durch-gute-luftqualitaet\/"},"author":{"name":"Team-PBK","@id":"https:\/\/office-roxx.de\/primabueroklima\/#\/schema\/person\/aaff4d37a59d78dad48543c1cf5d7b0e"},"headline":"Back to Business: Sichere R\u00fcckkehr ins B\u00fcro durch gute Luftqualit\u00e4t","datePublished":"2021-08-30T07:00:00+00:00","dateModified":"2024-10-31T14:36:11+00:00","mainEntityOfPage":{"@id":"https:\/\/office-roxx.de\/primabueroklima\/back-to-business-sichere-rueckkehr-ins-buero-durch-gute-luftqualitaet\/"},"wordCount":896,"publisher":{"@id":"https:\/\/office-roxx.de\/primabueroklima\/#organization"},"image":{"@id":"https:\/\/office-roxx.de\/primabueroklima\/back-to-business-sichere-rueckkehr-ins-buero-durch-gute-luftqualitaet\/#primaryimage"},"thumbnailUrl":"https:\/\/office-roxx.de\/primabueroklima\/wp-content\/uploads\/2021\/08\/Airthings-View-Plus-for-Business-Meeting-Room.jpg","keywords":["Luftmessung"],"inLanguage":"de"},{"@type":"WebPage","@id":"https:\/\/office-roxx.de\/primabueroklima\/back-to-business-sichere-rueckkehr-ins-buero-durch-gute-luftqualitaet\/","url":"https:\/\/office-roxx.de\/primabueroklima\/back-to-business-sichere-rueckkehr-ins-buero-durch-gute-luftqualitaet\/","name":"Back to Business: Sichere R\u00fcckkehr ins B\u00fcro durch gute Luftqualit\u00e4t - PRIMAB\u00dcROKLIMA","isPartOf":{"@id":"https:\/\/office-roxx.de\/primabueroklima\/#website"},"primaryImageOfPage":{"@id":"https:\/\/office-roxx.de\/primabueroklima\/back-to-business-sichere-rueckkehr-ins-buero-durch-gute-luftqualitaet\/#primaryimage"},"image":{"@id":"https:\/\/office-roxx.de\/primabueroklima\/back-to-business-sichere-rueckkehr-ins-buero-durch-gute-luftqualitaet\/#primaryimage"},"thumbnailUrl":"https:\/\/office-roxx.de\/primabueroklima\/wp-content\/uploads\/2021\/08\/Airthings-View-Plus-for-Business-Meeting-Room.jpg","datePublished":"2021-08-30T07:00:00+00:00","dateModified":"2024-10-31T14:36:11+00:00","description":"Die \u00dcberwachung der Luftqualit\u00e4t durch View Plus for Business erm\u00f6glicht einfache Sicherheitsma\u00dfnahmen f\u00fcr ein pandemiegeschw\u00e4chtes Budget.","breadcrumb":{"@id":"https:\/\/office-roxx.de\/primabueroklima\/back-to-business-sichere-rueckkehr-ins-buero-durch-gute-luftqualitaet\/#breadcrumb"},"inLanguage":"de","potentialAction":[{"@type":"ReadAction","target":["https:\/\/office-roxx.de\/primabueroklima\/back-to-business-sichere-rueckkehr-ins-buero-durch-gute-luftqualitaet\/"]}]},{"@type":"ImageObject","inLanguage":"de","@id":"https:\/\/office-roxx.de\/primabueroklima\/back-to-business-sichere-rueckkehr-ins-buero-durch-gute-luftqualitaet\/#primaryimage","url":"https:\/\/office-roxx.de\/primabueroklima\/wp-content\/uploads\/2021\/08\/Airthings-View-Plus-for-Business-Meeting-Room.jpg","contentUrl":"https:\/\/office-roxx.de\/primabueroklima\/wp-content\/uploads\/2021\/08\/Airthings-View-Plus-for-Business-Meeting-Room.jpg","width":1000,"height":535,"caption":"Einen gro\u00dfen Teil ihres Lebens verbringen Menschen am Arbeitsplatz. Die Luft, die sie atmen, spielt hier eine wichtige Rolle f\u00fcr ihr Wohlbefinden und ihre Gesundheit. Abbildung: Airthings"},{"@type":"BreadcrumbList","@id":"https:\/\/office-roxx.de\/primabueroklima\/back-to-business-sichere-rueckkehr-ins-buero-durch-gute-luftqualitaet\/#breadcrumb","itemListElement":[{"@type":"ListItem","position":1,"name":"Startseite","item":"https:\/\/office-roxx.de\/primabueroklima\/"},{"@type":"ListItem","position":2,"name":"Back to Business: Sichere R\u00fcckkehr ins B\u00fcro durch gute Luftqualit\u00e4t"}]},{"@type":"WebSite","@id":"https:\/\/office-roxx.de\/primabueroklima\/#website","url":"https:\/\/office-roxx.de\/primabueroklima\/","name":"PRIMAB\u00dcROKLIMA","description":"F\u00fcr eine bessere Luftqualit\u00e4t in Office-Umgebungen","publisher":{"@id":"https:\/\/office-roxx.de\/primabueroklima\/#organization"},"potentialAction":[{"@type":"SearchAction","target":{"@type":"EntryPoint","urlTemplate":"https:\/\/office-roxx.de\/primabueroklima\/?s={search_term_string}"},"query-input":{"@type":"PropertyValueSpecification","valueRequired":true,"valueName":"search_term_string"}}],"inLanguage":"de"},{"@type":"Organization","@id":"https:\/\/office-roxx.de\/primabueroklima\/#organization","name":"PRIMAB\u00dcROKLIMA","url":"https:\/\/office-roxx.de\/primabueroklima\/","logo":{"@type":"ImageObject","inLanguage":"de","@id":"https:\/\/office-roxx.de\/primabueroklima\/#\/schema\/logo\/image\/","url":"https:\/\/office-roxx.de\/primabueroklima\/wp-content\/uploads\/2020\/09\/Prima-Klima-Logo_Farbe_beschn.jpg","contentUrl":"https:\/\/office-roxx.de\/primabueroklima\/wp-content\/uploads\/2020\/09\/Prima-Klima-Logo_Farbe_beschn.jpg","width":1000,"height":675,"caption":"PRIMAB\u00dcROKLIMA"},"image":{"@id":"https:\/\/office-roxx.de\/primabueroklima\/#\/schema\/logo\/image\/"}},{"@type":"Person","@id":"https:\/\/office-roxx.de\/primabueroklima\/#\/schema\/person\/aaff4d37a59d78dad48543c1cf5d7b0e","name":"Team-PBK","image":{"@type":"ImageObject","inLanguage":"de","@id":"https:\/\/secure.gravatar.com\/avatar\/e7f38084968dcbb88b923f48395eb5ec7c3ad3102c6db95eccceb504d4317f39?s=96&d=mm&r=g","url":"https:\/\/secure.gravatar.com\/avatar\/e7f38084968dcbb88b923f48395eb5ec7c3ad3102c6db95eccceb504d4317f39?s=96&d=mm&r=g","contentUrl":"https:\/\/secure.gravatar.com\/avatar\/e7f38084968dcbb88b923f48395eb5ec7c3ad3102c6db95eccceb504d4317f39?s=96&d=mm&r=g","caption":"Team-PBK"},"sameAs":["https:\/\/office-roxx.de\/primabueroklima"],"url":"https:\/\/office-roxx.de\/primabueroklima\/author\/team-pbk\/"}]}},"_links":{"self":[{"href":"https:\/\/office-roxx.de\/primabueroklima\/wp-json\/wp\/v2\/posts\/990","targetHints":{"allow":["GET"]}}],"collection":[{"href":"https:\/\/office-roxx.de\/primabueroklima\/wp-json\/wp\/v2\/posts"}],"about":[{"href":"https:\/\/office-roxx.de\/primabueroklima\/wp-json\/wp\/v2\/types\/post"}],"author":[{"embeddable":true,"href":"https:\/\/office-roxx.de\/primabueroklima\/wp-json\/wp\/v2\/users\/1"}],"replies":[{"embeddable":true,"href":"https:\/\/office-roxx.de\/primabueroklima\/wp-json\/wp\/v2\/comments?post=990"}],"version-history":[{"count":15,"href":"https:\/\/office-roxx.de\/primabueroklima\/wp-json\/wp\/v2\/posts\/990\/revisions"}],"predecessor-version":[{"id":2124,"href":"https:\/\/office-roxx.de\/primabueroklima\/wp-json\/wp\/v2\/posts\/990\/revisions\/2124"}],"wp:featuredmedia":[{"embeddable":true,"href":"https:\/\/office-roxx.de\/primabueroklima\/wp-json\/wp\/v2\/media\/1041"}],"wp:attachment":[{"href":"https:\/\/office-roxx.de\/primabueroklima\/wp-json\/wp\/v2\/media?parent=990"}],"wp:term":[{"taxonomy":"category","embeddable":true,"href":"https:\/\/office-roxx.de\/primabueroklima\/wp-json\/wp\/v2\/categories?post=990"},{"taxonomy":"post_tag","embeddable":true,"href":"https:\/\/office-roxx.de\/primabueroklima\/wp-json\/wp\/v2\/tags?post=990"}],"curies":[{"name":"wp","href":"https:\/\/api.w.org\/{rel}","templated":true}]}}