{"id":870,"date":"2021-05-06T08:00:00","date_gmt":"2021-05-06T06:00:00","guid":{"rendered":"https:\/\/office-roxx.de\/primabueroklima\/?p=870"},"modified":"2023-01-09T17:40:36","modified_gmt":"2023-01-09T16:40:36","slug":"fachmesse-indoor-air-auf-oktober-2021-verschoben","status":"publish","type":"post","link":"https:\/\/office-roxx.de\/primabueroklima\/fachmesse-indoor-air-auf-oktober-2021-verschoben\/","title":{"rendered":"Fachmesse Indoor-Air auf Oktober 2021 verschoben"},"content":{"rendered":"<p>Die bevor\u00adste\u00adhen\u00adde Ver\u00adsch\u00e4r\u00adfung des bun\u00addes\u00adweit gel\u00adten\u00adden Infek\u00adti\u00adons\u00adschutz-Geset\u00adzes ist Anlass f\u00fcr eine Ver\u00adschie\u00adbung der Indoor-Air. Die bis\u00adher f\u00fcr Anfang Juni geplan\u00adte Fach\u00admes\u00adse f\u00fcr L\u00fcf\u00adtung und Luft\u00adqua\u00adli\u00adt\u00e4t fin\u00addet nun vom 5. bis 7. Okto\u00adber 2021 als Pr\u00e4\u00adsenz\u00admes\u00adse in Frank\u00adfurt am Main&nbsp;statt.<\/p>\n<p><!--more--><\/p>\n<figure id=\"attachment_778\" aria-describedby=\"caption-attachment-778\" style=\"width: 600px\" class=\"wp-caption aligncenter\"><img loading=\"lazy\" decoding=\"async\" class=\"wp-image-778\" src=\"https:\/\/office-roxx.de\/primabueroklima\/wp-content\/uploads\/2021\/03\/Keyvisual.IndoorAir.jpg\" alt=\"Die Indoor-Air ist eine Fachmesse der deutschsprachigen Klima- und L\u00fcftungsindustrie. Abbildung: Messe Frankfurt\" width=\"600\" height=\"424\" srcset=\"https:\/\/office-roxx.de\/primabueroklima\/wp-content\/uploads\/2021\/03\/Keyvisual.IndoorAir.jpg 1000w, https:\/\/office-roxx.de\/primabueroklima\/wp-content\/uploads\/2021\/03\/Keyvisual.IndoorAir-300x212.jpg 300w, https:\/\/office-roxx.de\/primabueroklima\/wp-content\/uploads\/2021\/03\/Keyvisual.IndoorAir-768x543.jpg 768w\" sizes=\"auto, (max-width: 600px) 100vw, 600px\"><figcaption id=\"caption-attachment-778\" class=\"wp-caption-text\">Die Indoor-Air ist eine Fach\u00admes\u00adse der deutsch\u00adspra\u00adchi\u00adgen Kli\u00adma- und L\u00fcf\u00adtungs\u00adin\u00addus\u00adtrie. Abbil\u00addung: Mes\u00adse Frankfurt<\/figcaption><\/figure>\n<p>Die Ver\u00adle\u00adgung in den Herbst fand in \u00dcber\u00adein\u00adkunft mit der Indus\u00adtrie und auf aus\u00addr\u00fcck\u00adli\u00adchen Wunsch der Bran\u00adche statt. \u201eDie Reso\u00adnanz aus der Indus\u00adtrie war von Beginn an gro\u00df und die hohe Rele\u00advanz des The\u00admas f\u00fcr die All\u00adge\u00admein\u00adheit ist unbe\u00adstrit\u00adten. Die Ent\u00adschei\u00addung f\u00e4llt daher nicht leicht. Aber die momen\u00adta\u00adne Pan\u00adde\u00admie\u00adsi\u00adtua\u00adti\u00adon und die dar\u00adaus resul\u00adtie\u00adren\u00adden wei\u00adte\u00adren beh\u00f6rd\u00adli\u00adchen Ein\u00adschr\u00e4n\u00adkun\u00adgen erfor\u00addern die\u00adsen Schritt\u201c, erkl\u00e4rt Wolf\u00adgang Mar\u00adzin, Vor\u00adsit\u00adzen\u00adder der Gesch\u00e4fts\u00adf\u00fch\u00adrung der Mes\u00adse Frank\u00adfurt GmbH, die Situa\u00adti\u00adon und erg\u00e4nzt: \u201eJetzt ist der Zeit\u00adpunkt, ab dem Aus\u00adstel\u00adler inves\u00adtie\u00adren m\u00fcss\u00adten, des\u00adhalb haben wir zusam\u00admen mit unse\u00adren Part\u00adnern so entschieden.\u201c<\/p>\n<p>\u201eWir bedau\u00adern die\u00adse Ent\u00adwick\u00adlung sehr, sind uns aber mit der Mes\u00adse Frank\u00adfurt einig: Zur Orga\u00adni\u00adsa\u00adti\u00adon einer erfolg\u00adrei\u00adchen Mes\u00adse bedarf es einer Pla\u00adnungs\u00adsi\u00adcher\u00adheit f\u00fcr alle Betei\u00adlig\u00adten, die nun nicht mehr gege\u00adben ist. Daher ist es nur sinn\u00advoll und pro\u00adfes\u00adsio\u00adnell, die\u00adse Ent\u00adschei\u00addung an die\u00adsem Punkt zu tref\u00adfen. Wir hal\u00adten als Indus\u00adtrie wei\u00adter an der Indoor-Air fest und freu\u00aden uns auf den neu\u00aden Ter\u00admin Anfang Okto\u00adber. Denn die Sicher\u00adstel\u00adlung einer hohen Luft\u00adqua\u00adli\u00adt\u00e4t ist ein nach\u00adhal\u00adti\u00adges The\u00adma mit hoher gesell\u00adschaft\u00adli\u00adcher Rele\u00advanz heu\u00adte und in der Zukunft\u201c, so Pro\u00adfes\u00adsor Dr.- Ing. Chris\u00adtoph Kaup, Vor\u00adsit\u00adzen\u00adder des Fach\u00adver\u00adban\u00addes Geb\u00e4u\u00adde-Kli\u00adma e.V. (FGK).<\/p>\n<h2>Fachmesse der Klima- und L\u00fcftungsindustrie<\/h2>\n<p>Die Indoor-Air ist eine Fach\u00admes\u00adse der deutsch\u00adspra\u00adchi\u00adgen Kli\u00adma- und L\u00fcf\u00adtungs\u00adin\u00addus\u00adtrie f\u00fcr die Bran\u00adche und f\u00fcr alle Ent\u00adschei\u00adder, Pla\u00adner und Anwen\u00adder, die sich mit sau\u00adbe\u00adrer und gesun\u00adder Luft in Innen\u00adr\u00e4u\u00admen aus\u00adein\u00adan\u00adder\u00adset\u00adzen. Pla\u00adner, Inge\u00adnieu\u00adre oder der Anla\u00adgen\u00adbau, glei\u00adcher\u00adma\u00ad\u00dfen Archi\u00adtek\u00adten, Innen\u00adar\u00adchi\u00adtek\u00adten, Sicher\u00adheits\u00adbe\u00adauf\u00adtrag\u00adte, die gesam\u00adte Bau\u00adwirt\u00adschaft oder gewerb\u00adli\u00adche Betrie\u00adbe mit Kun\u00adden\u00adkon\u00adtakt inter\u00ades\u00adsie\u00adren sich f\u00fcr die Fach\u00admes\u00adse. Die anhal\u00adten\u00adde Pan\u00adde\u00admie\u00adsi\u00adtua\u00adti\u00adon und ihre Aus\u00adwir\u00adkun\u00adgen auf die Gesund\u00adheit in der Bev\u00f6l\u00adke\u00adrung macht die Indoor-Air zudem zu einer Fokus-Ver\u00adan\u00adstal\u00adtung f\u00fcr Ver\u00adtre\u00adter aus der Poli\u00adtik und f\u00fcr Ent\u00adschei\u00adder \u00f6ffent\u00adli\u00adcher Beh\u00f6rden.<\/p>\n<p>Auf der Indoor-Air zeigt die deutsch\u00adspra\u00adchi\u00adge Kli\u00adma- und L\u00fcf\u00adtungs\u00adin\u00addus\u00adtrie ihr gesam\u00adtes Pro\u00addukt\u00adspek\u00adtrum: von der Kli\u00adma- und L\u00fcf\u00adtungs\u00adtech\u00adnik \u00fcber raum\u00adluft\u00adtech\u00adni\u00adsche Ger\u00e4\u00adte und Anla\u00adgen bis hin zu mobi\u00adlen Luft\u00adrei\u00adni\u00adgern. Dabei ste\u00adhen weg\u00adwei\u00adsen\u00adde Stra\u00adte\u00adgien und Tech\u00adno\u00adlo\u00adgien im Vor\u00adder\u00adgrund, die den gesell\u00adschaft\u00adli\u00adchen und wirt\u00adschaft\u00adli\u00adchen All\u00adtag zuk\u00fcnf\u00adtig wesent\u00adlich siche\u00adrer machen und erleich\u00adtern. Die Indoor-Air pr\u00e4\u00adsen\u00adtiert sich in der Hal\u00adle 12.0 und erwar\u00adtet rund 100 Aus\u00adstel\u00adler sowie etwa 5.000 Fachbesucher.<\/p>\n","protected":false},"excerpt":{"rendered":"<p>Die bevor\u00adste\u00adhen\u00adde Ver\u00adsch\u00e4r\u00adfung des bun\u00addes\u00adweit gel\u00adten\u00adden Infek\u00ad\u00adti\u00adons\u00ad\u00adschutz-Gese\u00adt\u00ad\u00adzes ist Anlass f\u00fcr eine Ver\u00adschie\u00adbung der Indoor-Air. Die bis\u00adher f\u00fcr Anfang Juni geplan\u00adte Fach\u00admes\u00adse f\u00fcr L\u00fcf\u00adtung und Luft\u00adqua\u00adli\u00adt\u00e4t fin\u00addet nun vom 5. bis 7. Okto\u00adber 2021 als Pr\u00e4\u00adsenz\u00admes\u00adse in Frank\u00adfurt am Main&nbsp;statt.<\/p>\n","protected":false},"author":1,"featured_media":778,"comment_status":"closed","ping_status":"closed","sticky":false,"template":"","format":"standard","meta":{"wp_typography_post_enhancements_disabled":false,"footnotes":""},"categories":[1],"tags":[12],"class_list":["post-870","post","type-post","status-publish","format-standard","has-post-thumbnail","hentry","category-allgemein","tag-lueftung"],"yoast_head":"<!-- This site is optimized with the Yoast SEO plugin v27.3 - https:\/\/yoast.com\/product\/yoast-seo-wordpress\/ -->\n<title>Fachmesse Indoor-Air auf Oktober 2021 verschoben - PRIMAB\u00dcROKLIMA<\/title>\n<meta name=\"description\" content=\"Die bisher f\u00fcr Anfang Juni geplante Fachmesse Indoor-Air findet nun vom 5. bis 7. Oktober 2021 als Pr\u00e4senzmesse in Frankfurt am Main statt.\" \/>\n<meta name=\"robots\" content=\"index, follow, max-snippet:-1, max-image-preview:large, max-video-preview:-1\" \/>\n<link rel=\"canonical\" href=\"https:\/\/office-roxx.de\/primabueroklima\/fachmesse-indoor-air-auf-oktober-2021-verschoben\/\" \/>\n<meta property=\"og:locale\" content=\"de_DE\" \/>\n<meta property=\"og:type\" content=\"article\" \/>\n<meta property=\"og:title\" content=\"Fachmesse Indoor-Air auf Oktober 2021 verschoben - PRIMAB\u00dcROKLIMA\" \/>\n<meta property=\"og:description\" content=\"Die bisher f\u00fcr Anfang Juni geplante Fachmesse Indoor-Air findet nun vom 5. bis 7. Oktober 2021 als Pr\u00e4senzmesse in Frankfurt am Main statt.\" \/>\n<meta property=\"og:url\" content=\"https:\/\/office-roxx.de\/primabueroklima\/fachmesse-indoor-air-auf-oktober-2021-verschoben\/\" \/>\n<meta property=\"og:site_name\" content=\"PRIMAB\u00dcROKLIMA\" \/>\n<meta property=\"article:published_time\" content=\"2021-05-06T06:00:00+00:00\" \/>\n<meta property=\"article:modified_time\" content=\"2023-01-09T16:40:36+00:00\" \/>\n<meta property=\"og:image\" content=\"http:\/\/h3068839.stratoserver.net\/office-roxx\/primabueroklima\/wp-content\/uploads\/2021\/03\/Keyvisual.IndoorAir.jpg\" \/>\n\t<meta property=\"og:image:width\" content=\"1000\" \/>\n\t<meta property=\"og:image:height\" content=\"707\" \/>\n\t<meta property=\"og:image:type\" content=\"image\/jpeg\" \/>\n<meta name=\"author\" content=\"Team-PBK\" \/>\n<meta name=\"twitter:card\" content=\"summary_large_image\" \/>\n<meta name=\"twitter:label1\" content=\"Verfasst von\" \/>\n\t<meta name=\"twitter:data1\" content=\"Team-PBK\" \/>\n\t<meta name=\"twitter:label2\" content=\"Gesch\u00e4tzte Lesezeit\" \/>\n\t<meta name=\"twitter:data2\" content=\"2\u00a0Minuten\" \/>\n<script type=\"application\/ld+json\" class=\"yoast-schema-graph\">{\"@context\":\"https:\\\/\\\/schema.org\",\"@graph\":[{\"@type\":\"Article\",\"@id\":\"https:\\\/\\\/office-roxx.de\\\/primabueroklima\\\/fachmesse-indoor-air-auf-oktober-2021-verschoben\\\/#article\",\"isPartOf\":{\"@id\":\"https:\\\/\\\/office-roxx.de\\\/primabueroklima\\\/fachmesse-indoor-air-auf-oktober-2021-verschoben\\\/\"},\"author\":{\"name\":\"Team-PBK\",\"@id\":\"https:\\\/\\\/office-roxx.de\\\/primabueroklima\\\/#\\\/schema\\\/person\\\/aaff4d37a59d78dad48543c1cf5d7b0e\"},\"headline\":\"Fachmesse Indoor-Air auf Oktober 2021 verschoben\",\"datePublished\":\"2021-05-06T06:00:00+00:00\",\"dateModified\":\"2023-01-09T16:40:36+00:00\",\"mainEntityOfPage\":{\"@id\":\"https:\\\/\\\/office-roxx.de\\\/primabueroklima\\\/fachmesse-indoor-air-auf-oktober-2021-verschoben\\\/\"},\"wordCount\":433,\"publisher\":{\"@id\":\"https:\\\/\\\/office-roxx.de\\\/primabueroklima\\\/#organization\"},\"image\":{\"@id\":\"https:\\\/\\\/office-roxx.de\\\/primabueroklima\\\/fachmesse-indoor-air-auf-oktober-2021-verschoben\\\/#primaryimage\"},\"thumbnailUrl\":\"https:\\\/\\\/office-roxx.de\\\/primabueroklima\\\/wp-content\\\/uploads\\\/2021\\\/03\\\/Keyvisual.IndoorAir.jpg\",\"keywords\":[\"L\u00fcftung\"],\"inLanguage\":\"de\"},{\"@type\":\"WebPage\",\"@id\":\"https:\\\/\\\/office-roxx.de\\\/primabueroklima\\\/fachmesse-indoor-air-auf-oktober-2021-verschoben\\\/\",\"url\":\"https:\\\/\\\/office-roxx.de\\\/primabueroklima\\\/fachmesse-indoor-air-auf-oktober-2021-verschoben\\\/\",\"name\":\"Fachmesse Indoor-Air auf Oktober 2021 verschoben - PRIMAB\u00dcROKLIMA\",\"isPartOf\":{\"@id\":\"https:\\\/\\\/office-roxx.de\\\/primabueroklima\\\/#website\"},\"primaryImageOfPage\":{\"@id\":\"https:\\\/\\\/office-roxx.de\\\/primabueroklima\\\/fachmesse-indoor-air-auf-oktober-2021-verschoben\\\/#primaryimage\"},\"image\":{\"@id\":\"https:\\\/\\\/office-roxx.de\\\/primabueroklima\\\/fachmesse-indoor-air-auf-oktober-2021-verschoben\\\/#primaryimage\"},\"thumbnailUrl\":\"https:\\\/\\\/office-roxx.de\\\/primabueroklima\\\/wp-content\\\/uploads\\\/2021\\\/03\\\/Keyvisual.IndoorAir.jpg\",\"datePublished\":\"2021-05-06T06:00:00+00:00\",\"dateModified\":\"2023-01-09T16:40:36+00:00\",\"description\":\"Die bisher f\u00fcr Anfang Juni geplante Fachmesse Indoor-Air findet nun vom 5. bis 7. Oktober 2021 als Pr\u00e4senzmesse in Frankfurt am Main statt.\",\"breadcrumb\":{\"@id\":\"https:\\\/\\\/office-roxx.de\\\/primabueroklima\\\/fachmesse-indoor-air-auf-oktober-2021-verschoben\\\/#breadcrumb\"},\"inLanguage\":\"de\",\"potentialAction\":[{\"@type\":\"ReadAction\",\"target\":[\"https:\\\/\\\/office-roxx.de\\\/primabueroklima\\\/fachmesse-indoor-air-auf-oktober-2021-verschoben\\\/\"]}]},{\"@type\":\"ImageObject\",\"inLanguage\":\"de\",\"@id\":\"https:\\\/\\\/office-roxx.de\\\/primabueroklima\\\/fachmesse-indoor-air-auf-oktober-2021-verschoben\\\/#primaryimage\",\"url\":\"https:\\\/\\\/office-roxx.de\\\/primabueroklima\\\/wp-content\\\/uploads\\\/2021\\\/03\\\/Keyvisual.IndoorAir.jpg\",\"contentUrl\":\"https:\\\/\\\/office-roxx.de\\\/primabueroklima\\\/wp-content\\\/uploads\\\/2021\\\/03\\\/Keyvisual.IndoorAir.jpg\",\"width\":1000,\"height\":707,\"caption\":\"Die Fachmesse Indoor-Air findet einmalig Anfang Juni 2021 in der Messe Frankfurt statt. Abbildung: Messe Frankfurt\"},{\"@type\":\"BreadcrumbList\",\"@id\":\"https:\\\/\\\/office-roxx.de\\\/primabueroklima\\\/fachmesse-indoor-air-auf-oktober-2021-verschoben\\\/#breadcrumb\",\"itemListElement\":[{\"@type\":\"ListItem\",\"position\":1,\"name\":\"Startseite\",\"item\":\"https:\\\/\\\/office-roxx.de\\\/primabueroklima\\\/\"},{\"@type\":\"ListItem\",\"position\":2,\"name\":\"Fachmesse Indoor-Air auf Oktober 2021 verschoben\"}]},{\"@type\":\"WebSite\",\"@id\":\"https:\\\/\\\/office-roxx.de\\\/primabueroklima\\\/#website\",\"url\":\"https:\\\/\\\/office-roxx.de\\\/primabueroklima\\\/\",\"name\":\"PRIMAB\u00dcROKLIMA\",\"description\":\"F\u00fcr eine bessere Luftqualit\u00e4t in Office-Umgebungen\",\"publisher\":{\"@id\":\"https:\\\/\\\/office-roxx.de\\\/primabueroklima\\\/#organization\"},\"potentialAction\":[{\"@type\":\"SearchAction\",\"target\":{\"@type\":\"EntryPoint\",\"urlTemplate\":\"https:\\\/\\\/office-roxx.de\\\/primabueroklima\\\/?s={search_term_string}\"},\"query-input\":{\"@type\":\"PropertyValueSpecification\",\"valueRequired\":true,\"valueName\":\"search_term_string\"}}],\"inLanguage\":\"de\"},{\"@type\":\"Organization\",\"@id\":\"https:\\\/\\\/office-roxx.de\\\/primabueroklima\\\/#organization\",\"name\":\"PRIMAB\u00dcROKLIMA\",\"url\":\"https:\\\/\\\/office-roxx.de\\\/primabueroklima\\\/\",\"logo\":{\"@type\":\"ImageObject\",\"inLanguage\":\"de\",\"@id\":\"https:\\\/\\\/office-roxx.de\\\/primabueroklima\\\/#\\\/schema\\\/logo\\\/image\\\/\",\"url\":\"https:\\\/\\\/office-roxx.de\\\/primabueroklima\\\/wp-content\\\/uploads\\\/2020\\\/09\\\/Prima-Klima-Logo_Farbe_beschn.jpg\",\"contentUrl\":\"https:\\\/\\\/office-roxx.de\\\/primabueroklima\\\/wp-content\\\/uploads\\\/2020\\\/09\\\/Prima-Klima-Logo_Farbe_beschn.jpg\",\"width\":1000,\"height\":675,\"caption\":\"PRIMAB\u00dcROKLIMA\"},\"image\":{\"@id\":\"https:\\\/\\\/office-roxx.de\\\/primabueroklima\\\/#\\\/schema\\\/logo\\\/image\\\/\"}},{\"@type\":\"Person\",\"@id\":\"https:\\\/\\\/office-roxx.de\\\/primabueroklima\\\/#\\\/schema\\\/person\\\/aaff4d37a59d78dad48543c1cf5d7b0e\",\"name\":\"Team-PBK\",\"image\":{\"@type\":\"ImageObject\",\"inLanguage\":\"de\",\"@id\":\"https:\\\/\\\/secure.gravatar.com\\\/avatar\\\/e7f38084968dcbb88b923f48395eb5ec7c3ad3102c6db95eccceb504d4317f39?s=96&d=mm&r=g\",\"url\":\"https:\\\/\\\/secure.gravatar.com\\\/avatar\\\/e7f38084968dcbb88b923f48395eb5ec7c3ad3102c6db95eccceb504d4317f39?s=96&d=mm&r=g\",\"contentUrl\":\"https:\\\/\\\/secure.gravatar.com\\\/avatar\\\/e7f38084968dcbb88b923f48395eb5ec7c3ad3102c6db95eccceb504d4317f39?s=96&d=mm&r=g\",\"caption\":\"Team-PBK\"},\"sameAs\":[\"https:\\\/\\\/office-roxx.de\\\/primabueroklima\"],\"url\":\"https:\\\/\\\/office-roxx.de\\\/primabueroklima\\\/author\\\/team-pbk\\\/\"}]}<\/script>\n<!-- \/ Yoast SEO plugin. -->","yoast_head_json":{"title":"Fachmesse Indoor-Air auf Oktober 2021 verschoben - PRIMAB\u00dcROKLIMA","description":"Die bisher f\u00fcr Anfang Juni geplante Fachmesse Indoor-Air findet nun vom 5. bis 7. Oktober 2021 als Pr\u00e4senzmesse in Frankfurt am Main statt.","robots":{"index":"index","follow":"follow","max-snippet":"max-snippet:-1","max-image-preview":"max-image-preview:large","max-video-preview":"max-video-preview:-1"},"canonical":"https:\/\/office-roxx.de\/primabueroklima\/fachmesse-indoor-air-auf-oktober-2021-verschoben\/","og_locale":"de_DE","og_type":"article","og_title":"Fachmesse Indoor-Air auf Oktober 2021 verschoben - PRIMAB\u00dcROKLIMA","og_description":"Die bisher f\u00fcr Anfang Juni geplante Fachmesse Indoor-Air findet nun vom 5. bis 7. Oktober 2021 als Pr\u00e4senzmesse in Frankfurt am Main statt.","og_url":"https:\/\/office-roxx.de\/primabueroklima\/fachmesse-indoor-air-auf-oktober-2021-verschoben\/","og_site_name":"PRIMAB\u00dcROKLIMA","article_published_time":"2021-05-06T06:00:00+00:00","article_modified_time":"2023-01-09T16:40:36+00:00","og_image":[{"width":1000,"height":707,"url":"http:\/\/h3068839.stratoserver.net\/office-roxx\/primabueroklima\/wp-content\/uploads\/2021\/03\/Keyvisual.IndoorAir.jpg","type":"image\/jpeg"}],"author":"Team-PBK","twitter_card":"summary_large_image","twitter_misc":{"Verfasst von":"Team-PBK","Gesch\u00e4tzte Lesezeit":"2\u00a0Minuten"},"schema":{"@context":"https:\/\/schema.org","@graph":[{"@type":"Article","@id":"https:\/\/office-roxx.de\/primabueroklima\/fachmesse-indoor-air-auf-oktober-2021-verschoben\/#article","isPartOf":{"@id":"https:\/\/office-roxx.de\/primabueroklima\/fachmesse-indoor-air-auf-oktober-2021-verschoben\/"},"author":{"name":"Team-PBK","@id":"https:\/\/office-roxx.de\/primabueroklima\/#\/schema\/person\/aaff4d37a59d78dad48543c1cf5d7b0e"},"headline":"Fachmesse Indoor-Air auf Oktober 2021 verschoben","datePublished":"2021-05-06T06:00:00+00:00","dateModified":"2023-01-09T16:40:36+00:00","mainEntityOfPage":{"@id":"https:\/\/office-roxx.de\/primabueroklima\/fachmesse-indoor-air-auf-oktober-2021-verschoben\/"},"wordCount":433,"publisher":{"@id":"https:\/\/office-roxx.de\/primabueroklima\/#organization"},"image":{"@id":"https:\/\/office-roxx.de\/primabueroklima\/fachmesse-indoor-air-auf-oktober-2021-verschoben\/#primaryimage"},"thumbnailUrl":"https:\/\/office-roxx.de\/primabueroklima\/wp-content\/uploads\/2021\/03\/Keyvisual.IndoorAir.jpg","keywords":["L\u00fcftung"],"inLanguage":"de"},{"@type":"WebPage","@id":"https:\/\/office-roxx.de\/primabueroklima\/fachmesse-indoor-air-auf-oktober-2021-verschoben\/","url":"https:\/\/office-roxx.de\/primabueroklima\/fachmesse-indoor-air-auf-oktober-2021-verschoben\/","name":"Fachmesse Indoor-Air auf Oktober 2021 verschoben - PRIMAB\u00dcROKLIMA","isPartOf":{"@id":"https:\/\/office-roxx.de\/primabueroklima\/#website"},"primaryImageOfPage":{"@id":"https:\/\/office-roxx.de\/primabueroklima\/fachmesse-indoor-air-auf-oktober-2021-verschoben\/#primaryimage"},"image":{"@id":"https:\/\/office-roxx.de\/primabueroklima\/fachmesse-indoor-air-auf-oktober-2021-verschoben\/#primaryimage"},"thumbnailUrl":"https:\/\/office-roxx.de\/primabueroklima\/wp-content\/uploads\/2021\/03\/Keyvisual.IndoorAir.jpg","datePublished":"2021-05-06T06:00:00+00:00","dateModified":"2023-01-09T16:40:36+00:00","description":"Die bisher f\u00fcr Anfang Juni geplante Fachmesse Indoor-Air findet nun vom 5. bis 7. Oktober 2021 als Pr\u00e4senzmesse in Frankfurt am Main statt.","breadcrumb":{"@id":"https:\/\/office-roxx.de\/primabueroklima\/fachmesse-indoor-air-auf-oktober-2021-verschoben\/#breadcrumb"},"inLanguage":"de","potentialAction":[{"@type":"ReadAction","target":["https:\/\/office-roxx.de\/primabueroklima\/fachmesse-indoor-air-auf-oktober-2021-verschoben\/"]}]},{"@type":"ImageObject","inLanguage":"de","@id":"https:\/\/office-roxx.de\/primabueroklima\/fachmesse-indoor-air-auf-oktober-2021-verschoben\/#primaryimage","url":"https:\/\/office-roxx.de\/primabueroklima\/wp-content\/uploads\/2021\/03\/Keyvisual.IndoorAir.jpg","contentUrl":"https:\/\/office-roxx.de\/primabueroklima\/wp-content\/uploads\/2021\/03\/Keyvisual.IndoorAir.jpg","width":1000,"height":707,"caption":"Die Fachmesse Indoor-Air findet einmalig Anfang Juni 2021 in der Messe Frankfurt statt. Abbildung: Messe Frankfurt"},{"@type":"BreadcrumbList","@id":"https:\/\/office-roxx.de\/primabueroklima\/fachmesse-indoor-air-auf-oktober-2021-verschoben\/#breadcrumb","itemListElement":[{"@type":"ListItem","position":1,"name":"Startseite","item":"https:\/\/office-roxx.de\/primabueroklima\/"},{"@type":"ListItem","position":2,"name":"Fachmesse Indoor-Air auf Oktober 2021 verschoben"}]},{"@type":"WebSite","@id":"https:\/\/office-roxx.de\/primabueroklima\/#website","url":"https:\/\/office-roxx.de\/primabueroklima\/","name":"PRIMAB\u00dcROKLIMA","description":"F\u00fcr eine bessere Luftqualit\u00e4t in Office-Umgebungen","publisher":{"@id":"https:\/\/office-roxx.de\/primabueroklima\/#organization"},"potentialAction":[{"@type":"SearchAction","target":{"@type":"EntryPoint","urlTemplate":"https:\/\/office-roxx.de\/primabueroklima\/?s={search_term_string}"},"query-input":{"@type":"PropertyValueSpecification","valueRequired":true,"valueName":"search_term_string"}}],"inLanguage":"de"},{"@type":"Organization","@id":"https:\/\/office-roxx.de\/primabueroklima\/#organization","name":"PRIMAB\u00dcROKLIMA","url":"https:\/\/office-roxx.de\/primabueroklima\/","logo":{"@type":"ImageObject","inLanguage":"de","@id":"https:\/\/office-roxx.de\/primabueroklima\/#\/schema\/logo\/image\/","url":"https:\/\/office-roxx.de\/primabueroklima\/wp-content\/uploads\/2020\/09\/Prima-Klima-Logo_Farbe_beschn.jpg","contentUrl":"https:\/\/office-roxx.de\/primabueroklima\/wp-content\/uploads\/2020\/09\/Prima-Klima-Logo_Farbe_beschn.jpg","width":1000,"height":675,"caption":"PRIMAB\u00dcROKLIMA"},"image":{"@id":"https:\/\/office-roxx.de\/primabueroklima\/#\/schema\/logo\/image\/"}},{"@type":"Person","@id":"https:\/\/office-roxx.de\/primabueroklima\/#\/schema\/person\/aaff4d37a59d78dad48543c1cf5d7b0e","name":"Team-PBK","image":{"@type":"ImageObject","inLanguage":"de","@id":"https:\/\/secure.gravatar.com\/avatar\/e7f38084968dcbb88b923f48395eb5ec7c3ad3102c6db95eccceb504d4317f39?s=96&d=mm&r=g","url":"https:\/\/secure.gravatar.com\/avatar\/e7f38084968dcbb88b923f48395eb5ec7c3ad3102c6db95eccceb504d4317f39?s=96&d=mm&r=g","contentUrl":"https:\/\/secure.gravatar.com\/avatar\/e7f38084968dcbb88b923f48395eb5ec7c3ad3102c6db95eccceb504d4317f39?s=96&d=mm&r=g","caption":"Team-PBK"},"sameAs":["https:\/\/office-roxx.de\/primabueroklima"],"url":"https:\/\/office-roxx.de\/primabueroklima\/author\/team-pbk\/"}]}},"_links":{"self":[{"href":"https:\/\/office-roxx.de\/primabueroklima\/wp-json\/wp\/v2\/posts\/870","targetHints":{"allow":["GET"]}}],"collection":[{"href":"https:\/\/office-roxx.de\/primabueroklima\/wp-json\/wp\/v2\/posts"}],"about":[{"href":"https:\/\/office-roxx.de\/primabueroklima\/wp-json\/wp\/v2\/types\/post"}],"author":[{"embeddable":true,"href":"https:\/\/office-roxx.de\/primabueroklima\/wp-json\/wp\/v2\/users\/1"}],"replies":[{"embeddable":true,"href":"https:\/\/office-roxx.de\/primabueroklima\/wp-json\/wp\/v2\/comments?post=870"}],"version-history":[{"count":4,"href":"https:\/\/office-roxx.de\/primabueroklima\/wp-json\/wp\/v2\/posts\/870\/revisions"}],"predecessor-version":[{"id":1623,"href":"https:\/\/office-roxx.de\/primabueroklima\/wp-json\/wp\/v2\/posts\/870\/revisions\/1623"}],"wp:featuredmedia":[{"embeddable":true,"href":"https:\/\/office-roxx.de\/primabueroklima\/wp-json\/wp\/v2\/media\/778"}],"wp:attachment":[{"href":"https:\/\/office-roxx.de\/primabueroklima\/wp-json\/wp\/v2\/media?parent=870"}],"wp:term":[{"taxonomy":"category","embeddable":true,"href":"https:\/\/office-roxx.de\/primabueroklima\/wp-json\/wp\/v2\/categories?post=870"},{"taxonomy":"post_tag","embeddable":true,"href":"https:\/\/office-roxx.de\/primabueroklima\/wp-json\/wp\/v2\/tags?post=870"}],"curies":[{"name":"wp","href":"https:\/\/api.w.org\/{rel}","templated":true}]}}