{"id":788,"date":"2021-04-06T08:00:00","date_gmt":"2021-04-06T06:00:00","guid":{"rendered":"https:\/\/office-roxx.de\/primabueroklima\/?p=788"},"modified":"2021-06-22T17:02:09","modified_gmt":"2021-06-22T15:02:09","slug":"welche-luftfeuchtigkeit-ist-die-richtige","status":"publish","type":"post","link":"https:\/\/office-roxx.de\/primabueroklima\/welche-luftfeuchtigkeit-ist-die-richtige\/","title":{"rendered":"Welche Luftfeuchtigkeit ist die richtige?"},"content":{"rendered":"<p>Wider\u00adspr\u00fcch\u00adli\u00adche Richt\u00adli\u00adni\u00aden und kon\u00adtro\u00adver\u00adse Stand\u00adpunk\u00adte pr\u00e4\u00adgen seit Jah\u00adren die Dis\u00adkus\u00adsio\u00adnen \u00fcber eine ver\u00adbind\u00adli\u00adche Rege\u00adlung der Luft\u00adfeuch\u00adte in Geb\u00e4u\u00adden. Eine Lite\u00adra\u00adtur\u00adre\u00adcher\u00adche der RWTH Aachen hat Erkennt\u00adnis\u00adse zur Min\u00addest\u00adluft\u00adfeuch\u00adte zusam\u00admen\u00adge\u00adfasst. Wis\u00adsens\u00adwer\u00adte Eck\u00adpunk\u00adte dazu erl\u00e4u\u00adtert Domi\u00adnik Gie\u00adsel von Cond\u00adair Systems.<\/p>\n<p><!--more--><\/p>\n<figure id=\"attachment_241\" aria-describedby=\"caption-attachment-241\" style=\"width: 650px\" class=\"wp-caption aligncenter\"><img loading=\"lazy\" decoding=\"async\" class=\"wp-image-241 ml-lightbox-enabled\" src=\"https:\/\/office-roxx.de\/primabueroklima\/wp-content\/uploads\/2020\/09\/Condair-System-Luftbefeuchtung.jpg\" alt=\"Direkt-Raumluftbefeuchter eignen sich zur Nachr\u00fcstung in Bestandsgeb\u00e4uden. Abbildung Condair Systems\" width=\"650\" height=\"434\" srcset=\"https:\/\/office-roxx.de\/primabueroklima\/wp-content\/uploads\/2020\/09\/Condair-System-Luftbefeuchtung.jpg 736w, https:\/\/office-roxx.de\/primabueroklima\/wp-content\/uploads\/2020\/09\/Condair-System-Luftbefeuchtung-300x200.jpg 300w\" sizes=\"auto, (max-width: 650px) 100vw, 650px\"><figcaption id=\"caption-attachment-241\" class=\"wp-caption-text\">Direkt-Raum\u00adluft\u00adbe\u00adfeuch\u00adter eig\u00adnen sich zur Nach\u00adr\u00fcs\u00adtung in Bestands\u00adge\u00adb\u00e4u\u00adden. Abbil\u00addung Cond\u00adair Systems<\/figcaption><\/figure>\n<p>Seit der Coro\u00adna-Pan\u00adde\u00admie ist die Raum\u00adluft in Geb\u00e4u\u00adden stark in den Fokus der \u00f6ffent\u00adli\u00adchen Dis\u00adkus\u00adsi\u00adon gera\u00adten: Emp\u00adfeh\u00adlun\u00adgen zum rich\u00adti\u00adgen L\u00fcf\u00adten, media\u00adle Auf\u00adkl\u00e4\u00adrungs\u00adkam\u00adpa\u00adgnen und F\u00f6r\u00adder\u00adpro\u00adgram\u00adme des Bun\u00addes f\u00fcr die Coro\u00adna-gerech\u00adte Umr\u00fcs\u00adtung von raum\u00adluft\u00adtech\u00adni\u00adschen Anla\u00adgen unter\u00adstrei\u00adchen die Bedeu\u00adtung der Luft\u00adqua\u00adli\u00adt\u00e4t f\u00fcr den Infek\u00adti\u00adons\u00adschutz. Dazu bei\u00adgetra\u00adgen hat nicht zuletzt auch die Welt\u00adge\u00adsund\u00adheits\u00ador\u00adga\u00adni\u00adsa\u00adti\u00adon (WHO), die 2020 die Luft\u00ad\u00fcber\u00adtra\u00adgung viren\u00adbe\u00adla\u00adde\u00adner Aero\u00adso\u00adle als \u00dcber\u00adtra\u00adgungs\u00adweg aner\u00adkannt hat. Kaum h\u00f6r\u00adbar sind jedoch in Deutsch\u00adland kon\u00adkre\u00adte Emp\u00adfeh\u00adlun\u00adgen hin\u00adsicht\u00adlich der rela\u00adti\u00adven Luft\u00adfeuch\u00adte. Ma\u00df\u00adgeb\u00adli\u00adcher Grund daf\u00fcr sind bis\u00adlang die gel\u00adten\u00adden Nor\u00admen und Richtlinien.<\/p>\n<h2>Maximale Luftfeuchte ist definiert<\/h2>\n<p>Die Berufs\u00adge\u00adnos\u00adsen\u00adschaf\u00adten und Unfall\u00adver\u00adsi\u00adche\u00adrun\u00adgen gehen im Regel\u00adfall davon aus, dass die Raum\u00adluft nicht zus\u00e4tz\u00adlich befeuch\u00adtet wer\u00adden muss. Die Tech\u00adni\u00adsche Regel f\u00fcr Arbeits\u00adst\u00e4t\u00adten (ASR) defi\u00adnie\u00adren in der ASR A3.6 \u201eL\u00fcf\u00adtung\u201c daher ledig\u00adlich Maxi\u00admal\u00adwer\u00adte f\u00fcr die rela\u00adti\u00adve Luft\u00adfeuch\u00adte. F\u00fcr B\u00fcro\u00adar\u00adbeits\u00adpl\u00e4t\u00adze mit \u00fcbli\u00adchen Tem\u00adpe\u00adra\u00adtu\u00adren zwi\u00adschen 20 und 22 Grad Cel\u00adsi\u00adus wer\u00adden bei\u00adspiels\u00adwei\u00adse Ober\u00adgren\u00adzen von 70 bis 80 Pro\u00adzent rela\u00adti\u00adver Feuch\u00adte gesetzt, um vor Schim\u00admel\u00adbil\u00addung und belas\u00adten\u00adder Schw\u00fc\u00adle zu sch\u00fct\u00adzen. Die Norm DIN EN 15251 \u201eEin\u00adgangs\u00adpa\u00adra\u00adme\u00adter f\u00fcr das Raum\u00adkli\u00adma\u201c (k\u00fcnf\u00adtig DIN EN 16798 Teil 1) gibt f\u00fcr Neu\u00adbau und Sanie\u00adrun\u00adgen als Emp\u00adfeh\u00adlung eine unte\u00adre Gren\u00adze von 25 Pro\u00adzent und eine obe\u00adre Gren\u00adze von 60 Pro\u00adzent. Die Norm stellt fest, dass unter\u00adhalb des Wer\u00adtes von 30 Pro\u00adzent gesund\u00adheit\u00adli\u00adche Beein\u00adtr\u00e4ch\u00adti\u00adgun\u00adgen auf\u00adtre\u00adten k\u00f6nnen.<\/p>\n<p>Dem\u00adge\u00adgen\u00ad\u00fcber steht die wis\u00adsen\u00adschaft\u00adli\u00adche Lite\u00adra\u00adtur, die in vie\u00adlen Ver\u00ad\u00f6f\u00adfent\u00adli\u00adchun\u00adgen einen f\u00fcr die Gesund\u00adheit des Men\u00adschen opti\u00adma\u00adlen Bereich zwi\u00adschen 40 und 60 Pro\u00adzent nennt. Wel\u00adche Aus\u00adsa\u00adge\u00adkraft die\u00adser h\u00e4u\u00adfig genann\u00adte mitt\u00adle\u00adre Bereich der Luft\u00adfeuch\u00adte hat und wel\u00adche Emp\u00adfeh\u00adlung sich dar\u00adaus erge\u00adben, hat die Rhei\u00adnisch-West\u00adf\u00e4\u00adli\u00adsche Tech\u00adni\u00adsche Hoch\u00adschu\u00adle Aachen (RWTH) in einer umfang\u00adrei\u00adchen <a href=\"https:\/\/publications.rwth-aachen.de\/record\/811532\" target=\"_blank\" rel=\"noopener\">Lite\u00adra\u00adtur\u00adre\u00adcher\u00adche<\/a> ana\u00adly\u00adsiert. Die wich\u00adtigs\u00adten Ergeb\u00adnis\u00adse aus die\u00adser Lite\u00adra\u00adtur\u00adstu\u00addie wer\u00adden nach\u00adfol\u00adgend in Bezug auf Atem\u00adwe\u00adge, Virus\u00adver\u00adbrei\u00adtung, Augen und Haut zusammengefasst.<\/p>\n<h2>Selbstreinigung der Atemwege<\/h2>\n<p>Die Wir\u00adkung der rela\u00adti\u00adven Feuch\u00adte auf die Gesund\u00adheit der Atem\u00adwe\u00adge wird unter\u00adschie\u00adden in einen direk\u00adten und einen indi\u00adrek\u00adten Ein\u00adfluss: Der direk\u00adte Ein\u00adfluss wirkt auf die Abwehr\u00adme\u00adcha\u00adnis\u00admen des mensch\u00adli\u00adchen K\u00f6r\u00adpers, die ver\u00adhin\u00addern, dass krank\u00adma\u00adchen\u00adde Par\u00adti\u00adkel die Atem\u00adwe\u00adge befal\u00adlen und sich dort ver\u00admeh\u00adren. Dazu geh\u00f6\u00adren die Fil\u00adter\u00adfunk\u00adti\u00adon der Nase, die Selbst\u00adrei\u00adni\u00adgungs\u00adpro\u00adzes\u00adse der Atem\u00adwegs\u00adschleim\u00adhaut, Immun\u00adant\u00adwor\u00adten sowie wei\u00adte\u00adre Abwehr\u00adre\u00adak\u00adtio\u00adnen und Zer\u00adset\u00adzungs\u00adpro\u00adzes\u00adse. In den aus\u00adge\u00adwer\u00adte\u00adten Lite\u00adra\u00adtur\u00adquel\u00adlen gilt es als prin\u00adzi\u00adpi\u00adell aner\u00adkannt, dass eine nied\u00adri\u00adge Luft\u00adfeuch\u00adte zur Beein\u00adtr\u00e4ch\u00adti\u00adgung der k\u00f6r\u00adper\u00adei\u00adge\u00adnen Rei\u00adni\u00adgungs\u00adfunk\u00adti\u00adon der Schleim\u00adh\u00e4u\u00adte und der Abwehr\u00adme\u00adcha\u00adnis\u00admen des K\u00f6r\u00adpers f\u00fch\u00adren. Das meist\u00adge\u00adnann\u00adte Opti\u00admum der rela\u00adti\u00adven Luft\u00adfeuch\u00adte hin\u00adsicht\u00adlich der Immun\u00adab\u00adwehr liegt zwi\u00adschen 40 und 60 Prozent.<\/p>\n<figure id=\"attachment_950\" aria-describedby=\"caption-attachment-950\" style=\"width: 486px\" class=\"wp-caption aligncenter\"><img loading=\"lazy\" decoding=\"async\" class=\"wp-image-950 ml-lightbox-enabled\" src=\"https:\/\/office-roxx.de\/primabueroklima\/wp-content\/uploads\/2021\/04\/viren-lebensdauer-luft-rwth-aachen.png\" alt=\"Temperatur und Luftfeuchte beeinflussen die Lebensdauer und die Verbreitung von Viren. Abbildung: RWTH Aachen\" width=\"486\" height=\"500\" srcset=\"https:\/\/office-roxx.de\/primabueroklima\/wp-content\/uploads\/2021\/04\/viren-lebensdauer-luft-rwth-aachen.png 741w, https:\/\/office-roxx.de\/primabueroklima\/wp-content\/uploads\/2021\/04\/viren-lebensdauer-luft-rwth-aachen-291x300.png 291w\" sizes=\"auto, (max-width: 486px) 100vw, 486px\"><figcaption id=\"caption-attachment-950\" class=\"wp-caption-text\">Tem\u00adpe\u00adra\u00adtur und Luft\u00adfeuch\u00adte beein\u00adflus\u00adsen die Lebens\u00addau\u00ader und die Ver\u00adbrei\u00adtung von Viren. Abbil\u00addung: RWTH Aachen<\/figcaption><\/figure>\n<h2>Aerosole und&nbsp;Viren<\/h2>\n<p>Indi\u00adrekt wirkt die rela\u00adti\u00adve Luft\u00adfeuch\u00adte zus\u00e4tz\u00adlich auf die Lebens\u00addau\u00ader von Krank\u00adheits\u00ader\u00adre\u00adgern und auf die Schwe\u00adbe\u00adf\u00e4\u00adhig\u00adkeit (Sus\u00adpen\u00adsi\u00adons\u00adzeit) von Keim\u00adtr\u00f6pf\u00adchen. Gene\u00adrell beein\u00adflusst das Umge\u00adbungs\u00adkli\u00adma das Infek\u00adti\u00adons\u00adri\u00adsi\u00adko: Tem\u00adpe\u00adra\u00adtur und Luft\u00adfeuch\u00adte haben Ein\u00adfluss auf die Aero\u00adsol-Beschaf\u00adfen\u00adheit. Viren wer\u00adden in Aero\u00adso\u00adlen trans\u00adpor\u00adtiert, die aus klei\u00adnen Fl\u00fcs\u00adsig\u00adkeits\u00adtrop\u00adfen, gel\u00f6s\u00adten Sal\u00adzen und Eiwei\u00ad\u00dfen bestehen. Unter tro\u00adcke\u00adnen Bedin\u00adgun\u00adgen schrump\u00adfen Aero\u00adso\u00adle schnel\u00adler, wer\u00adden leich\u00adter und schwe\u00adben l\u00e4n\u00adger in der Luft. Zus\u00e4tz\u00adlich wir\u00adken Tem\u00adpe\u00adra\u00adtur und Luft\u00adfeuch\u00adte auf Sta\u00adbi\u00adli\u00adt\u00e4t und Lebens\u00addau\u00ader der Viren. Je nach Virus\u00adtyp wird jedoch in der Lite\u00adra\u00adtur der Ein\u00adfluss der rela\u00adti\u00adven Luft\u00adfeuch\u00adte unter\u00adschied\u00adlich ana\u00adly\u00adsiert. Bei\u00adspiels\u00adwei\u00adse wer\u00adden Influ\u00aden\u00adza\u00advi\u00adren bei mitt\u00adle\u00adren und Coro\u00adna\u00advi\u00adren bei mitt\u00adle\u00adren bis hohen rela\u00adti\u00adven Luft\u00adfeuch\u00adten zu einem maxi\u00adma\u00adlen Grad inak\u00adti\u00adviert. Hohe rela\u00adti\u00adve Luft\u00adfeuch\u00adten ver\u00adrin\u00adgern prin\u00adzi\u00adpi\u00adell die Schwe\u00adbe\u00adzeit von Par\u00adti\u00adkeln und Aero\u00adso\u00adlen in der Luft, soll\u00adten jedoch auf\u00adgrund der Gefahr von mikro\u00adbiel\u00adlem Wachs\u00adtum und Schim\u00admel\u00adbil\u00addung ver\u00admie\u00adden werden.<\/p>\n<h2>Trockene Augen und&nbsp;Haut<\/h2>\n<p>In der Luft vor\u00adhan\u00adde\u00adne Par\u00adti\u00adkel k\u00f6n\u00adnen zu Rei\u00adzun\u00adgen der Augen und zu Infek\u00adtio\u00adnen der Bin\u00adde\u00adhaut f\u00fch\u00adren. Ein intak\u00adter Tr\u00e4\u00adnen\u00adfilm sch\u00fctzt die Augen\u00adober\u00adfl\u00e4\u00adchen vor Ein\u00adwir\u00adkun\u00adgen aus der Umwelt und ver\u00adhin\u00addert Augen\u00adbe\u00adschwer\u00adden und Dis\u00adkom\u00adfort. Ana\u00adly\u00adsen der wis\u00adsen\u00adschaft\u00adli\u00adchen Arbei\u00adten zei\u00adgen, dass sich bei gerin\u00adger Luft\u00adfeuch\u00adte einer\u00adseits die Tr\u00e4\u00adnen\u00adfilm\u00adpro\u00adduk\u00adti\u00adon ver\u00adrin\u00adgert und ande\u00adrer\u00adseits die Lid\u00adschlag\u00adfre\u00adquenz signi\u00adfi\u00adkant erh\u00f6ht. Gegen\u00ad\u00fcber einem idea\u00adlen Luft\u00adfeuch\u00adte\u00adbe\u00adreich von 50 bis 80 Pro\u00adzent geht die Zell\u00addich\u00adte der Bin\u00adde\u00adhaut-Becher\u00adzel\u00adlen, in denen der Tr\u00e4\u00adnen\u00adfilm gebil\u00addet wird, bei nied\u00adri\u00adgen rela\u00adti\u00adven Luft\u00adfeuch\u00adten stark zur\u00fcck. Eben\u00adfalls zeigt die Lite\u00adra\u00adtur\u00adre\u00adcher\u00adche sta\u00adtis\u00adtisch rele\u00advan\u00adte Zusam\u00admen\u00adh\u00e4n\u00adge zwi\u00adschen tro\u00adcke\u00adner Luft und Beein\u00adtr\u00e4ch\u00adti\u00adgun\u00adgen der Haut. Tro\u00adcke\u00adne Raum\u00adluft kann die Schutz\u00adfunk\u00adti\u00adon der Haut erheb\u00adlich ein\u00adschr\u00e4n\u00adken. Durch eine spr\u00f6\u00adde und ris\u00adsi\u00adge Epi\u00adder\u00admis k\u00f6n\u00adnen Par\u00adti\u00adkel ein\u00addrin\u00adgen und Ent\u00adz\u00fcn\u00addun\u00adgen und Der\u00adma\u00adto\u00adsen her\u00advor\u00adru\u00adfen. Chro\u00adni\u00adsche Haut\u00ader\u00adkran\u00adkun\u00adgen k\u00f6n\u00adnen sich ver\u00adschlech\u00adtern. Signi\u00adfi\u00adkan\u00adte Beein\u00adtr\u00e4ch\u00adti\u00adgun\u00adgen der Haut wer\u00adden in den Lite\u00adra\u00adtur\u00adquel\u00adlen fest\u00adge\u00adstellt f\u00fcr unter\u00adsuch\u00adte Luft\u00adfeuch\u00adten unter\u00adhalb von 50 Prozent.<\/p>\n<h2>Mehr Gesundheit \u2013 weniger Fehlzeiten<\/h2>\n<p>Als Fazit der Lite\u00adra\u00adtur\u00adre\u00adcher\u00adche kom\u00admen die Macher der Stu\u00addie von der RWTH Aachen zu dem Ergeb\u00adnis, dass bei einer mitt\u00adle\u00adren rela\u00adti\u00adven Luft\u00adfeuch\u00adte gesund\u00adheit\u00adli\u00adche Beein\u00adtr\u00e4ch\u00adti\u00adgun\u00adgen der Atem\u00adwe\u00adge, der Augen und der Haut und damit ver\u00adbun\u00adde\u00adne Fehl\u00adzei\u00adten signi\u00adfi\u00adkant ver\u00adrin\u00adgert wer\u00adden k\u00f6n\u00adnen. In Innen\u00adr\u00e4u\u00admen soll\u00adte daher, so die For\u00adscher, idea\u00adler\u00adwei\u00adse eine rela\u00adti\u00adve Luft\u00adfeuch\u00adtig\u00adkeit von 40 bis 60 Pro\u00adzent geschaf\u00adfen wer\u00adden. Gleich\u00adzei\u00adtig wei\u00adsen die Wis\u00adsen\u00adschaft\u00adler dar\u00adauf hin, dass die rela\u00adti\u00adve Luft\u00adfeuch\u00adte f\u00fcr jedes der unter\u00adsuch\u00adten Kri\u00adte\u00adri\u00aden indi\u00advi\u00addu\u00adell betrach\u00adtet wer\u00adden muss. Dies gel\u00adte ins\u00adbe\u00adson\u00adde\u00adre f\u00fcr die Inak\u00adti\u00advie\u00adrung ver\u00adschie\u00adde\u00adner Virus\u00adty\u00adpen. Die Emp\u00adfeh\u00adlung eines kon\u00adkre\u00adten Ziel\u00adbe\u00adrei\u00adches kann daher immer nur einen Kom\u00adpro\u00admiss dar\u00adstel\u00adlen. Ins\u00adge\u00adsamt zei\u00adgen sich f\u00fcr den Kom\u00adpro\u00admiss eines mitt\u00adle\u00adren Bereichs der rela\u00adti\u00adven Luft\u00adfeuch\u00adte jedoch die wenigs\u00adten Beein\u00adtr\u00e4ch\u00adti\u00adgun\u00adgen in Bezug auf den Men\u00adschen und sei\u00adne Gesundheit.<\/p>\n<h2>Bedeutung f\u00fcr B\u00fcroarbeitspl\u00e4tze<\/h2>\n<p>Die Ana\u00adly\u00adse der Lite\u00adra\u00adtur\u00adstu\u00addie zeigt, dass wis\u00adsen\u00adschaft\u00adlich der direk\u00adte und indi\u00adrek\u00adte Ein\u00adfluss der rela\u00adti\u00adven Luft\u00adfeuch\u00adte auf die Gesund\u00adheit in Innen\u00adr\u00e4u\u00admen mitt\u00adler\u00adwei\u00adle prin\u00adzi\u00adpi\u00adell erkannt und belegt ist. Solan\u00adge die Arbeits\u00adst\u00e4t\u00adten\u00adricht\u00adli\u00adni\u00aden jedoch kei\u00adne Vor\u00adga\u00adben oder zumin\u00addest Emp\u00adfeh\u00adlun\u00adgen f\u00fcr eine Min\u00addest\u00adluft\u00adfeuch\u00adte in B\u00fcros ent\u00adhal\u00adten, wird eine fl\u00e4\u00adchen\u00adde\u00adcken\u00adde Sicher\u00adstel\u00adlung opti\u00adma\u00adler Innen\u00adraum\u00adbe\u00addin\u00adgun\u00adgen nicht zu erwar\u00adten sein. F\u00fcr die Pr\u00e4\u00adven\u00adti\u00adon in Unter\u00adneh\u00admen bleibt dem Arbeits\u00adschutz der Weg \u00fcber die Gef\u00e4hr\u00addungs\u00adbe\u00adur\u00adtei\u00adlung: Hier gibt die ASR A3.6 \u201eL\u00fcf\u00adtung\u201c f\u00fcr den Fall von Beschwer\u00adden \u00fcber tro\u00adcke\u00adne Luft die Hand\u00adlungs\u00adauf\u00adfor\u00adde\u00adrung, im Rah\u00admen einer Gef\u00e4hr\u00addungs\u00adbe\u00adur\u00adtei\u00adlung zu pr\u00fc\u00adfen, ob und wel\u00adche Ma\u00df\u00adnah\u00admen zu ergrei\u00adfen sind. Die Erkennt\u00adnis\u00adse und Ana\u00adly\u00adsen der RWTH-Lite\u00adra\u00adtur\u00adre\u00adcher\u00adche k\u00f6n\u00adnen jetzt eine gute neue Basis sein, eine zus\u00e4tz\u00adli\u00adche Luft\u00adbe\u00adfeuch\u00adtung zum Schutz der Mit\u00adar\u00adbei\u00adter\u00adge\u00adsund\u00adheit in B\u00fcros fach\u00adlich zu begr\u00fcn\u00adden und inner\u00adbe\u00adtrieb\u00adlich umzusetzen.<\/p>\n<table style=\"height: 222px;\" width=\"555\">\n<tbody>\n<tr>\n<td>\n<figure id=\"attachment_794\" aria-describedby=\"caption-attachment-794\" style=\"width: 150px\" class=\"wp-caption alignleft\"><img loading=\"lazy\" decoding=\"async\" class=\"wp-image-794 size-thumbnail\" src=\"https:\/\/office-roxx.de\/primabueroklima\/wp-content\/uploads\/2021\/04\/Domink-Giesel-Condairs-Systems-150x150.jpg\" alt=\"Dominic Giesel, Leiter Marketing und \u00d6ffentlichkeitsarbeit, Condair Systems GmbH. Abbildung: Condair Systems\" width=\"150\" height=\"150\"><figcaption id=\"caption-attachment-794\" class=\"wp-caption-text\">Abbil\u00addung: Cond\u00adair Systems<\/figcaption><\/figure>\n<p>Domi\u00adnic Giesel<\/p>\n<p>Lei\u00adter Mar\u00adke\u00adting und \u00d6ffent\u00adlich\u00adkeits\u00adar\u00adbeit, Cond\u00adair Sys\u00adtems&nbsp;GmbH.<\/p>\n<p><a href=\"https:\/\/www.condair-systems.de\/\" target=\"_blank\" rel=\"noopener\">condair-systems.de<\/a><\/p><\/td>\n<\/tr>\n<\/tbody>\n<\/table>\n<p><strong>Lite\u00adra\u00adtur\u00adtipp:<\/strong><\/p>\n<p>\u00dcber neue M\u00f6g\u00adlich\u00adkei\u00adten der Luft\u00adbe\u00adfeuch\u00adtung spe\u00adzi\u00adell in B\u00fcro\u00adge\u00adb\u00e4u\u00adden infor\u00admiert ein White\u00adpa\u00adper der Cond\u00adair Sys\u00adtems GmbH. Es ent\u00adh\u00e4lt Tipps und Vor\u00adla\u00adgen f\u00fcr die Umset\u00adzung einer Gef\u00e4hr\u00addungs\u00adbe\u00adur\u00adtei\u00adlung. Das 16-sei\u00adti\u00adge White\u00adpa\u00adper kann <a href=\"http:\/\/www.condair-systems.de\/luftfeuchte-in-buerogebaeuden\" target=\"_blank\" rel=\"noopener\">kos\u00adten\u00adfrei<\/a> bestellt werden.<\/p>\n","protected":false},"excerpt":{"rendered":"<p>Wider\u00adspr\u00fcch\u00adli\u00adche Richt\u00adli\u00adni\u00aden und kon\u00adtro\u00adver\u00adse Stand\u00adpunk\u00adte pr\u00e4\u00adgen seit Jah\u00adren die Dis\u00adkus\u00adsio\u00adnen \u00fcber eine ver\u00adbind\u00adli\u00adche Rege\u00adlung der Luft\u00adfeuch\u00adte in Geb\u00e4u\u00adden. Eine Lite\u00adra\u00adtur\u00adre\u00adcher\u00adche der RWTH Aachen hat Erkennt\u00adnis\u00adse zur Min\u00addest\u00adluft\u00adfeuch\u00adte zusam\u00admen\u00adge\u00adfasst. Wis\u00adsens\u00adwer\u00adte Eck\u00adpunk\u00adte dazu erl\u00e4u\u00adtert Domi\u00adnik Gie\u00adsel von Cond\u00adair Systems.<\/p>\n","protected":false},"author":1,"featured_media":241,"comment_status":"closed","ping_status":"closed","sticky":false,"template":"","format":"standard","meta":{"wp_typography_post_enhancements_disabled":false,"footnotes":""},"categories":[1],"tags":[2],"class_list":["post-788","post","type-post","status-publish","format-standard","has-post-thumbnail","hentry","category-allgemein","tag-luftbefeuchtung"],"yoast_head":"<!-- This site is optimized with the Yoast SEO plugin v27.3 - https:\/\/yoast.com\/product\/yoast-seo-wordpress\/ -->\n<title>Welche Luftfeuchtigkeit ist die richtige? - PRIMAB\u00dcROKLIMA<\/title>\n<meta name=\"description\" content=\"Eine Literaturrecherche der RWTH Aachen hat\u00a0Erkenntnisse zur Mindestluftfeuchte zusammengefasst. Dominik Giesel von Condair Systems erl\u00e4utert diese.\" \/>\n<meta name=\"robots\" content=\"index, follow, max-snippet:-1, max-image-preview:large, max-video-preview:-1\" \/>\n<link rel=\"canonical\" href=\"https:\/\/office-roxx.de\/primabueroklima\/welche-luftfeuchtigkeit-ist-die-richtige\/\" \/>\n<meta property=\"og:locale\" content=\"de_DE\" \/>\n<meta property=\"og:type\" content=\"article\" \/>\n<meta property=\"og:title\" content=\"Welche Luftfeuchtigkeit ist die richtige? - PRIMAB\u00dcROKLIMA\" \/>\n<meta property=\"og:description\" content=\"Eine Literaturrecherche der RWTH Aachen hat\u00a0Erkenntnisse zur Mindestluftfeuchte zusammengefasst. Dominik Giesel von Condair Systems erl\u00e4utert diese.\" \/>\n<meta property=\"og:url\" content=\"https:\/\/office-roxx.de\/primabueroklima\/welche-luftfeuchtigkeit-ist-die-richtige\/\" \/>\n<meta property=\"og:site_name\" content=\"PRIMAB\u00dcROKLIMA\" \/>\n<meta property=\"article:published_time\" content=\"2021-04-06T06:00:00+00:00\" \/>\n<meta property=\"article:modified_time\" content=\"2021-06-22T15:02:09+00:00\" \/>\n<meta property=\"og:image\" content=\"http:\/\/h3068839.stratoserver.net\/office-roxx\/primabueroklima\/wp-content\/uploads\/2020\/09\/Condair-System-Luftbefeuchtung.jpg\" \/>\n\t<meta property=\"og:image:width\" content=\"736\" \/>\n\t<meta property=\"og:image:height\" content=\"491\" \/>\n\t<meta property=\"og:image:type\" content=\"image\/jpeg\" \/>\n<meta name=\"author\" content=\"Team-PBK\" \/>\n<meta name=\"twitter:card\" content=\"summary_large_image\" \/>\n<meta name=\"twitter:label1\" content=\"Verfasst von\" \/>\n\t<meta name=\"twitter:data1\" content=\"Team-PBK\" \/>\n\t<meta name=\"twitter:label2\" content=\"Gesch\u00e4tzte Lesezeit\" \/>\n\t<meta name=\"twitter:data2\" content=\"7\u00a0Minuten\" \/>\n<script type=\"application\/ld+json\" class=\"yoast-schema-graph\">{\"@context\":\"https:\\\/\\\/schema.org\",\"@graph\":[{\"@type\":\"Article\",\"@id\":\"https:\\\/\\\/office-roxx.de\\\/primabueroklima\\\/welche-luftfeuchtigkeit-ist-die-richtige\\\/#article\",\"isPartOf\":{\"@id\":\"https:\\\/\\\/office-roxx.de\\\/primabueroklima\\\/welche-luftfeuchtigkeit-ist-die-richtige\\\/\"},\"author\":{\"name\":\"Team-PBK\",\"@id\":\"https:\\\/\\\/office-roxx.de\\\/primabueroklima\\\/#\\\/schema\\\/person\\\/aaff4d37a59d78dad48543c1cf5d7b0e\"},\"headline\":\"Welche Luftfeuchtigkeit ist die richtige?\",\"datePublished\":\"2021-04-06T06:00:00+00:00\",\"dateModified\":\"2021-06-22T15:02:09+00:00\",\"mainEntityOfPage\":{\"@id\":\"https:\\\/\\\/office-roxx.de\\\/primabueroklima\\\/welche-luftfeuchtigkeit-ist-die-richtige\\\/\"},\"wordCount\":1112,\"publisher\":{\"@id\":\"https:\\\/\\\/office-roxx.de\\\/primabueroklima\\\/#organization\"},\"image\":{\"@id\":\"https:\\\/\\\/office-roxx.de\\\/primabueroklima\\\/welche-luftfeuchtigkeit-ist-die-richtige\\\/#primaryimage\"},\"thumbnailUrl\":\"https:\\\/\\\/office-roxx.de\\\/primabueroklima\\\/wp-content\\\/uploads\\\/2020\\\/09\\\/Condair-System-Luftbefeuchtung.jpg\",\"keywords\":[\"Luftbefeuchtung\"],\"inLanguage\":\"de\"},{\"@type\":\"WebPage\",\"@id\":\"https:\\\/\\\/office-roxx.de\\\/primabueroklima\\\/welche-luftfeuchtigkeit-ist-die-richtige\\\/\",\"url\":\"https:\\\/\\\/office-roxx.de\\\/primabueroklima\\\/welche-luftfeuchtigkeit-ist-die-richtige\\\/\",\"name\":\"Welche Luftfeuchtigkeit ist die richtige? - PRIMAB\u00dcROKLIMA\",\"isPartOf\":{\"@id\":\"https:\\\/\\\/office-roxx.de\\\/primabueroklima\\\/#website\"},\"primaryImageOfPage\":{\"@id\":\"https:\\\/\\\/office-roxx.de\\\/primabueroklima\\\/welche-luftfeuchtigkeit-ist-die-richtige\\\/#primaryimage\"},\"image\":{\"@id\":\"https:\\\/\\\/office-roxx.de\\\/primabueroklima\\\/welche-luftfeuchtigkeit-ist-die-richtige\\\/#primaryimage\"},\"thumbnailUrl\":\"https:\\\/\\\/office-roxx.de\\\/primabueroklima\\\/wp-content\\\/uploads\\\/2020\\\/09\\\/Condair-System-Luftbefeuchtung.jpg\",\"datePublished\":\"2021-04-06T06:00:00+00:00\",\"dateModified\":\"2021-06-22T15:02:09+00:00\",\"description\":\"Eine Literaturrecherche der RWTH Aachen hat\u00a0Erkenntnisse zur Mindestluftfeuchte zusammengefasst. Dominik Giesel von Condair Systems erl\u00e4utert diese.\",\"breadcrumb\":{\"@id\":\"https:\\\/\\\/office-roxx.de\\\/primabueroklima\\\/welche-luftfeuchtigkeit-ist-die-richtige\\\/#breadcrumb\"},\"inLanguage\":\"de\",\"potentialAction\":[{\"@type\":\"ReadAction\",\"target\":[\"https:\\\/\\\/office-roxx.de\\\/primabueroklima\\\/welche-luftfeuchtigkeit-ist-die-richtige\\\/\"]}]},{\"@type\":\"ImageObject\",\"inLanguage\":\"de\",\"@id\":\"https:\\\/\\\/office-roxx.de\\\/primabueroklima\\\/welche-luftfeuchtigkeit-ist-die-richtige\\\/#primaryimage\",\"url\":\"https:\\\/\\\/office-roxx.de\\\/primabueroklima\\\/wp-content\\\/uploads\\\/2020\\\/09\\\/Condair-System-Luftbefeuchtung.jpg\",\"contentUrl\":\"https:\\\/\\\/office-roxx.de\\\/primabueroklima\\\/wp-content\\\/uploads\\\/2020\\\/09\\\/Condair-System-Luftbefeuchtung.jpg\",\"width\":736,\"height\":491,\"caption\":\"Condair System Luftbefeuchtung\"},{\"@type\":\"BreadcrumbList\",\"@id\":\"https:\\\/\\\/office-roxx.de\\\/primabueroklima\\\/welche-luftfeuchtigkeit-ist-die-richtige\\\/#breadcrumb\",\"itemListElement\":[{\"@type\":\"ListItem\",\"position\":1,\"name\":\"Startseite\",\"item\":\"https:\\\/\\\/office-roxx.de\\\/primabueroklima\\\/\"},{\"@type\":\"ListItem\",\"position\":2,\"name\":\"Welche Luftfeuchtigkeit ist die richtige?\"}]},{\"@type\":\"WebSite\",\"@id\":\"https:\\\/\\\/office-roxx.de\\\/primabueroklima\\\/#website\",\"url\":\"https:\\\/\\\/office-roxx.de\\\/primabueroklima\\\/\",\"name\":\"PRIMAB\u00dcROKLIMA\",\"description\":\"F\u00fcr eine bessere Luftqualit\u00e4t in Office-Umgebungen\",\"publisher\":{\"@id\":\"https:\\\/\\\/office-roxx.de\\\/primabueroklima\\\/#organization\"},\"potentialAction\":[{\"@type\":\"SearchAction\",\"target\":{\"@type\":\"EntryPoint\",\"urlTemplate\":\"https:\\\/\\\/office-roxx.de\\\/primabueroklima\\\/?s={search_term_string}\"},\"query-input\":{\"@type\":\"PropertyValueSpecification\",\"valueRequired\":true,\"valueName\":\"search_term_string\"}}],\"inLanguage\":\"de\"},{\"@type\":\"Organization\",\"@id\":\"https:\\\/\\\/office-roxx.de\\\/primabueroklima\\\/#organization\",\"name\":\"PRIMAB\u00dcROKLIMA\",\"url\":\"https:\\\/\\\/office-roxx.de\\\/primabueroklima\\\/\",\"logo\":{\"@type\":\"ImageObject\",\"inLanguage\":\"de\",\"@id\":\"https:\\\/\\\/office-roxx.de\\\/primabueroklima\\\/#\\\/schema\\\/logo\\\/image\\\/\",\"url\":\"https:\\\/\\\/office-roxx.de\\\/primabueroklima\\\/wp-content\\\/uploads\\\/2020\\\/09\\\/Prima-Klima-Logo_Farbe_beschn.jpg\",\"contentUrl\":\"https:\\\/\\\/office-roxx.de\\\/primabueroklima\\\/wp-content\\\/uploads\\\/2020\\\/09\\\/Prima-Klima-Logo_Farbe_beschn.jpg\",\"width\":1000,\"height\":675,\"caption\":\"PRIMAB\u00dcROKLIMA\"},\"image\":{\"@id\":\"https:\\\/\\\/office-roxx.de\\\/primabueroklima\\\/#\\\/schema\\\/logo\\\/image\\\/\"}},{\"@type\":\"Person\",\"@id\":\"https:\\\/\\\/office-roxx.de\\\/primabueroklima\\\/#\\\/schema\\\/person\\\/aaff4d37a59d78dad48543c1cf5d7b0e\",\"name\":\"Team-PBK\",\"image\":{\"@type\":\"ImageObject\",\"inLanguage\":\"de\",\"@id\":\"https:\\\/\\\/secure.gravatar.com\\\/avatar\\\/e7f38084968dcbb88b923f48395eb5ec7c3ad3102c6db95eccceb504d4317f39?s=96&d=mm&r=g\",\"url\":\"https:\\\/\\\/secure.gravatar.com\\\/avatar\\\/e7f38084968dcbb88b923f48395eb5ec7c3ad3102c6db95eccceb504d4317f39?s=96&d=mm&r=g\",\"contentUrl\":\"https:\\\/\\\/secure.gravatar.com\\\/avatar\\\/e7f38084968dcbb88b923f48395eb5ec7c3ad3102c6db95eccceb504d4317f39?s=96&d=mm&r=g\",\"caption\":\"Team-PBK\"},\"sameAs\":[\"https:\\\/\\\/office-roxx.de\\\/primabueroklima\"],\"url\":\"https:\\\/\\\/office-roxx.de\\\/primabueroklima\\\/author\\\/team-pbk\\\/\"}]}<\/script>\n<!-- \/ Yoast SEO plugin. -->","yoast_head_json":{"title":"Welche Luftfeuchtigkeit ist die richtige? - PRIMAB\u00dcROKLIMA","description":"Eine Literaturrecherche der RWTH Aachen hat\u00a0Erkenntnisse zur Mindestluftfeuchte zusammengefasst. Dominik Giesel von Condair Systems erl\u00e4utert diese.","robots":{"index":"index","follow":"follow","max-snippet":"max-snippet:-1","max-image-preview":"max-image-preview:large","max-video-preview":"max-video-preview:-1"},"canonical":"https:\/\/office-roxx.de\/primabueroklima\/welche-luftfeuchtigkeit-ist-die-richtige\/","og_locale":"de_DE","og_type":"article","og_title":"Welche Luftfeuchtigkeit ist die richtige? - PRIMAB\u00dcROKLIMA","og_description":"Eine Literaturrecherche der RWTH Aachen hat\u00a0Erkenntnisse zur Mindestluftfeuchte zusammengefasst. Dominik Giesel von Condair Systems erl\u00e4utert diese.","og_url":"https:\/\/office-roxx.de\/primabueroklima\/welche-luftfeuchtigkeit-ist-die-richtige\/","og_site_name":"PRIMAB\u00dcROKLIMA","article_published_time":"2021-04-06T06:00:00+00:00","article_modified_time":"2021-06-22T15:02:09+00:00","og_image":[{"width":736,"height":491,"url":"http:\/\/h3068839.stratoserver.net\/office-roxx\/primabueroklima\/wp-content\/uploads\/2020\/09\/Condair-System-Luftbefeuchtung.jpg","type":"image\/jpeg"}],"author":"Team-PBK","twitter_card":"summary_large_image","twitter_misc":{"Verfasst von":"Team-PBK","Gesch\u00e4tzte Lesezeit":"7\u00a0Minuten"},"schema":{"@context":"https:\/\/schema.org","@graph":[{"@type":"Article","@id":"https:\/\/office-roxx.de\/primabueroklima\/welche-luftfeuchtigkeit-ist-die-richtige\/#article","isPartOf":{"@id":"https:\/\/office-roxx.de\/primabueroklima\/welche-luftfeuchtigkeit-ist-die-richtige\/"},"author":{"name":"Team-PBK","@id":"https:\/\/office-roxx.de\/primabueroklima\/#\/schema\/person\/aaff4d37a59d78dad48543c1cf5d7b0e"},"headline":"Welche Luftfeuchtigkeit ist die richtige?","datePublished":"2021-04-06T06:00:00+00:00","dateModified":"2021-06-22T15:02:09+00:00","mainEntityOfPage":{"@id":"https:\/\/office-roxx.de\/primabueroklima\/welche-luftfeuchtigkeit-ist-die-richtige\/"},"wordCount":1112,"publisher":{"@id":"https:\/\/office-roxx.de\/primabueroklima\/#organization"},"image":{"@id":"https:\/\/office-roxx.de\/primabueroklima\/welche-luftfeuchtigkeit-ist-die-richtige\/#primaryimage"},"thumbnailUrl":"https:\/\/office-roxx.de\/primabueroklima\/wp-content\/uploads\/2020\/09\/Condair-System-Luftbefeuchtung.jpg","keywords":["Luftbefeuchtung"],"inLanguage":"de"},{"@type":"WebPage","@id":"https:\/\/office-roxx.de\/primabueroklima\/welche-luftfeuchtigkeit-ist-die-richtige\/","url":"https:\/\/office-roxx.de\/primabueroklima\/welche-luftfeuchtigkeit-ist-die-richtige\/","name":"Welche Luftfeuchtigkeit ist die richtige? - PRIMAB\u00dcROKLIMA","isPartOf":{"@id":"https:\/\/office-roxx.de\/primabueroklima\/#website"},"primaryImageOfPage":{"@id":"https:\/\/office-roxx.de\/primabueroklima\/welche-luftfeuchtigkeit-ist-die-richtige\/#primaryimage"},"image":{"@id":"https:\/\/office-roxx.de\/primabueroklima\/welche-luftfeuchtigkeit-ist-die-richtige\/#primaryimage"},"thumbnailUrl":"https:\/\/office-roxx.de\/primabueroklima\/wp-content\/uploads\/2020\/09\/Condair-System-Luftbefeuchtung.jpg","datePublished":"2021-04-06T06:00:00+00:00","dateModified":"2021-06-22T15:02:09+00:00","description":"Eine Literaturrecherche der RWTH Aachen hat\u00a0Erkenntnisse zur Mindestluftfeuchte zusammengefasst. Dominik Giesel von Condair Systems erl\u00e4utert diese.","breadcrumb":{"@id":"https:\/\/office-roxx.de\/primabueroklima\/welche-luftfeuchtigkeit-ist-die-richtige\/#breadcrumb"},"inLanguage":"de","potentialAction":[{"@type":"ReadAction","target":["https:\/\/office-roxx.de\/primabueroklima\/welche-luftfeuchtigkeit-ist-die-richtige\/"]}]},{"@type":"ImageObject","inLanguage":"de","@id":"https:\/\/office-roxx.de\/primabueroklima\/welche-luftfeuchtigkeit-ist-die-richtige\/#primaryimage","url":"https:\/\/office-roxx.de\/primabueroklima\/wp-content\/uploads\/2020\/09\/Condair-System-Luftbefeuchtung.jpg","contentUrl":"https:\/\/office-roxx.de\/primabueroklima\/wp-content\/uploads\/2020\/09\/Condair-System-Luftbefeuchtung.jpg","width":736,"height":491,"caption":"Condair System Luftbefeuchtung"},{"@type":"BreadcrumbList","@id":"https:\/\/office-roxx.de\/primabueroklima\/welche-luftfeuchtigkeit-ist-die-richtige\/#breadcrumb","itemListElement":[{"@type":"ListItem","position":1,"name":"Startseite","item":"https:\/\/office-roxx.de\/primabueroklima\/"},{"@type":"ListItem","position":2,"name":"Welche Luftfeuchtigkeit ist die richtige?"}]},{"@type":"WebSite","@id":"https:\/\/office-roxx.de\/primabueroklima\/#website","url":"https:\/\/office-roxx.de\/primabueroklima\/","name":"PRIMAB\u00dcROKLIMA","description":"F\u00fcr eine bessere Luftqualit\u00e4t in Office-Umgebungen","publisher":{"@id":"https:\/\/office-roxx.de\/primabueroklima\/#organization"},"potentialAction":[{"@type":"SearchAction","target":{"@type":"EntryPoint","urlTemplate":"https:\/\/office-roxx.de\/primabueroklima\/?s={search_term_string}"},"query-input":{"@type":"PropertyValueSpecification","valueRequired":true,"valueName":"search_term_string"}}],"inLanguage":"de"},{"@type":"Organization","@id":"https:\/\/office-roxx.de\/primabueroklima\/#organization","name":"PRIMAB\u00dcROKLIMA","url":"https:\/\/office-roxx.de\/primabueroklima\/","logo":{"@type":"ImageObject","inLanguage":"de","@id":"https:\/\/office-roxx.de\/primabueroklima\/#\/schema\/logo\/image\/","url":"https:\/\/office-roxx.de\/primabueroklima\/wp-content\/uploads\/2020\/09\/Prima-Klima-Logo_Farbe_beschn.jpg","contentUrl":"https:\/\/office-roxx.de\/primabueroklima\/wp-content\/uploads\/2020\/09\/Prima-Klima-Logo_Farbe_beschn.jpg","width":1000,"height":675,"caption":"PRIMAB\u00dcROKLIMA"},"image":{"@id":"https:\/\/office-roxx.de\/primabueroklima\/#\/schema\/logo\/image\/"}},{"@type":"Person","@id":"https:\/\/office-roxx.de\/primabueroklima\/#\/schema\/person\/aaff4d37a59d78dad48543c1cf5d7b0e","name":"Team-PBK","image":{"@type":"ImageObject","inLanguage":"de","@id":"https:\/\/secure.gravatar.com\/avatar\/e7f38084968dcbb88b923f48395eb5ec7c3ad3102c6db95eccceb504d4317f39?s=96&d=mm&r=g","url":"https:\/\/secure.gravatar.com\/avatar\/e7f38084968dcbb88b923f48395eb5ec7c3ad3102c6db95eccceb504d4317f39?s=96&d=mm&r=g","contentUrl":"https:\/\/secure.gravatar.com\/avatar\/e7f38084968dcbb88b923f48395eb5ec7c3ad3102c6db95eccceb504d4317f39?s=96&d=mm&r=g","caption":"Team-PBK"},"sameAs":["https:\/\/office-roxx.de\/primabueroklima"],"url":"https:\/\/office-roxx.de\/primabueroklima\/author\/team-pbk\/"}]}},"_links":{"self":[{"href":"https:\/\/office-roxx.de\/primabueroklima\/wp-json\/wp\/v2\/posts\/788","targetHints":{"allow":["GET"]}}],"collection":[{"href":"https:\/\/office-roxx.de\/primabueroklima\/wp-json\/wp\/v2\/posts"}],"about":[{"href":"https:\/\/office-roxx.de\/primabueroklima\/wp-json\/wp\/v2\/types\/post"}],"author":[{"embeddable":true,"href":"https:\/\/office-roxx.de\/primabueroklima\/wp-json\/wp\/v2\/users\/1"}],"replies":[{"embeddable":true,"href":"https:\/\/office-roxx.de\/primabueroklima\/wp-json\/wp\/v2\/comments?post=788"}],"version-history":[{"count":14,"href":"https:\/\/office-roxx.de\/primabueroklima\/wp-json\/wp\/v2\/posts\/788\/revisions"}],"predecessor-version":[{"id":951,"href":"https:\/\/office-roxx.de\/primabueroklima\/wp-json\/wp\/v2\/posts\/788\/revisions\/951"}],"wp:featuredmedia":[{"embeddable":true,"href":"https:\/\/office-roxx.de\/primabueroklima\/wp-json\/wp\/v2\/media\/241"}],"wp:attachment":[{"href":"https:\/\/office-roxx.de\/primabueroklima\/wp-json\/wp\/v2\/media?parent=788"}],"wp:term":[{"taxonomy":"category","embeddable":true,"href":"https:\/\/office-roxx.de\/primabueroklima\/wp-json\/wp\/v2\/categories?post=788"},{"taxonomy":"post_tag","embeddable":true,"href":"https:\/\/office-roxx.de\/primabueroklima\/wp-json\/wp\/v2\/tags?post=788"}],"curies":[{"name":"wp","href":"https:\/\/api.w.org\/{rel}","templated":true}]}}