{"id":726,"date":"2022-01-10T07:30:00","date_gmt":"2022-01-10T06:30:00","guid":{"rendered":"https:\/\/office-roxx.de\/primabueroklima\/?p=726"},"modified":"2022-01-10T09:06:21","modified_gmt":"2022-01-10T08:06:21","slug":"aus-der-praxis-bhs-erfuellt-forderungen-an-ein-gesundes-raumklima","status":"publish","type":"post","link":"https:\/\/office-roxx.de\/primabueroklima\/aus-der-praxis-bhs-erfuellt-forderungen-an-ein-gesundes-raumklima\/","title":{"rendered":"Aus der Praxis: BHS erf\u00fcllt Forderungen an ein gesundes Raumklima"},"content":{"rendered":"<p>Die Bad Hom\u00adbur\u00adger Inkas\u00adso und die BHS Bad Hom\u00adbur\u00adger Ser\u00advice\u00adge\u00adsell\u00adschaft haben nach M\u00f6g\u00adlich\u00adkei\u00adten einer nach\u00adtr\u00e4g\u00adli\u00adchen Luft\u00adbe\u00adfeuch\u00adtung gesucht. Als Alter\u00adna\u00adti\u00adve zur Befeuch\u00adtung per raum\u00adluft\u00adtech\u00adni\u00adscher Anla\u00adge erf\u00fcll\u00adte eine Direkt-Raum\u00adluft\u00adbe\u00adfeuch\u00adtung alle Anfor\u00adde\u00adrun\u00adgen an Hygie\u00adne und Betriebssicherheit.<\/p>\n<p><!--more--><\/p>\n<figure id=\"attachment_1177\" aria-describedby=\"caption-attachment-1177\" style=\"width: 600px\" class=\"wp-caption aligncenter\"><img loading=\"lazy\" decoding=\"async\" class=\"wp-image-1177 ml-lightbox-enabled\" src=\"https:\/\/office-roxx.de\/primabueroklima\/wp-content\/uploads\/2021\/12\/cs-2018-19-3-BHS.jpg\" alt=\"Optimale Luftfeuchte bei der BHS im Open-Space-B\u00fcro. Abbildung: Condair Systems\" width=\"600\" height=\"400\" srcset=\"https:\/\/office-roxx.de\/primabueroklima\/wp-content\/uploads\/2021\/12\/cs-2018-19-3-BHS.jpg 1000w, https:\/\/office-roxx.de\/primabueroklima\/wp-content\/uploads\/2021\/12\/cs-2018-19-3-BHS-300x200.jpg 300w, https:\/\/office-roxx.de\/primabueroklima\/wp-content\/uploads\/2021\/12\/cs-2018-19-3-BHS-768x511.jpg 768w\" sizes=\"auto, (max-width: 600px) 100vw, 600px\"><figcaption id=\"caption-attachment-1177\" class=\"wp-caption-text\">Opti\u00adma\u00adle Luft\u00adfeuch\u00adte bei der BHS im Open-Space-B\u00fcro. Abbil\u00addung: Cond\u00adair Systems<\/figcaption><\/figure>\n<p>Die BHS Bad Hom\u00adbur\u00adger Ser\u00advice\u00adge\u00adsell\u00adschaft mbH ist eine 100-pro\u00adzen\u00adti\u00adge Toch\u00adter der Deut\u00adsche Lea\u00adsing Grup\u00adpe. Mit rund 250 Mit\u00adar\u00adbei\u00adten\u00adden stellt das Unter\u00adneh\u00admen Ser\u00advices und Dienst\u00adleis\u00adtun\u00adgen f\u00fcr das For\u00adde\u00adrungs- und Sicher\u00adhei\u00adten\u00adma\u00adnage\u00adment der Bad Hom\u00adbur\u00adger Inkas\u00adso GmbH (<a href=\"https:\/\/www.bad-homburger-inkasso.com\/\" target=\"_blank\" rel=\"noopener\">BHI<\/a>) zur Verf\u00fcgung.<\/p>\n<p>Um dem wach\u00adsen\u00adden Fl\u00e4\u00adchen\u00adbe\u00addarf gerecht zu wer\u00adden, haben BHS und BHI Ende 2014 ihren Unter\u00adneh\u00admens\u00adstand\u00adort von Bad Hom\u00adburg nach Bad Vil\u00adbel auf eine 5.000 m2 gro\u00ad\u00dfe Fl\u00e4\u00adche eines Bestands\u00adge\u00adb\u00e4u\u00addes ver\u00adlegt. Bereits kurz nach dem Umzug in die neue Immo\u00adbi\u00adlie zeig\u00adte sich, dass das Raum\u00adkli\u00adma der neu\u00aden Arbeits\u00adpl\u00e4t\u00adze bei den Mit\u00adar\u00adbei\u00adten\u00adden ver\u00admehrt zu Beschwer\u00adden f\u00fchrte.<\/p>\n<h2>Gutachten empfiehlt Luftbefeuchtung<\/h2>\n<p>\u201eUnse\u00adre Mit\u00adar\u00adbei\u00adten\u00adden klag\u00adten im ers\u00adten Win\u00adter vor allem \u00fcber zu tro\u00adcke\u00adne Luft, die Beschwer\u00adden \u00fcber Haut-, Augen-, und Hals\u00adrei\u00adzun\u00adgen ver\u00adur\u00adsach\u00adte. Die Kla\u00adgen waren teil\u00adwei\u00adse so gro\u00df, dass die Unter\u00adneh\u00admens\u00adlei\u00adtung kos\u00adten\u00adfrei Feuch\u00adtig\u00adkeits\u00adcremes, Augen- und Rachen\u00adsprays f\u00fcr die betrof\u00adfe\u00adnen Mit\u00adar\u00adbei\u00adten\u00adden bereit\u00adstell\u00adte\u201c, erin\u00adnert sich Klaus Heu\u00adbach, Lei\u00adter Dienst\u00adleis\u00adter\u00adsteue\u00adrung und Zen\u00adtra\u00adle Diens\u00adte bei der BHS. In Abstim\u00admung mit dem Betriebs\u00adrat wur\u00adde ent\u00adschie\u00adden, ein Gut\u00adach\u00adten in Auf\u00adtrag zu geben, um die Kli\u00adma\u00adsi\u00adtua\u00adti\u00adon zu ana\u00adly\u00adsie\u00adren und L\u00f6sun\u00adgen auf\u00adzu\u00adzei\u00adgen. Der beauf\u00adtrag\u00adte Kli\u00adma\u00adgut\u00adach\u00adter best\u00e4\u00adtig\u00adte Luft\u00adfeuch\u00adte\u00adwer\u00adte von teil\u00adwei\u00adse weit unter 30 Pro\u00adzent rela\u00adti\u00adver Feuch\u00adte und emp\u00adfahl zur Gesund\u00aderhal\u00adtung der Besch\u00e4f\u00adtig\u00adten drin\u00adgend die Nach\u00adr\u00fcs\u00adtung einer Luft\u00adbe\u00adfeuch\u00adtung in der Geb\u00e4udebel\u00fcftungsanlage.<\/p>\n<h2>Befeuchtung in der Geb\u00e4udebel\u00fcftung abgelehnt<\/h2>\n<p>Die Kos\u00adten f\u00fcr den nach\u00adtr\u00e4g\u00adli\u00adchen Ein\u00adbau wur\u00adden auf rund 500.000 Euro gesch\u00e4tzt. Der Eigen\u00adt\u00fc\u00admer der Immo\u00adbi\u00adlie lehn\u00adte die\u00adse Inves\u00adti\u00adti\u00adon ab, da BHS und BHI nur Teil\u00adfl\u00e4\u00adchen des Geb\u00e4u\u00addes nut\u00adzen. \u201eIn Eigen\u00adre\u00adgie such\u00adten wir dar\u00adauf\u00adhin nach dezen\u00adtra\u00adlen L\u00f6sun\u00adgen und zogen mobi\u00adle Ver\u00adduns\u00adter-Ger\u00e4\u00adte und eine Direkt-Raum\u00adluft\u00adbe\u00adfeuch\u00adtung mit Hoch\u00addruck\u00add\u00fc\u00adsen in den Kreis der m\u00f6g\u00adli\u00adchen L\u00f6sun\u00adgen\u201c, fasst Klaus Heu\u00adbach das Ergeb\u00adnis der eige\u00adnen Recher\u00adchen zusammen.<\/p>\n<p>Bei der Bewer\u00adtung der alter\u00adna\u00adti\u00adven Befeuch\u00adtungs\u00adl\u00f6\u00adsun\u00adgen wur\u00adde BHS vom Faci\u00adli\u00adty Manage\u00adment Dienst\u00adleis\u00adter Wisag unter\u00adst\u00fctzt. Gegen die Befeuch\u00adtung mit mobi\u00adlen Stand\u00adge\u00adr\u00e4\u00adten sprach der hohe Auf\u00adwand f\u00fcr die manu\u00adel\u00adle Bef\u00fcl\u00adlung und die regel\u00adm\u00e4\u00ad\u00dfi\u00adgen Rei\u00adni\u00adgun\u00adgen. Berech\u00adnun\u00adgen erga\u00adben, dass \u00fcber 100 Ein\u00adzel\u00adge\u00adr\u00e4\u00adte n\u00f6tig gewe\u00adsen w\u00e4ren, um ann\u00e4\u00adhernd die ben\u00f6\u00adtig\u00adte Feuch\u00adte\u00admen\u00adge in die Fl\u00e4\u00adche zu brin\u00adgen. Zus\u00e4tz\u00adlich wur\u00adde der hygie\u00adni\u00adsche Betrieb der Ver\u00adduns\u00adter kri\u00adtisch beurteilt.<\/p>\n<figure id=\"attachment_1178\" aria-describedby=\"caption-attachment-1178\" style=\"width: 600px\" class=\"wp-caption aligncenter\"><img loading=\"lazy\" decoding=\"async\" class=\"wp-image-1178 ml-lightbox-enabled\" src=\"https:\/\/office-roxx.de\/primabueroklima\/wp-content\/uploads\/2021\/12\/cs-2018-19-4-BHS.jpg\" alt=\"Digitale Steuerger\u00e4te regeln die Luftfeuchte auf mindestens 40 Prozent. Abbildung: Condair Systems\" width=\"600\" height=\"400\" srcset=\"https:\/\/office-roxx.de\/primabueroklima\/wp-content\/uploads\/2021\/12\/cs-2018-19-4-BHS.jpg 1000w, https:\/\/office-roxx.de\/primabueroklima\/wp-content\/uploads\/2021\/12\/cs-2018-19-4-BHS-300x200.jpg 300w, https:\/\/office-roxx.de\/primabueroklima\/wp-content\/uploads\/2021\/12\/cs-2018-19-4-BHS-768x511.jpg 768w\" sizes=\"auto, (max-width: 600px) 100vw, 600px\"><figcaption id=\"caption-attachment-1178\" class=\"wp-caption-text\">Digi\u00adta\u00adle Steu\u00ader\u00adge\u00adr\u00e4\u00adte regeln die Luft\u00adfeuch\u00adte auf min\u00addes\u00adtens 40 Pro\u00adzent. Abbil\u00addung: Cond\u00adair Systems<\/figcaption><\/figure>\n<p>Die Recher\u00adche nach D\u00fcsen\u00adsys\u00adtem-Anbie\u00adtern f\u00fchr\u00adte Klaus Heu\u00adbach zum Her\u00adstel\u00adler <a href=\"https:\/\/www.condair-systems.de\/\" target=\"_blank\" rel=\"noopener\">Cond\u00adair Sys\u00adtems<\/a> und dem Draa\u00adbe-Luft\u00adbe\u00adfeuch\u00adtungs\u00adsys\u00adtem: \u201eWir such\u00adten ein Luft\u00adbe\u00adfeuch\u00adtungs\u00adsys\u00adtem, das hohe Hygie\u00adne\u00adstan\u00addards und Betriebs\u00adsi\u00adcher\u00adheit garan\u00adtie\u00adren kann. Da das Draa\u00adbe-Sys\u00adtem sowohl das Zer\u00adti\u00adfi\u00adkat \u201aOpti\u00admier\u00adte Luft\u00adbe\u00adfeuch\u00adtung\u2018 der Deut\u00adschen Gesetz\u00adli\u00adchen Unfall\u00adver\u00adsi\u00adche\u00adrung (DGUV) als auch die M\u00f6g\u00adlich\u00adkeit einer j\u00e4hr\u00adli\u00adchen VDI-Zer\u00adti\u00adfi\u00adzie\u00adrung nach\u00adwei\u00adsen konn\u00adte, waren wir sicher, ein geeig\u00adne\u00adtes Sys\u00adtem gefun\u00adden zu haben. Abschlie\u00ad\u00dfend \u00fcber\u00adzeu\u00adgen konn\u00adten uns schlie\u00df\u00adlich Besu\u00adche bei einem Tou\u00adris\u00adtik\u00adun\u00adter\u00adneh\u00admen und einer Spar\u00adkas\u00adse, die das Draa\u00adbe-Luft\u00adbe\u00adfeuch\u00adtungs\u00adsys\u00adtem bereits seit Jah\u00adren erfolg\u00adreich f\u00fcr ihre Mit\u00adar\u00adbei\u00adten\u00adden einsetzten.\u201c<\/p>\n<h2>Mikrofeiner Spr\u00fchnebel im&nbsp;Raum<\/h2>\n<p>Seit Som\u00admer 2017 sind in Bad Vil\u00adbel 110 Direkt-Raum\u00adluft\u00adbe\u00adfeuch\u00adter vom Typ Nano\u00adFog im Ein\u00adsatz, die ganz\u00adj\u00e4h\u00adrig&nbsp; eine opti\u00adma\u00adle rela\u00adti\u00adve Luft\u00adfeuch\u00adte von 40 Pro\u00adzent sichern. \u201eDurch die fle\u00adxi\u00adblen Ein\u00adbau\u00adm\u00f6g\u00adlich\u00adkei\u00adten des Sys\u00adtems konn\u00adten die Luft\u00adbe\u00adfeuch\u00adter aus\u00adschlie\u00df\u00adlich in den von der BHI und BHS genutz\u00adten Miet\u00adfl\u00e4\u00adchen des drit\u00adten und vier\u00adten Stock\u00adwer\u00adkes ein\u00adge\u00adsetzt wer\u00adden\u201c, erl\u00e4u\u00adtert Mat\u00adthi\u00adas Tiet\u00adgen, Fach\u00adbe\u00adra\u00adter bei der Cond\u00adair Sys\u00adtems, einen Vor\u00adteil im Ver\u00adgleich zur Zen\u00adtral\u00adbe\u00adfeuch\u00adtung. Befeuch\u00adtet wer\u00adden sowohl Open-Space-B\u00fcro\u00adfl\u00e4\u00adchen, Flu\u00adre als auch aus\u00adge\u00adw\u00e4hl\u00adte Einzelb\u00fcros.<\/p>\n<figure id=\"attachment_1179\" aria-describedby=\"caption-attachment-1179\" style=\"width: 400px\" class=\"wp-caption aligncenter\"><img loading=\"lazy\" decoding=\"async\" class=\"wp-image-1179 ml-lightbox-enabled\" src=\"https:\/\/office-roxx.de\/primabueroklima\/wp-content\/uploads\/2021\/12\/cs-2018-19-6-BHS.jpg\" alt=\"Eine ganzj\u00e4hrig optimale Luftfeuchte sch\u00fctzt die Gesundheit der Mitarbeiter bei der BHS. Abbildung: Condair Systems\" width=\"400\" height=\"600\" srcset=\"https:\/\/office-roxx.de\/primabueroklima\/wp-content\/uploads\/2021\/12\/cs-2018-19-6-BHS.jpg 666w, https:\/\/office-roxx.de\/primabueroklima\/wp-content\/uploads\/2021\/12\/cs-2018-19-6-BHS-200x300.jpg 200w\" sizes=\"auto, (max-width: 400px) 100vw, 400px\"><figcaption id=\"caption-attachment-1179\" class=\"wp-caption-text\">Eine ganz\u00adj\u00e4h\u00adrig opti\u00adma\u00adle Luft\u00adfeuch\u00adte sch\u00fctzt die Gesund\u00adheit der Mit\u00adar\u00adbei\u00adter bei der BHS. Abbil\u00addung: Cond\u00adair Systems<\/figcaption><\/figure>\n<p>Das <a href=\"https:\/\/www.condair-systems.de\/luftbefeuchtung\/hochdruck-duesen-systeme\/nanofog\" target=\"_blank\" rel=\"noopener\">Nano\u00adFog-Sys\u00adtem<\/a> besteht aus klei\u00adnen an den Decken und W\u00e4n\u00adden mon\u00adtier\u00adten Ein\u00adzel\u00adge\u00adr\u00e4\u00adten, die bei Bedarf einen fei\u00adnen Spr\u00fch\u00adne\u00adbel mit einer Aero\u00adsol\u00adgr\u00f6\u00ad\u00dfe von weni\u00adger als 15 Mikro\u00adme\u00adter (\u00b5m) \u2013 ein \u00b5m ent\u00adspricht einem Tau\u00adsends\u00adtel Mil\u00adli\u00adme\u00adter \u2013 gleich\u00adm\u00e4\u00ad\u00dfig an die Raum\u00adluft abge\u00adben. Gere\u00adgelt wird die Luft\u00adfeuch\u00adte durch 27 Digi\u00adtal-Steu\u00ader\u00adge\u00adr\u00e4\u00adte, die die Luft\u00adbe\u00adfeuch\u00adter in den defi\u00adnier\u00adten Zonen bei Unter\u00adschrei\u00adten der Soll\u00adwer\u00adte akti\u00advie\u00adren. Ver\u00adbun\u00adden sind die Luft\u00adbe\u00adfeuch\u00adter mit zwei Was\u00adser\u00adauf\u00adbe\u00adrei\u00adtungs\u00adan\u00adla\u00adgen, die zen\u00adtral in Funk\u00adti\u00adons\u00adr\u00e4u\u00admen instal\u00adliert sind. Bevor das Was\u00adser f\u00fcr die Luft\u00adbe\u00adfeuch\u00adtung ein\u00adge\u00adsetzt wird, muss es eine mehr\u00adstu\u00adfi\u00adge Fil\u00adte\u00adrung, Demi\u00adne\u00adra\u00adli\u00adsie\u00adrung und Ent\u00adkei\u00admung durch\u00adlau\u00adfen. Auto\u00adma\u00adti\u00adsche Sp\u00fcl- und Hygie\u00adne\u00adfunk\u00adtio\u00adnen ver\u00adhin\u00addern dabei, dass bei\u00adspiels\u00adwei\u00adse ste\u00adhen\u00addes Was\u00adser in den Lei\u00adtun\u00adgen bei nicht akti\u00adver Luft\u00adbe\u00adfeuch\u00adtung verkeimt.<\/p>\n<h2>Keine Beschwerden mehr<\/h2>\n<p>Die zen\u00adtra\u00adlen Kom\u00adpo\u00adnen\u00adten der Was\u00adser\u00adauf\u00adbe\u00adrei\u00adtung sind in trans\u00adpor\u00adta\u00adble Con\u00adtai\u00adner ein\u00adge\u00adbaut, die zur War\u00adtung und Rei\u00adni\u00adgung halb\u00adj\u00e4hr\u00adlich mit weni\u00adgen Hand\u00adgrif\u00adfen aus\u00adge\u00adtauscht wer\u00adden. Ein\u00admal j\u00e4hr\u00adlich wird das Luft\u00adbe\u00adfeuch\u00adtungs\u00adsys\u00adtem dar\u00ad\u00fcber hin\u00adaus nach der VDI Richt\u00adli\u00adnie 6022 Blatt 6 im lau\u00adfen\u00adden Betrieb zertifiziert.<\/p>\n<p>\u201eMit der War\u00adtung haben wir \u00fcber\u00adhaupt kei\u00adne Arbeit. Alle sechs Mona\u00adte koor\u00addi\u00adniert die Wisag f\u00fcr uns den Aus\u00adtausch der Con\u00adtai\u00adner. Die Anla\u00adge ist dadurch immer auf dem neu\u00ades\u00adten Stand und sicher. Die VDI-Zer\u00adti\u00adfi\u00adzie\u00adrung gibt uns die Garan\u00adtie, immer eine hygie\u00adnisch ein\u00adwand\u00adfreie Luft\u00adbe\u00adfeuch\u00adtung zu betrei\u00adben\u201c, best\u00e4\u00adtigt Klaus Heubach.<\/p>\n<p>F\u00fcr die Mit\u00adar\u00adbei\u00adten\u00adden hat sich das Raum\u00adkli\u00adma nach der Inbe\u00adtrieb\u00adnah\u00adme der Luft\u00adbe\u00adfeuch\u00adter sp\u00fcr\u00adbar ver\u00adbes\u00adsert. Vor allem im Win\u00adter wird die Luft jetzt als ange\u00adnehm und frisch emp\u00adfun\u00adden. Beschwer\u00adden \u00fcber zu tro\u00adcke\u00adne Luft hat Klaus Heu\u00adbach seit\u00addem nicht mehr geh\u00f6rt: \u201eMit der Wahl des Luft\u00adbe\u00adfeuch\u00adtungs\u00adsys\u00adtems haben wir die rich\u00adti\u00adge Ent\u00adschei\u00addung getrof\u00adfen. Es ist ide\u00adal f\u00fcr die pro\u00adfes\u00adsio\u00adnel\u00adle Nach\u00adr\u00fcs\u00adtung geeig\u00adnet und f\u00fcr unse\u00adre Anwen\u00addung sehr empfehlenswert.\u201c<\/p>\n","protected":false},"excerpt":{"rendered":"<p>Die Bad Hom\u00adbur\u00adger Inkas\u00adso und die BHS Bad Hom\u00adbur\u00adger Ser\u00advice\u00adge\u00adsell\u00adschaft haben nach M\u00f6g\u00adlich\u00adkei\u00adten einer nach\u00adtr\u00e4g\u00adli\u00adchen Luft\u00adbe\u00adfeuch\u00adtung gesucht. Als Alter\u00adna\u00adti\u00adve zur Befeuch\u00adtung per raum\u00adluft\u00adtech\u00adni\u00adscher Anla\u00adge erf\u00fcll\u00adte eine Direkt-Raum\u00ad\u00ad\u00adluft\u00ad\u00adbe\u00ad\u00adfeuch\u00ad\u00adtung alle Anfor\u00adde\u00adrun\u00adgen an Hygie\u00adne und Betriebssicherheit.<\/p>\n","protected":false},"author":1,"featured_media":1177,"comment_status":"closed","ping_status":"closed","sticky":false,"template":"","format":"standard","meta":{"wp_typography_post_enhancements_disabled":false,"footnotes":""},"categories":[1],"tags":[2],"class_list":["post-726","post","type-post","status-publish","format-standard","has-post-thumbnail","hentry","category-allgemein","tag-luftbefeuchtung"],"yoast_head":"<!-- This site is optimized with the Yoast SEO plugin v27.3 - https:\/\/yoast.com\/product\/yoast-seo-wordpress\/ -->\n<title>Aus der Praxis: BHS erf\u00fcllt Forderungen an ein gesundes Raumklima - PRIMAB\u00dcROKLIMA<\/title>\n<meta name=\"description\" content=\"Condair installierte bei der Bad Homburger Inkasso und die BHS Bad Homburger Servicegesellschaft eine nachtr\u00e4gliche Luftbefeuchtung.\" \/>\n<meta name=\"robots\" content=\"index, follow, max-snippet:-1, max-image-preview:large, max-video-preview:-1\" \/>\n<link rel=\"canonical\" href=\"https:\/\/office-roxx.de\/primabueroklima\/aus-der-praxis-bhs-erfuellt-forderungen-an-ein-gesundes-raumklima\/\" \/>\n<meta property=\"og:locale\" content=\"de_DE\" \/>\n<meta property=\"og:type\" content=\"article\" \/>\n<meta property=\"og:title\" content=\"Aus der Praxis: BHS erf\u00fcllt Forderungen an ein gesundes Raumklima - PRIMAB\u00dcROKLIMA\" \/>\n<meta property=\"og:description\" content=\"Condair installierte bei der Bad Homburger Inkasso und die BHS Bad Homburger Servicegesellschaft eine nachtr\u00e4gliche Luftbefeuchtung.\" \/>\n<meta property=\"og:url\" content=\"https:\/\/office-roxx.de\/primabueroklima\/aus-der-praxis-bhs-erfuellt-forderungen-an-ein-gesundes-raumklima\/\" \/>\n<meta property=\"og:site_name\" content=\"PRIMAB\u00dcROKLIMA\" \/>\n<meta property=\"article:published_time\" content=\"2022-01-10T06:30:00+00:00\" \/>\n<meta property=\"article:modified_time\" content=\"2022-01-10T08:06:21+00:00\" \/>\n<meta property=\"og:image\" content=\"http:\/\/h3068839.stratoserver.net\/office-roxx\/primabueroklima\/wp-content\/uploads\/2021\/12\/cs-2018-19-3-BHS.jpg\" \/>\n\t<meta property=\"og:image:width\" content=\"1000\" \/>\n\t<meta property=\"og:image:height\" content=\"666\" \/>\n\t<meta property=\"og:image:type\" content=\"image\/jpeg\" \/>\n<meta name=\"author\" content=\"Team-PBK\" \/>\n<meta name=\"twitter:card\" content=\"summary_large_image\" \/>\n<meta name=\"twitter:label1\" content=\"Verfasst von\" \/>\n\t<meta name=\"twitter:data1\" content=\"Team-PBK\" \/>\n\t<meta name=\"twitter:label2\" content=\"Gesch\u00e4tzte Lesezeit\" \/>\n\t<meta name=\"twitter:data2\" content=\"5\u00a0Minuten\" \/>\n<script type=\"application\/ld+json\" class=\"yoast-schema-graph\">{\"@context\":\"https:\\\/\\\/schema.org\",\"@graph\":[{\"@type\":\"Article\",\"@id\":\"https:\\\/\\\/office-roxx.de\\\/primabueroklima\\\/aus-der-praxis-bhs-erfuellt-forderungen-an-ein-gesundes-raumklima\\\/#article\",\"isPartOf\":{\"@id\":\"https:\\\/\\\/office-roxx.de\\\/primabueroklima\\\/aus-der-praxis-bhs-erfuellt-forderungen-an-ein-gesundes-raumklima\\\/\"},\"author\":{\"name\":\"Team-PBK\",\"@id\":\"https:\\\/\\\/office-roxx.de\\\/primabueroklima\\\/#\\\/schema\\\/person\\\/aaff4d37a59d78dad48543c1cf5d7b0e\"},\"headline\":\"Aus der Praxis: BHS erf\u00fcllt Forderungen an ein gesundes Raumklima\",\"datePublished\":\"2022-01-10T06:30:00+00:00\",\"dateModified\":\"2022-01-10T08:06:21+00:00\",\"mainEntityOfPage\":{\"@id\":\"https:\\\/\\\/office-roxx.de\\\/primabueroklima\\\/aus-der-praxis-bhs-erfuellt-forderungen-an-ein-gesundes-raumklima\\\/\"},\"wordCount\":906,\"publisher\":{\"@id\":\"https:\\\/\\\/office-roxx.de\\\/primabueroklima\\\/#organization\"},\"image\":{\"@id\":\"https:\\\/\\\/office-roxx.de\\\/primabueroklima\\\/aus-der-praxis-bhs-erfuellt-forderungen-an-ein-gesundes-raumklima\\\/#primaryimage\"},\"thumbnailUrl\":\"https:\\\/\\\/office-roxx.de\\\/primabueroklima\\\/wp-content\\\/uploads\\\/2021\\\/12\\\/cs-2018-19-3-BHS.jpg\",\"keywords\":[\"Luftbefeuchtung\"],\"inLanguage\":\"de\"},{\"@type\":\"WebPage\",\"@id\":\"https:\\\/\\\/office-roxx.de\\\/primabueroklima\\\/aus-der-praxis-bhs-erfuellt-forderungen-an-ein-gesundes-raumklima\\\/\",\"url\":\"https:\\\/\\\/office-roxx.de\\\/primabueroklima\\\/aus-der-praxis-bhs-erfuellt-forderungen-an-ein-gesundes-raumklima\\\/\",\"name\":\"Aus der Praxis: BHS erf\u00fcllt Forderungen an ein gesundes Raumklima - PRIMAB\u00dcROKLIMA\",\"isPartOf\":{\"@id\":\"https:\\\/\\\/office-roxx.de\\\/primabueroklima\\\/#website\"},\"primaryImageOfPage\":{\"@id\":\"https:\\\/\\\/office-roxx.de\\\/primabueroklima\\\/aus-der-praxis-bhs-erfuellt-forderungen-an-ein-gesundes-raumklima\\\/#primaryimage\"},\"image\":{\"@id\":\"https:\\\/\\\/office-roxx.de\\\/primabueroklima\\\/aus-der-praxis-bhs-erfuellt-forderungen-an-ein-gesundes-raumklima\\\/#primaryimage\"},\"thumbnailUrl\":\"https:\\\/\\\/office-roxx.de\\\/primabueroklima\\\/wp-content\\\/uploads\\\/2021\\\/12\\\/cs-2018-19-3-BHS.jpg\",\"datePublished\":\"2022-01-10T06:30:00+00:00\",\"dateModified\":\"2022-01-10T08:06:21+00:00\",\"description\":\"Condair installierte bei der Bad Homburger Inkasso und die BHS Bad Homburger Servicegesellschaft eine nachtr\u00e4gliche Luftbefeuchtung.\",\"breadcrumb\":{\"@id\":\"https:\\\/\\\/office-roxx.de\\\/primabueroklima\\\/aus-der-praxis-bhs-erfuellt-forderungen-an-ein-gesundes-raumklima\\\/#breadcrumb\"},\"inLanguage\":\"de\",\"potentialAction\":[{\"@type\":\"ReadAction\",\"target\":[\"https:\\\/\\\/office-roxx.de\\\/primabueroklima\\\/aus-der-praxis-bhs-erfuellt-forderungen-an-ein-gesundes-raumklima\\\/\"]}]},{\"@type\":\"ImageObject\",\"inLanguage\":\"de\",\"@id\":\"https:\\\/\\\/office-roxx.de\\\/primabueroklima\\\/aus-der-praxis-bhs-erfuellt-forderungen-an-ein-gesundes-raumklima\\\/#primaryimage\",\"url\":\"https:\\\/\\\/office-roxx.de\\\/primabueroklima\\\/wp-content\\\/uploads\\\/2021\\\/12\\\/cs-2018-19-3-BHS.jpg\",\"contentUrl\":\"https:\\\/\\\/office-roxx.de\\\/primabueroklima\\\/wp-content\\\/uploads\\\/2021\\\/12\\\/cs-2018-19-3-BHS.jpg\",\"width\":1000,\"height\":666,\"caption\":\"Optimale Luftfeuchte bei der BHS im Open-Space B\u00fcro. Abbildung: Condair Systems\"},{\"@type\":\"BreadcrumbList\",\"@id\":\"https:\\\/\\\/office-roxx.de\\\/primabueroklima\\\/aus-der-praxis-bhs-erfuellt-forderungen-an-ein-gesundes-raumklima\\\/#breadcrumb\",\"itemListElement\":[{\"@type\":\"ListItem\",\"position\":1,\"name\":\"Startseite\",\"item\":\"https:\\\/\\\/office-roxx.de\\\/primabueroklima\\\/\"},{\"@type\":\"ListItem\",\"position\":2,\"name\":\"Aus der Praxis: BHS erf\u00fcllt Forderungen an ein gesundes Raumklima\"}]},{\"@type\":\"WebSite\",\"@id\":\"https:\\\/\\\/office-roxx.de\\\/primabueroklima\\\/#website\",\"url\":\"https:\\\/\\\/office-roxx.de\\\/primabueroklima\\\/\",\"name\":\"PRIMAB\u00dcROKLIMA\",\"description\":\"F\u00fcr eine bessere Luftqualit\u00e4t in Office-Umgebungen\",\"publisher\":{\"@id\":\"https:\\\/\\\/office-roxx.de\\\/primabueroklima\\\/#organization\"},\"potentialAction\":[{\"@type\":\"SearchAction\",\"target\":{\"@type\":\"EntryPoint\",\"urlTemplate\":\"https:\\\/\\\/office-roxx.de\\\/primabueroklima\\\/?s={search_term_string}\"},\"query-input\":{\"@type\":\"PropertyValueSpecification\",\"valueRequired\":true,\"valueName\":\"search_term_string\"}}],\"inLanguage\":\"de\"},{\"@type\":\"Organization\",\"@id\":\"https:\\\/\\\/office-roxx.de\\\/primabueroklima\\\/#organization\",\"name\":\"PRIMAB\u00dcROKLIMA\",\"url\":\"https:\\\/\\\/office-roxx.de\\\/primabueroklima\\\/\",\"logo\":{\"@type\":\"ImageObject\",\"inLanguage\":\"de\",\"@id\":\"https:\\\/\\\/office-roxx.de\\\/primabueroklima\\\/#\\\/schema\\\/logo\\\/image\\\/\",\"url\":\"https:\\\/\\\/office-roxx.de\\\/primabueroklima\\\/wp-content\\\/uploads\\\/2020\\\/09\\\/Prima-Klima-Logo_Farbe_beschn.jpg\",\"contentUrl\":\"https:\\\/\\\/office-roxx.de\\\/primabueroklima\\\/wp-content\\\/uploads\\\/2020\\\/09\\\/Prima-Klima-Logo_Farbe_beschn.jpg\",\"width\":1000,\"height\":675,\"caption\":\"PRIMAB\u00dcROKLIMA\"},\"image\":{\"@id\":\"https:\\\/\\\/office-roxx.de\\\/primabueroklima\\\/#\\\/schema\\\/logo\\\/image\\\/\"}},{\"@type\":\"Person\",\"@id\":\"https:\\\/\\\/office-roxx.de\\\/primabueroklima\\\/#\\\/schema\\\/person\\\/aaff4d37a59d78dad48543c1cf5d7b0e\",\"name\":\"Team-PBK\",\"image\":{\"@type\":\"ImageObject\",\"inLanguage\":\"de\",\"@id\":\"https:\\\/\\\/secure.gravatar.com\\\/avatar\\\/e7f38084968dcbb88b923f48395eb5ec7c3ad3102c6db95eccceb504d4317f39?s=96&d=mm&r=g\",\"url\":\"https:\\\/\\\/secure.gravatar.com\\\/avatar\\\/e7f38084968dcbb88b923f48395eb5ec7c3ad3102c6db95eccceb504d4317f39?s=96&d=mm&r=g\",\"contentUrl\":\"https:\\\/\\\/secure.gravatar.com\\\/avatar\\\/e7f38084968dcbb88b923f48395eb5ec7c3ad3102c6db95eccceb504d4317f39?s=96&d=mm&r=g\",\"caption\":\"Team-PBK\"},\"sameAs\":[\"https:\\\/\\\/office-roxx.de\\\/primabueroklima\"],\"url\":\"https:\\\/\\\/office-roxx.de\\\/primabueroklima\\\/author\\\/team-pbk\\\/\"}]}<\/script>\n<!-- \/ Yoast SEO plugin. -->","yoast_head_json":{"title":"Aus der Praxis: BHS erf\u00fcllt Forderungen an ein gesundes Raumklima - PRIMAB\u00dcROKLIMA","description":"Condair installierte bei der Bad Homburger Inkasso und die BHS Bad Homburger Servicegesellschaft eine nachtr\u00e4gliche Luftbefeuchtung.","robots":{"index":"index","follow":"follow","max-snippet":"max-snippet:-1","max-image-preview":"max-image-preview:large","max-video-preview":"max-video-preview:-1"},"canonical":"https:\/\/office-roxx.de\/primabueroklima\/aus-der-praxis-bhs-erfuellt-forderungen-an-ein-gesundes-raumklima\/","og_locale":"de_DE","og_type":"article","og_title":"Aus der Praxis: BHS erf\u00fcllt Forderungen an ein gesundes Raumklima - PRIMAB\u00dcROKLIMA","og_description":"Condair installierte bei der Bad Homburger Inkasso und die BHS Bad Homburger Servicegesellschaft eine nachtr\u00e4gliche Luftbefeuchtung.","og_url":"https:\/\/office-roxx.de\/primabueroklima\/aus-der-praxis-bhs-erfuellt-forderungen-an-ein-gesundes-raumklima\/","og_site_name":"PRIMAB\u00dcROKLIMA","article_published_time":"2022-01-10T06:30:00+00:00","article_modified_time":"2022-01-10T08:06:21+00:00","og_image":[{"width":1000,"height":666,"url":"http:\/\/h3068839.stratoserver.net\/office-roxx\/primabueroklima\/wp-content\/uploads\/2021\/12\/cs-2018-19-3-BHS.jpg","type":"image\/jpeg"}],"author":"Team-PBK","twitter_card":"summary_large_image","twitter_misc":{"Verfasst von":"Team-PBK","Gesch\u00e4tzte Lesezeit":"5\u00a0Minuten"},"schema":{"@context":"https:\/\/schema.org","@graph":[{"@type":"Article","@id":"https:\/\/office-roxx.de\/primabueroklima\/aus-der-praxis-bhs-erfuellt-forderungen-an-ein-gesundes-raumklima\/#article","isPartOf":{"@id":"https:\/\/office-roxx.de\/primabueroklima\/aus-der-praxis-bhs-erfuellt-forderungen-an-ein-gesundes-raumklima\/"},"author":{"name":"Team-PBK","@id":"https:\/\/office-roxx.de\/primabueroklima\/#\/schema\/person\/aaff4d37a59d78dad48543c1cf5d7b0e"},"headline":"Aus der Praxis: BHS erf\u00fcllt Forderungen an ein gesundes Raumklima","datePublished":"2022-01-10T06:30:00+00:00","dateModified":"2022-01-10T08:06:21+00:00","mainEntityOfPage":{"@id":"https:\/\/office-roxx.de\/primabueroklima\/aus-der-praxis-bhs-erfuellt-forderungen-an-ein-gesundes-raumklima\/"},"wordCount":906,"publisher":{"@id":"https:\/\/office-roxx.de\/primabueroklima\/#organization"},"image":{"@id":"https:\/\/office-roxx.de\/primabueroklima\/aus-der-praxis-bhs-erfuellt-forderungen-an-ein-gesundes-raumklima\/#primaryimage"},"thumbnailUrl":"https:\/\/office-roxx.de\/primabueroklima\/wp-content\/uploads\/2021\/12\/cs-2018-19-3-BHS.jpg","keywords":["Luftbefeuchtung"],"inLanguage":"de"},{"@type":"WebPage","@id":"https:\/\/office-roxx.de\/primabueroklima\/aus-der-praxis-bhs-erfuellt-forderungen-an-ein-gesundes-raumklima\/","url":"https:\/\/office-roxx.de\/primabueroklima\/aus-der-praxis-bhs-erfuellt-forderungen-an-ein-gesundes-raumklima\/","name":"Aus der Praxis: BHS erf\u00fcllt Forderungen an ein gesundes Raumklima - PRIMAB\u00dcROKLIMA","isPartOf":{"@id":"https:\/\/office-roxx.de\/primabueroklima\/#website"},"primaryImageOfPage":{"@id":"https:\/\/office-roxx.de\/primabueroklima\/aus-der-praxis-bhs-erfuellt-forderungen-an-ein-gesundes-raumklima\/#primaryimage"},"image":{"@id":"https:\/\/office-roxx.de\/primabueroklima\/aus-der-praxis-bhs-erfuellt-forderungen-an-ein-gesundes-raumklima\/#primaryimage"},"thumbnailUrl":"https:\/\/office-roxx.de\/primabueroklima\/wp-content\/uploads\/2021\/12\/cs-2018-19-3-BHS.jpg","datePublished":"2022-01-10T06:30:00+00:00","dateModified":"2022-01-10T08:06:21+00:00","description":"Condair installierte bei der Bad Homburger Inkasso und die BHS Bad Homburger Servicegesellschaft eine nachtr\u00e4gliche Luftbefeuchtung.","breadcrumb":{"@id":"https:\/\/office-roxx.de\/primabueroklima\/aus-der-praxis-bhs-erfuellt-forderungen-an-ein-gesundes-raumklima\/#breadcrumb"},"inLanguage":"de","potentialAction":[{"@type":"ReadAction","target":["https:\/\/office-roxx.de\/primabueroklima\/aus-der-praxis-bhs-erfuellt-forderungen-an-ein-gesundes-raumklima\/"]}]},{"@type":"ImageObject","inLanguage":"de","@id":"https:\/\/office-roxx.de\/primabueroklima\/aus-der-praxis-bhs-erfuellt-forderungen-an-ein-gesundes-raumklima\/#primaryimage","url":"https:\/\/office-roxx.de\/primabueroklima\/wp-content\/uploads\/2021\/12\/cs-2018-19-3-BHS.jpg","contentUrl":"https:\/\/office-roxx.de\/primabueroklima\/wp-content\/uploads\/2021\/12\/cs-2018-19-3-BHS.jpg","width":1000,"height":666,"caption":"Optimale Luftfeuchte bei der BHS im Open-Space B\u00fcro. Abbildung: Condair Systems"},{"@type":"BreadcrumbList","@id":"https:\/\/office-roxx.de\/primabueroklima\/aus-der-praxis-bhs-erfuellt-forderungen-an-ein-gesundes-raumklima\/#breadcrumb","itemListElement":[{"@type":"ListItem","position":1,"name":"Startseite","item":"https:\/\/office-roxx.de\/primabueroklima\/"},{"@type":"ListItem","position":2,"name":"Aus der Praxis: BHS erf\u00fcllt Forderungen an ein gesundes Raumklima"}]},{"@type":"WebSite","@id":"https:\/\/office-roxx.de\/primabueroklima\/#website","url":"https:\/\/office-roxx.de\/primabueroklima\/","name":"PRIMAB\u00dcROKLIMA","description":"F\u00fcr eine bessere Luftqualit\u00e4t in Office-Umgebungen","publisher":{"@id":"https:\/\/office-roxx.de\/primabueroklima\/#organization"},"potentialAction":[{"@type":"SearchAction","target":{"@type":"EntryPoint","urlTemplate":"https:\/\/office-roxx.de\/primabueroklima\/?s={search_term_string}"},"query-input":{"@type":"PropertyValueSpecification","valueRequired":true,"valueName":"search_term_string"}}],"inLanguage":"de"},{"@type":"Organization","@id":"https:\/\/office-roxx.de\/primabueroklima\/#organization","name":"PRIMAB\u00dcROKLIMA","url":"https:\/\/office-roxx.de\/primabueroklima\/","logo":{"@type":"ImageObject","inLanguage":"de","@id":"https:\/\/office-roxx.de\/primabueroklima\/#\/schema\/logo\/image\/","url":"https:\/\/office-roxx.de\/primabueroklima\/wp-content\/uploads\/2020\/09\/Prima-Klima-Logo_Farbe_beschn.jpg","contentUrl":"https:\/\/office-roxx.de\/primabueroklima\/wp-content\/uploads\/2020\/09\/Prima-Klima-Logo_Farbe_beschn.jpg","width":1000,"height":675,"caption":"PRIMAB\u00dcROKLIMA"},"image":{"@id":"https:\/\/office-roxx.de\/primabueroklima\/#\/schema\/logo\/image\/"}},{"@type":"Person","@id":"https:\/\/office-roxx.de\/primabueroklima\/#\/schema\/person\/aaff4d37a59d78dad48543c1cf5d7b0e","name":"Team-PBK","image":{"@type":"ImageObject","inLanguage":"de","@id":"https:\/\/secure.gravatar.com\/avatar\/e7f38084968dcbb88b923f48395eb5ec7c3ad3102c6db95eccceb504d4317f39?s=96&d=mm&r=g","url":"https:\/\/secure.gravatar.com\/avatar\/e7f38084968dcbb88b923f48395eb5ec7c3ad3102c6db95eccceb504d4317f39?s=96&d=mm&r=g","contentUrl":"https:\/\/secure.gravatar.com\/avatar\/e7f38084968dcbb88b923f48395eb5ec7c3ad3102c6db95eccceb504d4317f39?s=96&d=mm&r=g","caption":"Team-PBK"},"sameAs":["https:\/\/office-roxx.de\/primabueroklima"],"url":"https:\/\/office-roxx.de\/primabueroklima\/author\/team-pbk\/"}]}},"_links":{"self":[{"href":"https:\/\/office-roxx.de\/primabueroklima\/wp-json\/wp\/v2\/posts\/726","targetHints":{"allow":["GET"]}}],"collection":[{"href":"https:\/\/office-roxx.de\/primabueroklima\/wp-json\/wp\/v2\/posts"}],"about":[{"href":"https:\/\/office-roxx.de\/primabueroklima\/wp-json\/wp\/v2\/types\/post"}],"author":[{"embeddable":true,"href":"https:\/\/office-roxx.de\/primabueroklima\/wp-json\/wp\/v2\/users\/1"}],"replies":[{"embeddable":true,"href":"https:\/\/office-roxx.de\/primabueroklima\/wp-json\/wp\/v2\/comments?post=726"}],"version-history":[{"count":8,"href":"https:\/\/office-roxx.de\/primabueroklima\/wp-json\/wp\/v2\/posts\/726\/revisions"}],"predecessor-version":[{"id":1221,"href":"https:\/\/office-roxx.de\/primabueroklima\/wp-json\/wp\/v2\/posts\/726\/revisions\/1221"}],"wp:featuredmedia":[{"embeddable":true,"href":"https:\/\/office-roxx.de\/primabueroklima\/wp-json\/wp\/v2\/media\/1177"}],"wp:attachment":[{"href":"https:\/\/office-roxx.de\/primabueroklima\/wp-json\/wp\/v2\/media?parent=726"}],"wp:term":[{"taxonomy":"category","embeddable":true,"href":"https:\/\/office-roxx.de\/primabueroklima\/wp-json\/wp\/v2\/categories?post=726"},{"taxonomy":"post_tag","embeddable":true,"href":"https:\/\/office-roxx.de\/primabueroklima\/wp-json\/wp\/v2\/tags?post=726"}],"curies":[{"name":"wp","href":"https:\/\/api.w.org\/{rel}","templated":true}]}}