{"id":592,"date":"2020-12-21T08:00:38","date_gmt":"2020-12-21T07:00:38","guid":{"rendered":"https:\/\/office-roxx.de\/primabueroklima\/?p=592"},"modified":"2020-12-21T09:38:09","modified_gmt":"2020-12-21T08:38:09","slug":"corona-ansteckungsgefahr-in-raeumen-mit-web-tool-berechnen","status":"publish","type":"post","link":"https:\/\/office-roxx.de\/primabueroklima\/corona-ansteckungsgefahr-in-raeumen-mit-web-tool-berechnen\/","title":{"rendered":"Web-Tool berechnet Corona-Ansteckungsgefahr in R\u00e4umen"},"content":{"rendered":"<p>Das poten\u00adzi\u00adel\u00adle Covid-19-Infek\u00adti\u00adons\u00adri\u00adsi\u00adko \u00fcber Aero\u00adso\u00adle in Innen\u00adr\u00e4u\u00admen l\u00e4sst sich mit\u00adhil\u00adfe eines kos\u00adten\u00adfrei\u00aden Online-Tools errech\u00adnen. Daf\u00fcr sind ledig\u00adlich Daten wie Raum\u00adgr\u00f6\u00ad\u00dfe, Anzahl und Akti\u00advi\u00adt\u00e4t der Per\u00adso\u00adnen und Qua\u00adli\u00adt\u00e4t der L\u00fcf\u00adtung erfor\u00adder\u00adlich, wie die Tech\u00adni\u00adsche Uni\u00adver\u00adsi\u00adt\u00e4t (TU) Ber\u00adlin mit\u00adge\u00adteilt&nbsp;hat.<\/p>\n<p><!--more--><\/p>\n<figure id=\"attachment_594\" aria-describedby=\"caption-attachment-594\" style=\"width: 600px\" class=\"wp-caption aligncenter\"><img loading=\"lazy\" decoding=\"async\" class=\"wp-image-594 ml-lightbox-enabled\" src=\"https:\/\/office-roxx.de\/primabueroklima\/wp-content\/uploads\/2020\/12\/screenshot-hri-pira-github-io-1608288810502.png\" alt=\"COVID-19 Infektionsrisiko durch Aerosole. Abbildung TU Berlin\" width=\"600\" height=\"431\" srcset=\"https:\/\/office-roxx.de\/primabueroklima\/wp-content\/uploads\/2020\/12\/screenshot-hri-pira-github-io-1608288810502.png 1000w, https:\/\/office-roxx.de\/primabueroklima\/wp-content\/uploads\/2020\/12\/screenshot-hri-pira-github-io-1608288810502-300x216.png 300w, https:\/\/office-roxx.de\/primabueroklima\/wp-content\/uploads\/2020\/12\/screenshot-hri-pira-github-io-1608288810502-768x552.png 768w\" sizes=\"auto, (max-width: 600px) 100vw, 600px\"><figcaption id=\"caption-attachment-594\" class=\"wp-caption-text\">COVID-19 Infek\u00adti\u00adons\u00adri\u00adsi\u00adko durch Aero\u00adso\u00adle. Abbil\u00addung TU Berlin<\/figcaption><\/figure>\n<p>Mit Unter\u00adst\u00fct\u00adzung des Robert-Koch-Insti\u00adtuts, der Cha\u00adri\u00adt\u00e9-Uni\u00adver\u00adsi\u00adt\u00e4ts\u00adme\u00addi\u00adzin Ber\u00adlin und eines Ber\u00adli\u00adner Gesund\u00adheits\u00adam\u00adtes hat Prof. Dr. Mar\u00adtin Krie\u00adgel, Lei\u00adter des <a href=\"https:\/\/www.hri.tu-berlin.de\/menue\/home\/\" target=\"_blank\" rel=\"noopener noreferrer\">Her\u00admann-Riet\u00adschel-Insti\u00adtuts<\/a> der TU Ber\u00adlin (HRI), ein Berech\u00adnungs\u00admo\u00addell ent\u00adwi\u00adckelt, mit dem es m\u00f6g\u00adlich ist, ein Coro\u00adna-Infek\u00adti\u00adons\u00adri\u00adsi\u00adko vorauszuberechnen.<\/p>\n<h2>Auswertung per Diagramm<\/h2>\n<p>Gra\u00adfisch wird nach Ein\u00adga\u00adbe der Daten ange\u00adzeigt, wie vie\u00adle Men\u00adschen sich unter den aus\u00adge\u00adw\u00e4hl\u00adten Bedin\u00adgun\u00adgen m\u00f6g\u00adli\u00adcher\u00adwei\u00adse bei einem anwe\u00adsen\u00adden Infi\u00adzier\u00adten anste\u00adcken w\u00fcr\u00adden. So k\u00f6n\u00adnen L\u00fcf\u00adtungs\u00adma\u00df\u00adnah\u00admen, die Anzahl der Kon\u00adtak\u00adte und die Auf\u00adent\u00adhalts\u00addau\u00ader in R\u00e4u\u00admen hin\u00adsicht\u00adlich ihres pr\u00e4\u00adven\u00adti\u00adven Cha\u00adrak\u00adters bewer\u00adtet und ange\u00adpasst wer\u00adden. Ver\u00adf\u00fcg\u00adbar ist die Anwen\u00addung unter die\u00adsem <a href=\"https:\/\/hri-pira.github.io\" target=\"_blank\" rel=\"noopener noreferrer\">Link<\/a>.<\/p>\n<h2>Pr\u00e4ventiv handeln: regelm\u00e4\u00dfig l\u00fcften<\/h2>\n<p>Mit SARS-CoV-2 bela\u00adde\u00adne Aero\u00adso\u00adle tra\u00adgen ver\u00admut\u00adlich einen wesent\u00adli\u00adchen Teil zur Ver\u00adbrei\u00adtung der Coro\u00adna-Pan\u00adde\u00admie bei. Mit dem Zusatz L f\u00fcr L\u00fcf\u00adten zur bestehen\u00adden AHA-Regel (AHA+L) ver\u00addeut\u00adlicht das Bun\u00addes\u00admi\u00adnis\u00adte\u00adri\u00adum f\u00fcr Gesund\u00adheit, dass L\u00fcf\u00adten eine effek\u00adti\u00adve Pr\u00e4\u00adven\u00adtiv\u00adma\u00df\u00adnah\u00adme&nbsp;ist.<\/p>\n","protected":false},"excerpt":{"rendered":"<p>Das poten\u00adzi\u00adel\u00adle Covid-19-Infek\u00ad\u00adti\u00adons\u00adri\u00ad\u00adsi\u00ad\u00adko \u00fcber Aero\u00adso\u00adle in Innen\u00adr\u00e4u\u00admen l\u00e4sst sich mit\u00adhil\u00adfe eines kos\u00adten\u00adfrei\u00aden Online-Tools errech\u00adnen. Daf\u00fcr sind ledig\u00adlich Daten wie Raum\u00adgr\u00f6\u00ad\u00dfe, Anzahl und Akti\u00advi\u00adt\u00e4t der Per\u00adso\u00adnen und Qua\u00adli\u00adt\u00e4t der L\u00fcf\u00adtung erfor\u00adder\u00adlich, wie die Tech\u00adni\u00adsche Uni\u00adver\u00adsi\u00adt\u00e4t (TU) Ber\u00adlin mit\u00adge\u00adteilt&nbsp;hat.<\/p>\n","protected":false},"author":1,"featured_media":594,"comment_status":"closed","ping_status":"closed","sticky":false,"template":"","format":"standard","meta":{"wp_typography_post_enhancements_disabled":false,"footnotes":""},"categories":[1],"tags":[6],"class_list":["post-592","post","type-post","status-publish","format-standard","has-post-thumbnail","hentry","category-allgemein","tag-covid-19"],"yoast_head":"<!-- This site is optimized with the Yoast SEO plugin v27.3 - https:\/\/yoast.com\/product\/yoast-seo-wordpress\/ -->\n<title>Web-Tool berechnet Corona-Ansteckungsgefahr in R\u00e4umen - PRIMAB\u00dcROKLIMA<\/title>\n<meta name=\"description\" content=\"Das potenzielle Covid-19-Infektionsrisiko \u00fcber Aerosole in Innenr\u00e4umen l\u00e4sst sich mithilfe eines Online-Tools von der TU Berlin errechnen.\" \/>\n<meta name=\"robots\" content=\"index, follow, max-snippet:-1, max-image-preview:large, max-video-preview:-1\" \/>\n<link rel=\"canonical\" href=\"https:\/\/office-roxx.de\/primabueroklima\/corona-ansteckungsgefahr-in-raeumen-mit-web-tool-berechnen\/\" \/>\n<meta property=\"og:locale\" content=\"de_DE\" \/>\n<meta property=\"og:type\" content=\"article\" \/>\n<meta property=\"og:title\" content=\"Web-Tool berechnet Corona-Ansteckungsgefahr in R\u00e4umen - PRIMAB\u00dcROKLIMA\" \/>\n<meta property=\"og:description\" content=\"Das potenzielle Covid-19-Infektionsrisiko \u00fcber Aerosole in Innenr\u00e4umen l\u00e4sst sich mithilfe eines Online-Tools von der TU Berlin errechnen.\" \/>\n<meta property=\"og:url\" content=\"https:\/\/office-roxx.de\/primabueroklima\/corona-ansteckungsgefahr-in-raeumen-mit-web-tool-berechnen\/\" \/>\n<meta property=\"og:site_name\" content=\"PRIMAB\u00dcROKLIMA\" \/>\n<meta property=\"article:published_time\" content=\"2020-12-21T07:00:38+00:00\" \/>\n<meta property=\"article:modified_time\" content=\"2020-12-21T08:38:09+00:00\" \/>\n<meta property=\"og:image\" content=\"http:\/\/h3068839.stratoserver.net\/office-roxx\/primabueroklima\/wp-content\/uploads\/2020\/12\/screenshot-hri-pira-github-io-1608288810502.png\" \/>\n\t<meta property=\"og:image:width\" content=\"1000\" \/>\n\t<meta property=\"og:image:height\" content=\"719\" \/>\n\t<meta property=\"og:image:type\" content=\"image\/png\" \/>\n<meta name=\"author\" content=\"Team-PBK\" \/>\n<meta name=\"twitter:card\" content=\"summary_large_image\" \/>\n<meta name=\"twitter:label1\" content=\"Verfasst von\" \/>\n\t<meta name=\"twitter:data1\" content=\"Team-PBK\" \/>\n\t<meta name=\"twitter:label2\" content=\"Gesch\u00e4tzte Lesezeit\" \/>\n\t<meta name=\"twitter:data2\" content=\"1\u00a0Minute\" \/>\n<script type=\"application\/ld+json\" class=\"yoast-schema-graph\">{\"@context\":\"https:\\\/\\\/schema.org\",\"@graph\":[{\"@type\":\"Article\",\"@id\":\"https:\\\/\\\/office-roxx.de\\\/primabueroklima\\\/corona-ansteckungsgefahr-in-raeumen-mit-web-tool-berechnen\\\/#article\",\"isPartOf\":{\"@id\":\"https:\\\/\\\/office-roxx.de\\\/primabueroklima\\\/corona-ansteckungsgefahr-in-raeumen-mit-web-tool-berechnen\\\/\"},\"author\":{\"name\":\"Team-PBK\",\"@id\":\"https:\\\/\\\/office-roxx.de\\\/primabueroklima\\\/#\\\/schema\\\/person\\\/aaff4d37a59d78dad48543c1cf5d7b0e\"},\"headline\":\"Web-Tool berechnet Corona-Ansteckungsgefahr in R\u00e4umen\",\"datePublished\":\"2020-12-21T07:00:38+00:00\",\"dateModified\":\"2020-12-21T08:38:09+00:00\",\"mainEntityOfPage\":{\"@id\":\"https:\\\/\\\/office-roxx.de\\\/primabueroklima\\\/corona-ansteckungsgefahr-in-raeumen-mit-web-tool-berechnen\\\/\"},\"wordCount\":215,\"publisher\":{\"@id\":\"https:\\\/\\\/office-roxx.de\\\/primabueroklima\\\/#organization\"},\"image\":{\"@id\":\"https:\\\/\\\/office-roxx.de\\\/primabueroklima\\\/corona-ansteckungsgefahr-in-raeumen-mit-web-tool-berechnen\\\/#primaryimage\"},\"thumbnailUrl\":\"https:\\\/\\\/office-roxx.de\\\/primabueroklima\\\/wp-content\\\/uploads\\\/2020\\\/12\\\/screenshot-hri-pira-github-io-1608288810502.png\",\"keywords\":[\"Covid-19\"],\"inLanguage\":\"de\"},{\"@type\":\"WebPage\",\"@id\":\"https:\\\/\\\/office-roxx.de\\\/primabueroklima\\\/corona-ansteckungsgefahr-in-raeumen-mit-web-tool-berechnen\\\/\",\"url\":\"https:\\\/\\\/office-roxx.de\\\/primabueroklima\\\/corona-ansteckungsgefahr-in-raeumen-mit-web-tool-berechnen\\\/\",\"name\":\"Web-Tool berechnet Corona-Ansteckungsgefahr in R\u00e4umen - PRIMAB\u00dcROKLIMA\",\"isPartOf\":{\"@id\":\"https:\\\/\\\/office-roxx.de\\\/primabueroklima\\\/#website\"},\"primaryImageOfPage\":{\"@id\":\"https:\\\/\\\/office-roxx.de\\\/primabueroklima\\\/corona-ansteckungsgefahr-in-raeumen-mit-web-tool-berechnen\\\/#primaryimage\"},\"image\":{\"@id\":\"https:\\\/\\\/office-roxx.de\\\/primabueroklima\\\/corona-ansteckungsgefahr-in-raeumen-mit-web-tool-berechnen\\\/#primaryimage\"},\"thumbnailUrl\":\"https:\\\/\\\/office-roxx.de\\\/primabueroklima\\\/wp-content\\\/uploads\\\/2020\\\/12\\\/screenshot-hri-pira-github-io-1608288810502.png\",\"datePublished\":\"2020-12-21T07:00:38+00:00\",\"dateModified\":\"2020-12-21T08:38:09+00:00\",\"description\":\"Das potenzielle Covid-19-Infektionsrisiko \u00fcber Aerosole in Innenr\u00e4umen l\u00e4sst sich mithilfe eines Online-Tools von der TU Berlin errechnen.\",\"breadcrumb\":{\"@id\":\"https:\\\/\\\/office-roxx.de\\\/primabueroklima\\\/corona-ansteckungsgefahr-in-raeumen-mit-web-tool-berechnen\\\/#breadcrumb\"},\"inLanguage\":\"de\",\"potentialAction\":[{\"@type\":\"ReadAction\",\"target\":[\"https:\\\/\\\/office-roxx.de\\\/primabueroklima\\\/corona-ansteckungsgefahr-in-raeumen-mit-web-tool-berechnen\\\/\"]}]},{\"@type\":\"ImageObject\",\"inLanguage\":\"de\",\"@id\":\"https:\\\/\\\/office-roxx.de\\\/primabueroklima\\\/corona-ansteckungsgefahr-in-raeumen-mit-web-tool-berechnen\\\/#primaryimage\",\"url\":\"https:\\\/\\\/office-roxx.de\\\/primabueroklima\\\/wp-content\\\/uploads\\\/2020\\\/12\\\/screenshot-hri-pira-github-io-1608288810502.png\",\"contentUrl\":\"https:\\\/\\\/office-roxx.de\\\/primabueroklima\\\/wp-content\\\/uploads\\\/2020\\\/12\\\/screenshot-hri-pira-github-io-1608288810502.png\",\"width\":1000,\"height\":719,\"caption\":\"COVID-19 Infektionsrisiko durch Aerosole. Abbildung TU Berlin\"},{\"@type\":\"BreadcrumbList\",\"@id\":\"https:\\\/\\\/office-roxx.de\\\/primabueroklima\\\/corona-ansteckungsgefahr-in-raeumen-mit-web-tool-berechnen\\\/#breadcrumb\",\"itemListElement\":[{\"@type\":\"ListItem\",\"position\":1,\"name\":\"Startseite\",\"item\":\"https:\\\/\\\/office-roxx.de\\\/primabueroklima\\\/\"},{\"@type\":\"ListItem\",\"position\":2,\"name\":\"Web-Tool berechnet Corona-Ansteckungsgefahr in R\u00e4umen\"}]},{\"@type\":\"WebSite\",\"@id\":\"https:\\\/\\\/office-roxx.de\\\/primabueroklima\\\/#website\",\"url\":\"https:\\\/\\\/office-roxx.de\\\/primabueroklima\\\/\",\"name\":\"PRIMAB\u00dcROKLIMA\",\"description\":\"F\u00fcr eine bessere Luftqualit\u00e4t in Office-Umgebungen\",\"publisher\":{\"@id\":\"https:\\\/\\\/office-roxx.de\\\/primabueroklima\\\/#organization\"},\"potentialAction\":[{\"@type\":\"SearchAction\",\"target\":{\"@type\":\"EntryPoint\",\"urlTemplate\":\"https:\\\/\\\/office-roxx.de\\\/primabueroklima\\\/?s={search_term_string}\"},\"query-input\":{\"@type\":\"PropertyValueSpecification\",\"valueRequired\":true,\"valueName\":\"search_term_string\"}}],\"inLanguage\":\"de\"},{\"@type\":\"Organization\",\"@id\":\"https:\\\/\\\/office-roxx.de\\\/primabueroklima\\\/#organization\",\"name\":\"PRIMAB\u00dcROKLIMA\",\"url\":\"https:\\\/\\\/office-roxx.de\\\/primabueroklima\\\/\",\"logo\":{\"@type\":\"ImageObject\",\"inLanguage\":\"de\",\"@id\":\"https:\\\/\\\/office-roxx.de\\\/primabueroklima\\\/#\\\/schema\\\/logo\\\/image\\\/\",\"url\":\"https:\\\/\\\/office-roxx.de\\\/primabueroklima\\\/wp-content\\\/uploads\\\/2020\\\/09\\\/Prima-Klima-Logo_Farbe_beschn.jpg\",\"contentUrl\":\"https:\\\/\\\/office-roxx.de\\\/primabueroklima\\\/wp-content\\\/uploads\\\/2020\\\/09\\\/Prima-Klima-Logo_Farbe_beschn.jpg\",\"width\":1000,\"height\":675,\"caption\":\"PRIMAB\u00dcROKLIMA\"},\"image\":{\"@id\":\"https:\\\/\\\/office-roxx.de\\\/primabueroklima\\\/#\\\/schema\\\/logo\\\/image\\\/\"}},{\"@type\":\"Person\",\"@id\":\"https:\\\/\\\/office-roxx.de\\\/primabueroklima\\\/#\\\/schema\\\/person\\\/aaff4d37a59d78dad48543c1cf5d7b0e\",\"name\":\"Team-PBK\",\"image\":{\"@type\":\"ImageObject\",\"inLanguage\":\"de\",\"@id\":\"https:\\\/\\\/secure.gravatar.com\\\/avatar\\\/e7f38084968dcbb88b923f48395eb5ec7c3ad3102c6db95eccceb504d4317f39?s=96&d=mm&r=g\",\"url\":\"https:\\\/\\\/secure.gravatar.com\\\/avatar\\\/e7f38084968dcbb88b923f48395eb5ec7c3ad3102c6db95eccceb504d4317f39?s=96&d=mm&r=g\",\"contentUrl\":\"https:\\\/\\\/secure.gravatar.com\\\/avatar\\\/e7f38084968dcbb88b923f48395eb5ec7c3ad3102c6db95eccceb504d4317f39?s=96&d=mm&r=g\",\"caption\":\"Team-PBK\"},\"sameAs\":[\"https:\\\/\\\/office-roxx.de\\\/primabueroklima\"],\"url\":\"https:\\\/\\\/office-roxx.de\\\/primabueroklima\\\/author\\\/team-pbk\\\/\"}]}<\/script>\n<!-- \/ Yoast SEO plugin. -->","yoast_head_json":{"title":"Web-Tool berechnet Corona-Ansteckungsgefahr in R\u00e4umen - PRIMAB\u00dcROKLIMA","description":"Das potenzielle Covid-19-Infektionsrisiko \u00fcber Aerosole in Innenr\u00e4umen l\u00e4sst sich mithilfe eines Online-Tools von der TU Berlin errechnen.","robots":{"index":"index","follow":"follow","max-snippet":"max-snippet:-1","max-image-preview":"max-image-preview:large","max-video-preview":"max-video-preview:-1"},"canonical":"https:\/\/office-roxx.de\/primabueroklima\/corona-ansteckungsgefahr-in-raeumen-mit-web-tool-berechnen\/","og_locale":"de_DE","og_type":"article","og_title":"Web-Tool berechnet Corona-Ansteckungsgefahr in R\u00e4umen - PRIMAB\u00dcROKLIMA","og_description":"Das potenzielle Covid-19-Infektionsrisiko \u00fcber Aerosole in Innenr\u00e4umen l\u00e4sst sich mithilfe eines Online-Tools von der TU Berlin errechnen.","og_url":"https:\/\/office-roxx.de\/primabueroklima\/corona-ansteckungsgefahr-in-raeumen-mit-web-tool-berechnen\/","og_site_name":"PRIMAB\u00dcROKLIMA","article_published_time":"2020-12-21T07:00:38+00:00","article_modified_time":"2020-12-21T08:38:09+00:00","og_image":[{"width":1000,"height":719,"url":"http:\/\/h3068839.stratoserver.net\/office-roxx\/primabueroklima\/wp-content\/uploads\/2020\/12\/screenshot-hri-pira-github-io-1608288810502.png","type":"image\/png"}],"author":"Team-PBK","twitter_card":"summary_large_image","twitter_misc":{"Verfasst von":"Team-PBK","Gesch\u00e4tzte Lesezeit":"1\u00a0Minute"},"schema":{"@context":"https:\/\/schema.org","@graph":[{"@type":"Article","@id":"https:\/\/office-roxx.de\/primabueroklima\/corona-ansteckungsgefahr-in-raeumen-mit-web-tool-berechnen\/#article","isPartOf":{"@id":"https:\/\/office-roxx.de\/primabueroklima\/corona-ansteckungsgefahr-in-raeumen-mit-web-tool-berechnen\/"},"author":{"name":"Team-PBK","@id":"https:\/\/office-roxx.de\/primabueroklima\/#\/schema\/person\/aaff4d37a59d78dad48543c1cf5d7b0e"},"headline":"Web-Tool berechnet Corona-Ansteckungsgefahr in R\u00e4umen","datePublished":"2020-12-21T07:00:38+00:00","dateModified":"2020-12-21T08:38:09+00:00","mainEntityOfPage":{"@id":"https:\/\/office-roxx.de\/primabueroklima\/corona-ansteckungsgefahr-in-raeumen-mit-web-tool-berechnen\/"},"wordCount":215,"publisher":{"@id":"https:\/\/office-roxx.de\/primabueroklima\/#organization"},"image":{"@id":"https:\/\/office-roxx.de\/primabueroklima\/corona-ansteckungsgefahr-in-raeumen-mit-web-tool-berechnen\/#primaryimage"},"thumbnailUrl":"https:\/\/office-roxx.de\/primabueroklima\/wp-content\/uploads\/2020\/12\/screenshot-hri-pira-github-io-1608288810502.png","keywords":["Covid-19"],"inLanguage":"de"},{"@type":"WebPage","@id":"https:\/\/office-roxx.de\/primabueroklima\/corona-ansteckungsgefahr-in-raeumen-mit-web-tool-berechnen\/","url":"https:\/\/office-roxx.de\/primabueroklima\/corona-ansteckungsgefahr-in-raeumen-mit-web-tool-berechnen\/","name":"Web-Tool berechnet Corona-Ansteckungsgefahr in R\u00e4umen - PRIMAB\u00dcROKLIMA","isPartOf":{"@id":"https:\/\/office-roxx.de\/primabueroklima\/#website"},"primaryImageOfPage":{"@id":"https:\/\/office-roxx.de\/primabueroklima\/corona-ansteckungsgefahr-in-raeumen-mit-web-tool-berechnen\/#primaryimage"},"image":{"@id":"https:\/\/office-roxx.de\/primabueroklima\/corona-ansteckungsgefahr-in-raeumen-mit-web-tool-berechnen\/#primaryimage"},"thumbnailUrl":"https:\/\/office-roxx.de\/primabueroklima\/wp-content\/uploads\/2020\/12\/screenshot-hri-pira-github-io-1608288810502.png","datePublished":"2020-12-21T07:00:38+00:00","dateModified":"2020-12-21T08:38:09+00:00","description":"Das potenzielle Covid-19-Infektionsrisiko \u00fcber Aerosole in Innenr\u00e4umen l\u00e4sst sich mithilfe eines Online-Tools von der TU Berlin errechnen.","breadcrumb":{"@id":"https:\/\/office-roxx.de\/primabueroklima\/corona-ansteckungsgefahr-in-raeumen-mit-web-tool-berechnen\/#breadcrumb"},"inLanguage":"de","potentialAction":[{"@type":"ReadAction","target":["https:\/\/office-roxx.de\/primabueroklima\/corona-ansteckungsgefahr-in-raeumen-mit-web-tool-berechnen\/"]}]},{"@type":"ImageObject","inLanguage":"de","@id":"https:\/\/office-roxx.de\/primabueroklima\/corona-ansteckungsgefahr-in-raeumen-mit-web-tool-berechnen\/#primaryimage","url":"https:\/\/office-roxx.de\/primabueroklima\/wp-content\/uploads\/2020\/12\/screenshot-hri-pira-github-io-1608288810502.png","contentUrl":"https:\/\/office-roxx.de\/primabueroklima\/wp-content\/uploads\/2020\/12\/screenshot-hri-pira-github-io-1608288810502.png","width":1000,"height":719,"caption":"COVID-19 Infektionsrisiko durch Aerosole. Abbildung TU Berlin"},{"@type":"BreadcrumbList","@id":"https:\/\/office-roxx.de\/primabueroklima\/corona-ansteckungsgefahr-in-raeumen-mit-web-tool-berechnen\/#breadcrumb","itemListElement":[{"@type":"ListItem","position":1,"name":"Startseite","item":"https:\/\/office-roxx.de\/primabueroklima\/"},{"@type":"ListItem","position":2,"name":"Web-Tool berechnet Corona-Ansteckungsgefahr in R\u00e4umen"}]},{"@type":"WebSite","@id":"https:\/\/office-roxx.de\/primabueroklima\/#website","url":"https:\/\/office-roxx.de\/primabueroklima\/","name":"PRIMAB\u00dcROKLIMA","description":"F\u00fcr eine bessere Luftqualit\u00e4t in Office-Umgebungen","publisher":{"@id":"https:\/\/office-roxx.de\/primabueroklima\/#organization"},"potentialAction":[{"@type":"SearchAction","target":{"@type":"EntryPoint","urlTemplate":"https:\/\/office-roxx.de\/primabueroklima\/?s={search_term_string}"},"query-input":{"@type":"PropertyValueSpecification","valueRequired":true,"valueName":"search_term_string"}}],"inLanguage":"de"},{"@type":"Organization","@id":"https:\/\/office-roxx.de\/primabueroklima\/#organization","name":"PRIMAB\u00dcROKLIMA","url":"https:\/\/office-roxx.de\/primabueroklima\/","logo":{"@type":"ImageObject","inLanguage":"de","@id":"https:\/\/office-roxx.de\/primabueroklima\/#\/schema\/logo\/image\/","url":"https:\/\/office-roxx.de\/primabueroklima\/wp-content\/uploads\/2020\/09\/Prima-Klima-Logo_Farbe_beschn.jpg","contentUrl":"https:\/\/office-roxx.de\/primabueroklima\/wp-content\/uploads\/2020\/09\/Prima-Klima-Logo_Farbe_beschn.jpg","width":1000,"height":675,"caption":"PRIMAB\u00dcROKLIMA"},"image":{"@id":"https:\/\/office-roxx.de\/primabueroklima\/#\/schema\/logo\/image\/"}},{"@type":"Person","@id":"https:\/\/office-roxx.de\/primabueroklima\/#\/schema\/person\/aaff4d37a59d78dad48543c1cf5d7b0e","name":"Team-PBK","image":{"@type":"ImageObject","inLanguage":"de","@id":"https:\/\/secure.gravatar.com\/avatar\/e7f38084968dcbb88b923f48395eb5ec7c3ad3102c6db95eccceb504d4317f39?s=96&d=mm&r=g","url":"https:\/\/secure.gravatar.com\/avatar\/e7f38084968dcbb88b923f48395eb5ec7c3ad3102c6db95eccceb504d4317f39?s=96&d=mm&r=g","contentUrl":"https:\/\/secure.gravatar.com\/avatar\/e7f38084968dcbb88b923f48395eb5ec7c3ad3102c6db95eccceb504d4317f39?s=96&d=mm&r=g","caption":"Team-PBK"},"sameAs":["https:\/\/office-roxx.de\/primabueroklima"],"url":"https:\/\/office-roxx.de\/primabueroklima\/author\/team-pbk\/"}]}},"_links":{"self":[{"href":"https:\/\/office-roxx.de\/primabueroklima\/wp-json\/wp\/v2\/posts\/592","targetHints":{"allow":["GET"]}}],"collection":[{"href":"https:\/\/office-roxx.de\/primabueroklima\/wp-json\/wp\/v2\/posts"}],"about":[{"href":"https:\/\/office-roxx.de\/primabueroklima\/wp-json\/wp\/v2\/types\/post"}],"author":[{"embeddable":true,"href":"https:\/\/office-roxx.de\/primabueroklima\/wp-json\/wp\/v2\/users\/1"}],"replies":[{"embeddable":true,"href":"https:\/\/office-roxx.de\/primabueroklima\/wp-json\/wp\/v2\/comments?post=592"}],"version-history":[{"count":12,"href":"https:\/\/office-roxx.de\/primabueroklima\/wp-json\/wp\/v2\/posts\/592\/revisions"}],"predecessor-version":[{"id":606,"href":"https:\/\/office-roxx.de\/primabueroklima\/wp-json\/wp\/v2\/posts\/592\/revisions\/606"}],"wp:featuredmedia":[{"embeddable":true,"href":"https:\/\/office-roxx.de\/primabueroklima\/wp-json\/wp\/v2\/media\/594"}],"wp:attachment":[{"href":"https:\/\/office-roxx.de\/primabueroklima\/wp-json\/wp\/v2\/media?parent=592"}],"wp:term":[{"taxonomy":"category","embeddable":true,"href":"https:\/\/office-roxx.de\/primabueroklima\/wp-json\/wp\/v2\/categories?post=592"},{"taxonomy":"post_tag","embeddable":true,"href":"https:\/\/office-roxx.de\/primabueroklima\/wp-json\/wp\/v2\/tags?post=592"}],"curies":[{"name":"wp","href":"https:\/\/api.w.org\/{rel}","templated":true}]}}