{"id":416,"date":"2020-11-09T08:00:00","date_gmt":"2020-11-09T07:00:00","guid":{"rendered":"https:\/\/office-roxx.de\/primabueroklima\/?p=416"},"modified":"2020-11-26T13:34:10","modified_gmt":"2020-11-26T12:34:10","slug":"messkampagne-bestaetigt-es-herrscht-dicke-luft-in-bueros","status":"publish","type":"post","link":"https:\/\/office-roxx.de\/primabueroklima\/messkampagne-bestaetigt-es-herrscht-dicke-luft-in-bueros\/","title":{"rendered":"Messkampagne best\u00e4tigt: Es herrscht dicke Luft in den&nbsp;B\u00fcros"},"content":{"rendered":"<p>Eine in \u00d6ster\u00adreich durch\u00adge\u00adf\u00fchr\u00adte Mess\u00adkam\u00adpa\u00adgne, die das Raum\u00adluft\u00adkli\u00adma in B\u00fcros unter\u00adsucht hat, ist in Zei\u00adten von Coro\u00adna aktu\u00adel\u00adler denn je. Peter Ska\u00adla, Initia\u00adtor der Platt\u00adform Mei\u00adne\u00adRaum\u00adluft, gibt Ein\u00adbli\u00adcke in die Mess\u00adstu\u00addie, die f\u00fcr deut\u00adsche Office-Umge\u00adbun\u00adgen eben\u00adfalls rele\u00advant&nbsp;ist.<\/p>\n<p><!--more--><\/p>\n<figure id=\"attachment_274\" aria-describedby=\"caption-attachment-274\" style=\"width: 700px\" class=\"wp-caption aligncenter\"><img loading=\"lazy\" decoding=\"async\" class=\"wp-image-274 ml-lightbox-enabled\" src=\"https:\/\/office-roxx.de\/primabueroklima\/wp-content\/uploads\/2020\/09\/meineraumluft.jpg\" alt=\"Mit steigendem CO2-Gehalt in der Raumluft erh\u00f6ht sich das Ansteckungsrisiko. Abbildung: MeineRaumluft\" width=\"700\" height=\"394\" srcset=\"https:\/\/office-roxx.de\/primabueroklima\/wp-content\/uploads\/2020\/09\/meineraumluft.jpg 960w, https:\/\/office-roxx.de\/primabueroklima\/wp-content\/uploads\/2020\/09\/meineraumluft-300x169.jpg 300w, https:\/\/office-roxx.de\/primabueroklima\/wp-content\/uploads\/2020\/09\/meineraumluft-768x432.jpg 768w\" sizes=\"auto, (max-width: 700px) 100vw, 700px\"><figcaption id=\"caption-attachment-274\" class=\"wp-caption-text\">Mit stei\u00adgen\u00addem CO2-Gehalt in der Raum\u00adluft erh\u00f6ht sich das Anste\u00adckungs\u00adri\u00adsi\u00adko. Abbil\u00addung: MeineRaumluft<\/figcaption><\/figure>\n<p>Wir ver\u00adbrin\u00adgen 90 Pro\u00adzent unse\u00adrer Zeit in geschlos\u00adse\u00adnen R\u00e4u\u00admen, davon 36 Pro\u00adzent am Arbeits\u00adplatz. Schlech\u00adtes Raum\u00adluft\u00adkli\u00adma am Arbeits\u00adplatz f\u00fchrt zu Unkon\u00adzen\u00adtriert\u00adheit und damit zu einem sin\u00adken\u00adden Leis\u00adtungs\u00adver\u00adm\u00f6\u00adgen, sowie zu Feh\u00adlern, aber auch gesund\u00adheit\u00adli\u00adchen Problemen.<\/p>\n<h2>Messwerte oft \u00fcber Empfehlungen<\/h2>\n<p>Das Raum\u00adkli\u00adma in vie\u00adlen \u00f6ster\u00adrei\u00adchi\u00adschen B\u00fcros war und ist nicht das Bes\u00adte. Mehr als 7.000 Ein\u00adzel\u00admes\u00adsun\u00adgen aus hun\u00adder\u00adten B\u00fcros erga\u00adben vor eini\u00adgen Jah\u00adren ein bedenk\u00adli\u00adches Bild. In mehr als 80 Pro\u00adzent der unter\u00adsuch\u00adten R\u00e4um\u00adlich\u00adkei\u00adten lag zumin\u00addest einer der gemes\u00adse\u00adnen Indi\u00adka\u00adto\u00adren \u2013 wie der Koh\u00adlen\u00addi\u00adoxid\u00adge\u00adhalt oder die Luft\u00adfeuch\u00adtig\u00adkeit \u2013 \u00fcber den emp\u00adfoh\u00adle\u00adnen Werten.<\/p>\n<p>\u201eIn einer Dienst\u00adleis\u00adtungs\u00adge\u00adsell\u00adschaft, in der die geis\u00adti\u00adge Leis\u00adtung das eigent\u00adli\u00adche Pro\u00addukt ist, m\u00fcs\u00adsen Unter\u00adneh\u00admen ein\u00adfach dar\u00adauf ach\u00adten, wel\u00adche Rah\u00admen\u00adbe\u00addin\u00adgun\u00adgen f\u00fcr ihre Mit\u00adar\u00adbei\u00adter herr\u00adschen\u201d, sagt Peter Ska\u00adla, Initia\u00adtor der Platt\u00adform <a href=\"https:\/\/www.meineraumluft.at\/\" target=\"_blank\" rel=\"noopener noreferrer\">Mei\u00adne\u00adRaum\u00adluft<\/a>.<\/p>\n<figure id=\"attachment_526\" aria-describedby=\"caption-attachment-526\" style=\"width: 660px\" class=\"wp-caption aligncenter\"><img loading=\"lazy\" decoding=\"async\" class=\"wp-image-526 ml-lightbox-enabled\" src=\"https:\/\/office-roxx.de\/primabueroklima\/wp-content\/uploads\/2020\/11\/bueroaktion-beitrag2-bueromessung_beschnitt.jpg\" alt=\"Schlechtes Raumklima belastet die Gesundheit der Mitarbeiter und deren Arbeitsleistung. Abbildung: MeineRaumluft\" width=\"660\" height=\"496\" srcset=\"https:\/\/office-roxx.de\/primabueroklima\/wp-content\/uploads\/2020\/11\/bueroaktion-beitrag2-bueromessung_beschnitt.jpg 1000w, https:\/\/office-roxx.de\/primabueroklima\/wp-content\/uploads\/2020\/11\/bueroaktion-beitrag2-bueromessung_beschnitt-300x225.jpg 300w, https:\/\/office-roxx.de\/primabueroklima\/wp-content\/uploads\/2020\/11\/bueroaktion-beitrag2-bueromessung_beschnitt-768x577.jpg 768w\" sizes=\"auto, (max-width: 660px) 100vw, 660px\"><figcaption id=\"caption-attachment-526\" class=\"wp-caption-text\">Schlech\u00adtes Raum\u00adkli\u00adma belas\u00adtet die Gesund\u00adheit der Mit\u00adar\u00adbei\u00adter und deren Arbeits\u00adleis\u00adtung. Abbil\u00addung: MeineRaumluft<\/figcaption><\/figure>\n<p>Die Raum\u00adluft in \u00d6ster\u00adreichs B\u00fcros ist zu tro\u00adcken, im Som\u00admer zu warm und wo kei\u00adne L\u00fcf\u00adtungs\u00adan\u00adla\u00adge vor\u00adhan\u00adden ist, mit zu viel CO2 (als Qua\u00adli\u00adt\u00e4ts\u00adpa\u00adra\u00adme\u00adter) belas\u00adtet und zu wenig durch\u00adl\u00fcf\u00adtet. Es wur\u00adden auch D\u00e4m\u00admung, Bau\u00adwei\u00adse etc. in der Stu\u00addie mit erho\u00adben. Hier zeigt sich ten\u00adden\u00adzi\u00adell, dass eine mas\u00adsi\u00adve, anor\u00adga\u00adni\u00adsche Bau\u00adwei\u00adse Vor\u00adtei\u00adle hin\u00adsicht\u00adlich des Aus\u00adgleichs von Luft\u00adfeuch\u00adtig\u00adkeit und Tem\u00adpe\u00adra\u00adtur bietet.<\/p>\n<p>Inves\u00adto\u00adren, Bau\u00adtr\u00e4\u00adger, Archi\u00adtek\u00adten und Tech\u00adni\u00adker k\u00f6n\u00adnen somit bereits im Pla\u00adnungs\u00adpro\u00adzess und bei der Wahl der Tech\u00adnik und Bau\u00adma\u00adte\u00adria\u00adli\u00aden auf die sp\u00e4\u00adte\u00adre Raum\u00adluft\u00adqua\u00adli\u00adt\u00e4t ent\u00adschei\u00adden\u00adden Ein\u00adfluss nehmen.<\/p>\n<h2>Regelung in Deutschland<\/h2>\n<p>In der Arbeits\u00adst\u00e4t\u00adten\u00adre\u00adgel <a href=\"https:\/\/www.baua.de\/DE\/Angebote\/Rechtstexte-und-Technische-Regeln\/Regelwerk\/ASR\/pdf\/ASR-A3-6.pdf?__blob=publicationFile&amp;v=6\" target=\"_blank\" rel=\"noopener noreferrer\">ASR A3.6<\/a> \u201eL\u00fcf\u00adtung\u201c steht, dass in geschlos\u00adse\u00adnen Arbeits\u00adr\u00e4u\u00admen eine \u201egesund\u00adheit\u00adlich zutr\u00e4g\u00adli\u00adche Atem\u00adluft\u201c herr\u00adschen muss. Bewegt sich die Raum\u00adtem\u00adpe\u00adra\u00adtur bei durch\u00adschnitt\u00adli\u00adcher Arbeits\u00adschwe\u00adre zwi\u00adschen 20 und 22 Grad Cel\u00adsi\u00adus, betr\u00e4gt die Luft\u00adge\u00adschwin\u00addig\u00adkeit h\u00f6chs\u00adtens 0,15 m\/s und liegt die Luft\u00adfeuch\u00adtig\u00adkeit zwi\u00adschen 40 und 60 Pro\u00adzent, kann man in der Regel von einer guten Arbeits\u00adum\u00adge\u00adbung ausgehen.<\/p>\n<h2>Fazit zur Raumluftmessung<\/h2>\n<p>Aus Sicht der Platt\u00adform Mei\u00adne\u00adRaum\u00adluft wird dem Raum\u00adkli\u00adma in Arbeits\u00adr\u00e4u\u00admen zu wenig Beach\u00adtung geschenkt, weder in der Pla\u00adnungs- und Bau\u00adpha\u00adse noch im t\u00e4g\u00adli\u00adchen B\u00fcro\u00adall\u00adtag. Dies liegt wohl auch dar\u00adan, dass es kei\u00adne ver\u00adl\u00e4ss\u00adli\u00adchen Daten dazu gibt, wie vie\u00adle Kran\u00adken\u00adst\u00e4n\u00adde und Krank\u00adheits\u00adbil\u00adder tat\u00ads\u00e4ch\u00adlich im Zusam\u00admen\u00adhang mit den kli\u00adma\u00adti\u00adschen Bedin\u00adgun\u00adgen in Arbeits\u00adr\u00e4u\u00admen stehen.<\/p>\n","protected":false},"excerpt":{"rendered":"<p>Eine in \u00d6ster\u00adreich durch\u00adge\u00adf\u00fchr\u00adte Mess\u00adkam\u00adpa\u00adgne, die das Raum\u00adluft\u00adkli\u00adma in B\u00fcros unter\u00adsucht hat, ist in Zei\u00adten von Coro\u00adna aktu\u00adel\u00adler denn je. Peter Ska\u00adla, Initia\u00adtor der Platt\u00adform Mei\u00adne\u00adRaum\u00adluft, gibt Ein\u00adbli\u00adcke in die Mess\u00adstu\u00addie, die f\u00fcr deut\u00adsche Office-Umge\u00ad\u00adbun\u00ad\u00adgen eben\u00adfalls rele\u00advant&nbsp;ist.<\/p>\n","protected":false},"author":1,"featured_media":274,"comment_status":"closed","ping_status":"closed","sticky":false,"template":"","format":"standard","meta":{"wp_typography_post_enhancements_disabled":false,"footnotes":""},"categories":[1],"tags":[2,4,5],"class_list":["post-416","post","type-post","status-publish","format-standard","has-post-thumbnail","hentry","category-allgemein","tag-luftbefeuchtung","tag-luftmessung","tag-lufttemperatur"],"yoast_head":"<!-- This site is optimized with the Yoast SEO plugin v27.3 - https:\/\/yoast.com\/product\/yoast-seo-wordpress\/ -->\n<title>Messkampagne best\u00e4tigt: Es herrscht dicke Luft in den B\u00fcros - PRIMAB\u00dcROKLIMA<\/title>\n<meta name=\"description\" content=\"Eine in \u00d6sterreich durchgef\u00fchrte Messkampagne hat das Raumluftklima in B\u00fcros untersucht. Die Ergebnisse sind auch f\u00fcr Deutschland relevant.\" \/>\n<meta name=\"robots\" content=\"index, follow, max-snippet:-1, max-image-preview:large, max-video-preview:-1\" \/>\n<link rel=\"canonical\" href=\"https:\/\/office-roxx.de\/primabueroklima\/messkampagne-bestaetigt-es-herrscht-dicke-luft-in-bueros\/\" \/>\n<meta property=\"og:locale\" content=\"de_DE\" \/>\n<meta property=\"og:type\" content=\"article\" \/>\n<meta property=\"og:title\" content=\"Messkampagne best\u00e4tigt: Es herrscht dicke Luft in den B\u00fcros - PRIMAB\u00dcROKLIMA\" \/>\n<meta property=\"og:description\" content=\"Eine in \u00d6sterreich durchgef\u00fchrte Messkampagne hat das Raumluftklima in B\u00fcros untersucht. Die Ergebnisse sind auch f\u00fcr Deutschland relevant.\" \/>\n<meta property=\"og:url\" content=\"https:\/\/office-roxx.de\/primabueroklima\/messkampagne-bestaetigt-es-herrscht-dicke-luft-in-bueros\/\" \/>\n<meta property=\"og:site_name\" content=\"PRIMAB\u00dcROKLIMA\" \/>\n<meta property=\"article:published_time\" content=\"2020-11-09T07:00:00+00:00\" \/>\n<meta property=\"article:modified_time\" content=\"2020-11-26T12:34:10+00:00\" \/>\n<meta property=\"og:image\" content=\"http:\/\/h3068839.stratoserver.net\/office-roxx\/primabueroklima\/wp-content\/uploads\/2020\/09\/meineraumluft.jpg\" \/>\n\t<meta property=\"og:image:width\" content=\"960\" \/>\n\t<meta property=\"og:image:height\" content=\"540\" \/>\n\t<meta property=\"og:image:type\" content=\"image\/jpeg\" \/>\n<meta name=\"author\" content=\"Team-PBK\" \/>\n<meta name=\"twitter:card\" content=\"summary_large_image\" \/>\n<meta name=\"twitter:label1\" content=\"Verfasst von\" \/>\n\t<meta name=\"twitter:data1\" content=\"Team-PBK\" \/>\n\t<meta name=\"twitter:label2\" content=\"Gesch\u00e4tzte Lesezeit\" \/>\n\t<meta name=\"twitter:data2\" content=\"2\u00a0Minuten\" \/>\n<script type=\"application\/ld+json\" class=\"yoast-schema-graph\">{\"@context\":\"https:\\\/\\\/schema.org\",\"@graph\":[{\"@type\":\"Article\",\"@id\":\"https:\\\/\\\/office-roxx.de\\\/primabueroklima\\\/messkampagne-bestaetigt-es-herrscht-dicke-luft-in-bueros\\\/#article\",\"isPartOf\":{\"@id\":\"https:\\\/\\\/office-roxx.de\\\/primabueroklima\\\/messkampagne-bestaetigt-es-herrscht-dicke-luft-in-bueros\\\/\"},\"author\":{\"name\":\"Team-PBK\",\"@id\":\"https:\\\/\\\/office-roxx.de\\\/primabueroklima\\\/#\\\/schema\\\/person\\\/aaff4d37a59d78dad48543c1cf5d7b0e\"},\"headline\":\"Messkampagne best\u00e4tigt: Es herrscht dicke Luft in den&nbsp;B\u00fcros\",\"datePublished\":\"2020-11-09T07:00:00+00:00\",\"dateModified\":\"2020-11-26T12:34:10+00:00\",\"mainEntityOfPage\":{\"@id\":\"https:\\\/\\\/office-roxx.de\\\/primabueroklima\\\/messkampagne-bestaetigt-es-herrscht-dicke-luft-in-bueros\\\/\"},\"wordCount\":427,\"publisher\":{\"@id\":\"https:\\\/\\\/office-roxx.de\\\/primabueroklima\\\/#organization\"},\"image\":{\"@id\":\"https:\\\/\\\/office-roxx.de\\\/primabueroklima\\\/messkampagne-bestaetigt-es-herrscht-dicke-luft-in-bueros\\\/#primaryimage\"},\"thumbnailUrl\":\"https:\\\/\\\/office-roxx.de\\\/primabueroklima\\\/wp-content\\\/uploads\\\/2020\\\/09\\\/meineraumluft.jpg\",\"keywords\":[\"Luftbefeuchtung\",\"Luftmessung\",\"Lufttemperatur\"],\"inLanguage\":\"de\"},{\"@type\":\"WebPage\",\"@id\":\"https:\\\/\\\/office-roxx.de\\\/primabueroklima\\\/messkampagne-bestaetigt-es-herrscht-dicke-luft-in-bueros\\\/\",\"url\":\"https:\\\/\\\/office-roxx.de\\\/primabueroklima\\\/messkampagne-bestaetigt-es-herrscht-dicke-luft-in-bueros\\\/\",\"name\":\"Messkampagne best\u00e4tigt: Es herrscht dicke Luft in den B\u00fcros - PRIMAB\u00dcROKLIMA\",\"isPartOf\":{\"@id\":\"https:\\\/\\\/office-roxx.de\\\/primabueroklima\\\/#website\"},\"primaryImageOfPage\":{\"@id\":\"https:\\\/\\\/office-roxx.de\\\/primabueroklima\\\/messkampagne-bestaetigt-es-herrscht-dicke-luft-in-bueros\\\/#primaryimage\"},\"image\":{\"@id\":\"https:\\\/\\\/office-roxx.de\\\/primabueroklima\\\/messkampagne-bestaetigt-es-herrscht-dicke-luft-in-bueros\\\/#primaryimage\"},\"thumbnailUrl\":\"https:\\\/\\\/office-roxx.de\\\/primabueroklima\\\/wp-content\\\/uploads\\\/2020\\\/09\\\/meineraumluft.jpg\",\"datePublished\":\"2020-11-09T07:00:00+00:00\",\"dateModified\":\"2020-11-26T12:34:10+00:00\",\"description\":\"Eine in \u00d6sterreich durchgef\u00fchrte Messkampagne hat das Raumluftklima in B\u00fcros untersucht. Die Ergebnisse sind auch f\u00fcr Deutschland relevant.\",\"breadcrumb\":{\"@id\":\"https:\\\/\\\/office-roxx.de\\\/primabueroklima\\\/messkampagne-bestaetigt-es-herrscht-dicke-luft-in-bueros\\\/#breadcrumb\"},\"inLanguage\":\"de\",\"potentialAction\":[{\"@type\":\"ReadAction\",\"target\":[\"https:\\\/\\\/office-roxx.de\\\/primabueroklima\\\/messkampagne-bestaetigt-es-herrscht-dicke-luft-in-bueros\\\/\"]}]},{\"@type\":\"ImageObject\",\"inLanguage\":\"de\",\"@id\":\"https:\\\/\\\/office-roxx.de\\\/primabueroklima\\\/messkampagne-bestaetigt-es-herrscht-dicke-luft-in-bueros\\\/#primaryimage\",\"url\":\"https:\\\/\\\/office-roxx.de\\\/primabueroklima\\\/wp-content\\\/uploads\\\/2020\\\/09\\\/meineraumluft.jpg\",\"contentUrl\":\"https:\\\/\\\/office-roxx.de\\\/primabueroklima\\\/wp-content\\\/uploads\\\/2020\\\/09\\\/meineraumluft.jpg\",\"width\":960,\"height\":540,\"caption\":\"MeneRaumluft\"},{\"@type\":\"BreadcrumbList\",\"@id\":\"https:\\\/\\\/office-roxx.de\\\/primabueroklima\\\/messkampagne-bestaetigt-es-herrscht-dicke-luft-in-bueros\\\/#breadcrumb\",\"itemListElement\":[{\"@type\":\"ListItem\",\"position\":1,\"name\":\"Startseite\",\"item\":\"https:\\\/\\\/office-roxx.de\\\/primabueroklima\\\/\"},{\"@type\":\"ListItem\",\"position\":2,\"name\":\"Messkampagne best\u00e4tigt: Es herrscht dicke Luft in den&nbsp;B\u00fcros\"}]},{\"@type\":\"WebSite\",\"@id\":\"https:\\\/\\\/office-roxx.de\\\/primabueroklima\\\/#website\",\"url\":\"https:\\\/\\\/office-roxx.de\\\/primabueroklima\\\/\",\"name\":\"PRIMAB\u00dcROKLIMA\",\"description\":\"F\u00fcr eine bessere Luftqualit\u00e4t in Office-Umgebungen\",\"publisher\":{\"@id\":\"https:\\\/\\\/office-roxx.de\\\/primabueroklima\\\/#organization\"},\"potentialAction\":[{\"@type\":\"SearchAction\",\"target\":{\"@type\":\"EntryPoint\",\"urlTemplate\":\"https:\\\/\\\/office-roxx.de\\\/primabueroklima\\\/?s={search_term_string}\"},\"query-input\":{\"@type\":\"PropertyValueSpecification\",\"valueRequired\":true,\"valueName\":\"search_term_string\"}}],\"inLanguage\":\"de\"},{\"@type\":\"Organization\",\"@id\":\"https:\\\/\\\/office-roxx.de\\\/primabueroklima\\\/#organization\",\"name\":\"PRIMAB\u00dcROKLIMA\",\"url\":\"https:\\\/\\\/office-roxx.de\\\/primabueroklima\\\/\",\"logo\":{\"@type\":\"ImageObject\",\"inLanguage\":\"de\",\"@id\":\"https:\\\/\\\/office-roxx.de\\\/primabueroklima\\\/#\\\/schema\\\/logo\\\/image\\\/\",\"url\":\"https:\\\/\\\/office-roxx.de\\\/primabueroklima\\\/wp-content\\\/uploads\\\/2020\\\/09\\\/Prima-Klima-Logo_Farbe_beschn.jpg\",\"contentUrl\":\"https:\\\/\\\/office-roxx.de\\\/primabueroklima\\\/wp-content\\\/uploads\\\/2020\\\/09\\\/Prima-Klima-Logo_Farbe_beschn.jpg\",\"width\":1000,\"height\":675,\"caption\":\"PRIMAB\u00dcROKLIMA\"},\"image\":{\"@id\":\"https:\\\/\\\/office-roxx.de\\\/primabueroklima\\\/#\\\/schema\\\/logo\\\/image\\\/\"}},{\"@type\":\"Person\",\"@id\":\"https:\\\/\\\/office-roxx.de\\\/primabueroklima\\\/#\\\/schema\\\/person\\\/aaff4d37a59d78dad48543c1cf5d7b0e\",\"name\":\"Team-PBK\",\"image\":{\"@type\":\"ImageObject\",\"inLanguage\":\"de\",\"@id\":\"https:\\\/\\\/secure.gravatar.com\\\/avatar\\\/e7f38084968dcbb88b923f48395eb5ec7c3ad3102c6db95eccceb504d4317f39?s=96&d=mm&r=g\",\"url\":\"https:\\\/\\\/secure.gravatar.com\\\/avatar\\\/e7f38084968dcbb88b923f48395eb5ec7c3ad3102c6db95eccceb504d4317f39?s=96&d=mm&r=g\",\"contentUrl\":\"https:\\\/\\\/secure.gravatar.com\\\/avatar\\\/e7f38084968dcbb88b923f48395eb5ec7c3ad3102c6db95eccceb504d4317f39?s=96&d=mm&r=g\",\"caption\":\"Team-PBK\"},\"sameAs\":[\"https:\\\/\\\/office-roxx.de\\\/primabueroklima\"],\"url\":\"https:\\\/\\\/office-roxx.de\\\/primabueroklima\\\/author\\\/team-pbk\\\/\"}]}<\/script>\n<!-- \/ Yoast SEO plugin. -->","yoast_head_json":{"title":"Messkampagne best\u00e4tigt: Es herrscht dicke Luft in den B\u00fcros - PRIMAB\u00dcROKLIMA","description":"Eine in \u00d6sterreich durchgef\u00fchrte Messkampagne hat das Raumluftklima in B\u00fcros untersucht. Die Ergebnisse sind auch f\u00fcr Deutschland relevant.","robots":{"index":"index","follow":"follow","max-snippet":"max-snippet:-1","max-image-preview":"max-image-preview:large","max-video-preview":"max-video-preview:-1"},"canonical":"https:\/\/office-roxx.de\/primabueroklima\/messkampagne-bestaetigt-es-herrscht-dicke-luft-in-bueros\/","og_locale":"de_DE","og_type":"article","og_title":"Messkampagne best\u00e4tigt: Es herrscht dicke Luft in den B\u00fcros - PRIMAB\u00dcROKLIMA","og_description":"Eine in \u00d6sterreich durchgef\u00fchrte Messkampagne hat das Raumluftklima in B\u00fcros untersucht. Die Ergebnisse sind auch f\u00fcr Deutschland relevant.","og_url":"https:\/\/office-roxx.de\/primabueroklima\/messkampagne-bestaetigt-es-herrscht-dicke-luft-in-bueros\/","og_site_name":"PRIMAB\u00dcROKLIMA","article_published_time":"2020-11-09T07:00:00+00:00","article_modified_time":"2020-11-26T12:34:10+00:00","og_image":[{"width":960,"height":540,"url":"http:\/\/h3068839.stratoserver.net\/office-roxx\/primabueroklima\/wp-content\/uploads\/2020\/09\/meineraumluft.jpg","type":"image\/jpeg"}],"author":"Team-PBK","twitter_card":"summary_large_image","twitter_misc":{"Verfasst von":"Team-PBK","Gesch\u00e4tzte Lesezeit":"2\u00a0Minuten"},"schema":{"@context":"https:\/\/schema.org","@graph":[{"@type":"Article","@id":"https:\/\/office-roxx.de\/primabueroklima\/messkampagne-bestaetigt-es-herrscht-dicke-luft-in-bueros\/#article","isPartOf":{"@id":"https:\/\/office-roxx.de\/primabueroklima\/messkampagne-bestaetigt-es-herrscht-dicke-luft-in-bueros\/"},"author":{"name":"Team-PBK","@id":"https:\/\/office-roxx.de\/primabueroklima\/#\/schema\/person\/aaff4d37a59d78dad48543c1cf5d7b0e"},"headline":"Messkampagne best\u00e4tigt: Es herrscht dicke Luft in den&nbsp;B\u00fcros","datePublished":"2020-11-09T07:00:00+00:00","dateModified":"2020-11-26T12:34:10+00:00","mainEntityOfPage":{"@id":"https:\/\/office-roxx.de\/primabueroklima\/messkampagne-bestaetigt-es-herrscht-dicke-luft-in-bueros\/"},"wordCount":427,"publisher":{"@id":"https:\/\/office-roxx.de\/primabueroklima\/#organization"},"image":{"@id":"https:\/\/office-roxx.de\/primabueroklima\/messkampagne-bestaetigt-es-herrscht-dicke-luft-in-bueros\/#primaryimage"},"thumbnailUrl":"https:\/\/office-roxx.de\/primabueroklima\/wp-content\/uploads\/2020\/09\/meineraumluft.jpg","keywords":["Luftbefeuchtung","Luftmessung","Lufttemperatur"],"inLanguage":"de"},{"@type":"WebPage","@id":"https:\/\/office-roxx.de\/primabueroklima\/messkampagne-bestaetigt-es-herrscht-dicke-luft-in-bueros\/","url":"https:\/\/office-roxx.de\/primabueroklima\/messkampagne-bestaetigt-es-herrscht-dicke-luft-in-bueros\/","name":"Messkampagne best\u00e4tigt: Es herrscht dicke Luft in den B\u00fcros - PRIMAB\u00dcROKLIMA","isPartOf":{"@id":"https:\/\/office-roxx.de\/primabueroklima\/#website"},"primaryImageOfPage":{"@id":"https:\/\/office-roxx.de\/primabueroklima\/messkampagne-bestaetigt-es-herrscht-dicke-luft-in-bueros\/#primaryimage"},"image":{"@id":"https:\/\/office-roxx.de\/primabueroklima\/messkampagne-bestaetigt-es-herrscht-dicke-luft-in-bueros\/#primaryimage"},"thumbnailUrl":"https:\/\/office-roxx.de\/primabueroklima\/wp-content\/uploads\/2020\/09\/meineraumluft.jpg","datePublished":"2020-11-09T07:00:00+00:00","dateModified":"2020-11-26T12:34:10+00:00","description":"Eine in \u00d6sterreich durchgef\u00fchrte Messkampagne hat das Raumluftklima in B\u00fcros untersucht. Die Ergebnisse sind auch f\u00fcr Deutschland relevant.","breadcrumb":{"@id":"https:\/\/office-roxx.de\/primabueroklima\/messkampagne-bestaetigt-es-herrscht-dicke-luft-in-bueros\/#breadcrumb"},"inLanguage":"de","potentialAction":[{"@type":"ReadAction","target":["https:\/\/office-roxx.de\/primabueroklima\/messkampagne-bestaetigt-es-herrscht-dicke-luft-in-bueros\/"]}]},{"@type":"ImageObject","inLanguage":"de","@id":"https:\/\/office-roxx.de\/primabueroklima\/messkampagne-bestaetigt-es-herrscht-dicke-luft-in-bueros\/#primaryimage","url":"https:\/\/office-roxx.de\/primabueroklima\/wp-content\/uploads\/2020\/09\/meineraumluft.jpg","contentUrl":"https:\/\/office-roxx.de\/primabueroklima\/wp-content\/uploads\/2020\/09\/meineraumluft.jpg","width":960,"height":540,"caption":"MeneRaumluft"},{"@type":"BreadcrumbList","@id":"https:\/\/office-roxx.de\/primabueroklima\/messkampagne-bestaetigt-es-herrscht-dicke-luft-in-bueros\/#breadcrumb","itemListElement":[{"@type":"ListItem","position":1,"name":"Startseite","item":"https:\/\/office-roxx.de\/primabueroklima\/"},{"@type":"ListItem","position":2,"name":"Messkampagne best\u00e4tigt: Es herrscht dicke Luft in den&nbsp;B\u00fcros"}]},{"@type":"WebSite","@id":"https:\/\/office-roxx.de\/primabueroklima\/#website","url":"https:\/\/office-roxx.de\/primabueroklima\/","name":"PRIMAB\u00dcROKLIMA","description":"F\u00fcr eine bessere Luftqualit\u00e4t in Office-Umgebungen","publisher":{"@id":"https:\/\/office-roxx.de\/primabueroklima\/#organization"},"potentialAction":[{"@type":"SearchAction","target":{"@type":"EntryPoint","urlTemplate":"https:\/\/office-roxx.de\/primabueroklima\/?s={search_term_string}"},"query-input":{"@type":"PropertyValueSpecification","valueRequired":true,"valueName":"search_term_string"}}],"inLanguage":"de"},{"@type":"Organization","@id":"https:\/\/office-roxx.de\/primabueroklima\/#organization","name":"PRIMAB\u00dcROKLIMA","url":"https:\/\/office-roxx.de\/primabueroklima\/","logo":{"@type":"ImageObject","inLanguage":"de","@id":"https:\/\/office-roxx.de\/primabueroklima\/#\/schema\/logo\/image\/","url":"https:\/\/office-roxx.de\/primabueroklima\/wp-content\/uploads\/2020\/09\/Prima-Klima-Logo_Farbe_beschn.jpg","contentUrl":"https:\/\/office-roxx.de\/primabueroklima\/wp-content\/uploads\/2020\/09\/Prima-Klima-Logo_Farbe_beschn.jpg","width":1000,"height":675,"caption":"PRIMAB\u00dcROKLIMA"},"image":{"@id":"https:\/\/office-roxx.de\/primabueroklima\/#\/schema\/logo\/image\/"}},{"@type":"Person","@id":"https:\/\/office-roxx.de\/primabueroklima\/#\/schema\/person\/aaff4d37a59d78dad48543c1cf5d7b0e","name":"Team-PBK","image":{"@type":"ImageObject","inLanguage":"de","@id":"https:\/\/secure.gravatar.com\/avatar\/e7f38084968dcbb88b923f48395eb5ec7c3ad3102c6db95eccceb504d4317f39?s=96&d=mm&r=g","url":"https:\/\/secure.gravatar.com\/avatar\/e7f38084968dcbb88b923f48395eb5ec7c3ad3102c6db95eccceb504d4317f39?s=96&d=mm&r=g","contentUrl":"https:\/\/secure.gravatar.com\/avatar\/e7f38084968dcbb88b923f48395eb5ec7c3ad3102c6db95eccceb504d4317f39?s=96&d=mm&r=g","caption":"Team-PBK"},"sameAs":["https:\/\/office-roxx.de\/primabueroklima"],"url":"https:\/\/office-roxx.de\/primabueroklima\/author\/team-pbk\/"}]}},"_links":{"self":[{"href":"https:\/\/office-roxx.de\/primabueroklima\/wp-json\/wp\/v2\/posts\/416","targetHints":{"allow":["GET"]}}],"collection":[{"href":"https:\/\/office-roxx.de\/primabueroklima\/wp-json\/wp\/v2\/posts"}],"about":[{"href":"https:\/\/office-roxx.de\/primabueroklima\/wp-json\/wp\/v2\/types\/post"}],"author":[{"embeddable":true,"href":"https:\/\/office-roxx.de\/primabueroklima\/wp-json\/wp\/v2\/users\/1"}],"replies":[{"embeddable":true,"href":"https:\/\/office-roxx.de\/primabueroklima\/wp-json\/wp\/v2\/comments?post=416"}],"version-history":[{"count":15,"href":"https:\/\/office-roxx.de\/primabueroklima\/wp-json\/wp\/v2\/posts\/416\/revisions"}],"predecessor-version":[{"id":577,"href":"https:\/\/office-roxx.de\/primabueroklima\/wp-json\/wp\/v2\/posts\/416\/revisions\/577"}],"wp:featuredmedia":[{"embeddable":true,"href":"https:\/\/office-roxx.de\/primabueroklima\/wp-json\/wp\/v2\/media\/274"}],"wp:attachment":[{"href":"https:\/\/office-roxx.de\/primabueroklima\/wp-json\/wp\/v2\/media?parent=416"}],"wp:term":[{"taxonomy":"category","embeddable":true,"href":"https:\/\/office-roxx.de\/primabueroklima\/wp-json\/wp\/v2\/categories?post=416"},{"taxonomy":"post_tag","embeddable":true,"href":"https:\/\/office-roxx.de\/primabueroklima\/wp-json\/wp\/v2\/tags?post=416"}],"curies":[{"name":"wp","href":"https:\/\/api.w.org\/{rel}","templated":true}]}}