{"id":2372,"date":"2025-09-01T07:30:10","date_gmt":"2025-09-01T05:30:10","guid":{"rendered":"https:\/\/office-roxx.de\/primabueroklima\/?p=2372"},"modified":"2025-07-24T17:59:34","modified_gmt":"2025-07-24T15:59:34","slug":"leserumfrage-prima-bueroklima-2025-auf-office-roxx","status":"publish","type":"post","link":"https:\/\/office-roxx.de\/primabueroklima\/leserumfrage-prima-bueroklima-2025-auf-office-roxx\/","title":{"rendered":"Leserumfrage \u201ePrima B\u00fcroklima 2025\u201c auf OFFICE ROXX gestartet"},"content":{"rendered":"<p>Die dies\u00adj\u00e4h\u00adri\u00adge Leser\u00adum\u00adfra\u00adge \u201ePri\u00adma B\u00fcro\u00adkli\u00adma 2025\u201d des OFFICE ROXX Blogs ist online. Im Auf\u00adtrag unse\u00adrer Initia\u00adti\u00adve Pri\u00adma\u00adB\u00fc\u00adro\u00adKli\u00adma will er erneut in Erfah\u00adrung brin\u00adgen, wie es um die Raum\u00adkli\u00adma\u00adsi\u00adtua\u00adti\u00adon in deut\u00adschen B\u00fcros bestellt ist: pri\u00adma oder mies? Mit etwas Gl\u00fcck wird die Teil\u00adnah\u00adme belohnt.<\/p>\n<p><!--more--><\/p>\n<p><img loading=\"lazy\" decoding=\"async\" class=\"aligncenter wp-image-2373 ml-lightbox-enabled\" src=\"https:\/\/office-roxx.de\/primabueroklima\/wp-content\/uploads\/2025\/07\/ORB-Leserumfrage-PrimaBueroKlima-2025.jpg\" alt=\"OFFICE-ROXX-Leserumfrage \u201ePrima B\u00fcroklima 2025\u201c. Abbildung: OFFICE ROXX\" width=\"600\" height=\"424\" srcset=\"https:\/\/office-roxx.de\/primabueroklima\/wp-content\/uploads\/2025\/07\/ORB-Leserumfrage-PrimaBueroKlima-2025.jpg 1000w, https:\/\/office-roxx.de\/primabueroklima\/wp-content\/uploads\/2025\/07\/ORB-Leserumfrage-PrimaBueroKlima-2025-300x212.jpg 300w, https:\/\/office-roxx.de\/primabueroklima\/wp-content\/uploads\/2025\/07\/ORB-Leserumfrage-PrimaBueroKlima-2025-768x543.jpg 768w\" sizes=\"auto, (max-width: 600px) 100vw, 600px\"><\/p>\n<p>Die Ergeb\u00adnis\u00adse der vier\u00adten <a href=\"https:\/\/office-roxx.de\/primabueroklima\/klimawandel-erreicht-buero-die-ergebnisse-der-office-roxx-leserumfrage-prima-bueroklima-2024\/\" target=\"_blank\" rel=\"noopener\">Pri\u00adma-B\u00fcro\u00adkli\u00adma-Umfra\u00adge<\/a> im ver\u00adgan\u00adge\u00adnen Jahr haben es best\u00e4\u00adtigt: Das Bewusst\u00adsein f\u00fcr ein gesun\u00addes Raum\u00adkli\u00adma ist nach wie vor hoch, eben\u00adso wie die Inves\u00adti\u00adti\u00adons\u00adbe\u00adreit\u00adschaft der Unter\u00adneh\u00admen. Den\u00adnoch bewer\u00adte\u00adten die Befrag\u00adten das Raum\u00adkli\u00adma im Cor\u00adpo\u00adra\u00adte Office ledig\u00adlich als \u201emit\u00adtel\u00adm\u00e4\u00ad\u00dfig\u201c. Und auch wenn die Zah\u00adlen leicht r\u00fcck\u00adl\u00e4u\u00adfig sind: Beschwer\u00adden wie \u201etro\u00adcke\u00adne Augen\u201c, die auf ein schlech\u00adtes Raum\u00adkli\u00adma am B\u00fcro\u00adar\u00adbeits\u00adplatz zur\u00fcck\u00adge\u00adf\u00fchrt wer\u00adden, sind noch immer weit verbreitet.<\/p>\n<h2>Bleibt der \u201eWind of Change\u201c im Office ein laues L\u00fcftchen?<\/h2>\n<p>Im Rah\u00admen der Umfra\u00adge soll erneut her\u00adaus\u00adge\u00adfun\u00adden wer\u00adden: Hat sich die raum\u00adkli\u00adma\u00adti\u00adsche Situa\u00adti\u00adon im B\u00fcro ver\u00ad\u00e4n\u00addert und falls ja: zum Posi\u00adti\u00adven oder zum Nega\u00adti\u00adven? Mit Ihrer Teil\u00adnah\u00adme hel\u00adfen Sie, ein aktu\u00adel\u00adles und rea\u00adlis\u00adti\u00adsches Bild der Situa\u00adti\u00adon in B\u00fcro\u00adum\u00adge\u00adbun\u00adgen zu erhal\u00adten. Und das Mit\u00adma\u00adchen lohnt sich dop\u00adpelt: Unter allen Teil\u00adneh\u00admern wer\u00adden wie\u00adder attrak\u00adti\u00adve Prei\u00adse verlost.<\/p>\n<p>Jetzt teil\u00adneh\u00admen und mit\u00adhel\u00adfen, das B\u00fcro\u00adkli\u00adma nach\u00adhal\u00adtig zu ver\u00adbes\u00adsern \u2013 auf <a href=\"https:\/\/office-roxx.de\/2025\/09\/01\/office-roxx-leserumfrageprima-bueroklima-2025\/\" target=\"_blank\" rel=\"noopener\">OFFICE-ROXX.DE<\/a>!<\/p>\n<p>&nbsp;<\/p>\n","protected":false},"excerpt":{"rendered":"<p>Die dies\u00adj\u00e4h\u00adri\u00adge Leser\u00adum\u00adfra\u00adge \u201ePri\u00adma B\u00fcro\u00adkli\u00adma 2025\u201d des OFFICE ROXX Blogs ist online. Im Auf\u00adtrag unse\u00adrer Initia\u00adti\u00adve Pri\u00adma\u00adB\u00fc\u00adro\u00adKli\u00adma will er erneut in Erfah\u00adrung brin\u00adgen, wie es um die Raum\u00adkli\u00adma\u00adsi\u00adtua\u00adti\u00adon in deut\u00adschen B\u00fcros bestellt ist: pri\u00adma oder mies? Mit etwas Gl\u00fcck wird die Teil\u00adnah\u00adme belohnt.<\/p>\n","protected":false},"author":1,"featured_media":2373,"comment_status":"closed","ping_status":"closed","sticky":false,"template":"","format":"standard","meta":{"wp_typography_post_enhancements_disabled":false,"footnotes":""},"categories":[1],"tags":[2,10,5,12],"class_list":["post-2372","post","type-post","status-publish","format-standard","has-post-thumbnail","hentry","category-allgemein","tag-luftbefeuchtung","tag-luftreinigung","tag-lufttemperatur","tag-lueftung"],"yoast_head":"<!-- This site is optimized with the Yoast SEO plugin v27.3 - https:\/\/yoast.com\/product\/yoast-seo-wordpress\/ -->\n<title>Leserumfrage \u201ePrima B\u00fcroklima 2025\u201c auf OFFICE ROXX gestartet - PRIMAB\u00dcROKLIMA<\/title>\n<meta name=\"description\" content=\"Herrscht in B\u00fcros eher \u201edicke\u201c oder gesunde Raumluft vor? Das wollen wir, die Initiative PrimaB\u00fcroKlima, erneut von den OFFICE-ROXX-Lesern wissen.\" \/>\n<meta name=\"robots\" content=\"index, follow, max-snippet:-1, max-image-preview:large, max-video-preview:-1\" \/>\n<link rel=\"canonical\" href=\"https:\/\/office-roxx.de\/primabueroklima\/leserumfrage-prima-bueroklima-2025-auf-office-roxx\/\" \/>\n<meta property=\"og:locale\" content=\"de_DE\" \/>\n<meta property=\"og:type\" content=\"article\" \/>\n<meta property=\"og:title\" content=\"Leserumfrage \u201ePrima B\u00fcroklima 2025\u201c auf OFFICE ROXX gestartet - PRIMAB\u00dcROKLIMA\" \/>\n<meta property=\"og:description\" content=\"Herrscht in B\u00fcros eher \u201edicke\u201c oder gesunde Raumluft vor? Das wollen wir, die Initiative PrimaB\u00fcroKlima, erneut von den OFFICE-ROXX-Lesern wissen.\" \/>\n<meta property=\"og:url\" content=\"https:\/\/office-roxx.de\/primabueroklima\/leserumfrage-prima-bueroklima-2025-auf-office-roxx\/\" \/>\n<meta property=\"og:site_name\" content=\"PRIMAB\u00dcROKLIMA\" \/>\n<meta property=\"article:published_time\" content=\"2025-09-01T05:30:10+00:00\" \/>\n<meta property=\"og:image\" content=\"https:\/\/office-roxx.de\/primabueroklima\/wp-content\/uploads\/2025\/07\/ORB-Leserumfrage-PrimaBueroKlima-2025.jpg\" \/>\n\t<meta property=\"og:image:width\" content=\"1000\" \/>\n\t<meta property=\"og:image:height\" content=\"707\" \/>\n\t<meta property=\"og:image:type\" content=\"image\/jpeg\" \/>\n<meta name=\"author\" content=\"Team-PBK\" \/>\n<meta name=\"twitter:card\" content=\"summary_large_image\" \/>\n<meta name=\"twitter:label1\" content=\"Verfasst von\" \/>\n\t<meta name=\"twitter:data1\" content=\"Team-PBK\" \/>\n\t<meta name=\"twitter:label2\" content=\"Gesch\u00e4tzte Lesezeit\" \/>\n\t<meta name=\"twitter:data2\" content=\"2\u00a0Minuten\" \/>\n<script type=\"application\/ld+json\" class=\"yoast-schema-graph\">{\"@context\":\"https:\\\/\\\/schema.org\",\"@graph\":[{\"@type\":\"Article\",\"@id\":\"https:\\\/\\\/office-roxx.de\\\/primabueroklima\\\/leserumfrage-prima-bueroklima-2025-auf-office-roxx\\\/#article\",\"isPartOf\":{\"@id\":\"https:\\\/\\\/office-roxx.de\\\/primabueroklima\\\/leserumfrage-prima-bueroklima-2025-auf-office-roxx\\\/\"},\"author\":{\"name\":\"Team-PBK\",\"@id\":\"https:\\\/\\\/office-roxx.de\\\/primabueroklima\\\/#\\\/schema\\\/person\\\/aaff4d37a59d78dad48543c1cf5d7b0e\"},\"headline\":\"Leserumfrage \u201ePrima B\u00fcroklima 2025\u201c auf OFFICE ROXX gestartet\",\"datePublished\":\"2025-09-01T05:30:10+00:00\",\"mainEntityOfPage\":{\"@id\":\"https:\\\/\\\/office-roxx.de\\\/primabueroklima\\\/leserumfrage-prima-bueroklima-2025-auf-office-roxx\\\/\"},\"wordCount\":212,\"publisher\":{\"@id\":\"https:\\\/\\\/office-roxx.de\\\/primabueroklima\\\/#organization\"},\"image\":{\"@id\":\"https:\\\/\\\/office-roxx.de\\\/primabueroklima\\\/leserumfrage-prima-bueroklima-2025-auf-office-roxx\\\/#primaryimage\"},\"thumbnailUrl\":\"https:\\\/\\\/office-roxx.de\\\/primabueroklima\\\/wp-content\\\/uploads\\\/2025\\\/07\\\/ORB-Leserumfrage-PrimaBueroKlima-2025.jpg\",\"keywords\":[\"Luftbefeuchtung\",\"Luftreinigung\",\"Lufttemperatur\",\"L\u00fcftung\"],\"inLanguage\":\"de\"},{\"@type\":\"WebPage\",\"@id\":\"https:\\\/\\\/office-roxx.de\\\/primabueroklima\\\/leserumfrage-prima-bueroklima-2025-auf-office-roxx\\\/\",\"url\":\"https:\\\/\\\/office-roxx.de\\\/primabueroklima\\\/leserumfrage-prima-bueroklima-2025-auf-office-roxx\\\/\",\"name\":\"Leserumfrage \u201ePrima B\u00fcroklima 2025\u201c auf OFFICE ROXX gestartet - PRIMAB\u00dcROKLIMA\",\"isPartOf\":{\"@id\":\"https:\\\/\\\/office-roxx.de\\\/primabueroklima\\\/#website\"},\"primaryImageOfPage\":{\"@id\":\"https:\\\/\\\/office-roxx.de\\\/primabueroklima\\\/leserumfrage-prima-bueroklima-2025-auf-office-roxx\\\/#primaryimage\"},\"image\":{\"@id\":\"https:\\\/\\\/office-roxx.de\\\/primabueroklima\\\/leserumfrage-prima-bueroklima-2025-auf-office-roxx\\\/#primaryimage\"},\"thumbnailUrl\":\"https:\\\/\\\/office-roxx.de\\\/primabueroklima\\\/wp-content\\\/uploads\\\/2025\\\/07\\\/ORB-Leserumfrage-PrimaBueroKlima-2025.jpg\",\"datePublished\":\"2025-09-01T05:30:10+00:00\",\"description\":\"Herrscht in B\u00fcros eher \u201edicke\u201c oder gesunde Raumluft vor? Das wollen wir, die Initiative PrimaB\u00fcroKlima, erneut von den OFFICE-ROXX-Lesern wissen.\",\"breadcrumb\":{\"@id\":\"https:\\\/\\\/office-roxx.de\\\/primabueroklima\\\/leserumfrage-prima-bueroklima-2025-auf-office-roxx\\\/#breadcrumb\"},\"inLanguage\":\"de\",\"potentialAction\":[{\"@type\":\"ReadAction\",\"target\":[\"https:\\\/\\\/office-roxx.de\\\/primabueroklima\\\/leserumfrage-prima-bueroklima-2025-auf-office-roxx\\\/\"]}]},{\"@type\":\"ImageObject\",\"inLanguage\":\"de\",\"@id\":\"https:\\\/\\\/office-roxx.de\\\/primabueroklima\\\/leserumfrage-prima-bueroklima-2025-auf-office-roxx\\\/#primaryimage\",\"url\":\"https:\\\/\\\/office-roxx.de\\\/primabueroklima\\\/wp-content\\\/uploads\\\/2025\\\/07\\\/ORB-Leserumfrage-PrimaBueroKlima-2025.jpg\",\"contentUrl\":\"https:\\\/\\\/office-roxx.de\\\/primabueroklima\\\/wp-content\\\/uploads\\\/2025\\\/07\\\/ORB-Leserumfrage-PrimaBueroKlima-2025.jpg\",\"width\":1000,\"height\":707,\"caption\":\"OFFICE-ROXX-Leserumfrage \u201ePrima B\u00fcroklima 2025\u201c. Abbildung: OFFICE ROXX\"},{\"@type\":\"BreadcrumbList\",\"@id\":\"https:\\\/\\\/office-roxx.de\\\/primabueroklima\\\/leserumfrage-prima-bueroklima-2025-auf-office-roxx\\\/#breadcrumb\",\"itemListElement\":[{\"@type\":\"ListItem\",\"position\":1,\"name\":\"Startseite\",\"item\":\"https:\\\/\\\/office-roxx.de\\\/primabueroklima\\\/\"},{\"@type\":\"ListItem\",\"position\":2,\"name\":\"Leserumfrage \u201ePrima B\u00fcroklima 2025\u201c auf OFFICE ROXX gestartet\"}]},{\"@type\":\"WebSite\",\"@id\":\"https:\\\/\\\/office-roxx.de\\\/primabueroklima\\\/#website\",\"url\":\"https:\\\/\\\/office-roxx.de\\\/primabueroklima\\\/\",\"name\":\"PRIMAB\u00dcROKLIMA\",\"description\":\"F\u00fcr eine bessere Luftqualit\u00e4t in Office-Umgebungen\",\"publisher\":{\"@id\":\"https:\\\/\\\/office-roxx.de\\\/primabueroklima\\\/#organization\"},\"potentialAction\":[{\"@type\":\"SearchAction\",\"target\":{\"@type\":\"EntryPoint\",\"urlTemplate\":\"https:\\\/\\\/office-roxx.de\\\/primabueroklima\\\/?s={search_term_string}\"},\"query-input\":{\"@type\":\"PropertyValueSpecification\",\"valueRequired\":true,\"valueName\":\"search_term_string\"}}],\"inLanguage\":\"de\"},{\"@type\":\"Organization\",\"@id\":\"https:\\\/\\\/office-roxx.de\\\/primabueroklima\\\/#organization\",\"name\":\"PRIMAB\u00dcROKLIMA\",\"url\":\"https:\\\/\\\/office-roxx.de\\\/primabueroklima\\\/\",\"logo\":{\"@type\":\"ImageObject\",\"inLanguage\":\"de\",\"@id\":\"https:\\\/\\\/office-roxx.de\\\/primabueroklima\\\/#\\\/schema\\\/logo\\\/image\\\/\",\"url\":\"https:\\\/\\\/office-roxx.de\\\/primabueroklima\\\/wp-content\\\/uploads\\\/2020\\\/09\\\/Prima-Klima-Logo_Farbe_beschn.jpg\",\"contentUrl\":\"https:\\\/\\\/office-roxx.de\\\/primabueroklima\\\/wp-content\\\/uploads\\\/2020\\\/09\\\/Prima-Klima-Logo_Farbe_beschn.jpg\",\"width\":1000,\"height\":675,\"caption\":\"PRIMAB\u00dcROKLIMA\"},\"image\":{\"@id\":\"https:\\\/\\\/office-roxx.de\\\/primabueroklima\\\/#\\\/schema\\\/logo\\\/image\\\/\"}},{\"@type\":\"Person\",\"@id\":\"https:\\\/\\\/office-roxx.de\\\/primabueroklima\\\/#\\\/schema\\\/person\\\/aaff4d37a59d78dad48543c1cf5d7b0e\",\"name\":\"Team-PBK\",\"image\":{\"@type\":\"ImageObject\",\"inLanguage\":\"de\",\"@id\":\"https:\\\/\\\/secure.gravatar.com\\\/avatar\\\/e7f38084968dcbb88b923f48395eb5ec7c3ad3102c6db95eccceb504d4317f39?s=96&d=mm&r=g\",\"url\":\"https:\\\/\\\/secure.gravatar.com\\\/avatar\\\/e7f38084968dcbb88b923f48395eb5ec7c3ad3102c6db95eccceb504d4317f39?s=96&d=mm&r=g\",\"contentUrl\":\"https:\\\/\\\/secure.gravatar.com\\\/avatar\\\/e7f38084968dcbb88b923f48395eb5ec7c3ad3102c6db95eccceb504d4317f39?s=96&d=mm&r=g\",\"caption\":\"Team-PBK\"},\"sameAs\":[\"https:\\\/\\\/office-roxx.de\\\/primabueroklima\"],\"url\":\"https:\\\/\\\/office-roxx.de\\\/primabueroklima\\\/author\\\/team-pbk\\\/\"}]}<\/script>\n<!-- \/ Yoast SEO plugin. -->","yoast_head_json":{"title":"Leserumfrage \u201ePrima B\u00fcroklima 2025\u201c auf OFFICE ROXX gestartet - PRIMAB\u00dcROKLIMA","description":"Herrscht in B\u00fcros eher \u201edicke\u201c oder gesunde Raumluft vor? Das wollen wir, die Initiative PrimaB\u00fcroKlima, erneut von den OFFICE-ROXX-Lesern wissen.","robots":{"index":"index","follow":"follow","max-snippet":"max-snippet:-1","max-image-preview":"max-image-preview:large","max-video-preview":"max-video-preview:-1"},"canonical":"https:\/\/office-roxx.de\/primabueroklima\/leserumfrage-prima-bueroklima-2025-auf-office-roxx\/","og_locale":"de_DE","og_type":"article","og_title":"Leserumfrage \u201ePrima B\u00fcroklima 2025\u201c auf OFFICE ROXX gestartet - PRIMAB\u00dcROKLIMA","og_description":"Herrscht in B\u00fcros eher \u201edicke\u201c oder gesunde Raumluft vor? Das wollen wir, die Initiative PrimaB\u00fcroKlima, erneut von den OFFICE-ROXX-Lesern wissen.","og_url":"https:\/\/office-roxx.de\/primabueroklima\/leserumfrage-prima-bueroklima-2025-auf-office-roxx\/","og_site_name":"PRIMAB\u00dcROKLIMA","article_published_time":"2025-09-01T05:30:10+00:00","og_image":[{"width":1000,"height":707,"url":"https:\/\/office-roxx.de\/primabueroklima\/wp-content\/uploads\/2025\/07\/ORB-Leserumfrage-PrimaBueroKlima-2025.jpg","type":"image\/jpeg"}],"author":"Team-PBK","twitter_card":"summary_large_image","twitter_misc":{"Verfasst von":"Team-PBK","Gesch\u00e4tzte Lesezeit":"2\u00a0Minuten"},"schema":{"@context":"https:\/\/schema.org","@graph":[{"@type":"Article","@id":"https:\/\/office-roxx.de\/primabueroklima\/leserumfrage-prima-bueroklima-2025-auf-office-roxx\/#article","isPartOf":{"@id":"https:\/\/office-roxx.de\/primabueroklima\/leserumfrage-prima-bueroklima-2025-auf-office-roxx\/"},"author":{"name":"Team-PBK","@id":"https:\/\/office-roxx.de\/primabueroklima\/#\/schema\/person\/aaff4d37a59d78dad48543c1cf5d7b0e"},"headline":"Leserumfrage \u201ePrima B\u00fcroklima 2025\u201c auf OFFICE ROXX gestartet","datePublished":"2025-09-01T05:30:10+00:00","mainEntityOfPage":{"@id":"https:\/\/office-roxx.de\/primabueroklima\/leserumfrage-prima-bueroklima-2025-auf-office-roxx\/"},"wordCount":212,"publisher":{"@id":"https:\/\/office-roxx.de\/primabueroklima\/#organization"},"image":{"@id":"https:\/\/office-roxx.de\/primabueroklima\/leserumfrage-prima-bueroklima-2025-auf-office-roxx\/#primaryimage"},"thumbnailUrl":"https:\/\/office-roxx.de\/primabueroklima\/wp-content\/uploads\/2025\/07\/ORB-Leserumfrage-PrimaBueroKlima-2025.jpg","keywords":["Luftbefeuchtung","Luftreinigung","Lufttemperatur","L\u00fcftung"],"inLanguage":"de"},{"@type":"WebPage","@id":"https:\/\/office-roxx.de\/primabueroklima\/leserumfrage-prima-bueroklima-2025-auf-office-roxx\/","url":"https:\/\/office-roxx.de\/primabueroklima\/leserumfrage-prima-bueroklima-2025-auf-office-roxx\/","name":"Leserumfrage \u201ePrima B\u00fcroklima 2025\u201c auf OFFICE ROXX gestartet - PRIMAB\u00dcROKLIMA","isPartOf":{"@id":"https:\/\/office-roxx.de\/primabueroklima\/#website"},"primaryImageOfPage":{"@id":"https:\/\/office-roxx.de\/primabueroklima\/leserumfrage-prima-bueroklima-2025-auf-office-roxx\/#primaryimage"},"image":{"@id":"https:\/\/office-roxx.de\/primabueroklima\/leserumfrage-prima-bueroklima-2025-auf-office-roxx\/#primaryimage"},"thumbnailUrl":"https:\/\/office-roxx.de\/primabueroklima\/wp-content\/uploads\/2025\/07\/ORB-Leserumfrage-PrimaBueroKlima-2025.jpg","datePublished":"2025-09-01T05:30:10+00:00","description":"Herrscht in B\u00fcros eher \u201edicke\u201c oder gesunde Raumluft vor? Das wollen wir, die Initiative PrimaB\u00fcroKlima, erneut von den OFFICE-ROXX-Lesern wissen.","breadcrumb":{"@id":"https:\/\/office-roxx.de\/primabueroklima\/leserumfrage-prima-bueroklima-2025-auf-office-roxx\/#breadcrumb"},"inLanguage":"de","potentialAction":[{"@type":"ReadAction","target":["https:\/\/office-roxx.de\/primabueroklima\/leserumfrage-prima-bueroklima-2025-auf-office-roxx\/"]}]},{"@type":"ImageObject","inLanguage":"de","@id":"https:\/\/office-roxx.de\/primabueroklima\/leserumfrage-prima-bueroklima-2025-auf-office-roxx\/#primaryimage","url":"https:\/\/office-roxx.de\/primabueroklima\/wp-content\/uploads\/2025\/07\/ORB-Leserumfrage-PrimaBueroKlima-2025.jpg","contentUrl":"https:\/\/office-roxx.de\/primabueroklima\/wp-content\/uploads\/2025\/07\/ORB-Leserumfrage-PrimaBueroKlima-2025.jpg","width":1000,"height":707,"caption":"OFFICE-ROXX-Leserumfrage \u201ePrima B\u00fcroklima 2025\u201c. Abbildung: OFFICE ROXX"},{"@type":"BreadcrumbList","@id":"https:\/\/office-roxx.de\/primabueroklima\/leserumfrage-prima-bueroklima-2025-auf-office-roxx\/#breadcrumb","itemListElement":[{"@type":"ListItem","position":1,"name":"Startseite","item":"https:\/\/office-roxx.de\/primabueroklima\/"},{"@type":"ListItem","position":2,"name":"Leserumfrage \u201ePrima B\u00fcroklima 2025\u201c auf OFFICE ROXX gestartet"}]},{"@type":"WebSite","@id":"https:\/\/office-roxx.de\/primabueroklima\/#website","url":"https:\/\/office-roxx.de\/primabueroklima\/","name":"PRIMAB\u00dcROKLIMA","description":"F\u00fcr eine bessere Luftqualit\u00e4t in Office-Umgebungen","publisher":{"@id":"https:\/\/office-roxx.de\/primabueroklima\/#organization"},"potentialAction":[{"@type":"SearchAction","target":{"@type":"EntryPoint","urlTemplate":"https:\/\/office-roxx.de\/primabueroklima\/?s={search_term_string}"},"query-input":{"@type":"PropertyValueSpecification","valueRequired":true,"valueName":"search_term_string"}}],"inLanguage":"de"},{"@type":"Organization","@id":"https:\/\/office-roxx.de\/primabueroklima\/#organization","name":"PRIMAB\u00dcROKLIMA","url":"https:\/\/office-roxx.de\/primabueroklima\/","logo":{"@type":"ImageObject","inLanguage":"de","@id":"https:\/\/office-roxx.de\/primabueroklima\/#\/schema\/logo\/image\/","url":"https:\/\/office-roxx.de\/primabueroklima\/wp-content\/uploads\/2020\/09\/Prima-Klima-Logo_Farbe_beschn.jpg","contentUrl":"https:\/\/office-roxx.de\/primabueroklima\/wp-content\/uploads\/2020\/09\/Prima-Klima-Logo_Farbe_beschn.jpg","width":1000,"height":675,"caption":"PRIMAB\u00dcROKLIMA"},"image":{"@id":"https:\/\/office-roxx.de\/primabueroklima\/#\/schema\/logo\/image\/"}},{"@type":"Person","@id":"https:\/\/office-roxx.de\/primabueroklima\/#\/schema\/person\/aaff4d37a59d78dad48543c1cf5d7b0e","name":"Team-PBK","image":{"@type":"ImageObject","inLanguage":"de","@id":"https:\/\/secure.gravatar.com\/avatar\/e7f38084968dcbb88b923f48395eb5ec7c3ad3102c6db95eccceb504d4317f39?s=96&d=mm&r=g","url":"https:\/\/secure.gravatar.com\/avatar\/e7f38084968dcbb88b923f48395eb5ec7c3ad3102c6db95eccceb504d4317f39?s=96&d=mm&r=g","contentUrl":"https:\/\/secure.gravatar.com\/avatar\/e7f38084968dcbb88b923f48395eb5ec7c3ad3102c6db95eccceb504d4317f39?s=96&d=mm&r=g","caption":"Team-PBK"},"sameAs":["https:\/\/office-roxx.de\/primabueroklima"],"url":"https:\/\/office-roxx.de\/primabueroklima\/author\/team-pbk\/"}]}},"_links":{"self":[{"href":"https:\/\/office-roxx.de\/primabueroklima\/wp-json\/wp\/v2\/posts\/2372","targetHints":{"allow":["GET"]}}],"collection":[{"href":"https:\/\/office-roxx.de\/primabueroklima\/wp-json\/wp\/v2\/posts"}],"about":[{"href":"https:\/\/office-roxx.de\/primabueroklima\/wp-json\/wp\/v2\/types\/post"}],"author":[{"embeddable":true,"href":"https:\/\/office-roxx.de\/primabueroklima\/wp-json\/wp\/v2\/users\/1"}],"replies":[{"embeddable":true,"href":"https:\/\/office-roxx.de\/primabueroklima\/wp-json\/wp\/v2\/comments?post=2372"}],"version-history":[{"count":5,"href":"https:\/\/office-roxx.de\/primabueroklima\/wp-json\/wp\/v2\/posts\/2372\/revisions"}],"predecessor-version":[{"id":2386,"href":"https:\/\/office-roxx.de\/primabueroklima\/wp-json\/wp\/v2\/posts\/2372\/revisions\/2386"}],"wp:featuredmedia":[{"embeddable":true,"href":"https:\/\/office-roxx.de\/primabueroklima\/wp-json\/wp\/v2\/media\/2373"}],"wp:attachment":[{"href":"https:\/\/office-roxx.de\/primabueroklima\/wp-json\/wp\/v2\/media?parent=2372"}],"wp:term":[{"taxonomy":"category","embeddable":true,"href":"https:\/\/office-roxx.de\/primabueroklima\/wp-json\/wp\/v2\/categories?post=2372"},{"taxonomy":"post_tag","embeddable":true,"href":"https:\/\/office-roxx.de\/primabueroklima\/wp-json\/wp\/v2\/tags?post=2372"}],"curies":[{"name":"wp","href":"https:\/\/api.w.org\/{rel}","templated":true}]}}