{"id":2268,"date":"2025-04-14T07:30:13","date_gmt":"2025-04-14T05:30:13","guid":{"rendered":"https:\/\/office-roxx.de\/primabueroklima\/?p=2268"},"modified":"2025-03-28T09:13:09","modified_gmt":"2025-03-28T08:13:09","slug":"gesundes-arbeiten-im-buero-licht-und-luft-fuer-mehr-wohlbefinden","status":"publish","type":"post","link":"https:\/\/office-roxx.de\/primabueroklima\/gesundes-arbeiten-im-buero-licht-und-luft-fuer-mehr-wohlbefinden\/","title":{"rendered":"Gesundes Arbeiten im B\u00fcro: Licht und Luft f\u00fcr mehr Wohlbefinden"},"content":{"rendered":"<p>Licht und Luft beein\u00adflus\u00adsen das Wohl\u00adbe\u00adfin\u00adden der Mit\u00adar\u00adbei\u00adten\u00adden im B\u00fcro ma\u00df\u00adgeb\u00adlich. Smar\u00adte L\u00fcf\u00adtungs\u00adsys\u00adte\u00adme und intel\u00adli\u00adgen\u00adte Archi\u00adtek\u00adtur f\u00f6r\u00addern gesun\u00adde Arbeits\u00adbe\u00addin\u00adgun\u00adgen. Peter Ska\u00adla von der Platt\u00adform Mei\u00adne\u00adRaum\u00adluft gibt Tipps f\u00fcr ein bes\u00adse\u00adres B\u00fcroklima.<\/p>\n<p><!--more--><\/p>\n<div class=\"mceTemp\"><\/div>\n<figure id=\"attachment_2270\" aria-describedby=\"caption-attachment-2270\" style=\"width: 600px\" class=\"wp-caption aligncenter\"><img loading=\"lazy\" decoding=\"async\" class=\"wp-image-2270 ml-lightbox-enabled\" src=\"https:\/\/office-roxx.de\/primabueroklima\/wp-content\/uploads\/2025\/03\/Grossraumbuero-JJFarquitectos-Depositphotos-624277752-XL.jpg\" alt=\"Tageslicht und frische Luft spielen eine zentrale Rolle f\u00fcr ein gesundes B\u00fcroklima. Abbildung: JJFarquitectos, Depositphotos\" width=\"600\" height=\"401\" srcset=\"https:\/\/office-roxx.de\/primabueroklima\/wp-content\/uploads\/2025\/03\/Grossraumbuero-JJFarquitectos-Depositphotos-624277752-XL.jpg 1000w, https:\/\/office-roxx.de\/primabueroklima\/wp-content\/uploads\/2025\/03\/Grossraumbuero-JJFarquitectos-Depositphotos-624277752-XL-300x200.jpg 300w, https:\/\/office-roxx.de\/primabueroklima\/wp-content\/uploads\/2025\/03\/Grossraumbuero-JJFarquitectos-Depositphotos-624277752-XL-768x513.jpg 768w\" sizes=\"auto, (max-width: 600px) 100vw, 600px\"><figcaption id=\"caption-attachment-2270\" class=\"wp-caption-text\">Tages\u00adlicht und fri\u00adsche Luft spie\u00adlen eine zen\u00adtra\u00adle Rol\u00adle f\u00fcr ein gesun\u00addes B\u00fcro\u00adkli\u00adma. Abbil\u00addung: JJFar\u00adqui\u00adtec\u00adtos, Depositphotos<\/figcaption><\/figure>\n<h2>#1 Mehr Energie und Produktivit\u00e4t durch Licht und&nbsp;Luft<\/h2>\n<p>Tages\u00adlicht und gute Luft\u00adqua\u00adli\u00adt\u00e4t tra\u00adgen wesent\u00adlich zu einem gesun\u00adden Arbeits\u00adum\u00adfeld bei. Licht regu\u00adliert den Bio\u00adrhyth\u00admus, f\u00f6r\u00addert die Bil\u00addung von Vit\u00adamin D und ver\u00adbes\u00adsert die Kon\u00adzen\u00adtra\u00adti\u00adon. Fri\u00adsche Luft ver\u00adsorgt das Gehirn mit Sau\u00ader\u00adstoff, redu\u00adziert Schad\u00adstof\u00adfe und beugt M\u00fcdig\u00adkeit und Kopf\u00adschmer\u00adzen vor. Ein opti\u00adma\u00adles Zusam\u00admen\u00adspiel die\u00adser Fak\u00adto\u00adren f\u00f6r\u00addert die Leis\u00adtungs\u00adf\u00e4\u00adhig\u00adkeit, senkt den Stress\u00adpe\u00adgel und stei\u00adgert das all\u00adge\u00admei\u00adne Wohl\u00adbe\u00adfin\u00adden im&nbsp;B\u00fcro.<\/p>\n<h2>#2 Smarte L\u00fcftungssysteme f\u00fcr ein optimales Raumklima<\/h2>\n<p>Moder\u00adne B\u00fcro\u00adge\u00adb\u00e4u\u00adde set\u00adzen zuneh\u00admend auf intel\u00adli\u00adgen\u00adte L\u00fcf\u00adtungs\u00adsys\u00adte\u00adme, die die Luft\u00adqua\u00adli\u00adt\u00e4t kon\u00adti\u00adnu\u00adier\u00adlich \u00fcber\u00adwa\u00adchen und auto\u00adma\u00adtisch regeln. Sie mes\u00adsen CO2-Wer\u00adte, Tem\u00adpe\u00adra\u00adtur und Luft\u00adfeuch\u00adtig\u00adkeit und pas\u00adsen die L\u00fcf\u00adtung ent\u00adspre\u00adchend an. Eine zeit\u00adge\u00adsteu\u00ader\u00adte Sto\u00df\u00adl\u00fcf\u00adtung sorgt gezielt f\u00fcr fri\u00adsche Luft, ohne dass die Fens\u00adter ge\u00f6ff\u00adnet wer\u00adden m\u00fcs\u00adsen \u2013 ide\u00adal f\u00fcr Gro\u00df\u00adraum\u00adb\u00fc\u00adros. Zudem nut\u00adzen die\u00adse Sys\u00adte\u00adme die k\u00fch\u00adle\u00adren Nacht\u00adtem\u00adpe\u00adra\u00adtu\u00adren zum ener\u00adgie\u00adef\u00adfi\u00adzi\u00aden\u00adten L\u00fcf\u00adten. Beson\u00adders f\u00fcr All\u00ader\u00adgi\u00adker bie\u00adten sie Vor\u00adtei\u00adle, da sie Pol\u00adlen und Staub fil\u00adtern und so das Arbei\u00adten ange\u00adneh\u00admer machen.<\/p>\n<h2>#3 Architektur als Schl\u00fcssel zu einer besseren B\u00fcroatmosph\u00e4re<\/h2>\n<p>Moder\u00adne B\u00fcro\u00adar\u00adchi\u00adtek\u00adtur ber\u00fcck\u00adsich\u00adtigt Licht- und Luft\u00adstr\u00f6\u00adme bereits in der Pla\u00adnungs\u00adpha\u00adse. Gro\u00ad\u00dfe Fens\u00adter und offe\u00adne Grund\u00adris\u00adse sor\u00adgen f\u00fcr mehr Tages\u00adlicht und bes\u00adse\u00adre Luft\u00adzir\u00adku\u00adla\u00adti\u00adon. Durch Quer\u00adl\u00fcf\u00adtung und geziel\u00adte Fens\u00adter\u00adan\u00adord\u00adnung kann die Frisch\u00adluft\u00adzu\u00adfuhr ver\u00adbes\u00adsert wer\u00adden. Dach\u00adfor\u00admen und Fas\u00adsa\u00adden\u00adkon\u00adstruk\u00adtio\u00adnen k\u00f6n\u00adnen hel\u00adfen, \u00dcber\u00adhit\u00adzung im Som\u00admer zu ver\u00admei\u00adden und im Win\u00adter das Son\u00adnen\u00adlicht opti\u00admal zu nutzen.<\/p>\n<h2>#4 Nachhaltiges Umdenken f\u00fcr die Zukunft des&nbsp;B\u00fcros<\/h2>\n<p>Der Kli\u00adma\u00adwan\u00addel erfor\u00addert ein Umden\u00adken beim Bau von B\u00fcro\u00adge\u00adb\u00e4u\u00adden. Stan\u00adden fr\u00fc\u00adher funk\u00adtio\u00adna\u00adle Mate\u00adria\u00adli\u00aden und sp\u00e4\u00adter intel\u00adli\u00adgen\u00adte Tech\u00adno\u00adlo\u00adgien im Vor\u00adder\u00adgrund, geht es heu\u00adte um eine nach\u00adhal\u00adti\u00adge Balan\u00adce. Ziel ist es, ein kom\u00adfor\u00adta\u00adbles und gesun\u00addes Arbeits\u00adum\u00adfeld zu schaf\u00adfen, das gleich\u00adzei\u00adtig kli\u00adma\u00adfreund\u00adlich&nbsp;ist.<\/p>\n<table style=\"height: 269px;\" width=\"542\">\n<tbody>\n<tr>\n<td>\n<figure id=\"attachment_2269\" aria-describedby=\"caption-attachment-2269\" style=\"width: 300px\" class=\"wp-caption alignleft\"><img loading=\"lazy\" decoding=\"async\" class=\"wp-image-2269\" src=\"https:\/\/office-roxx.de\/primabueroklima\/wp-content\/uploads\/2025\/03\/Peter-Skala-ubKSchiffl-9085.jpg\" alt=\"Peter Skala, Initiator und Sprecher von MeineRaumluft. Abbildung: Katharina Schiffl\" width=\"300\" height=\"200\" srcset=\"https:\/\/office-roxx.de\/primabueroklima\/wp-content\/uploads\/2025\/03\/Peter-Skala-ubKSchiffl-9085.jpg 1000w, https:\/\/office-roxx.de\/primabueroklima\/wp-content\/uploads\/2025\/03\/Peter-Skala-ubKSchiffl-9085-300x200.jpg 300w, https:\/\/office-roxx.de\/primabueroklima\/wp-content\/uploads\/2025\/03\/Peter-Skala-ubKSchiffl-9085-768x512.jpg 768w\" sizes=\"auto, (max-width: 300px) 100vw, 300px\"><figcaption id=\"caption-attachment-2269\" class=\"wp-caption-text\">Abbil\u00addung: Katha\u00adri\u00adna Schiffl<\/figcaption><\/figure>\n<p><strong>Peter Ska\u00adla,<\/strong><\/p>\n<p>Initia\u00adtor und Sprecher,<br>\nMeineRaumluft.<\/p>\n<p><a href=\"https:\/\/www.meineraumluft.at\/\" target=\"_blank\" rel=\"noopener\">meineraumluft.at<\/a><\/p><\/td>\n<\/tr>\n<\/tbody>\n<\/table>\n","protected":false},"excerpt":{"rendered":"<p>Licht und Luft beein\u00adflus\u00adsen das Wohl\u00adbe\u00adfin\u00adden der Mit\u00adar\u00adbei\u00adten\u00adden im B\u00fcro ma\u00df\u00adgeb\u00adlich. Smar\u00adte L\u00fcf\u00adtungs\u00adsys\u00adte\u00adme und intel\u00adli\u00adgen\u00adte Archi\u00adtek\u00adtur f\u00f6r\u00addern gesun\u00adde Arbeits\u00adbe\u00addin\u00adgun\u00adgen. Peter Ska\u00adla von der Platt\u00adform Mei\u00adne\u00adRaum\u00adluft gibt Tipps f\u00fcr ein bes\u00adse\u00adres B\u00fcroklima.<\/p>\n","protected":false},"author":1,"featured_media":2270,"comment_status":"closed","ping_status":"closed","sticky":false,"template":"","format":"standard","meta":{"wp_typography_post_enhancements_disabled":false,"footnotes":""},"categories":[1],"tags":[12],"class_list":["post-2268","post","type-post","status-publish","format-standard","has-post-thumbnail","hentry","category-allgemein","tag-lueftung"],"yoast_head":"<!-- This site is optimized with the Yoast SEO plugin v27.3 - https:\/\/yoast.com\/product\/yoast-seo-wordpress\/ -->\n<title>Gesundes Arbeiten im B\u00fcro: Licht und Luft f\u00fcr mehr Wohlbefinden - PRIMAB\u00dcROKLIMA<\/title>\n<meta name=\"description\" content=\"Ein angenehmes B\u00fcroklima ist entscheidend f\u00fcr Gesundheit, Konzentration und Produktivit\u00e4t. Experte Peter Skala gibt wertvolle Einblicke.\" \/>\n<meta name=\"robots\" content=\"index, follow, max-snippet:-1, max-image-preview:large, max-video-preview:-1\" \/>\n<link rel=\"canonical\" href=\"https:\/\/office-roxx.de\/primabueroklima\/gesundes-arbeiten-im-buero-licht-und-luft-fuer-mehr-wohlbefinden\/\" \/>\n<meta property=\"og:locale\" content=\"de_DE\" \/>\n<meta property=\"og:type\" content=\"article\" \/>\n<meta property=\"og:title\" content=\"Gesundes Arbeiten im B\u00fcro: Licht und Luft f\u00fcr mehr Wohlbefinden - PRIMAB\u00dcROKLIMA\" \/>\n<meta property=\"og:description\" content=\"Ein angenehmes B\u00fcroklima ist entscheidend f\u00fcr Gesundheit, Konzentration und Produktivit\u00e4t. Experte Peter Skala gibt wertvolle Einblicke.\" \/>\n<meta property=\"og:url\" content=\"https:\/\/office-roxx.de\/primabueroklima\/gesundes-arbeiten-im-buero-licht-und-luft-fuer-mehr-wohlbefinden\/\" \/>\n<meta property=\"og:site_name\" content=\"PRIMAB\u00dcROKLIMA\" \/>\n<meta property=\"article:published_time\" content=\"2025-04-14T05:30:13+00:00\" \/>\n<meta property=\"og:image\" content=\"https:\/\/office-roxx.de\/primabueroklima\/wp-content\/uploads\/2025\/03\/Grossraumbuero-JJFarquitectos-Depositphotos-624277752-XL.jpg\" \/>\n\t<meta property=\"og:image:width\" content=\"1000\" \/>\n\t<meta property=\"og:image:height\" content=\"668\" \/>\n\t<meta property=\"og:image:type\" content=\"image\/jpeg\" \/>\n<meta name=\"author\" content=\"Team-PBK\" \/>\n<meta name=\"twitter:card\" content=\"summary_large_image\" \/>\n<meta name=\"twitter:label1\" content=\"Verfasst von\" \/>\n\t<meta name=\"twitter:data1\" content=\"Team-PBK\" \/>\n\t<meta name=\"twitter:label2\" content=\"Gesch\u00e4tzte Lesezeit\" \/>\n\t<meta name=\"twitter:data2\" content=\"3\u00a0Minuten\" \/>\n<script type=\"application\/ld+json\" class=\"yoast-schema-graph\">{\"@context\":\"https:\\\/\\\/schema.org\",\"@graph\":[{\"@type\":\"Article\",\"@id\":\"https:\\\/\\\/office-roxx.de\\\/primabueroklima\\\/gesundes-arbeiten-im-buero-licht-und-luft-fuer-mehr-wohlbefinden\\\/#article\",\"isPartOf\":{\"@id\":\"https:\\\/\\\/office-roxx.de\\\/primabueroklima\\\/gesundes-arbeiten-im-buero-licht-und-luft-fuer-mehr-wohlbefinden\\\/\"},\"author\":{\"name\":\"Team-PBK\",\"@id\":\"https:\\\/\\\/office-roxx.de\\\/primabueroklima\\\/#\\\/schema\\\/person\\\/aaff4d37a59d78dad48543c1cf5d7b0e\"},\"headline\":\"Gesundes Arbeiten im B\u00fcro: Licht und Luft f\u00fcr mehr Wohlbefinden\",\"datePublished\":\"2025-04-14T05:30:13+00:00\",\"mainEntityOfPage\":{\"@id\":\"https:\\\/\\\/office-roxx.de\\\/primabueroklima\\\/gesundes-arbeiten-im-buero-licht-und-luft-fuer-mehr-wohlbefinden\\\/\"},\"wordCount\":382,\"publisher\":{\"@id\":\"https:\\\/\\\/office-roxx.de\\\/primabueroklima\\\/#organization\"},\"image\":{\"@id\":\"https:\\\/\\\/office-roxx.de\\\/primabueroklima\\\/gesundes-arbeiten-im-buero-licht-und-luft-fuer-mehr-wohlbefinden\\\/#primaryimage\"},\"thumbnailUrl\":\"https:\\\/\\\/office-roxx.de\\\/primabueroklima\\\/wp-content\\\/uploads\\\/2025\\\/03\\\/Grossraumbuero-JJFarquitectos-Depositphotos-624277752-XL.jpg\",\"keywords\":[\"L\u00fcftung\"],\"inLanguage\":\"de\"},{\"@type\":\"WebPage\",\"@id\":\"https:\\\/\\\/office-roxx.de\\\/primabueroklima\\\/gesundes-arbeiten-im-buero-licht-und-luft-fuer-mehr-wohlbefinden\\\/\",\"url\":\"https:\\\/\\\/office-roxx.de\\\/primabueroklima\\\/gesundes-arbeiten-im-buero-licht-und-luft-fuer-mehr-wohlbefinden\\\/\",\"name\":\"Gesundes Arbeiten im B\u00fcro: Licht und Luft f\u00fcr mehr Wohlbefinden - PRIMAB\u00dcROKLIMA\",\"isPartOf\":{\"@id\":\"https:\\\/\\\/office-roxx.de\\\/primabueroklima\\\/#website\"},\"primaryImageOfPage\":{\"@id\":\"https:\\\/\\\/office-roxx.de\\\/primabueroklima\\\/gesundes-arbeiten-im-buero-licht-und-luft-fuer-mehr-wohlbefinden\\\/#primaryimage\"},\"image\":{\"@id\":\"https:\\\/\\\/office-roxx.de\\\/primabueroklima\\\/gesundes-arbeiten-im-buero-licht-und-luft-fuer-mehr-wohlbefinden\\\/#primaryimage\"},\"thumbnailUrl\":\"https:\\\/\\\/office-roxx.de\\\/primabueroklima\\\/wp-content\\\/uploads\\\/2025\\\/03\\\/Grossraumbuero-JJFarquitectos-Depositphotos-624277752-XL.jpg\",\"datePublished\":\"2025-04-14T05:30:13+00:00\",\"description\":\"Ein angenehmes B\u00fcroklima ist entscheidend f\u00fcr Gesundheit, Konzentration und Produktivit\u00e4t. Experte Peter Skala gibt wertvolle Einblicke.\",\"breadcrumb\":{\"@id\":\"https:\\\/\\\/office-roxx.de\\\/primabueroklima\\\/gesundes-arbeiten-im-buero-licht-und-luft-fuer-mehr-wohlbefinden\\\/#breadcrumb\"},\"inLanguage\":\"de\",\"potentialAction\":[{\"@type\":\"ReadAction\",\"target\":[\"https:\\\/\\\/office-roxx.de\\\/primabueroklima\\\/gesundes-arbeiten-im-buero-licht-und-luft-fuer-mehr-wohlbefinden\\\/\"]}]},{\"@type\":\"ImageObject\",\"inLanguage\":\"de\",\"@id\":\"https:\\\/\\\/office-roxx.de\\\/primabueroklima\\\/gesundes-arbeiten-im-buero-licht-und-luft-fuer-mehr-wohlbefinden\\\/#primaryimage\",\"url\":\"https:\\\/\\\/office-roxx.de\\\/primabueroklima\\\/wp-content\\\/uploads\\\/2025\\\/03\\\/Grossraumbuero-JJFarquitectos-Depositphotos-624277752-XL.jpg\",\"contentUrl\":\"https:\\\/\\\/office-roxx.de\\\/primabueroklima\\\/wp-content\\\/uploads\\\/2025\\\/03\\\/Grossraumbuero-JJFarquitectos-Depositphotos-624277752-XL.jpg\",\"width\":1000,\"height\":668,\"caption\":\"Tageslicht und frische Luft spielen eine zentrale Rolle f\u00fcr ein gesundes B\u00fcroklima. Abbildung: JJFarquitectos, Depositphotos\"},{\"@type\":\"BreadcrumbList\",\"@id\":\"https:\\\/\\\/office-roxx.de\\\/primabueroklima\\\/gesundes-arbeiten-im-buero-licht-und-luft-fuer-mehr-wohlbefinden\\\/#breadcrumb\",\"itemListElement\":[{\"@type\":\"ListItem\",\"position\":1,\"name\":\"Startseite\",\"item\":\"https:\\\/\\\/office-roxx.de\\\/primabueroklima\\\/\"},{\"@type\":\"ListItem\",\"position\":2,\"name\":\"Gesundes Arbeiten im B\u00fcro: Licht und Luft f\u00fcr mehr Wohlbefinden\"}]},{\"@type\":\"WebSite\",\"@id\":\"https:\\\/\\\/office-roxx.de\\\/primabueroklima\\\/#website\",\"url\":\"https:\\\/\\\/office-roxx.de\\\/primabueroklima\\\/\",\"name\":\"PRIMAB\u00dcROKLIMA\",\"description\":\"F\u00fcr eine bessere Luftqualit\u00e4t in Office-Umgebungen\",\"publisher\":{\"@id\":\"https:\\\/\\\/office-roxx.de\\\/primabueroklima\\\/#organization\"},\"potentialAction\":[{\"@type\":\"SearchAction\",\"target\":{\"@type\":\"EntryPoint\",\"urlTemplate\":\"https:\\\/\\\/office-roxx.de\\\/primabueroklima\\\/?s={search_term_string}\"},\"query-input\":{\"@type\":\"PropertyValueSpecification\",\"valueRequired\":true,\"valueName\":\"search_term_string\"}}],\"inLanguage\":\"de\"},{\"@type\":\"Organization\",\"@id\":\"https:\\\/\\\/office-roxx.de\\\/primabueroklima\\\/#organization\",\"name\":\"PRIMAB\u00dcROKLIMA\",\"url\":\"https:\\\/\\\/office-roxx.de\\\/primabueroklima\\\/\",\"logo\":{\"@type\":\"ImageObject\",\"inLanguage\":\"de\",\"@id\":\"https:\\\/\\\/office-roxx.de\\\/primabueroklima\\\/#\\\/schema\\\/logo\\\/image\\\/\",\"url\":\"https:\\\/\\\/office-roxx.de\\\/primabueroklima\\\/wp-content\\\/uploads\\\/2020\\\/09\\\/Prima-Klima-Logo_Farbe_beschn.jpg\",\"contentUrl\":\"https:\\\/\\\/office-roxx.de\\\/primabueroklima\\\/wp-content\\\/uploads\\\/2020\\\/09\\\/Prima-Klima-Logo_Farbe_beschn.jpg\",\"width\":1000,\"height\":675,\"caption\":\"PRIMAB\u00dcROKLIMA\"},\"image\":{\"@id\":\"https:\\\/\\\/office-roxx.de\\\/primabueroklima\\\/#\\\/schema\\\/logo\\\/image\\\/\"}},{\"@type\":\"Person\",\"@id\":\"https:\\\/\\\/office-roxx.de\\\/primabueroklima\\\/#\\\/schema\\\/person\\\/aaff4d37a59d78dad48543c1cf5d7b0e\",\"name\":\"Team-PBK\",\"image\":{\"@type\":\"ImageObject\",\"inLanguage\":\"de\",\"@id\":\"https:\\\/\\\/secure.gravatar.com\\\/avatar\\\/e7f38084968dcbb88b923f48395eb5ec7c3ad3102c6db95eccceb504d4317f39?s=96&d=mm&r=g\",\"url\":\"https:\\\/\\\/secure.gravatar.com\\\/avatar\\\/e7f38084968dcbb88b923f48395eb5ec7c3ad3102c6db95eccceb504d4317f39?s=96&d=mm&r=g\",\"contentUrl\":\"https:\\\/\\\/secure.gravatar.com\\\/avatar\\\/e7f38084968dcbb88b923f48395eb5ec7c3ad3102c6db95eccceb504d4317f39?s=96&d=mm&r=g\",\"caption\":\"Team-PBK\"},\"sameAs\":[\"https:\\\/\\\/office-roxx.de\\\/primabueroklima\"],\"url\":\"https:\\\/\\\/office-roxx.de\\\/primabueroklima\\\/author\\\/team-pbk\\\/\"}]}<\/script>\n<!-- \/ Yoast SEO plugin. -->","yoast_head_json":{"title":"Gesundes Arbeiten im B\u00fcro: Licht und Luft f\u00fcr mehr Wohlbefinden - PRIMAB\u00dcROKLIMA","description":"Ein angenehmes B\u00fcroklima ist entscheidend f\u00fcr Gesundheit, Konzentration und Produktivit\u00e4t. Experte Peter Skala gibt wertvolle Einblicke.","robots":{"index":"index","follow":"follow","max-snippet":"max-snippet:-1","max-image-preview":"max-image-preview:large","max-video-preview":"max-video-preview:-1"},"canonical":"https:\/\/office-roxx.de\/primabueroklima\/gesundes-arbeiten-im-buero-licht-und-luft-fuer-mehr-wohlbefinden\/","og_locale":"de_DE","og_type":"article","og_title":"Gesundes Arbeiten im B\u00fcro: Licht und Luft f\u00fcr mehr Wohlbefinden - PRIMAB\u00dcROKLIMA","og_description":"Ein angenehmes B\u00fcroklima ist entscheidend f\u00fcr Gesundheit, Konzentration und Produktivit\u00e4t. Experte Peter Skala gibt wertvolle Einblicke.","og_url":"https:\/\/office-roxx.de\/primabueroklima\/gesundes-arbeiten-im-buero-licht-und-luft-fuer-mehr-wohlbefinden\/","og_site_name":"PRIMAB\u00dcROKLIMA","article_published_time":"2025-04-14T05:30:13+00:00","og_image":[{"width":1000,"height":668,"url":"https:\/\/office-roxx.de\/primabueroklima\/wp-content\/uploads\/2025\/03\/Grossraumbuero-JJFarquitectos-Depositphotos-624277752-XL.jpg","type":"image\/jpeg"}],"author":"Team-PBK","twitter_card":"summary_large_image","twitter_misc":{"Verfasst von":"Team-PBK","Gesch\u00e4tzte Lesezeit":"3\u00a0Minuten"},"schema":{"@context":"https:\/\/schema.org","@graph":[{"@type":"Article","@id":"https:\/\/office-roxx.de\/primabueroklima\/gesundes-arbeiten-im-buero-licht-und-luft-fuer-mehr-wohlbefinden\/#article","isPartOf":{"@id":"https:\/\/office-roxx.de\/primabueroklima\/gesundes-arbeiten-im-buero-licht-und-luft-fuer-mehr-wohlbefinden\/"},"author":{"name":"Team-PBK","@id":"https:\/\/office-roxx.de\/primabueroklima\/#\/schema\/person\/aaff4d37a59d78dad48543c1cf5d7b0e"},"headline":"Gesundes Arbeiten im B\u00fcro: Licht und Luft f\u00fcr mehr Wohlbefinden","datePublished":"2025-04-14T05:30:13+00:00","mainEntityOfPage":{"@id":"https:\/\/office-roxx.de\/primabueroklima\/gesundes-arbeiten-im-buero-licht-und-luft-fuer-mehr-wohlbefinden\/"},"wordCount":382,"publisher":{"@id":"https:\/\/office-roxx.de\/primabueroklima\/#organization"},"image":{"@id":"https:\/\/office-roxx.de\/primabueroklima\/gesundes-arbeiten-im-buero-licht-und-luft-fuer-mehr-wohlbefinden\/#primaryimage"},"thumbnailUrl":"https:\/\/office-roxx.de\/primabueroklima\/wp-content\/uploads\/2025\/03\/Grossraumbuero-JJFarquitectos-Depositphotos-624277752-XL.jpg","keywords":["L\u00fcftung"],"inLanguage":"de"},{"@type":"WebPage","@id":"https:\/\/office-roxx.de\/primabueroklima\/gesundes-arbeiten-im-buero-licht-und-luft-fuer-mehr-wohlbefinden\/","url":"https:\/\/office-roxx.de\/primabueroklima\/gesundes-arbeiten-im-buero-licht-und-luft-fuer-mehr-wohlbefinden\/","name":"Gesundes Arbeiten im B\u00fcro: Licht und Luft f\u00fcr mehr Wohlbefinden - PRIMAB\u00dcROKLIMA","isPartOf":{"@id":"https:\/\/office-roxx.de\/primabueroklima\/#website"},"primaryImageOfPage":{"@id":"https:\/\/office-roxx.de\/primabueroklima\/gesundes-arbeiten-im-buero-licht-und-luft-fuer-mehr-wohlbefinden\/#primaryimage"},"image":{"@id":"https:\/\/office-roxx.de\/primabueroklima\/gesundes-arbeiten-im-buero-licht-und-luft-fuer-mehr-wohlbefinden\/#primaryimage"},"thumbnailUrl":"https:\/\/office-roxx.de\/primabueroklima\/wp-content\/uploads\/2025\/03\/Grossraumbuero-JJFarquitectos-Depositphotos-624277752-XL.jpg","datePublished":"2025-04-14T05:30:13+00:00","description":"Ein angenehmes B\u00fcroklima ist entscheidend f\u00fcr Gesundheit, Konzentration und Produktivit\u00e4t. Experte Peter Skala gibt wertvolle Einblicke.","breadcrumb":{"@id":"https:\/\/office-roxx.de\/primabueroklima\/gesundes-arbeiten-im-buero-licht-und-luft-fuer-mehr-wohlbefinden\/#breadcrumb"},"inLanguage":"de","potentialAction":[{"@type":"ReadAction","target":["https:\/\/office-roxx.de\/primabueroklima\/gesundes-arbeiten-im-buero-licht-und-luft-fuer-mehr-wohlbefinden\/"]}]},{"@type":"ImageObject","inLanguage":"de","@id":"https:\/\/office-roxx.de\/primabueroklima\/gesundes-arbeiten-im-buero-licht-und-luft-fuer-mehr-wohlbefinden\/#primaryimage","url":"https:\/\/office-roxx.de\/primabueroklima\/wp-content\/uploads\/2025\/03\/Grossraumbuero-JJFarquitectos-Depositphotos-624277752-XL.jpg","contentUrl":"https:\/\/office-roxx.de\/primabueroklima\/wp-content\/uploads\/2025\/03\/Grossraumbuero-JJFarquitectos-Depositphotos-624277752-XL.jpg","width":1000,"height":668,"caption":"Tageslicht und frische Luft spielen eine zentrale Rolle f\u00fcr ein gesundes B\u00fcroklima. Abbildung: JJFarquitectos, Depositphotos"},{"@type":"BreadcrumbList","@id":"https:\/\/office-roxx.de\/primabueroklima\/gesundes-arbeiten-im-buero-licht-und-luft-fuer-mehr-wohlbefinden\/#breadcrumb","itemListElement":[{"@type":"ListItem","position":1,"name":"Startseite","item":"https:\/\/office-roxx.de\/primabueroklima\/"},{"@type":"ListItem","position":2,"name":"Gesundes Arbeiten im B\u00fcro: Licht und Luft f\u00fcr mehr Wohlbefinden"}]},{"@type":"WebSite","@id":"https:\/\/office-roxx.de\/primabueroklima\/#website","url":"https:\/\/office-roxx.de\/primabueroklima\/","name":"PRIMAB\u00dcROKLIMA","description":"F\u00fcr eine bessere Luftqualit\u00e4t in Office-Umgebungen","publisher":{"@id":"https:\/\/office-roxx.de\/primabueroklima\/#organization"},"potentialAction":[{"@type":"SearchAction","target":{"@type":"EntryPoint","urlTemplate":"https:\/\/office-roxx.de\/primabueroklima\/?s={search_term_string}"},"query-input":{"@type":"PropertyValueSpecification","valueRequired":true,"valueName":"search_term_string"}}],"inLanguage":"de"},{"@type":"Organization","@id":"https:\/\/office-roxx.de\/primabueroklima\/#organization","name":"PRIMAB\u00dcROKLIMA","url":"https:\/\/office-roxx.de\/primabueroklima\/","logo":{"@type":"ImageObject","inLanguage":"de","@id":"https:\/\/office-roxx.de\/primabueroklima\/#\/schema\/logo\/image\/","url":"https:\/\/office-roxx.de\/primabueroklima\/wp-content\/uploads\/2020\/09\/Prima-Klima-Logo_Farbe_beschn.jpg","contentUrl":"https:\/\/office-roxx.de\/primabueroklima\/wp-content\/uploads\/2020\/09\/Prima-Klima-Logo_Farbe_beschn.jpg","width":1000,"height":675,"caption":"PRIMAB\u00dcROKLIMA"},"image":{"@id":"https:\/\/office-roxx.de\/primabueroklima\/#\/schema\/logo\/image\/"}},{"@type":"Person","@id":"https:\/\/office-roxx.de\/primabueroklima\/#\/schema\/person\/aaff4d37a59d78dad48543c1cf5d7b0e","name":"Team-PBK","image":{"@type":"ImageObject","inLanguage":"de","@id":"https:\/\/secure.gravatar.com\/avatar\/e7f38084968dcbb88b923f48395eb5ec7c3ad3102c6db95eccceb504d4317f39?s=96&d=mm&r=g","url":"https:\/\/secure.gravatar.com\/avatar\/e7f38084968dcbb88b923f48395eb5ec7c3ad3102c6db95eccceb504d4317f39?s=96&d=mm&r=g","contentUrl":"https:\/\/secure.gravatar.com\/avatar\/e7f38084968dcbb88b923f48395eb5ec7c3ad3102c6db95eccceb504d4317f39?s=96&d=mm&r=g","caption":"Team-PBK"},"sameAs":["https:\/\/office-roxx.de\/primabueroklima"],"url":"https:\/\/office-roxx.de\/primabueroklima\/author\/team-pbk\/"}]}},"_links":{"self":[{"href":"https:\/\/office-roxx.de\/primabueroklima\/wp-json\/wp\/v2\/posts\/2268","targetHints":{"allow":["GET"]}}],"collection":[{"href":"https:\/\/office-roxx.de\/primabueroklima\/wp-json\/wp\/v2\/posts"}],"about":[{"href":"https:\/\/office-roxx.de\/primabueroklima\/wp-json\/wp\/v2\/types\/post"}],"author":[{"embeddable":true,"href":"https:\/\/office-roxx.de\/primabueroklima\/wp-json\/wp\/v2\/users\/1"}],"replies":[{"embeddable":true,"href":"https:\/\/office-roxx.de\/primabueroklima\/wp-json\/wp\/v2\/comments?post=2268"}],"version-history":[{"count":4,"href":"https:\/\/office-roxx.de\/primabueroklima\/wp-json\/wp\/v2\/posts\/2268\/revisions"}],"predecessor-version":[{"id":2276,"href":"https:\/\/office-roxx.de\/primabueroklima\/wp-json\/wp\/v2\/posts\/2268\/revisions\/2276"}],"wp:featuredmedia":[{"embeddable":true,"href":"https:\/\/office-roxx.de\/primabueroklima\/wp-json\/wp\/v2\/media\/2270"}],"wp:attachment":[{"href":"https:\/\/office-roxx.de\/primabueroklima\/wp-json\/wp\/v2\/media?parent=2268"}],"wp:term":[{"taxonomy":"category","embeddable":true,"href":"https:\/\/office-roxx.de\/primabueroklima\/wp-json\/wp\/v2\/categories?post=2268"},{"taxonomy":"post_tag","embeddable":true,"href":"https:\/\/office-roxx.de\/primabueroklima\/wp-json\/wp\/v2\/tags?post=2268"}],"curies":[{"name":"wp","href":"https:\/\/api.w.org\/{rel}","templated":true}]}}