{"id":220,"date":"2020-09-01T09:06:44","date_gmt":"2020-09-01T07:06:44","guid":{"rendered":"https:\/\/office-roxx.de\/primabueroklima\/?p=220"},"modified":"2020-11-26T13:48:12","modified_gmt":"2020-11-26T12:48:12","slug":"luftbefeuchtung-gegen-die-verbreitung-von-corona-viren","status":"publish","type":"post","link":"https:\/\/office-roxx.de\/primabueroklima\/luftbefeuchtung-gegen-die-verbreitung-von-corona-viren\/","title":{"rendered":"Luftbefeuchtung gegen Covid-19"},"content":{"rendered":"<p>Die Coro\u00adna-Pan\u00adde\u00admie hat unse\u00adre Welt ver\u00ad\u00e4n\u00addert. Doch noch ist die Gefahr nicht gebannt \u2013 im Moment. Dr. med. Wal\u00adter Hugent\u00ado\u00adbler, pen\u00adsio\u00adnier\u00adter Fach\u00adarzt, h\u00e4lt erg\u00e4n\u00adzend zu den aktu\u00adel\u00adlen Abstands- und Hygie\u00adne\u00adma\u00df\u00adnah\u00admen eine zus\u00e4tz\u00adli\u00adche Luft\u00adbe\u00adfeuch\u00adtung f\u00fcr geeig\u00adnet, um die Aus\u00adbrei\u00adtung des Virus zu reduzieren.<\/p>\n<p><!--more--><\/p>\n<figure id=\"attachment_221\" aria-describedby=\"caption-attachment-221\" style=\"width: 1000px\" class=\"wp-caption aligncenter\"><img loading=\"lazy\" decoding=\"async\" class=\"wp-image-221 size-full ml-lightbox-enabled\" src=\"https:\/\/office-roxx.de\/primabueroklima\/wp-content\/uploads\/2020\/09\/CoronaVirus-Master01-Web-Hugentobler.jpg\" alt=\"Die Sorge vor dem Coronavirus ist gro\u00df: Pr\u00e4ventive Luftbefeuchtung k\u00f6nnte seine Verbreitung deutlich reduzieren. Abbildung: Hugentobler\" width=\"1000\" height=\"300\" srcset=\"https:\/\/office-roxx.de\/primabueroklima\/wp-content\/uploads\/2020\/09\/CoronaVirus-Master01-Web-Hugentobler.jpg 1000w, https:\/\/office-roxx.de\/primabueroklima\/wp-content\/uploads\/2020\/09\/CoronaVirus-Master01-Web-Hugentobler-300x90.jpg 300w, https:\/\/office-roxx.de\/primabueroklima\/wp-content\/uploads\/2020\/09\/CoronaVirus-Master01-Web-Hugentobler-768x230.jpg 768w\" sizes=\"auto, (max-width: 1000px) 100vw, 1000px\"><figcaption id=\"caption-attachment-221\" class=\"wp-caption-text\">Die Sor\u00adge vor dem Coro\u00adna\u00advi\u00adrus ist gro\u00df: Pr\u00e4\u00adven\u00adti\u00adve Luft\u00adbe\u00adfeuch\u00adtung k\u00f6nn\u00adte sei\u00adne Ver\u00adbrei\u00adtung deut\u00adlich redu\u00adzie\u00adren. Abbil\u00addung: Hugentobler<\/figcaption><\/figure>\n<p>Dra\u00adma\u00adti\u00adsche Wochen sind ver\u00adgan\u00adgen, seit die chi\u00adne\u00adsi\u00adsche Gesund\u00adheits\u00adbe\u00adh\u00f6r\u00adde die Welt\u00adge\u00adsund\u00adheits\u00adbe\u00adh\u00f6r\u00adde dar\u00ad\u00fcber infor\u00admiert hat, dass in der Mil\u00adlio\u00adnen\u00adstadt Wuhan geh\u00e4uf\u00adte F\u00e4l\u00adle einer Lun\u00adgen\u00adent\u00adz\u00fcn\u00addung mit unbe\u00adkann\u00adtem Erre\u00adger auf\u00adge\u00adtre\u00adten sind. In k\u00fcr\u00adzes\u00adter Zeit ist die Anzahl der offi\u00adzi\u00adell best\u00e4\u00adtig\u00adten Krank\u00adheits- und Todes\u00adf\u00e4l\u00adle stark ange\u00adstie\u00adgen. Die Ver\u00adbrei\u00adtung des als neu\u00ades Coro\u00adna\u00advi\u00adrus iden\u00adti\u00adfi\u00adzier\u00adten Erre\u00adgers durch Flug\u00adpas\u00adsa\u00adgie\u00adre f\u00fchr\u00adte welt\u00adweit zum Nach\u00adweis von Erkran\u00adkun\u00adgen. Am 30. Janu\u00adar 2020 hat die WHO den inter\u00adna\u00adtio\u00adna\u00adlen Gesund\u00adheits\u00adnot\u00adstand erkl\u00e4rt.<\/p>\n<h2>Grippale Symptome bei einem Teil der Betroffenen<\/h2>\n<p>Die bis heu\u00adte ergrif\u00adfe\u00adnen Ma\u00df\u00adnah\u00admen gegen die Ver\u00adbrei\u00adtung des Virus sind bei\u00adspiel\u00adlos in der neue\u00adren Geschich\u00adte der Epi\u00adde\u00admie- und Pan\u00adde\u00admie\u00adbe\u00adk\u00e4mp\u00adfung. Ihre Wir\u00adkun\u00adgen und m\u00f6g\u00adli\u00adche Neben\u00adwir\u00adkun\u00adgen k\u00f6n\u00adnen aktu\u00adell noch nicht abge\u00adsch\u00e4tzt werden.<\/p>\n<figure id=\"attachment_224\" aria-describedby=\"caption-attachment-224\" style=\"width: 1000px\" class=\"wp-caption aligncenter\"><img loading=\"lazy\" decoding=\"async\" class=\"wp-image-224 size-full ml-lightbox-enabled\" src=\"https:\/\/office-roxx.de\/primabueroklima\/wp-content\/uploads\/2020\/09\/Hogentobler1.jpg\" alt=\"Eine geringe Luftfeuchtigkeit von 20 bis 40 Prozent \u2013 wie beim Heizen im Winterhalbjahr \u00fcblich \u2013 beg\u00fcnstigt die Ansteckung. Abbildung: Hugentobler\" width=\"1000\" height=\"663\" srcset=\"https:\/\/office-roxx.de\/primabueroklima\/wp-content\/uploads\/2020\/09\/Hogentobler1.jpg 1000w, https:\/\/office-roxx.de\/primabueroklima\/wp-content\/uploads\/2020\/09\/Hogentobler1-300x199.jpg 300w, https:\/\/office-roxx.de\/primabueroklima\/wp-content\/uploads\/2020\/09\/Hogentobler1-768x509.jpg 768w\" sizes=\"auto, (max-width: 1000px) 100vw, 1000px\"><figcaption id=\"caption-attachment-224\" class=\"wp-caption-text\">Eine gerin\u00adge Luft\u00adfeuch\u00adtig\u00adkeit von 20 bis 40 Pro\u00adzent \u2013 wie beim Hei\u00adzen im Win\u00adter\u00adhalb\u00adjahr \u00fcblich \u2013 beg\u00fcns\u00adtigt die Anste\u00adckung. Abbil\u00addung: Hugentobler<\/figcaption><\/figure>\n<p>Das neue Coro\u00adna\u00advi\u00adrus, des\u00adsen gene\u00adti\u00adscher Code schnell ent\u00adzif\u00adfert und offen kom\u00admu\u00adni\u00adziert wur\u00adde, ist nahe ver\u00adwandt mit dem SARS-Virus. Labo\u00adra\u00adto\u00adri\u00aden welt\u00adweit konn\u00adten mit die\u00adsen Infor\u00adma\u00adtio\u00adnen Tests f\u00fcr den Virus\u00adnach\u00adweis ent\u00adwi\u00adckeln. Das Virus soll auf einem offe\u00adnen Fleisch\u00admarkt in Wuhan, auf dem auch leben\u00adde Wild\u00adtie\u00adre ange\u00adbo\u00adten wer\u00adden, auf Men\u00adschen \u00fcber\u00adtra\u00adgen wor\u00adden sein und ver\u00adbrei\u00adtet sich nun von Mensch zu Mensch wei\u00adter. Es ver\u00adur\u00adsacht bei einem Teil der Befal\u00adle\u00adnen grip\u00adpa\u00adle Sym\u00adpto\u00adme wie Hus\u00adten und Atem\u00adbe\u00adschwer\u00adden. Auf R\u00f6nt\u00adgen\u00adbil\u00addern ist eine nicht behan\u00addel\u00adba\u00adre Lun\u00adgen\u00adent\u00adz\u00fcn\u00addung erkenn\u00adbar, die zum Tod f\u00fch\u00adren kann. Beun\u00adru\u00adhi\u00adgend ist die Tat\u00adsa\u00adche, dass im Ver\u00adgleich der aktu\u00adel\u00adlen Pan\u00adde\u00admie mit der SARS-Pan\u00adde\u00admie 2002\/2003 sowohl die zeit\u00adli\u00adche als auch die r\u00e4um\u00adli\u00adche Aus\u00adbrei\u00adtung im aktu\u00adel\u00adlen Fall deut\u00adlich rascher abl\u00e4uft.<\/p>\n<h2>Klares Muster der Verbreitung der&nbsp;Viren<\/h2>\n<p>Die \u00dcber\u00adle\u00adbens\u00adzei\u00adten von SARS- und MERS-Coro\u00adna\u00advi\u00adren auf unbe\u00adleb\u00adten Ober\u00adfl\u00e4\u00adchen und als infek\u00adti\u00f6\u00adse Tr\u00f6pf\u00adchen in der Luft wur\u00adden bereits mehr\u00adfach und umfas\u00adsend unter\u00adsucht. Es zeig\u00adte sich wie\u00adder\u00adholt ein iden\u00adti\u00adsches Mus\u00adter. Sehr tie\u00adfe Tem\u00adpe\u00adra\u00adtu\u00adren und gerin\u00adge Luft\u00adfeuch\u00adtig\u00adkeit erm\u00f6g\u00adli\u00adchen lan\u00adge \u00dcber\u00adle\u00adbens\u00adzei\u00adten der Viren auf Ober\u00adfl\u00e4\u00adchen und in der Luft. Auch bei mitt\u00adle\u00adren Tem\u00adpe\u00adra\u00adtu\u00adren von 20 bis 30 Grad Cel\u00adsi\u00adus war die \u00dcber\u00adle\u00adbens\u00adzeit lang \u2013 aller\u00addings nur, wenn die Luft tro\u00adcken war. Sehr hohe Tem\u00adpe\u00adra\u00adtu\u00adren (&gt; 30 Grad Cel\u00adsi\u00adus) inak\u00adti\u00advie\u00adren die Coro\u00adna\u00advi\u00adren. Dies ist der Grund, wes\u00adhalb die wie\u00adder\u00adhol\u00adten MERS-Epi\u00adde\u00admien auf der Ara\u00adbi\u00adschen Halb\u00adin\u00adsel aus\u00adschlie\u00df\u00adlich in den k\u00fch\u00adle\u00adren Win\u00adter\u00admo\u00adna\u00adten erfolg\u00adten. Es ist zu erwar\u00adten, dass auch das aktu\u00adel\u00adle Coro\u00adna\u00advi\u00adrus ein \u00e4hn\u00adli\u00adches Ver\u00adhal\u00adten gegen\u00ad\u00fcber Luft\u00adfeuch\u00adtig\u00adkeit und Tem\u00adpe\u00adra\u00adtur aufweist.<\/p>\n<figure id=\"attachment_222\" aria-describedby=\"caption-attachment-222\" style=\"width: 1000px\" class=\"wp-caption aligncenter\"><img loading=\"lazy\" decoding=\"async\" class=\"wp-image-222 size-full ml-lightbox-enabled\" src=\"https:\/\/office-roxx.de\/primabueroklima\/wp-content\/uploads\/2020\/09\/Hogentobler2.jpg\" alt=\"Das Coronavirus verursacht grippale Symptome wie Husten oder Atembeschwerden. Oft ist eine nicht behandelbare Lungenentz\u00fcndung erkennbar, die potenziell lebensbedrohlich ist. Das Coronavirus verursacht grippale Symptome wie Husten oder Atembeschwerden. Oft ist eine nicht behandelbare Lungenentz\u00fcndung erkennbar, die potenziell lebensbedrohlich ist. Abbildung: Hugentobler\" width=\"1000\" height=\"788\" srcset=\"https:\/\/office-roxx.de\/primabueroklima\/wp-content\/uploads\/2020\/09\/Hogentobler2.jpg 1000w, https:\/\/office-roxx.de\/primabueroklima\/wp-content\/uploads\/2020\/09\/Hogentobler2-300x236.jpg 300w, https:\/\/office-roxx.de\/primabueroklima\/wp-content\/uploads\/2020\/09\/Hogentobler2-768x605.jpg 768w\" sizes=\"auto, (max-width: 1000px) 100vw, 1000px\"><figcaption id=\"caption-attachment-222\" class=\"wp-caption-text\">Das Coro\u00adna\u00advi\u00adrus ver\u00adur\u00adsacht grip\u00adpa\u00adle Sym\u00adpto\u00adme wie Hus\u00adten oder Atem\u00adbe\u00adschwer\u00adden. Oft ist eine nicht behan\u00addel\u00adba\u00adre Lun\u00adgen\u00adent\u00adz\u00fcn\u00addung erkenn\u00adbar, die poten\u00adzi\u00adell lebens\u00adbe\u00addroh\u00adlich ist. Abbil\u00addung: Hugentobler<\/figcaption><\/figure>\n<p>Das \u00dcber\u00adsprin\u00adgen der Spe\u00adzies\u00adgren\u00adze muss im Frei\u00aden gesche\u00adhen, dort wo sich infek\u00adti\u00f6\u00adse Tie\u00adre auf\u00adhal\u00adten und der Mensch mit ihnen in Kon\u00adtakt kommt. Die Wei\u00adter\u00adver\u00adbrei\u00adtung des Virus von Mensch zu Mensch erfolgt jedoch dort, wo sich Men\u00adschen \u00fcber\u00adwie\u00adgend (cir\u00adca. 90 Pro\u00adzent ihrer Lebens\u00adzeit) auf\u00adhal\u00adten und ihre Kon\u00adtak\u00adte pfle\u00adgen, also prak\u00adtisch aus\u00adschlie\u00df\u00adlich in Geb\u00e4u\u00adden und in \u00f6ffent\u00adli\u00adchen Ver\u00adkehrs\u00admit\u00adteln. Dabei muss bedacht wer\u00adden, dass sich Innen\u00adraum- und Au\u00dfen\u00adkli\u00adma wesent\u00adlich unter\u00adschei\u00adden, wenn auf\u00adgrund tie\u00adfer Au\u00dfen\u00adtem\u00adpe\u00adra\u00adtu\u00adren in den Geb\u00e4u\u00adden geheizt wird. Das Resul\u00adtat sind Kom\u00adfort\u00adtem\u00adpe\u00adra\u00adtu\u00adren von 20 bis 24 Grad Cel\u00adsi\u00adus, ver\u00adbun\u00adden mit unna\u00adt\u00fcr\u00adlich gerin\u00adger Luftfeuchtigkeit.<\/p>\n<p>War\u00adum in den Win\u00adter\u00admo\u00adna\u00adten die \u00dcber\u00adtra\u00adgungs\u00adsi\u00adtua\u00adti\u00adon in Zen\u00adtral- und S\u00fcd\u00adchi\u00adna f\u00fcr Coro\u00adna\u00advi\u00adren ide\u00adal ist? Im win\u00adter\u00adli\u00adchen Chi\u00adna herr\u00adschen in den offe\u00adnen Markt\u00adhal\u00adlen f\u00fcr den Fleisch\u00adver\u00adkauf opti\u00adma\u00adle tie\u00adfe Tem\u00adpe\u00adra\u00adtu\u00adren f\u00fcr eine \u00dcber\u00adtra\u00adgung Tier\u2013Mensch. F\u00fcr die \u00dcber\u00adtra\u00adgungs\u00adbe\u00addin\u00adgun\u00adgen von Mensch zu Mensch sind, wie bereits aus\u00adge\u00adf\u00fchrt, die Innen\u00adraum\u00adbe\u00addin\u00adgun\u00adgen ent\u00adschei\u00addend. In Zen\u00adtral- und in S\u00fcd\u00adchi\u00adna lie\u00adgen im Win\u00adter die Au\u00dfen\u00adtem\u00adpe\u00adra\u00adtu\u00adren in einem Bereich, der das Behei\u00adzen der H\u00e4u\u00adser erfor\u00addert. Die Tem\u00adpe\u00adra\u00adtu\u00adren lie\u00adgen somit in den H\u00e4u\u00adsern und \u00f6ffent\u00adli\u00adchen Ver\u00adkehrs\u00admit\u00adteln zwi\u00adschen 20 und 24 Grad und die Luft\u00adfeuch\u00adtig\u00adkeit in den beheiz\u00adten R\u00e4um\u00adlich\u00adkei\u00adten bei gerin\u00adgen 20 bis maxi\u00admal 40 Pro\u00adzent. Das sind idea\u00adle kli\u00adma\u00adti\u00adsche Bedin\u00adgun\u00adgen f\u00fcr ein lan\u00adges \u00dcber\u00adle\u00adben von SARS-Coro\u00adna\u00advi\u00adren auf Ober\u00adfl\u00e4\u00adchen und in der Luft und damit auch f\u00fcr die \u00dcber\u00adtra\u00adgung durch Kon\u00adtak\u00adte und \u00fcber die&nbsp;Luft.<\/p>\n<h2>Luftfeuchtigkeit in Geb\u00e4uden erh\u00f6hen<\/h2>\n<p>Die Kli\u00adma\u00adsi\u00adtua\u00adti\u00adon im Frei\u00aden, die das \u00dcber\u00adsprin\u00adgen der Spe\u00adzies\u00adgren\u00adze erm\u00f6g\u00adlicht, kann vom Men\u00adschen nicht beein\u00adflusst wer\u00adden. F\u00fcr das Innen\u00adraum\u00adkli\u00adma aber ist er ver\u00adant\u00adwort\u00adlich. Die ent\u00adschei\u00adden\u00adden Fak\u00adto\u00adren Tem\u00adpe\u00adra\u00adtur, Feuch\u00adtig\u00adkeit, Luft\u00adwech\u00adsel\u00adra\u00adte und Frisch\u00adluft\u00adan\u00adteil las\u00adsen sich indi\u00advi\u00addu\u00adell regeln. Da die Kom\u00adfort\u00adtem\u00adpe\u00adra\u00adtur mit 20 bis 24 Grad Cel\u00adsi\u00adus vor\u00adge\u00adge\u00adben ist, muss das Infek\u00adti\u00adons\u00adri\u00adsi\u00adko in Geb\u00e4u\u00adden \u00fcber die Luft\u00adfeuch\u00adtig\u00adkeit und die L\u00fcf\u00adtung beein\u00adflusst wer\u00adden. Eine Anhe\u00adbung der gerin\u00adgen Luft\u00adfeuch\u00adtig\u00adkeit in den Geb\u00e4u\u00adden durch Befeuch\u00adtung auf rund 50 Pro\u00adzent f\u00fchrt zu einer Reduk\u00adti\u00adon des \u00dcber\u00adtra\u00adgungs\u00adri\u00adsi\u00adkos. Die Stei\u00adge\u00adrung der Luft\u00adwech\u00adsel\u00adra\u00adte und ein erh\u00f6h\u00adter Frisch\u00adluft\u00adan\u00adteil bewir\u00adken eine zus\u00e4tz\u00adli\u00adche Risikoverminderung.<\/p>\n<figure id=\"attachment_223\" aria-describedby=\"caption-attachment-223\" style=\"width: 1000px\" class=\"wp-caption aligncenter\"><img loading=\"lazy\" decoding=\"async\" class=\"wp-image-223 size-full ml-lightbox-enabled\" src=\"https:\/\/office-roxx.de\/primabueroklima\/wp-content\/uploads\/2020\/09\/Hogentobler3.jpg\" alt=\"Die Infektion mit dem aktuellen Coronavirus verbreitet sich r\u00e4umlich und zeitlich ungew\u00f6hnlich schnell. Sie erfolgt sowohl \u00fcber die Luft als auch physischen Kontakt. Abbildung: Hugentobler\" width=\"1000\" height=\"775\" srcset=\"https:\/\/office-roxx.de\/primabueroklima\/wp-content\/uploads\/2020\/09\/Hogentobler3.jpg 1000w, https:\/\/office-roxx.de\/primabueroklima\/wp-content\/uploads\/2020\/09\/Hogentobler3-300x233.jpg 300w, https:\/\/office-roxx.de\/primabueroklima\/wp-content\/uploads\/2020\/09\/Hogentobler3-768x595.jpg 768w\" sizes=\"auto, (max-width: 1000px) 100vw, 1000px\"><figcaption id=\"caption-attachment-223\" class=\"wp-caption-text\">Die Infek\u00adti\u00adon mit dem aktu\u00adel\u00adlen Coro\u00adna\u00advi\u00adrus ver\u00adbrei\u00adtet sich r\u00e4um\u00adlich und zeit\u00adlich unge\u00adw\u00f6hn\u00adlich schnell. Sie erfolgt sowohl \u00fcber die Luft als auch phy\u00adsi\u00adschen Kon\u00adtakt. Abbil\u00addung: Hugentobler<\/figcaption><\/figure>\n<p>Die Luft\u00adbe\u00adfeuch\u00adtung wirkt au\u00dfer\u00addem pro\u00adak\u00adtiv gegen die Viren\u00adaus\u00adbrei\u00adtung durch Erkrank\u00adte, auch gegen soge\u00adnann\u00adte \u201eSuper Sprea\u00adder\u201c, noch bevor Sym\u00adpto\u00adme auf\u00adtre\u00adten, respek\u00adti\u00adve eine Dia\u00adgno\u00adse gestellt wer\u00adden kann. Zudem ver\u00adbes\u00adsert die befeuch\u00adte\u00adte Luft die Abwehr\u00adsi\u00adtua\u00adti\u00adon der Atem\u00adwe\u00adge bei gesun\u00adden Per\u00adso\u00adnen, durch effi\u00adzi\u00aden\u00adte\u00adre Rei\u00adni\u00adgung der Atem\u00adwe\u00adge und ver\u00adbes\u00adser\u00adte Immun\u00adab\u00adwehr. Die pr\u00e4\u00adven\u00adti\u00adve Anhe\u00adbung der im Win\u00adter zu gerin\u00adgen Luft\u00adfeuch\u00adtig\u00adkeit in den Geb\u00e4u\u00adden ist ein kos\u00adten\u00adg\u00fcns\u00adti\u00adges und wirk\u00adsa\u00admes Instru\u00adment zur Reduk\u00adti\u00adon des Aus\u00adbrei\u00adtungs\u00adri\u00adsi\u00adkos, ohne Neben\u00adwir\u00adkun\u00adgen zu ver\u00adur\u00adsa\u00adchen. Da rund 58 Pro\u00adzent der SARS-F\u00e4l\u00adle durch \u00dcber\u00adtra\u00adgun\u00adgen im Kran\u00adken\u00adhaus auf\u00adge\u00adtre\u00adten sind, ist von der Befeuch\u00adtung in den Kran\u00adken\u00adh\u00e4u\u00adsern ein \u00fcber\u00adpro\u00adpor\u00adtio\u00adnal gro\u00ad\u00dfer, posi\u00adti\u00adver Effekt zu erwar\u00adten. Luft\u00adbe\u00adfeuch\u00adtung kann aber auch in \u00f6ffent\u00adli\u00adchen Geb\u00e4u\u00adden sowie im pri\u00adva\u00adten und beruf\u00adli\u00adchen Umfeld ange\u00adwen\u00addet wer\u00adden. Die Luft\u00adbe\u00adfeuch\u00adtung gibt der Bev\u00f6l\u00adke\u00adrung ein ein\u00adfa\u00adches Mit\u00adtel in die Hand, mit dem das aktu\u00adel\u00adle Virus aktiv bek\u00e4mpft wer\u00adden kann, gegen das es bis jetzt kei\u00adne Imp\u00adfung oder spe\u00adzi\u00adfisch wirk\u00adsa\u00admen Medi\u00adka\u00admen\u00adte&nbsp;gibt.<\/p>\n<table style=\"height: 194px;\" width=\"628\">\n<tbody>\n<tr>\n<td><img loading=\"lazy\" decoding=\"async\" class=\"alignleft wp-image-225 size-thumbnail\" src=\"https:\/\/office-roxx.de\/primabueroklima\/wp-content\/uploads\/2020\/09\/Hogentobler-150x150.jpg\" alt=\"Dr. med. Walter Hugentobler. Abbildung: Hugentobler\" width=\"150\" height=\"150\">Dr. med. Wal\u00adter Hugentobler,\n<p>pen\u00adsio\u00adnier\u00adter Fach\u00adarzt f\u00fcr All\u00adge\u00admei\u00adne und Inne\u00adre Medi\u00adzin (FMH).<\/p><\/td>\n<\/tr>\n<\/tbody>\n<\/table>\n<p>&nbsp;<\/p>\n","protected":false},"excerpt":{"rendered":"<p>Die Coro\u00ad\u00adna-Pan\u00ad\u00adde\u00ad\u00admie hat unse\u00adre Welt ver\u00ad\u00e4n\u00addert. Doch noch ist die Gefahr nicht gebannt \u2013 im Moment. Dr. med. Wal\u00adter Hugent\u00ado\u00adbler, pen\u00adsio\u00adnier\u00adter Fach\u00adarzt, h\u00e4lt erg\u00e4n\u00adzend zu den aktu\u00adel\u00adlen Abstands- und Hygie\u00adne\u00adma\u00df\u00adnah\u00admen eine zus\u00e4tz\u00adli\u00adche Luft\u00adbe\u00adfeuch\u00adtung f\u00fcr geeig\u00adnet, um die Aus\u00adbrei\u00adtung des Virus zu reduzieren.<\/p>\n","protected":false},"author":1,"featured_media":223,"comment_status":"closed","ping_status":"closed","sticky":false,"template":"","format":"standard","meta":{"wp_typography_post_enhancements_disabled":false,"footnotes":""},"categories":[1],"tags":[6,2],"class_list":["post-220","post","type-post","status-publish","format-standard","has-post-thumbnail","hentry","category-allgemein","tag-covid-19","tag-luftbefeuchtung"],"yoast_head":"<!-- This site is optimized with the Yoast SEO plugin v27.3 - https:\/\/yoast.com\/product\/yoast-seo-wordpress\/ -->\n<title>Luftbefeuchtung gegen Covid-19 - PRIMAB\u00dcROKLIMA<\/title>\n<meta name=\"robots\" content=\"index, follow, max-snippet:-1, max-image-preview:large, max-video-preview:-1\" \/>\n<link rel=\"canonical\" href=\"https:\/\/office-roxx.de\/primabueroklima\/luftbefeuchtung-gegen-die-verbreitung-von-corona-viren\/\" \/>\n<meta property=\"og:locale\" content=\"de_DE\" \/>\n<meta property=\"og:type\" content=\"article\" \/>\n<meta property=\"og:title\" content=\"Luftbefeuchtung gegen Covid-19 - PRIMAB\u00dcROKLIMA\" \/>\n<meta property=\"og:description\" content=\"Die Coro\u00adna-Pan\u00adde\u00admie hat unse\u00adre Welt ver\u00ad\u00e4n\u00addert. Doch noch ist die Gefahr nicht gebannt \u2013 im Moment. Dr. med. Wal\u00adter Hugent\u00ado\u00adbler, pen\u00adsio\u00adnier\u00adter Fach\u00adarzt, h\u00e4lt erg\u00e4n\u00adzend zu den aktu\u00adel\u00adlen Abstands- und Hygie\u00adne\u00adma\u00df\u00adnah\u00admen eine zus\u00e4tz\u00adli\u00adche Luft\u00adbe\u00adfeuch\u00adtung f\u00fcr geeig\u00adnet, um die Aus\u00adbrei\u00adtung des Virus zu reduzieren.\" \/>\n<meta property=\"og:url\" content=\"https:\/\/office-roxx.de\/primabueroklima\/luftbefeuchtung-gegen-die-verbreitung-von-corona-viren\/\" \/>\n<meta property=\"og:site_name\" content=\"PRIMAB\u00dcROKLIMA\" \/>\n<meta property=\"article:published_time\" content=\"2020-09-01T07:06:44+00:00\" \/>\n<meta property=\"article:modified_time\" content=\"2020-11-26T12:48:12+00:00\" \/>\n<meta property=\"og:image\" content=\"http:\/\/h3068839.stratoserver.net\/office-roxx\/primabueroklima\/wp-content\/uploads\/2020\/09\/Hogentobler3.jpg\" \/>\n\t<meta property=\"og:image:width\" content=\"1000\" \/>\n\t<meta property=\"og:image:height\" content=\"775\" \/>\n\t<meta property=\"og:image:type\" content=\"image\/jpeg\" \/>\n<meta name=\"author\" content=\"Team-PBK\" \/>\n<meta name=\"twitter:card\" content=\"summary_large_image\" \/>\n<meta name=\"twitter:label1\" content=\"Verfasst von\" \/>\n\t<meta name=\"twitter:data1\" content=\"Team-PBK\" \/>\n\t<meta name=\"twitter:label2\" content=\"Gesch\u00e4tzte Lesezeit\" \/>\n\t<meta name=\"twitter:data2\" content=\"5\u00a0Minuten\" \/>\n<script type=\"application\/ld+json\" class=\"yoast-schema-graph\">{\"@context\":\"https:\\\/\\\/schema.org\",\"@graph\":[{\"@type\":\"Article\",\"@id\":\"https:\\\/\\\/office-roxx.de\\\/primabueroklima\\\/luftbefeuchtung-gegen-die-verbreitung-von-corona-viren\\\/#article\",\"isPartOf\":{\"@id\":\"https:\\\/\\\/office-roxx.de\\\/primabueroklima\\\/luftbefeuchtung-gegen-die-verbreitung-von-corona-viren\\\/\"},\"author\":{\"name\":\"Team-PBK\",\"@id\":\"https:\\\/\\\/office-roxx.de\\\/primabueroklima\\\/#\\\/schema\\\/person\\\/aaff4d37a59d78dad48543c1cf5d7b0e\"},\"headline\":\"Luftbefeuchtung gegen Covid-19\",\"datePublished\":\"2020-09-01T07:06:44+00:00\",\"dateModified\":\"2020-11-26T12:48:12+00:00\",\"mainEntityOfPage\":{\"@id\":\"https:\\\/\\\/office-roxx.de\\\/primabueroklima\\\/luftbefeuchtung-gegen-die-verbreitung-von-corona-viren\\\/\"},\"wordCount\":1023,\"publisher\":{\"@id\":\"https:\\\/\\\/office-roxx.de\\\/primabueroklima\\\/#organization\"},\"image\":{\"@id\":\"https:\\\/\\\/office-roxx.de\\\/primabueroklima\\\/luftbefeuchtung-gegen-die-verbreitung-von-corona-viren\\\/#primaryimage\"},\"thumbnailUrl\":\"https:\\\/\\\/office-roxx.de\\\/primabueroklima\\\/wp-content\\\/uploads\\\/2020\\\/09\\\/Hogentobler3.jpg\",\"keywords\":[\"Covid-19\",\"Luftbefeuchtung\"],\"inLanguage\":\"de\"},{\"@type\":\"WebPage\",\"@id\":\"https:\\\/\\\/office-roxx.de\\\/primabueroklima\\\/luftbefeuchtung-gegen-die-verbreitung-von-corona-viren\\\/\",\"url\":\"https:\\\/\\\/office-roxx.de\\\/primabueroklima\\\/luftbefeuchtung-gegen-die-verbreitung-von-corona-viren\\\/\",\"name\":\"Luftbefeuchtung gegen Covid-19 - PRIMAB\u00dcROKLIMA\",\"isPartOf\":{\"@id\":\"https:\\\/\\\/office-roxx.de\\\/primabueroklima\\\/#website\"},\"primaryImageOfPage\":{\"@id\":\"https:\\\/\\\/office-roxx.de\\\/primabueroklima\\\/luftbefeuchtung-gegen-die-verbreitung-von-corona-viren\\\/#primaryimage\"},\"image\":{\"@id\":\"https:\\\/\\\/office-roxx.de\\\/primabueroklima\\\/luftbefeuchtung-gegen-die-verbreitung-von-corona-viren\\\/#primaryimage\"},\"thumbnailUrl\":\"https:\\\/\\\/office-roxx.de\\\/primabueroklima\\\/wp-content\\\/uploads\\\/2020\\\/09\\\/Hogentobler3.jpg\",\"datePublished\":\"2020-09-01T07:06:44+00:00\",\"dateModified\":\"2020-11-26T12:48:12+00:00\",\"breadcrumb\":{\"@id\":\"https:\\\/\\\/office-roxx.de\\\/primabueroklima\\\/luftbefeuchtung-gegen-die-verbreitung-von-corona-viren\\\/#breadcrumb\"},\"inLanguage\":\"de\",\"potentialAction\":[{\"@type\":\"ReadAction\",\"target\":[\"https:\\\/\\\/office-roxx.de\\\/primabueroklima\\\/luftbefeuchtung-gegen-die-verbreitung-von-corona-viren\\\/\"]}]},{\"@type\":\"ImageObject\",\"inLanguage\":\"de\",\"@id\":\"https:\\\/\\\/office-roxx.de\\\/primabueroklima\\\/luftbefeuchtung-gegen-die-verbreitung-von-corona-viren\\\/#primaryimage\",\"url\":\"https:\\\/\\\/office-roxx.de\\\/primabueroklima\\\/wp-content\\\/uploads\\\/2020\\\/09\\\/Hogentobler3.jpg\",\"contentUrl\":\"https:\\\/\\\/office-roxx.de\\\/primabueroklima\\\/wp-content\\\/uploads\\\/2020\\\/09\\\/Hogentobler3.jpg\",\"width\":1000,\"height\":775,\"caption\":\"Die Infektion mit dem aktuellen Coronavirus verbreitet sich r\u00e4umlich und zeitlich ungew\u00f6hnlich schnell. Sie erfolgt sowohl \u00fcber die Luft als auch physischen Kontakt. Abbildung: Hugentobler\"},{\"@type\":\"BreadcrumbList\",\"@id\":\"https:\\\/\\\/office-roxx.de\\\/primabueroklima\\\/luftbefeuchtung-gegen-die-verbreitung-von-corona-viren\\\/#breadcrumb\",\"itemListElement\":[{\"@type\":\"ListItem\",\"position\":1,\"name\":\"Startseite\",\"item\":\"https:\\\/\\\/office-roxx.de\\\/primabueroklima\\\/\"},{\"@type\":\"ListItem\",\"position\":2,\"name\":\"Luftbefeuchtung gegen Covid-19\"}]},{\"@type\":\"WebSite\",\"@id\":\"https:\\\/\\\/office-roxx.de\\\/primabueroklima\\\/#website\",\"url\":\"https:\\\/\\\/office-roxx.de\\\/primabueroklima\\\/\",\"name\":\"PRIMAB\u00dcROKLIMA\",\"description\":\"F\u00fcr eine bessere Luftqualit\u00e4t in Office-Umgebungen\",\"publisher\":{\"@id\":\"https:\\\/\\\/office-roxx.de\\\/primabueroklima\\\/#organization\"},\"potentialAction\":[{\"@type\":\"SearchAction\",\"target\":{\"@type\":\"EntryPoint\",\"urlTemplate\":\"https:\\\/\\\/office-roxx.de\\\/primabueroklima\\\/?s={search_term_string}\"},\"query-input\":{\"@type\":\"PropertyValueSpecification\",\"valueRequired\":true,\"valueName\":\"search_term_string\"}}],\"inLanguage\":\"de\"},{\"@type\":\"Organization\",\"@id\":\"https:\\\/\\\/office-roxx.de\\\/primabueroklima\\\/#organization\",\"name\":\"PRIMAB\u00dcROKLIMA\",\"url\":\"https:\\\/\\\/office-roxx.de\\\/primabueroklima\\\/\",\"logo\":{\"@type\":\"ImageObject\",\"inLanguage\":\"de\",\"@id\":\"https:\\\/\\\/office-roxx.de\\\/primabueroklima\\\/#\\\/schema\\\/logo\\\/image\\\/\",\"url\":\"https:\\\/\\\/office-roxx.de\\\/primabueroklima\\\/wp-content\\\/uploads\\\/2020\\\/09\\\/Prima-Klima-Logo_Farbe_beschn.jpg\",\"contentUrl\":\"https:\\\/\\\/office-roxx.de\\\/primabueroklima\\\/wp-content\\\/uploads\\\/2020\\\/09\\\/Prima-Klima-Logo_Farbe_beschn.jpg\",\"width\":1000,\"height\":675,\"caption\":\"PRIMAB\u00dcROKLIMA\"},\"image\":{\"@id\":\"https:\\\/\\\/office-roxx.de\\\/primabueroklima\\\/#\\\/schema\\\/logo\\\/image\\\/\"}},{\"@type\":\"Person\",\"@id\":\"https:\\\/\\\/office-roxx.de\\\/primabueroklima\\\/#\\\/schema\\\/person\\\/aaff4d37a59d78dad48543c1cf5d7b0e\",\"name\":\"Team-PBK\",\"image\":{\"@type\":\"ImageObject\",\"inLanguage\":\"de\",\"@id\":\"https:\\\/\\\/secure.gravatar.com\\\/avatar\\\/e7f38084968dcbb88b923f48395eb5ec7c3ad3102c6db95eccceb504d4317f39?s=96&d=mm&r=g\",\"url\":\"https:\\\/\\\/secure.gravatar.com\\\/avatar\\\/e7f38084968dcbb88b923f48395eb5ec7c3ad3102c6db95eccceb504d4317f39?s=96&d=mm&r=g\",\"contentUrl\":\"https:\\\/\\\/secure.gravatar.com\\\/avatar\\\/e7f38084968dcbb88b923f48395eb5ec7c3ad3102c6db95eccceb504d4317f39?s=96&d=mm&r=g\",\"caption\":\"Team-PBK\"},\"sameAs\":[\"https:\\\/\\\/office-roxx.de\\\/primabueroklima\"],\"url\":\"https:\\\/\\\/office-roxx.de\\\/primabueroklima\\\/author\\\/team-pbk\\\/\"}]}<\/script>\n<!-- \/ Yoast SEO plugin. -->","yoast_head_json":{"title":"Luftbefeuchtung gegen Covid-19 - PRIMAB\u00dcROKLIMA","robots":{"index":"index","follow":"follow","max-snippet":"max-snippet:-1","max-image-preview":"max-image-preview:large","max-video-preview":"max-video-preview:-1"},"canonical":"https:\/\/office-roxx.de\/primabueroklima\/luftbefeuchtung-gegen-die-verbreitung-von-corona-viren\/","og_locale":"de_DE","og_type":"article","og_title":"Luftbefeuchtung gegen Covid-19 - PRIMAB\u00dcROKLIMA","og_description":"Die Coro\u00adna-Pan\u00adde\u00admie hat unse\u00adre Welt ver\u00ad\u00e4n\u00addert. Doch noch ist die Gefahr nicht gebannt \u2013 im Moment. Dr. med. Wal\u00adter Hugent\u00ado\u00adbler, pen\u00adsio\u00adnier\u00adter Fach\u00adarzt, h\u00e4lt erg\u00e4n\u00adzend zu den aktu\u00adel\u00adlen Abstands- und Hygie\u00adne\u00adma\u00df\u00adnah\u00admen eine zus\u00e4tz\u00adli\u00adche Luft\u00adbe\u00adfeuch\u00adtung f\u00fcr geeig\u00adnet, um die Aus\u00adbrei\u00adtung des Virus zu reduzieren.","og_url":"https:\/\/office-roxx.de\/primabueroklima\/luftbefeuchtung-gegen-die-verbreitung-von-corona-viren\/","og_site_name":"PRIMAB\u00dcROKLIMA","article_published_time":"2020-09-01T07:06:44+00:00","article_modified_time":"2020-11-26T12:48:12+00:00","og_image":[{"width":1000,"height":775,"url":"http:\/\/h3068839.stratoserver.net\/office-roxx\/primabueroklima\/wp-content\/uploads\/2020\/09\/Hogentobler3.jpg","type":"image\/jpeg"}],"author":"Team-PBK","twitter_card":"summary_large_image","twitter_misc":{"Verfasst von":"Team-PBK","Gesch\u00e4tzte Lesezeit":"5\u00a0Minuten"},"schema":{"@context":"https:\/\/schema.org","@graph":[{"@type":"Article","@id":"https:\/\/office-roxx.de\/primabueroklima\/luftbefeuchtung-gegen-die-verbreitung-von-corona-viren\/#article","isPartOf":{"@id":"https:\/\/office-roxx.de\/primabueroklima\/luftbefeuchtung-gegen-die-verbreitung-von-corona-viren\/"},"author":{"name":"Team-PBK","@id":"https:\/\/office-roxx.de\/primabueroklima\/#\/schema\/person\/aaff4d37a59d78dad48543c1cf5d7b0e"},"headline":"Luftbefeuchtung gegen Covid-19","datePublished":"2020-09-01T07:06:44+00:00","dateModified":"2020-11-26T12:48:12+00:00","mainEntityOfPage":{"@id":"https:\/\/office-roxx.de\/primabueroklima\/luftbefeuchtung-gegen-die-verbreitung-von-corona-viren\/"},"wordCount":1023,"publisher":{"@id":"https:\/\/office-roxx.de\/primabueroklima\/#organization"},"image":{"@id":"https:\/\/office-roxx.de\/primabueroklima\/luftbefeuchtung-gegen-die-verbreitung-von-corona-viren\/#primaryimage"},"thumbnailUrl":"https:\/\/office-roxx.de\/primabueroklima\/wp-content\/uploads\/2020\/09\/Hogentobler3.jpg","keywords":["Covid-19","Luftbefeuchtung"],"inLanguage":"de"},{"@type":"WebPage","@id":"https:\/\/office-roxx.de\/primabueroklima\/luftbefeuchtung-gegen-die-verbreitung-von-corona-viren\/","url":"https:\/\/office-roxx.de\/primabueroklima\/luftbefeuchtung-gegen-die-verbreitung-von-corona-viren\/","name":"Luftbefeuchtung gegen Covid-19 - PRIMAB\u00dcROKLIMA","isPartOf":{"@id":"https:\/\/office-roxx.de\/primabueroklima\/#website"},"primaryImageOfPage":{"@id":"https:\/\/office-roxx.de\/primabueroklima\/luftbefeuchtung-gegen-die-verbreitung-von-corona-viren\/#primaryimage"},"image":{"@id":"https:\/\/office-roxx.de\/primabueroklima\/luftbefeuchtung-gegen-die-verbreitung-von-corona-viren\/#primaryimage"},"thumbnailUrl":"https:\/\/office-roxx.de\/primabueroklima\/wp-content\/uploads\/2020\/09\/Hogentobler3.jpg","datePublished":"2020-09-01T07:06:44+00:00","dateModified":"2020-11-26T12:48:12+00:00","breadcrumb":{"@id":"https:\/\/office-roxx.de\/primabueroklima\/luftbefeuchtung-gegen-die-verbreitung-von-corona-viren\/#breadcrumb"},"inLanguage":"de","potentialAction":[{"@type":"ReadAction","target":["https:\/\/office-roxx.de\/primabueroklima\/luftbefeuchtung-gegen-die-verbreitung-von-corona-viren\/"]}]},{"@type":"ImageObject","inLanguage":"de","@id":"https:\/\/office-roxx.de\/primabueroklima\/luftbefeuchtung-gegen-die-verbreitung-von-corona-viren\/#primaryimage","url":"https:\/\/office-roxx.de\/primabueroklima\/wp-content\/uploads\/2020\/09\/Hogentobler3.jpg","contentUrl":"https:\/\/office-roxx.de\/primabueroklima\/wp-content\/uploads\/2020\/09\/Hogentobler3.jpg","width":1000,"height":775,"caption":"Die Infektion mit dem aktuellen Coronavirus verbreitet sich r\u00e4umlich und zeitlich ungew\u00f6hnlich schnell. Sie erfolgt sowohl \u00fcber die Luft als auch physischen Kontakt. Abbildung: Hugentobler"},{"@type":"BreadcrumbList","@id":"https:\/\/office-roxx.de\/primabueroklima\/luftbefeuchtung-gegen-die-verbreitung-von-corona-viren\/#breadcrumb","itemListElement":[{"@type":"ListItem","position":1,"name":"Startseite","item":"https:\/\/office-roxx.de\/primabueroklima\/"},{"@type":"ListItem","position":2,"name":"Luftbefeuchtung gegen Covid-19"}]},{"@type":"WebSite","@id":"https:\/\/office-roxx.de\/primabueroklima\/#website","url":"https:\/\/office-roxx.de\/primabueroklima\/","name":"PRIMAB\u00dcROKLIMA","description":"F\u00fcr eine bessere Luftqualit\u00e4t in Office-Umgebungen","publisher":{"@id":"https:\/\/office-roxx.de\/primabueroklima\/#organization"},"potentialAction":[{"@type":"SearchAction","target":{"@type":"EntryPoint","urlTemplate":"https:\/\/office-roxx.de\/primabueroklima\/?s={search_term_string}"},"query-input":{"@type":"PropertyValueSpecification","valueRequired":true,"valueName":"search_term_string"}}],"inLanguage":"de"},{"@type":"Organization","@id":"https:\/\/office-roxx.de\/primabueroklima\/#organization","name":"PRIMAB\u00dcROKLIMA","url":"https:\/\/office-roxx.de\/primabueroklima\/","logo":{"@type":"ImageObject","inLanguage":"de","@id":"https:\/\/office-roxx.de\/primabueroklima\/#\/schema\/logo\/image\/","url":"https:\/\/office-roxx.de\/primabueroklima\/wp-content\/uploads\/2020\/09\/Prima-Klima-Logo_Farbe_beschn.jpg","contentUrl":"https:\/\/office-roxx.de\/primabueroklima\/wp-content\/uploads\/2020\/09\/Prima-Klima-Logo_Farbe_beschn.jpg","width":1000,"height":675,"caption":"PRIMAB\u00dcROKLIMA"},"image":{"@id":"https:\/\/office-roxx.de\/primabueroklima\/#\/schema\/logo\/image\/"}},{"@type":"Person","@id":"https:\/\/office-roxx.de\/primabueroklima\/#\/schema\/person\/aaff4d37a59d78dad48543c1cf5d7b0e","name":"Team-PBK","image":{"@type":"ImageObject","inLanguage":"de","@id":"https:\/\/secure.gravatar.com\/avatar\/e7f38084968dcbb88b923f48395eb5ec7c3ad3102c6db95eccceb504d4317f39?s=96&d=mm&r=g","url":"https:\/\/secure.gravatar.com\/avatar\/e7f38084968dcbb88b923f48395eb5ec7c3ad3102c6db95eccceb504d4317f39?s=96&d=mm&r=g","contentUrl":"https:\/\/secure.gravatar.com\/avatar\/e7f38084968dcbb88b923f48395eb5ec7c3ad3102c6db95eccceb504d4317f39?s=96&d=mm&r=g","caption":"Team-PBK"},"sameAs":["https:\/\/office-roxx.de\/primabueroklima"],"url":"https:\/\/office-roxx.de\/primabueroklima\/author\/team-pbk\/"}]}},"_links":{"self":[{"href":"https:\/\/office-roxx.de\/primabueroklima\/wp-json\/wp\/v2\/posts\/220","targetHints":{"allow":["GET"]}}],"collection":[{"href":"https:\/\/office-roxx.de\/primabueroklima\/wp-json\/wp\/v2\/posts"}],"about":[{"href":"https:\/\/office-roxx.de\/primabueroklima\/wp-json\/wp\/v2\/types\/post"}],"author":[{"embeddable":true,"href":"https:\/\/office-roxx.de\/primabueroklima\/wp-json\/wp\/v2\/users\/1"}],"replies":[{"embeddable":true,"href":"https:\/\/office-roxx.de\/primabueroklima\/wp-json\/wp\/v2\/comments?post=220"}],"version-history":[{"count":14,"href":"https:\/\/office-roxx.de\/primabueroklima\/wp-json\/wp\/v2\/posts\/220\/revisions"}],"predecessor-version":[{"id":587,"href":"https:\/\/office-roxx.de\/primabueroklima\/wp-json\/wp\/v2\/posts\/220\/revisions\/587"}],"wp:featuredmedia":[{"embeddable":true,"href":"https:\/\/office-roxx.de\/primabueroklima\/wp-json\/wp\/v2\/media\/223"}],"wp:attachment":[{"href":"https:\/\/office-roxx.de\/primabueroklima\/wp-json\/wp\/v2\/media?parent=220"}],"wp:term":[{"taxonomy":"category","embeddable":true,"href":"https:\/\/office-roxx.de\/primabueroklima\/wp-json\/wp\/v2\/categories?post=220"},{"taxonomy":"post_tag","embeddable":true,"href":"https:\/\/office-roxx.de\/primabueroklima\/wp-json\/wp\/v2\/tags?post=220"}],"curies":[{"name":"wp","href":"https:\/\/api.w.org\/{rel}","templated":true}]}}