{"id":2090,"date":"2024-10-08T07:30:00","date_gmt":"2024-10-08T05:30:00","guid":{"rendered":"https:\/\/office-roxx.de\/primabueroklima\/?p=2090"},"modified":"2024-10-08T09:32:03","modified_gmt":"2024-10-08T07:32:03","slug":"klimawandel-erreicht-buero-die-ergebnisse-der-office-roxx-leserumfrage-prima-bueroklima-2024","status":"publish","type":"post","link":"https:\/\/office-roxx.de\/primabueroklima\/klimawandel-erreicht-buero-die-ergebnisse-der-office-roxx-leserumfrage-prima-bueroklima-2024\/","title":{"rendered":"Klimawandel erreicht B\u00fcro: Die Ergebnisse der OFFICE-ROXX-Leserumfrage \u201ePrima B\u00fcroklima 2024\u201c"},"content":{"rendered":"<p>Wie ist es um das Raum\u00adkli\u00adma in B\u00fcros bestellt? Das wur\u00adden die Leser des OFFICE ROXX Blogs Anfang Sep\u00adtem\u00adber bereits zum vier\u00adten Mal gefragt \u2013 im Auf\u00adtrag der Initia\u00adti\u00adve Pri\u00adma\u00adB\u00fc\u00adro\u00adKli\u00adma. Die Ergeb\u00adnis\u00adse zei\u00adgen: Es hat sich was getan, aber es bleibt auch noch viel zu&nbsp;tun.<\/p>\n<p><!--more--><\/p>\n<p><img loading=\"lazy\" decoding=\"async\" class=\"aligncenter wp-image-2110 ml-lightbox-enabled\" src=\"https:\/\/office-roxx.de\/primabueroklima\/wp-content\/uploads\/2024\/10\/ORB-Leserumfrage-PrimaBueroKlima-2024.jpg\" alt=\"Klimawandel erreicht B\u00fcro: Ergebnisse der OFFICE-ROXX-Leserumfrage \u201ePrima B\u00fcroklima 2024\u201c. Abbildung: OFFICE ROXX\" width=\"600\" height=\"424\" srcset=\"https:\/\/office-roxx.de\/primabueroklima\/wp-content\/uploads\/2024\/10\/ORB-Leserumfrage-PrimaBueroKlima-2024.jpg 1000w, https:\/\/office-roxx.de\/primabueroklima\/wp-content\/uploads\/2024\/10\/ORB-Leserumfrage-PrimaBueroKlima-2024-300x212.jpg 300w, https:\/\/office-roxx.de\/primabueroklima\/wp-content\/uploads\/2024\/10\/ORB-Leserumfrage-PrimaBueroKlima-2024-768x543.jpg 768w\" sizes=\"auto, (max-width: 600px) 100vw, 600px\"><\/p>\n<p>Die Zufrie\u00adden\u00adheit mit dem Raum\u00adkli\u00adma im Cor\u00adpo\u00adra\u00adte Office bleibt \u2013 wie in den Vor\u00adjah\u00adren \u2013 mit\u00adtel\u00adm\u00e4\u00ad\u00dfig. In die\u00adsem Jahr ver\u00adga\u00adben die 821 Umfra\u00adge\u00adteil\u00adneh\u00admer im Schnitt die Schul\u00adno\u00adte 3,0, was glatt einem \u201eBefrie\u00addi\u00adgend\u201c ent\u00adspricht. Im Ver\u00adgleich zu den Vor\u00adjah\u00adren (2023: 3,3; 2022, 2021: 3,1) hat sich die Ein\u00adsch\u00e4t\u00adzung aber leicht ver\u00adbes\u00adsert. Ein m\u00f6g\u00adli\u00adcher Grund daf\u00fcr k\u00f6nn\u00adte der Weg\u00adfall der Ener\u00adgie\u00adspar\u00adma\u00df\u00adnah\u00admen aus dem Win\u00adter 2022\/2023 sein.<\/p>\n<h2>Leichte Verbesserungen<\/h2>\n<p>Eine leicht posi\u00adti\u00adve Ent\u00adwick\u00adlung zeigt sich auch bei den Sym\u00adpto\u00admen, die auf ein schlech\u00adtes Raum\u00adkli\u00adma am B\u00fcro\u00adar\u00adbeits\u00adplatz zur\u00fcck\u00adge\u00adf\u00fchrt wer\u00adden. 45 Pro\u00adzent der Befrag\u00adten \u2013 der bis\u00adher nied\u00adrigs\u00adte Wert in den Befra\u00adgun\u00adgen \u2013 klag\u00adten in die\u00adsem Zusam\u00admen\u00adhang \u00fcber tro\u00adcke\u00adne Augen. In den Vor\u00adjah\u00adren waren es noch 48 Pro\u00adzent (2023, 2022) bzw. 46 Pro\u00adzent (2021). An zwei\u00adter und drit\u00adter Stel\u00adle ste\u00adhen Kopf\u00adschmer\u00adzen (26 Pro\u00adzent) und Kon\u00adzen\u00adtra\u00adti\u00adons\u00adpro\u00adble\u00adme (24 Pro\u00adzent). \u00dcber tro\u00adcke\u00adne Schleim\u00adh\u00e4u\u00adte klag\u00adten 16 Pro\u00adzent (2023: 19 Pro\u00adzent, 2022: 17 Pro\u00adzent, 2021: 15 Pro\u00adzent), \u00fcber tro\u00adcke\u00adne Haut \u2013 wie im Vor\u00adjahr \u2013 zehn Pro\u00adzent (2022: neun Pro\u00adzent, 2021: zehn Pro\u00adzent). Zudem f\u00fchr\u00adten 13 Pro\u00adzent (2023: 14 Pro\u00adzent, 2022: zw\u00f6lf Pro\u00adzent, 2021: neun Pro\u00adzent) M\u00fcdig\u00adkeit und zehn Pro\u00adzent (2023: neun Pro\u00adzent, 2022: acht Pro\u00adzent, 2021: acht Pro\u00adzent) Stimm\u00adpro\u00adble\u00adme auf ein schlech\u00adtes Raum\u00adkli\u00adma zur\u00fcck. Nur 15 Pro\u00adzent (2023: elf Pro\u00adzent, 2022: 14 Pro\u00adzent, 2021: zw\u00f6lf Pro\u00adzent) f\u00fchl\u00adten sich nicht durch das Raum\u00adkli\u00adma beeintr\u00e4chtigt.<\/p>\n<h2>Temperatur und Luftfeuchte anpassungsw\u00fcrdig<\/h2>\n<p>Gefragt nach dem sub\u00adjek\u00adti\u00adven Emp\u00adfin\u00adden hin\u00adsicht\u00adlich des B\u00fcro\u00adraum\u00adkli\u00admas zei\u00adgen die Ergeb\u00adnis\u00adse, dass die raum\u00adkli\u00adma\u00adti\u00adschen Fak\u00adto\u00adren am Arbeits\u00adplatz im Gan\u00adzen als unbe\u00adfrie\u00addi\u00adgend wahr\u00adge\u00adnom\u00admen wer\u00adden. Mehr als die H\u00e4lf\u00adte (52 Pro\u00adzent) der Befrag\u00adten emp\u00adfin\u00addet die Luft\u00adtem\u00adpe\u00adra\u00adtur im B\u00fcro als zu warm, 23 Pro\u00adzent stim\u00admen die\u00adser Aus\u00adsa\u00adge nicht zu. 27 Pro\u00adzent der Befrag\u00adten emp\u00adfin\u00adden ihr B\u00fcro als zu kalt. Hier teilt die H\u00e4lf\u00adte (50 Pro\u00adzent) die\u00adse Ein\u00adsch\u00e4t\u00adzung nicht. Ein wei\u00adte\u00adres Pro\u00adblem stellt die Luft\u00adfeuch\u00adtig\u00adkeit dar. Ins\u00adge\u00adsamt 55 Pro\u00adzent emp\u00adfin\u00adden die Luft im B\u00fcro als zu tro\u00adcken. 26 Pro\u00adzent bewer\u00adten die Raum\u00adluft in ihrem B\u00fcro als \u201ezu feucht\u201c. Auch die Luft\u00adge\u00adschwin\u00addig\u00adkeit (\u201ees zieht\u201c) bleibt ein The\u00adma: F\u00fcr ins\u00adge\u00adsamt 39 Pro\u00adzent der Befrag\u00adten ist es \u201ezu zugig\u201c, f\u00fcr 35 Pro\u00adzent nicht. Ein wei\u00adte\u00adrer Punkt sind Ger\u00fc\u00adche: Mehr als die H\u00e4lf\u00adte der Befrag\u00adten (53 Pro\u00adzent) emp\u00adfin\u00addet die Raum\u00adluft als \u201enicht frisch genug\u201c, 27 Pro\u00adzent ver\u00adnei\u00adnen dies. Mit dem vor\u00adherr\u00adschen\u00adden Innen\u00adraum\u00adkli\u00adma ins\u00adge\u00adsamt zeigt sich nur jeder Drit\u00adte (33 Pro\u00adzent) zufrie\u00adden und bewer\u00adtet es als \u201egenau rich\u00adtig\u201c. 57 Pro\u00adzent dage\u00adgen w\u00fcn\u00adschen sich Ver\u00ad\u00e4n\u00adde\u00adrun\u00adgen. Der Rest (20 Pro\u00adzent) ist hier unentschlossen.<\/p>\n<h2>Raumklimatische Hilfsmittel weiterhin im Einsatz<\/h2>\n<p>Bei 21 Pro\u00adzent (2023: 27 Pro\u00adzent, 2022: 23 Pro\u00adzent, 2021: zw\u00f6lf Pro\u00adzent) der Befrag\u00adten wer\u00adden im B\u00fcro Luft\u00adrei\u00adni\u00adger ein\u00adge\u00adsetzt. 13 Pro\u00adzent (2023: 15 Pro\u00adzent, 2022: 11,5 Pro\u00adzent, 2021: sechs Pro\u00adzent) nut\u00adzen mobi\u00adle Ger\u00e4\u00adte, acht Pro\u00adzent (2023: zw\u00f6lf Pro\u00adzent, 2022: 11,5 Pro\u00adzent, 2021: sechs Pro\u00adzent) fest\u00adin\u00adstal\u00adlier\u00adte Modelle.<\/p>\n<p>Ein wei\u00adte\u00adres Hilfs\u00admit\u00adtel, um das Innen\u00adraum\u00adkli\u00adma zu ver\u00adbes\u00adsern, sind Luft\u00adbe\u00adfeuch\u00adtungs\u00adsys\u00adte\u00adme. Bei zw\u00f6lf Pro\u00adzent ist ein sol\u00adches Sys\u00adtem im Ein\u00adsatz \u2013 inte\u00adgriert in eine Kli\u00adma-\/RLT-Anla\u00adge (zehn Pro\u00adzent, 2023: neun Pro\u00adzent), als mobi\u00adles Ger\u00e4t (ein Pro\u00adzent, 2023: drei Pro\u00adzent) oder als Direkt-Raum\u00adluft\u00adbe\u00adfeuch\u00adter (ein Pro\u00adzent, 2023: zwei Pro\u00adzent). 2023 war die Ver\u00adbrei\u00adtung etwas h\u00f6her. Sie lag bei 14 Pro\u00adzent. Ob \u00fcber\u00adhaupt ein Raum\u00adluft\u00adbe\u00adfeuch\u00adter instal\u00adliert oder genutzt wird, da ist sich fast ein Vier\u00adtel (22 Pro\u00adzent) der Befrag\u00adten \u00fcbri\u00adgens unsi\u00adcher. 2023 war es sogar noch jeder Drit\u00adte (33 Prozent).<\/p>\n<p>\u201eEiner\u00adseits ist das Bewusst\u00adsein, dass sich eine sau\u00adbe\u00adre Innen\u00adraum\u00adluft posi\u00adtiv auf Wohl\u00adbe\u00adfin\u00adden und Gesund\u00adheit aus\u00adwirkt, durch die Coro\u00adna\u00adpan\u00adde\u00admie mitt\u00adler\u00adwei\u00adle weit ver\u00adbrei\u00adtet. Ande\u00adrer\u00adseits geht die Nut\u00adzung von Luft\u00adrei\u00adni\u00adgern, Luft\u00adbe\u00adfeuch\u00adtungs\u00adsys\u00adte\u00admen und Pflan\u00adzen zur\u00fcck. Es w\u00e4re w\u00fcn\u00adschens\u00adwert, wenn die Unter\u00adneh\u00admen hier nicht wie\u00adder auf Vor-Coro\u00adna-Niveau zur\u00fcck\u00adgin\u00adgen, son\u00addern Leh\u00adren aus der Pan\u00adde\u00admie zie\u00adhen w\u00fcr\u00adden\u201c, kom\u00admen\u00adtiert Dr. Robert Neh\u00adring, Spre\u00adcher der Initia\u00adti\u00adve PrimaB\u00fcroKlima.<\/p>\n<h2>Wind of Change: Investitionsbereitschaft weiterhin hoch<\/h2>\n<p>Die Bereit\u00adschaft, in L\u00f6sun\u00adgen zur Ver\u00adbes\u00adse\u00adrung der Raum\u00adluft\u00adqua\u00adli\u00adt\u00e4t am Arbeits\u00adplatz zu inves\u00adtie\u00adren, ist gegen\u00ad\u00fcber 2023 noch\u00admals ange\u00adstie\u00adgen und zwar um vier Pro\u00adzent \u2013 22 Pro\u00adzent (2023: 18 Pro\u00adzent, 2022: 14 Pro\u00adzent, 2021: neun Pro\u00adzent) der Unter\u00adneh\u00admen wol\u00adlen daf\u00fcr in die\u00adsem Jahr Geld bereit\u00adstel\u00adlen. Bei sie\u00adben Pro\u00adzent (2023: f\u00fcnf Pro\u00adzent, 2022, 2021: drei Pro\u00adzent) der Befrag\u00adten sol\u00adlen bis zu 500 Euro aus\u00adge\u00adben wer\u00adden. Bis zu 1.000 Euro sind eben\u00adfalls bei sie\u00adben Pro\u00adzent (2023, 2022: sechs Pro\u00adzent, 2021: drei Pro\u00adzent) ein\u00adge\u00adplant. Mehr als 1.000 Euro wol\u00adlen acht Pro\u00adzent (2023: sie\u00adben Pro\u00adzent, 2022: f\u00fcnf Pro\u00adzent, 2021: drei Pro\u00adzent) investieren.<\/p>\n<h2>Fazit der Umfrage \u201ePrima B\u00fcroklima 2024\u201c<\/h2>\n<p>Die vier\u00adte Pri\u00adma-B\u00fcro\u00adkli\u00adma-Umfra\u00adge zeigt wei\u00adter\u00adhin deut\u00adlich: Das The\u00adma gesun\u00addes Innen\u00adraum\u00adkli\u00adma in B\u00fcros ist kein Selbst\u00adl\u00e4u\u00adfer. Zwar gibt es in eini\u00adgen Berei\u00adchen posi\u00adti\u00adve Ten\u00adden\u00adzen, etwa die gestie\u00adge\u00adne Inves\u00adti\u00adti\u00adons\u00adbe\u00adreit\u00adschaft, aber der Hand\u00adlungs\u00adbe\u00addarf ist nach wie vor sehr hoch. Fast jeder Zwei\u00adte klagt noch immer \u00fcber tro\u00adcke\u00adne Augen. 53 Pro\u00adzent bem\u00e4n\u00adgeln zu wenig fri\u00adsche Luft. \u201eNach der kri\u00adsen\u00adbe\u00adding\u00adten K\u00e4l\u00adte\u00adpe\u00adri\u00adode im B\u00fcro hat das Cor\u00adpo\u00adra\u00adte Office eine auf\u00adgrund des Kli\u00adma\u00adwan\u00addels immer st\u00e4r\u00adker wer\u00adden\u00adde Hit\u00adze\u00adpro\u00adble\u00adma\u00adtik. Hier gilt es anzu\u00adset\u00adzen. Denn eine gesun\u00adde Raum\u00adluft f\u00f6r\u00addert nach\u00adweis\u00adlich die Gesund\u00adheit, die Pro\u00adduk\u00adti\u00advi\u00adt\u00e4t und das Wohl\u00adbe\u00adfin\u00adden der Mit\u00adar\u00adbei\u00adten\u00adden\u201c, res\u00fc\u00admiert Dr. Robert Nehring.<\/p>\n<p><strong>Zur Umfra\u00adge<\/strong><br>\nDie Umfra\u00adge \u201ePri\u00adma B\u00fcro\u00adkli\u00adma 2024\u201c fand vom 2. bis 15. Sep\u00adtem\u00adber 2024 unter den Lesern des OFFICE ROXX Blogs statt. Sie bestand im Wesent\u00adli\u00adchen aus 17 Fra\u00adgen. 83 Pro\u00adzent der 821 Umfra\u00adge\u00adteil\u00adneh\u00admer arbei\u00adten als Ange\u00adstell\u00adte, zw\u00f6lf Pro\u00adzent sind selbst\u00adst\u00e4n\u00addig. 23 Pro\u00adzent der Befrag\u00adten tref\u00adfen Ent\u00adschei\u00addun\u00adgen in Bezug auf die raum\u00adluft\u00adtech\u00adni\u00adsche Aus\u00adstat\u00adtung ihres Fir\u00admen\u00adb\u00fc\u00adros. Die Gr\u00f6\u00ad\u00dfe des Unter\u00adneh\u00admens, in dem die Befrag\u00adten arbei\u00adten, gaben 21 Pro\u00adzent mit 1\u201310 Besch\u00e4f\u00adti\u00adge, 32 Pro\u00adzent mit 11\u2013100 Besch\u00e4f\u00adtig\u00adte, 18 Pro\u00adzent mit 101\u2013500 Besch\u00e4f\u00adtig\u00adte und 29 Pro\u00adzent mit mehr als 500 Besch\u00e4f\u00adtig\u00adte an. Das Durch\u00adschnitts\u00adal\u00adter der Befrag\u00adten betrug 44 Jah\u00adre. 53 Pro\u00adzent der Befrag\u00adten waren weib\u00adlich, 46 Pro\u00adzent m\u00e4nn\u00adlich, ein Pro\u00adzent divers.<\/p>\n<p><em>Die aus\u00adf\u00fchr\u00adli\u00adche Aus\u00adwer\u00adtung der Befra\u00adgung fin\u00addet sich <a href=\"https:\/\/office-roxx.de\/2024\/10\/08\/klimawandel-erreicht-buero-ergebnisse-der-office-roxx-leserumfrage-prima-bueroklima-2024\/\">hier<\/a>.<\/em><\/p>\n","protected":false},"excerpt":{"rendered":"<p>Wie ist es um das Raum\u00adkli\u00adma in B\u00fcros bestellt? Das wur\u00adden die Leser des OFFICE ROXX Blogs Anfang Sep\u00adtem\u00adber bereits zum vier\u00adten Mal gefragt \u2013 im Auf\u00adtrag der Initia\u00adti\u00adve Pri\u00adma\u00adB\u00fc\u00adro\u00adKli\u00adma. Die Ergeb\u00adnis\u00adse zei\u00adgen: Es hat sich was getan, aber es bleibt auch noch viel zu&nbsp;tun.<\/p>\n","protected":false},"author":1,"featured_media":2110,"comment_status":"closed","ping_status":"closed","sticky":false,"template":"","format":"standard","meta":{"wp_typography_post_enhancements_disabled":false,"footnotes":""},"categories":[1],"tags":[],"class_list":["post-2090","post","type-post","status-publish","format-standard","has-post-thumbnail","hentry","category-allgemein"],"yoast_head":"<!-- This site is optimized with the Yoast SEO plugin v27.3 - https:\/\/yoast.com\/product\/yoast-seo-wordpress\/ -->\n<title>Klimawandel erreicht B\u00fcro: Die Ergebnisse der OFFICE-ROXX-Leserumfrage \u201ePrima B\u00fcroklima 2024\u201c - PRIMAB\u00dcROKLIMA<\/title>\n<meta name=\"description\" content=\"Im September dieses Jahres hat der B\u00fcroblog OFFICE ROXX seine Leserschaft erneut zur Zufriedenheit mit dem B\u00fcroklima in Bezug auf die Raumluftqualit\u00e4t befragt.\" \/>\n<meta name=\"robots\" content=\"index, follow, max-snippet:-1, max-image-preview:large, max-video-preview:-1\" \/>\n<link rel=\"canonical\" href=\"https:\/\/office-roxx.de\/2024\/10\/08\/klimawandel-erreicht-buero-ergebnisse-der-office-roxx-leserumfrage-prima-bueroklima-2024\/\" \/>\n<meta property=\"og:locale\" content=\"de_DE\" \/>\n<meta property=\"og:type\" content=\"article\" \/>\n<meta property=\"og:title\" content=\"Klimawandel erreicht B\u00fcro: Die Ergebnisse der OFFICE-ROXX-Leserumfrage \u201ePrima B\u00fcroklima 2024\u201c - PRIMAB\u00dcROKLIMA\" \/>\n<meta property=\"og:description\" content=\"Im September dieses Jahres hat der B\u00fcroblog OFFICE ROXX seine Leserschaft erneut zur Zufriedenheit mit dem B\u00fcroklima in Bezug auf die Raumluftqualit\u00e4t befragt.\" \/>\n<meta property=\"og:url\" content=\"https:\/\/office-roxx.de\/2024\/10\/08\/klimawandel-erreicht-buero-ergebnisse-der-office-roxx-leserumfrage-prima-bueroklima-2024\/\" \/>\n<meta property=\"og:site_name\" content=\"PRIMAB\u00dcROKLIMA\" \/>\n<meta property=\"article:published_time\" content=\"2024-10-08T05:30:00+00:00\" \/>\n<meta property=\"article:modified_time\" content=\"2024-10-08T07:32:03+00:00\" \/>\n<meta property=\"og:image\" content=\"http:\/\/h3068839.stratoserver.net\/office-roxx\/primabueroklima\/wp-content\/uploads\/2024\/10\/ORB-Leserumfrage-PrimaBueroKlima-2024.jpg\" \/>\n\t<meta property=\"og:image:width\" content=\"1000\" \/>\n\t<meta property=\"og:image:height\" content=\"707\" \/>\n\t<meta property=\"og:image:type\" content=\"image\/jpeg\" \/>\n<meta name=\"author\" content=\"Team-PBK\" \/>\n<meta name=\"twitter:card\" content=\"summary_large_image\" \/>\n<meta name=\"twitter:label1\" content=\"Verfasst von\" \/>\n\t<meta name=\"twitter:data1\" content=\"Team-PBK\" \/>\n\t<meta name=\"twitter:label2\" content=\"Gesch\u00e4tzte Lesezeit\" \/>\n\t<meta name=\"twitter:data2\" content=\"6\u00a0Minuten\" \/>\n<script type=\"application\/ld+json\" class=\"yoast-schema-graph\">{\"@context\":\"https:\\\/\\\/schema.org\",\"@graph\":[{\"@type\":\"Article\",\"@id\":\"https:\\\/\\\/office-roxx.de\\\/2024\\\/10\\\/08\\\/klimawandel-erreicht-buero-ergebnisse-der-office-roxx-leserumfrage-prima-bueroklima-2024\\\/#article\",\"isPartOf\":{\"@id\":\"https:\\\/\\\/office-roxx.de\\\/primabueroklima\\\/klimawandel-erreicht-buero-die-ergebnisse-der-office-roxx-leserumfrage-prima-bueroklima-2024\\\/\"},\"author\":{\"name\":\"Team-PBK\",\"@id\":\"https:\\\/\\\/office-roxx.de\\\/primabueroklima\\\/#\\\/schema\\\/person\\\/aaff4d37a59d78dad48543c1cf5d7b0e\"},\"headline\":\"Klimawandel erreicht B\u00fcro: Die Ergebnisse der OFFICE-ROXX-Leserumfrage \u201ePrima B\u00fcroklima 2024\u201c\",\"datePublished\":\"2024-10-08T05:30:00+00:00\",\"dateModified\":\"2024-10-08T07:32:03+00:00\",\"mainEntityOfPage\":{\"@id\":\"https:\\\/\\\/office-roxx.de\\\/primabueroklima\\\/klimawandel-erreicht-buero-die-ergebnisse-der-office-roxx-leserumfrage-prima-bueroklima-2024\\\/\"},\"wordCount\":910,\"publisher\":{\"@id\":\"https:\\\/\\\/office-roxx.de\\\/primabueroklima\\\/#organization\"},\"image\":{\"@id\":\"https:\\\/\\\/office-roxx.de\\\/2024\\\/10\\\/08\\\/klimawandel-erreicht-buero-ergebnisse-der-office-roxx-leserumfrage-prima-bueroklima-2024\\\/#primaryimage\"},\"thumbnailUrl\":\"https:\\\/\\\/office-roxx.de\\\/primabueroklima\\\/wp-content\\\/uploads\\\/2024\\\/10\\\/ORB-Leserumfrage-PrimaBueroKlima-2024.jpg\",\"inLanguage\":\"de\"},{\"@type\":\"WebPage\",\"@id\":\"https:\\\/\\\/office-roxx.de\\\/primabueroklima\\\/klimawandel-erreicht-buero-die-ergebnisse-der-office-roxx-leserumfrage-prima-bueroklima-2024\\\/\",\"url\":\"https:\\\/\\\/office-roxx.de\\\/2024\\\/10\\\/08\\\/klimawandel-erreicht-buero-ergebnisse-der-office-roxx-leserumfrage-prima-bueroklima-2024\\\/\",\"name\":\"Klimawandel erreicht B\u00fcro: Die Ergebnisse der OFFICE-ROXX-Leserumfrage \u201ePrima B\u00fcroklima 2024\u201c - PRIMAB\u00dcROKLIMA\",\"isPartOf\":{\"@id\":\"https:\\\/\\\/office-roxx.de\\\/primabueroklima\\\/#website\"},\"primaryImageOfPage\":{\"@id\":\"https:\\\/\\\/office-roxx.de\\\/2024\\\/10\\\/08\\\/klimawandel-erreicht-buero-ergebnisse-der-office-roxx-leserumfrage-prima-bueroklima-2024\\\/#primaryimage\"},\"image\":{\"@id\":\"https:\\\/\\\/office-roxx.de\\\/2024\\\/10\\\/08\\\/klimawandel-erreicht-buero-ergebnisse-der-office-roxx-leserumfrage-prima-bueroklima-2024\\\/#primaryimage\"},\"thumbnailUrl\":\"https:\\\/\\\/office-roxx.de\\\/primabueroklima\\\/wp-content\\\/uploads\\\/2024\\\/10\\\/ORB-Leserumfrage-PrimaBueroKlima-2024.jpg\",\"datePublished\":\"2024-10-08T05:30:00+00:00\",\"dateModified\":\"2024-10-08T07:32:03+00:00\",\"description\":\"Im September dieses Jahres hat der B\u00fcroblog OFFICE ROXX seine Leserschaft erneut zur Zufriedenheit mit dem B\u00fcroklima in Bezug auf die Raumluftqualit\u00e4t befragt.\",\"breadcrumb\":{\"@id\":\"https:\\\/\\\/office-roxx.de\\\/2024\\\/10\\\/08\\\/klimawandel-erreicht-buero-ergebnisse-der-office-roxx-leserumfrage-prima-bueroklima-2024\\\/#breadcrumb\"},\"inLanguage\":\"de\",\"potentialAction\":[{\"@type\":\"ReadAction\",\"target\":[\"https:\\\/\\\/office-roxx.de\\\/2024\\\/10\\\/08\\\/klimawandel-erreicht-buero-ergebnisse-der-office-roxx-leserumfrage-prima-bueroklima-2024\\\/\"]}]},{\"@type\":\"ImageObject\",\"inLanguage\":\"de\",\"@id\":\"https:\\\/\\\/office-roxx.de\\\/2024\\\/10\\\/08\\\/klimawandel-erreicht-buero-ergebnisse-der-office-roxx-leserumfrage-prima-bueroklima-2024\\\/#primaryimage\",\"url\":\"https:\\\/\\\/office-roxx.de\\\/primabueroklima\\\/wp-content\\\/uploads\\\/2024\\\/10\\\/ORB-Leserumfrage-PrimaBueroKlima-2024.jpg\",\"contentUrl\":\"https:\\\/\\\/office-roxx.de\\\/primabueroklima\\\/wp-content\\\/uploads\\\/2024\\\/10\\\/ORB-Leserumfrage-PrimaBueroKlima-2024.jpg\",\"width\":1000,\"height\":707,\"caption\":\"Klimawandel erreicht B\u00fcro: Ergebnisse der OFFICE-ROXX-Leserumfrage \u201ePrima B\u00fcroklima 2024\u201c. Abbildung: OFFICE ROXX\"},{\"@type\":\"BreadcrumbList\",\"@id\":\"https:\\\/\\\/office-roxx.de\\\/2024\\\/10\\\/08\\\/klimawandel-erreicht-buero-ergebnisse-der-office-roxx-leserumfrage-prima-bueroklima-2024\\\/#breadcrumb\",\"itemListElement\":[{\"@type\":\"ListItem\",\"position\":1,\"name\":\"Startseite\",\"item\":\"https:\\\/\\\/office-roxx.de\\\/primabueroklima\\\/\"},{\"@type\":\"ListItem\",\"position\":2,\"name\":\"Klimawandel erreicht B\u00fcro: Die Ergebnisse der OFFICE-ROXX-Leserumfrage \u201ePrima B\u00fcroklima 2024\u201c\"}]},{\"@type\":\"WebSite\",\"@id\":\"https:\\\/\\\/office-roxx.de\\\/primabueroklima\\\/#website\",\"url\":\"https:\\\/\\\/office-roxx.de\\\/primabueroklima\\\/\",\"name\":\"PRIMAB\u00dcROKLIMA\",\"description\":\"F\u00fcr eine bessere Luftqualit\u00e4t in Office-Umgebungen\",\"publisher\":{\"@id\":\"https:\\\/\\\/office-roxx.de\\\/primabueroklima\\\/#organization\"},\"potentialAction\":[{\"@type\":\"SearchAction\",\"target\":{\"@type\":\"EntryPoint\",\"urlTemplate\":\"https:\\\/\\\/office-roxx.de\\\/primabueroklima\\\/?s={search_term_string}\"},\"query-input\":{\"@type\":\"PropertyValueSpecification\",\"valueRequired\":true,\"valueName\":\"search_term_string\"}}],\"inLanguage\":\"de\"},{\"@type\":\"Organization\",\"@id\":\"https:\\\/\\\/office-roxx.de\\\/primabueroklima\\\/#organization\",\"name\":\"PRIMAB\u00dcROKLIMA\",\"url\":\"https:\\\/\\\/office-roxx.de\\\/primabueroklima\\\/\",\"logo\":{\"@type\":\"ImageObject\",\"inLanguage\":\"de\",\"@id\":\"https:\\\/\\\/office-roxx.de\\\/primabueroklima\\\/#\\\/schema\\\/logo\\\/image\\\/\",\"url\":\"https:\\\/\\\/office-roxx.de\\\/primabueroklima\\\/wp-content\\\/uploads\\\/2020\\\/09\\\/Prima-Klima-Logo_Farbe_beschn.jpg\",\"contentUrl\":\"https:\\\/\\\/office-roxx.de\\\/primabueroklima\\\/wp-content\\\/uploads\\\/2020\\\/09\\\/Prima-Klima-Logo_Farbe_beschn.jpg\",\"width\":1000,\"height\":675,\"caption\":\"PRIMAB\u00dcROKLIMA\"},\"image\":{\"@id\":\"https:\\\/\\\/office-roxx.de\\\/primabueroklima\\\/#\\\/schema\\\/logo\\\/image\\\/\"}},{\"@type\":\"Person\",\"@id\":\"https:\\\/\\\/office-roxx.de\\\/primabueroklima\\\/#\\\/schema\\\/person\\\/aaff4d37a59d78dad48543c1cf5d7b0e\",\"name\":\"Team-PBK\",\"image\":{\"@type\":\"ImageObject\",\"inLanguage\":\"de\",\"@id\":\"https:\\\/\\\/secure.gravatar.com\\\/avatar\\\/e7f38084968dcbb88b923f48395eb5ec7c3ad3102c6db95eccceb504d4317f39?s=96&d=mm&r=g\",\"url\":\"https:\\\/\\\/secure.gravatar.com\\\/avatar\\\/e7f38084968dcbb88b923f48395eb5ec7c3ad3102c6db95eccceb504d4317f39?s=96&d=mm&r=g\",\"contentUrl\":\"https:\\\/\\\/secure.gravatar.com\\\/avatar\\\/e7f38084968dcbb88b923f48395eb5ec7c3ad3102c6db95eccceb504d4317f39?s=96&d=mm&r=g\",\"caption\":\"Team-PBK\"},\"sameAs\":[\"https:\\\/\\\/office-roxx.de\\\/primabueroklima\"],\"url\":\"https:\\\/\\\/office-roxx.de\\\/primabueroklima\\\/author\\\/team-pbk\\\/\"}]}<\/script>\n<!-- \/ Yoast SEO plugin. -->","yoast_head_json":{"title":"Klimawandel erreicht B\u00fcro: Die Ergebnisse der OFFICE-ROXX-Leserumfrage \u201ePrima B\u00fcroklima 2024\u201c - PRIMAB\u00dcROKLIMA","description":"Im September dieses Jahres hat der B\u00fcroblog OFFICE ROXX seine Leserschaft erneut zur Zufriedenheit mit dem B\u00fcroklima in Bezug auf die Raumluftqualit\u00e4t befragt.","robots":{"index":"index","follow":"follow","max-snippet":"max-snippet:-1","max-image-preview":"max-image-preview:large","max-video-preview":"max-video-preview:-1"},"canonical":"https:\/\/office-roxx.de\/2024\/10\/08\/klimawandel-erreicht-buero-ergebnisse-der-office-roxx-leserumfrage-prima-bueroklima-2024\/","og_locale":"de_DE","og_type":"article","og_title":"Klimawandel erreicht B\u00fcro: Die Ergebnisse der OFFICE-ROXX-Leserumfrage \u201ePrima B\u00fcroklima 2024\u201c - PRIMAB\u00dcROKLIMA","og_description":"Im September dieses Jahres hat der B\u00fcroblog OFFICE ROXX seine Leserschaft erneut zur Zufriedenheit mit dem B\u00fcroklima in Bezug auf die Raumluftqualit\u00e4t befragt.","og_url":"https:\/\/office-roxx.de\/2024\/10\/08\/klimawandel-erreicht-buero-ergebnisse-der-office-roxx-leserumfrage-prima-bueroklima-2024\/","og_site_name":"PRIMAB\u00dcROKLIMA","article_published_time":"2024-10-08T05:30:00+00:00","article_modified_time":"2024-10-08T07:32:03+00:00","og_image":[{"width":1000,"height":707,"url":"http:\/\/h3068839.stratoserver.net\/office-roxx\/primabueroklima\/wp-content\/uploads\/2024\/10\/ORB-Leserumfrage-PrimaBueroKlima-2024.jpg","type":"image\/jpeg"}],"author":"Team-PBK","twitter_card":"summary_large_image","twitter_misc":{"Verfasst von":"Team-PBK","Gesch\u00e4tzte Lesezeit":"6\u00a0Minuten"},"schema":{"@context":"https:\/\/schema.org","@graph":[{"@type":"Article","@id":"https:\/\/office-roxx.de\/2024\/10\/08\/klimawandel-erreicht-buero-ergebnisse-der-office-roxx-leserumfrage-prima-bueroklima-2024\/#article","isPartOf":{"@id":"https:\/\/office-roxx.de\/primabueroklima\/klimawandel-erreicht-buero-die-ergebnisse-der-office-roxx-leserumfrage-prima-bueroklima-2024\/"},"author":{"name":"Team-PBK","@id":"https:\/\/office-roxx.de\/primabueroklima\/#\/schema\/person\/aaff4d37a59d78dad48543c1cf5d7b0e"},"headline":"Klimawandel erreicht B\u00fcro: Die Ergebnisse der OFFICE-ROXX-Leserumfrage \u201ePrima B\u00fcroklima 2024\u201c","datePublished":"2024-10-08T05:30:00+00:00","dateModified":"2024-10-08T07:32:03+00:00","mainEntityOfPage":{"@id":"https:\/\/office-roxx.de\/primabueroklima\/klimawandel-erreicht-buero-die-ergebnisse-der-office-roxx-leserumfrage-prima-bueroklima-2024\/"},"wordCount":910,"publisher":{"@id":"https:\/\/office-roxx.de\/primabueroklima\/#organization"},"image":{"@id":"https:\/\/office-roxx.de\/2024\/10\/08\/klimawandel-erreicht-buero-ergebnisse-der-office-roxx-leserumfrage-prima-bueroklima-2024\/#primaryimage"},"thumbnailUrl":"https:\/\/office-roxx.de\/primabueroklima\/wp-content\/uploads\/2024\/10\/ORB-Leserumfrage-PrimaBueroKlima-2024.jpg","inLanguage":"de"},{"@type":"WebPage","@id":"https:\/\/office-roxx.de\/primabueroklima\/klimawandel-erreicht-buero-die-ergebnisse-der-office-roxx-leserumfrage-prima-bueroklima-2024\/","url":"https:\/\/office-roxx.de\/2024\/10\/08\/klimawandel-erreicht-buero-ergebnisse-der-office-roxx-leserumfrage-prima-bueroklima-2024\/","name":"Klimawandel erreicht B\u00fcro: Die Ergebnisse der OFFICE-ROXX-Leserumfrage \u201ePrima B\u00fcroklima 2024\u201c - PRIMAB\u00dcROKLIMA","isPartOf":{"@id":"https:\/\/office-roxx.de\/primabueroklima\/#website"},"primaryImageOfPage":{"@id":"https:\/\/office-roxx.de\/2024\/10\/08\/klimawandel-erreicht-buero-ergebnisse-der-office-roxx-leserumfrage-prima-bueroklima-2024\/#primaryimage"},"image":{"@id":"https:\/\/office-roxx.de\/2024\/10\/08\/klimawandel-erreicht-buero-ergebnisse-der-office-roxx-leserumfrage-prima-bueroklima-2024\/#primaryimage"},"thumbnailUrl":"https:\/\/office-roxx.de\/primabueroklima\/wp-content\/uploads\/2024\/10\/ORB-Leserumfrage-PrimaBueroKlima-2024.jpg","datePublished":"2024-10-08T05:30:00+00:00","dateModified":"2024-10-08T07:32:03+00:00","description":"Im September dieses Jahres hat der B\u00fcroblog OFFICE ROXX seine Leserschaft erneut zur Zufriedenheit mit dem B\u00fcroklima in Bezug auf die Raumluftqualit\u00e4t befragt.","breadcrumb":{"@id":"https:\/\/office-roxx.de\/2024\/10\/08\/klimawandel-erreicht-buero-ergebnisse-der-office-roxx-leserumfrage-prima-bueroklima-2024\/#breadcrumb"},"inLanguage":"de","potentialAction":[{"@type":"ReadAction","target":["https:\/\/office-roxx.de\/2024\/10\/08\/klimawandel-erreicht-buero-ergebnisse-der-office-roxx-leserumfrage-prima-bueroklima-2024\/"]}]},{"@type":"ImageObject","inLanguage":"de","@id":"https:\/\/office-roxx.de\/2024\/10\/08\/klimawandel-erreicht-buero-ergebnisse-der-office-roxx-leserumfrage-prima-bueroklima-2024\/#primaryimage","url":"https:\/\/office-roxx.de\/primabueroklima\/wp-content\/uploads\/2024\/10\/ORB-Leserumfrage-PrimaBueroKlima-2024.jpg","contentUrl":"https:\/\/office-roxx.de\/primabueroklima\/wp-content\/uploads\/2024\/10\/ORB-Leserumfrage-PrimaBueroKlima-2024.jpg","width":1000,"height":707,"caption":"Klimawandel erreicht B\u00fcro: Ergebnisse der OFFICE-ROXX-Leserumfrage \u201ePrima B\u00fcroklima 2024\u201c. Abbildung: OFFICE ROXX"},{"@type":"BreadcrumbList","@id":"https:\/\/office-roxx.de\/2024\/10\/08\/klimawandel-erreicht-buero-ergebnisse-der-office-roxx-leserumfrage-prima-bueroklima-2024\/#breadcrumb","itemListElement":[{"@type":"ListItem","position":1,"name":"Startseite","item":"https:\/\/office-roxx.de\/primabueroklima\/"},{"@type":"ListItem","position":2,"name":"Klimawandel erreicht B\u00fcro: Die Ergebnisse der OFFICE-ROXX-Leserumfrage \u201ePrima B\u00fcroklima 2024\u201c"}]},{"@type":"WebSite","@id":"https:\/\/office-roxx.de\/primabueroklima\/#website","url":"https:\/\/office-roxx.de\/primabueroklima\/","name":"PRIMAB\u00dcROKLIMA","description":"F\u00fcr eine bessere Luftqualit\u00e4t in Office-Umgebungen","publisher":{"@id":"https:\/\/office-roxx.de\/primabueroklima\/#organization"},"potentialAction":[{"@type":"SearchAction","target":{"@type":"EntryPoint","urlTemplate":"https:\/\/office-roxx.de\/primabueroklima\/?s={search_term_string}"},"query-input":{"@type":"PropertyValueSpecification","valueRequired":true,"valueName":"search_term_string"}}],"inLanguage":"de"},{"@type":"Organization","@id":"https:\/\/office-roxx.de\/primabueroklima\/#organization","name":"PRIMAB\u00dcROKLIMA","url":"https:\/\/office-roxx.de\/primabueroklima\/","logo":{"@type":"ImageObject","inLanguage":"de","@id":"https:\/\/office-roxx.de\/primabueroklima\/#\/schema\/logo\/image\/","url":"https:\/\/office-roxx.de\/primabueroklima\/wp-content\/uploads\/2020\/09\/Prima-Klima-Logo_Farbe_beschn.jpg","contentUrl":"https:\/\/office-roxx.de\/primabueroklima\/wp-content\/uploads\/2020\/09\/Prima-Klima-Logo_Farbe_beschn.jpg","width":1000,"height":675,"caption":"PRIMAB\u00dcROKLIMA"},"image":{"@id":"https:\/\/office-roxx.de\/primabueroklima\/#\/schema\/logo\/image\/"}},{"@type":"Person","@id":"https:\/\/office-roxx.de\/primabueroklima\/#\/schema\/person\/aaff4d37a59d78dad48543c1cf5d7b0e","name":"Team-PBK","image":{"@type":"ImageObject","inLanguage":"de","@id":"https:\/\/secure.gravatar.com\/avatar\/e7f38084968dcbb88b923f48395eb5ec7c3ad3102c6db95eccceb504d4317f39?s=96&d=mm&r=g","url":"https:\/\/secure.gravatar.com\/avatar\/e7f38084968dcbb88b923f48395eb5ec7c3ad3102c6db95eccceb504d4317f39?s=96&d=mm&r=g","contentUrl":"https:\/\/secure.gravatar.com\/avatar\/e7f38084968dcbb88b923f48395eb5ec7c3ad3102c6db95eccceb504d4317f39?s=96&d=mm&r=g","caption":"Team-PBK"},"sameAs":["https:\/\/office-roxx.de\/primabueroklima"],"url":"https:\/\/office-roxx.de\/primabueroklima\/author\/team-pbk\/"}]}},"_links":{"self":[{"href":"https:\/\/office-roxx.de\/primabueroklima\/wp-json\/wp\/v2\/posts\/2090","targetHints":{"allow":["GET"]}}],"collection":[{"href":"https:\/\/office-roxx.de\/primabueroklima\/wp-json\/wp\/v2\/posts"}],"about":[{"href":"https:\/\/office-roxx.de\/primabueroklima\/wp-json\/wp\/v2\/types\/post"}],"author":[{"embeddable":true,"href":"https:\/\/office-roxx.de\/primabueroklima\/wp-json\/wp\/v2\/users\/1"}],"replies":[{"embeddable":true,"href":"https:\/\/office-roxx.de\/primabueroklima\/wp-json\/wp\/v2\/comments?post=2090"}],"version-history":[{"count":1,"href":"https:\/\/office-roxx.de\/primabueroklima\/wp-json\/wp\/v2\/posts\/2090\/revisions"}],"predecessor-version":[{"id":2111,"href":"https:\/\/office-roxx.de\/primabueroklima\/wp-json\/wp\/v2\/posts\/2090\/revisions\/2111"}],"wp:featuredmedia":[{"embeddable":true,"href":"https:\/\/office-roxx.de\/primabueroklima\/wp-json\/wp\/v2\/media\/2110"}],"wp:attachment":[{"href":"https:\/\/office-roxx.de\/primabueroklima\/wp-json\/wp\/v2\/media?parent=2090"}],"wp:term":[{"taxonomy":"category","embeddable":true,"href":"https:\/\/office-roxx.de\/primabueroklima\/wp-json\/wp\/v2\/categories?post=2090"},{"taxonomy":"post_tag","embeddable":true,"href":"https:\/\/office-roxx.de\/primabueroklima\/wp-json\/wp\/v2\/tags?post=2090"}],"curies":[{"name":"wp","href":"https:\/\/api.w.org\/{rel}","templated":true}]}}