{"id":2076,"date":"2024-11-11T07:30:00","date_gmt":"2024-11-11T06:30:00","guid":{"rendered":"https:\/\/office-roxx.de\/primabueroklima\/?p=2076"},"modified":"2024-09-20T14:20:37","modified_gmt":"2024-09-20T12:20:37","slug":"expertentipp-fuenf-zimmerpflanzen-fuers-buero","status":"publish","type":"post","link":"https:\/\/office-roxx.de\/primabueroklima\/expertentipp-fuenf-zimmerpflanzen-fuers-buero\/","title":{"rendered":"Expertentipp: F\u00fcnf Zimmerpflanzen f\u00fcrs&nbsp;B\u00fcro"},"content":{"rendered":"<p>Was f\u00fcrs Zuhau\u00adse gut ist, kann f\u00fcrs B\u00fcro nicht schlecht sein: Zim\u00admer\u00adpflan\u00adzen-Exper\u00adtin Son\u00adja D\u00fcm\u00admen stellt beim Mit\u00adtel\u00addeut\u00adschen Rund\u00adfunk (MDR) f\u00fcnf Zim\u00admer\u00adpflan\u00adzen vor, die zu einem guten Raum\u00adkli\u00adma beitragen.<\/p>\n<p><!--more--><\/p>\n<figure id=\"attachment_2098\" aria-describedby=\"caption-attachment-2098\" style=\"width: 600px\" class=\"wp-caption aligncenter\"><img loading=\"lazy\" decoding=\"async\" class=\"wp-image-2098 ml-lightbox-enabled\" src=\"https:\/\/office-roxx.de\/primabueroklima\/wp-content\/uploads\/2024\/11\/john-salzarulo-Hl1stIQkVRw-unsplash.jpg\" alt=\"Luftreinigende Pflanzen schaffen ein gesundes Raumklima im B\u00fcro oder zu Hause. Bild: John Salzarulo, Unsplash\" width=\"600\" height=\"400\" srcset=\"https:\/\/office-roxx.de\/primabueroklima\/wp-content\/uploads\/2024\/11\/john-salzarulo-Hl1stIQkVRw-unsplash.jpg 1000w, https:\/\/office-roxx.de\/primabueroklima\/wp-content\/uploads\/2024\/11\/john-salzarulo-Hl1stIQkVRw-unsplash-300x200.jpg 300w, https:\/\/office-roxx.de\/primabueroklima\/wp-content\/uploads\/2024\/11\/john-salzarulo-Hl1stIQkVRw-unsplash-768x512.jpg 768w\" sizes=\"auto, (max-width: 600px) 100vw, 600px\"><figcaption id=\"caption-attachment-2098\" class=\"wp-caption-text\">Luft\u00adrei\u00adni\u00adgen\u00adde Pflan\u00adzen schaf\u00adfen ein gesun\u00addes Raum\u00adkli\u00adma im B\u00fcro oder zu Hau\u00adse. Bild: John Salz\u00adaru\u00adlo, Unsplash<\/figcaption><\/figure>\n<p>Zim\u00admer\u00adpflan\u00adzen wird eine luft\u00adrei\u00adni\u00adgen\u00adde Wir\u00adkung nach\u00adge\u00adsagt. Stimmt das? In ihrem <a href=\"https:\/\/www.mdr.de\/mdr-garten\/pflanzen\/zimmerpflanzen-luftreinigend-schlafzimmer-buero-raumklima-100.html\">Rat\u00adge\u00adber\u00adbei\u00adtrag<\/a> f\u00fcr den MDR erkl\u00e4rt Son\u00adja D\u00fcm\u00admen, wie die Zim\u00admer\u00adflo\u00adra f\u00fcr ein gutes Raum\u00adkli\u00adma sorgt. Zudem gibt die Pflan\u00adzen\u00adex\u00adper\u00adtin Tipps, wel\u00adche Pflan\u00adzen beson\u00adders gut f\u00fcr Innen\u00adr\u00e4u\u00adme wie bei\u00adspiels\u00adwei\u00adse B\u00fcro oder Home\u00adof\u00adfice geeig\u00adnet&nbsp;sind.<\/p>\n","protected":false},"excerpt":{"rendered":"<p>Was f\u00fcrs Zuhau\u00adse gut ist, kann f\u00fcrs B\u00fcro nicht schlecht sein: Zim\u00ad\u00admer\u00adpflan\u00ad\u00adzen-Exper\u00ad\u00adtin Son\u00adja D\u00fcm\u00admen stellt beim Mit\u00adtel\u00addeut\u00adschen Rund\u00adfunk (MDR) f\u00fcnf Zim\u00admer\u00adpflan\u00adzen vor, die zu einem guten Raum\u00adkli\u00adma beitragen.<\/p>\n","protected":false},"author":1,"featured_media":2098,"comment_status":"closed","ping_status":"closed","sticky":false,"template":"","format":"standard","meta":{"wp_typography_post_enhancements_disabled":false,"footnotes":""},"categories":[1],"tags":[],"class_list":["post-2076","post","type-post","status-publish","format-standard","has-post-thumbnail","hentry","category-allgemein"],"yoast_head":"<!-- This site is optimized with the Yoast SEO plugin v27.3 - https:\/\/yoast.com\/product\/yoast-seo-wordpress\/ -->\n<title>Expertentipp: F\u00fcnf Zimmerpflanzen f\u00fcrs B\u00fcro - PRIMAB\u00dcROKLIMA<\/title>\n<meta name=\"description\" content=\"Zimmerpflanzen-Expertin Sonja D\u00fcmmen stellt beim Mitteldeutschen Rundfunk (MDR) f\u00fcnf Zimmerpflanzen vor, die zu einem guten Raumklima beitragen.\" \/>\n<meta name=\"robots\" content=\"index, follow, max-snippet:-1, max-image-preview:large, max-video-preview:-1\" \/>\n<link rel=\"canonical\" href=\"https:\/\/office-roxx.de\/primabueroklima\/expertentipp-fuenf-zimmerpflanzen-fuers-buero\/\" \/>\n<meta property=\"og:locale\" content=\"de_DE\" \/>\n<meta property=\"og:type\" content=\"article\" \/>\n<meta property=\"og:title\" content=\"Expertentipp: F\u00fcnf Zimmerpflanzen f\u00fcrs B\u00fcro - PRIMAB\u00dcROKLIMA\" \/>\n<meta property=\"og:description\" content=\"Zimmerpflanzen-Expertin Sonja D\u00fcmmen stellt beim Mitteldeutschen Rundfunk (MDR) f\u00fcnf Zimmerpflanzen vor, die zu einem guten Raumklima beitragen.\" \/>\n<meta property=\"og:url\" content=\"https:\/\/office-roxx.de\/primabueroklima\/expertentipp-fuenf-zimmerpflanzen-fuers-buero\/\" \/>\n<meta property=\"og:site_name\" content=\"PRIMAB\u00dcROKLIMA\" \/>\n<meta property=\"article:published_time\" content=\"2024-11-11T06:30:00+00:00\" \/>\n<meta property=\"og:image\" content=\"https:\/\/office-roxx.de\/primabueroklima\/wp-content\/uploads\/2024\/11\/john-salzarulo-Hl1stIQkVRw-unsplash.jpg\" \/>\n\t<meta property=\"og:image:width\" content=\"1000\" \/>\n\t<meta property=\"og:image:height\" content=\"667\" \/>\n\t<meta property=\"og:image:type\" content=\"image\/jpeg\" \/>\n<meta name=\"author\" content=\"Team-PBK\" \/>\n<meta name=\"twitter:card\" content=\"summary_large_image\" \/>\n<meta name=\"twitter:label1\" content=\"Verfasst von\" \/>\n\t<meta name=\"twitter:data1\" content=\"Team-PBK\" \/>\n\t<meta name=\"twitter:label2\" content=\"Gesch\u00e4tzte Lesezeit\" \/>\n\t<meta name=\"twitter:data2\" content=\"1\u00a0Minute\" \/>\n<script type=\"application\/ld+json\" class=\"yoast-schema-graph\">{\"@context\":\"https:\\\/\\\/schema.org\",\"@graph\":[{\"@type\":\"Article\",\"@id\":\"https:\\\/\\\/office-roxx.de\\\/primabueroklima\\\/expertentipp-fuenf-zimmerpflanzen-fuers-buero\\\/#article\",\"isPartOf\":{\"@id\":\"https:\\\/\\\/office-roxx.de\\\/primabueroklima\\\/expertentipp-fuenf-zimmerpflanzen-fuers-buero\\\/\"},\"author\":{\"name\":\"Team-PBK\",\"@id\":\"https:\\\/\\\/office-roxx.de\\\/primabueroklima\\\/#\\\/schema\\\/person\\\/aaff4d37a59d78dad48543c1cf5d7b0e\"},\"headline\":\"Expertentipp: F\u00fcnf Zimmerpflanzen f\u00fcrs&nbsp;B\u00fcro\",\"datePublished\":\"2024-11-11T06:30:00+00:00\",\"mainEntityOfPage\":{\"@id\":\"https:\\\/\\\/office-roxx.de\\\/primabueroklima\\\/expertentipp-fuenf-zimmerpflanzen-fuers-buero\\\/\"},\"wordCount\":114,\"publisher\":{\"@id\":\"https:\\\/\\\/office-roxx.de\\\/primabueroklima\\\/#organization\"},\"image\":{\"@id\":\"https:\\\/\\\/office-roxx.de\\\/primabueroklima\\\/expertentipp-fuenf-zimmerpflanzen-fuers-buero\\\/#primaryimage\"},\"thumbnailUrl\":\"https:\\\/\\\/office-roxx.de\\\/primabueroklima\\\/wp-content\\\/uploads\\\/2024\\\/11\\\/john-salzarulo-Hl1stIQkVRw-unsplash.jpg\",\"inLanguage\":\"de\"},{\"@type\":\"WebPage\",\"@id\":\"https:\\\/\\\/office-roxx.de\\\/primabueroklima\\\/expertentipp-fuenf-zimmerpflanzen-fuers-buero\\\/\",\"url\":\"https:\\\/\\\/office-roxx.de\\\/primabueroklima\\\/expertentipp-fuenf-zimmerpflanzen-fuers-buero\\\/\",\"name\":\"Expertentipp: F\u00fcnf Zimmerpflanzen f\u00fcrs B\u00fcro - PRIMAB\u00dcROKLIMA\",\"isPartOf\":{\"@id\":\"https:\\\/\\\/office-roxx.de\\\/primabueroklima\\\/#website\"},\"primaryImageOfPage\":{\"@id\":\"https:\\\/\\\/office-roxx.de\\\/primabueroklima\\\/expertentipp-fuenf-zimmerpflanzen-fuers-buero\\\/#primaryimage\"},\"image\":{\"@id\":\"https:\\\/\\\/office-roxx.de\\\/primabueroklima\\\/expertentipp-fuenf-zimmerpflanzen-fuers-buero\\\/#primaryimage\"},\"thumbnailUrl\":\"https:\\\/\\\/office-roxx.de\\\/primabueroklima\\\/wp-content\\\/uploads\\\/2024\\\/11\\\/john-salzarulo-Hl1stIQkVRw-unsplash.jpg\",\"datePublished\":\"2024-11-11T06:30:00+00:00\",\"description\":\"Zimmerpflanzen-Expertin Sonja D\u00fcmmen stellt beim Mitteldeutschen Rundfunk (MDR) f\u00fcnf Zimmerpflanzen vor, die zu einem guten Raumklima beitragen.\",\"breadcrumb\":{\"@id\":\"https:\\\/\\\/office-roxx.de\\\/primabueroklima\\\/expertentipp-fuenf-zimmerpflanzen-fuers-buero\\\/#breadcrumb\"},\"inLanguage\":\"de\",\"potentialAction\":[{\"@type\":\"ReadAction\",\"target\":[\"https:\\\/\\\/office-roxx.de\\\/primabueroklima\\\/expertentipp-fuenf-zimmerpflanzen-fuers-buero\\\/\"]}]},{\"@type\":\"ImageObject\",\"inLanguage\":\"de\",\"@id\":\"https:\\\/\\\/office-roxx.de\\\/primabueroklima\\\/expertentipp-fuenf-zimmerpflanzen-fuers-buero\\\/#primaryimage\",\"url\":\"https:\\\/\\\/office-roxx.de\\\/primabueroklima\\\/wp-content\\\/uploads\\\/2024\\\/11\\\/john-salzarulo-Hl1stIQkVRw-unsplash.jpg\",\"contentUrl\":\"https:\\\/\\\/office-roxx.de\\\/primabueroklima\\\/wp-content\\\/uploads\\\/2024\\\/11\\\/john-salzarulo-Hl1stIQkVRw-unsplash.jpg\",\"width\":1000,\"height\":667,\"caption\":\"Luftreinigende Pflanzen schaffen ein gesundes Raumklima im B\u00fcro oder zu Hause. Bild: John Salzarulo, Unsplash\"},{\"@type\":\"BreadcrumbList\",\"@id\":\"https:\\\/\\\/office-roxx.de\\\/primabueroklima\\\/expertentipp-fuenf-zimmerpflanzen-fuers-buero\\\/#breadcrumb\",\"itemListElement\":[{\"@type\":\"ListItem\",\"position\":1,\"name\":\"Startseite\",\"item\":\"https:\\\/\\\/office-roxx.de\\\/primabueroklima\\\/\"},{\"@type\":\"ListItem\",\"position\":2,\"name\":\"Expertentipp: F\u00fcnf Zimmerpflanzen f\u00fcrs&nbsp;B\u00fcro\"}]},{\"@type\":\"WebSite\",\"@id\":\"https:\\\/\\\/office-roxx.de\\\/primabueroklima\\\/#website\",\"url\":\"https:\\\/\\\/office-roxx.de\\\/primabueroklima\\\/\",\"name\":\"PRIMAB\u00dcROKLIMA\",\"description\":\"F\u00fcr eine bessere Luftqualit\u00e4t in Office-Umgebungen\",\"publisher\":{\"@id\":\"https:\\\/\\\/office-roxx.de\\\/primabueroklima\\\/#organization\"},\"potentialAction\":[{\"@type\":\"SearchAction\",\"target\":{\"@type\":\"EntryPoint\",\"urlTemplate\":\"https:\\\/\\\/office-roxx.de\\\/primabueroklima\\\/?s={search_term_string}\"},\"query-input\":{\"@type\":\"PropertyValueSpecification\",\"valueRequired\":true,\"valueName\":\"search_term_string\"}}],\"inLanguage\":\"de\"},{\"@type\":\"Organization\",\"@id\":\"https:\\\/\\\/office-roxx.de\\\/primabueroklima\\\/#organization\",\"name\":\"PRIMAB\u00dcROKLIMA\",\"url\":\"https:\\\/\\\/office-roxx.de\\\/primabueroklima\\\/\",\"logo\":{\"@type\":\"ImageObject\",\"inLanguage\":\"de\",\"@id\":\"https:\\\/\\\/office-roxx.de\\\/primabueroklima\\\/#\\\/schema\\\/logo\\\/image\\\/\",\"url\":\"https:\\\/\\\/office-roxx.de\\\/primabueroklima\\\/wp-content\\\/uploads\\\/2020\\\/09\\\/Prima-Klima-Logo_Farbe_beschn.jpg\",\"contentUrl\":\"https:\\\/\\\/office-roxx.de\\\/primabueroklima\\\/wp-content\\\/uploads\\\/2020\\\/09\\\/Prima-Klima-Logo_Farbe_beschn.jpg\",\"width\":1000,\"height\":675,\"caption\":\"PRIMAB\u00dcROKLIMA\"},\"image\":{\"@id\":\"https:\\\/\\\/office-roxx.de\\\/primabueroklima\\\/#\\\/schema\\\/logo\\\/image\\\/\"}},{\"@type\":\"Person\",\"@id\":\"https:\\\/\\\/office-roxx.de\\\/primabueroklima\\\/#\\\/schema\\\/person\\\/aaff4d37a59d78dad48543c1cf5d7b0e\",\"name\":\"Team-PBK\",\"image\":{\"@type\":\"ImageObject\",\"inLanguage\":\"de\",\"@id\":\"https:\\\/\\\/secure.gravatar.com\\\/avatar\\\/e7f38084968dcbb88b923f48395eb5ec7c3ad3102c6db95eccceb504d4317f39?s=96&d=mm&r=g\",\"url\":\"https:\\\/\\\/secure.gravatar.com\\\/avatar\\\/e7f38084968dcbb88b923f48395eb5ec7c3ad3102c6db95eccceb504d4317f39?s=96&d=mm&r=g\",\"contentUrl\":\"https:\\\/\\\/secure.gravatar.com\\\/avatar\\\/e7f38084968dcbb88b923f48395eb5ec7c3ad3102c6db95eccceb504d4317f39?s=96&d=mm&r=g\",\"caption\":\"Team-PBK\"},\"sameAs\":[\"https:\\\/\\\/office-roxx.de\\\/primabueroklima\"],\"url\":\"https:\\\/\\\/office-roxx.de\\\/primabueroklima\\\/author\\\/team-pbk\\\/\"}]}<\/script>\n<!-- \/ Yoast SEO plugin. -->","yoast_head_json":{"title":"Expertentipp: F\u00fcnf Zimmerpflanzen f\u00fcrs B\u00fcro - PRIMAB\u00dcROKLIMA","description":"Zimmerpflanzen-Expertin Sonja D\u00fcmmen stellt beim Mitteldeutschen Rundfunk (MDR) f\u00fcnf Zimmerpflanzen vor, die zu einem guten Raumklima beitragen.","robots":{"index":"index","follow":"follow","max-snippet":"max-snippet:-1","max-image-preview":"max-image-preview:large","max-video-preview":"max-video-preview:-1"},"canonical":"https:\/\/office-roxx.de\/primabueroklima\/expertentipp-fuenf-zimmerpflanzen-fuers-buero\/","og_locale":"de_DE","og_type":"article","og_title":"Expertentipp: F\u00fcnf Zimmerpflanzen f\u00fcrs B\u00fcro - PRIMAB\u00dcROKLIMA","og_description":"Zimmerpflanzen-Expertin Sonja D\u00fcmmen stellt beim Mitteldeutschen Rundfunk (MDR) f\u00fcnf Zimmerpflanzen vor, die zu einem guten Raumklima beitragen.","og_url":"https:\/\/office-roxx.de\/primabueroklima\/expertentipp-fuenf-zimmerpflanzen-fuers-buero\/","og_site_name":"PRIMAB\u00dcROKLIMA","article_published_time":"2024-11-11T06:30:00+00:00","og_image":[{"width":1000,"height":667,"url":"https:\/\/office-roxx.de\/primabueroklima\/wp-content\/uploads\/2024\/11\/john-salzarulo-Hl1stIQkVRw-unsplash.jpg","type":"image\/jpeg"}],"author":"Team-PBK","twitter_card":"summary_large_image","twitter_misc":{"Verfasst von":"Team-PBK","Gesch\u00e4tzte Lesezeit":"1\u00a0Minute"},"schema":{"@context":"https:\/\/schema.org","@graph":[{"@type":"Article","@id":"https:\/\/office-roxx.de\/primabueroklima\/expertentipp-fuenf-zimmerpflanzen-fuers-buero\/#article","isPartOf":{"@id":"https:\/\/office-roxx.de\/primabueroklima\/expertentipp-fuenf-zimmerpflanzen-fuers-buero\/"},"author":{"name":"Team-PBK","@id":"https:\/\/office-roxx.de\/primabueroklima\/#\/schema\/person\/aaff4d37a59d78dad48543c1cf5d7b0e"},"headline":"Expertentipp: F\u00fcnf Zimmerpflanzen f\u00fcrs&nbsp;B\u00fcro","datePublished":"2024-11-11T06:30:00+00:00","mainEntityOfPage":{"@id":"https:\/\/office-roxx.de\/primabueroklima\/expertentipp-fuenf-zimmerpflanzen-fuers-buero\/"},"wordCount":114,"publisher":{"@id":"https:\/\/office-roxx.de\/primabueroklima\/#organization"},"image":{"@id":"https:\/\/office-roxx.de\/primabueroklima\/expertentipp-fuenf-zimmerpflanzen-fuers-buero\/#primaryimage"},"thumbnailUrl":"https:\/\/office-roxx.de\/primabueroklima\/wp-content\/uploads\/2024\/11\/john-salzarulo-Hl1stIQkVRw-unsplash.jpg","inLanguage":"de"},{"@type":"WebPage","@id":"https:\/\/office-roxx.de\/primabueroklima\/expertentipp-fuenf-zimmerpflanzen-fuers-buero\/","url":"https:\/\/office-roxx.de\/primabueroklima\/expertentipp-fuenf-zimmerpflanzen-fuers-buero\/","name":"Expertentipp: F\u00fcnf Zimmerpflanzen f\u00fcrs B\u00fcro - PRIMAB\u00dcROKLIMA","isPartOf":{"@id":"https:\/\/office-roxx.de\/primabueroklima\/#website"},"primaryImageOfPage":{"@id":"https:\/\/office-roxx.de\/primabueroklima\/expertentipp-fuenf-zimmerpflanzen-fuers-buero\/#primaryimage"},"image":{"@id":"https:\/\/office-roxx.de\/primabueroklima\/expertentipp-fuenf-zimmerpflanzen-fuers-buero\/#primaryimage"},"thumbnailUrl":"https:\/\/office-roxx.de\/primabueroklima\/wp-content\/uploads\/2024\/11\/john-salzarulo-Hl1stIQkVRw-unsplash.jpg","datePublished":"2024-11-11T06:30:00+00:00","description":"Zimmerpflanzen-Expertin Sonja D\u00fcmmen stellt beim Mitteldeutschen Rundfunk (MDR) f\u00fcnf Zimmerpflanzen vor, die zu einem guten Raumklima beitragen.","breadcrumb":{"@id":"https:\/\/office-roxx.de\/primabueroklima\/expertentipp-fuenf-zimmerpflanzen-fuers-buero\/#breadcrumb"},"inLanguage":"de","potentialAction":[{"@type":"ReadAction","target":["https:\/\/office-roxx.de\/primabueroklima\/expertentipp-fuenf-zimmerpflanzen-fuers-buero\/"]}]},{"@type":"ImageObject","inLanguage":"de","@id":"https:\/\/office-roxx.de\/primabueroklima\/expertentipp-fuenf-zimmerpflanzen-fuers-buero\/#primaryimage","url":"https:\/\/office-roxx.de\/primabueroklima\/wp-content\/uploads\/2024\/11\/john-salzarulo-Hl1stIQkVRw-unsplash.jpg","contentUrl":"https:\/\/office-roxx.de\/primabueroklima\/wp-content\/uploads\/2024\/11\/john-salzarulo-Hl1stIQkVRw-unsplash.jpg","width":1000,"height":667,"caption":"Luftreinigende Pflanzen schaffen ein gesundes Raumklima im B\u00fcro oder zu Hause. Bild: John Salzarulo, Unsplash"},{"@type":"BreadcrumbList","@id":"https:\/\/office-roxx.de\/primabueroklima\/expertentipp-fuenf-zimmerpflanzen-fuers-buero\/#breadcrumb","itemListElement":[{"@type":"ListItem","position":1,"name":"Startseite","item":"https:\/\/office-roxx.de\/primabueroklima\/"},{"@type":"ListItem","position":2,"name":"Expertentipp: F\u00fcnf Zimmerpflanzen f\u00fcrs&nbsp;B\u00fcro"}]},{"@type":"WebSite","@id":"https:\/\/office-roxx.de\/primabueroklima\/#website","url":"https:\/\/office-roxx.de\/primabueroklima\/","name":"PRIMAB\u00dcROKLIMA","description":"F\u00fcr eine bessere Luftqualit\u00e4t in Office-Umgebungen","publisher":{"@id":"https:\/\/office-roxx.de\/primabueroklima\/#organization"},"potentialAction":[{"@type":"SearchAction","target":{"@type":"EntryPoint","urlTemplate":"https:\/\/office-roxx.de\/primabueroklima\/?s={search_term_string}"},"query-input":{"@type":"PropertyValueSpecification","valueRequired":true,"valueName":"search_term_string"}}],"inLanguage":"de"},{"@type":"Organization","@id":"https:\/\/office-roxx.de\/primabueroklima\/#organization","name":"PRIMAB\u00dcROKLIMA","url":"https:\/\/office-roxx.de\/primabueroklima\/","logo":{"@type":"ImageObject","inLanguage":"de","@id":"https:\/\/office-roxx.de\/primabueroklima\/#\/schema\/logo\/image\/","url":"https:\/\/office-roxx.de\/primabueroklima\/wp-content\/uploads\/2020\/09\/Prima-Klima-Logo_Farbe_beschn.jpg","contentUrl":"https:\/\/office-roxx.de\/primabueroklima\/wp-content\/uploads\/2020\/09\/Prima-Klima-Logo_Farbe_beschn.jpg","width":1000,"height":675,"caption":"PRIMAB\u00dcROKLIMA"},"image":{"@id":"https:\/\/office-roxx.de\/primabueroklima\/#\/schema\/logo\/image\/"}},{"@type":"Person","@id":"https:\/\/office-roxx.de\/primabueroklima\/#\/schema\/person\/aaff4d37a59d78dad48543c1cf5d7b0e","name":"Team-PBK","image":{"@type":"ImageObject","inLanguage":"de","@id":"https:\/\/secure.gravatar.com\/avatar\/e7f38084968dcbb88b923f48395eb5ec7c3ad3102c6db95eccceb504d4317f39?s=96&d=mm&r=g","url":"https:\/\/secure.gravatar.com\/avatar\/e7f38084968dcbb88b923f48395eb5ec7c3ad3102c6db95eccceb504d4317f39?s=96&d=mm&r=g","contentUrl":"https:\/\/secure.gravatar.com\/avatar\/e7f38084968dcbb88b923f48395eb5ec7c3ad3102c6db95eccceb504d4317f39?s=96&d=mm&r=g","caption":"Team-PBK"},"sameAs":["https:\/\/office-roxx.de\/primabueroklima"],"url":"https:\/\/office-roxx.de\/primabueroklima\/author\/team-pbk\/"}]}},"_links":{"self":[{"href":"https:\/\/office-roxx.de\/primabueroklima\/wp-json\/wp\/v2\/posts\/2076","targetHints":{"allow":["GET"]}}],"collection":[{"href":"https:\/\/office-roxx.de\/primabueroklima\/wp-json\/wp\/v2\/posts"}],"about":[{"href":"https:\/\/office-roxx.de\/primabueroklima\/wp-json\/wp\/v2\/types\/post"}],"author":[{"embeddable":true,"href":"https:\/\/office-roxx.de\/primabueroklima\/wp-json\/wp\/v2\/users\/1"}],"replies":[{"embeddable":true,"href":"https:\/\/office-roxx.de\/primabueroklima\/wp-json\/wp\/v2\/comments?post=2076"}],"version-history":[{"count":6,"href":"https:\/\/office-roxx.de\/primabueroklima\/wp-json\/wp\/v2\/posts\/2076\/revisions"}],"predecessor-version":[{"id":2108,"href":"https:\/\/office-roxx.de\/primabueroklima\/wp-json\/wp\/v2\/posts\/2076\/revisions\/2108"}],"wp:featuredmedia":[{"embeddable":true,"href":"https:\/\/office-roxx.de\/primabueroklima\/wp-json\/wp\/v2\/media\/2098"}],"wp:attachment":[{"href":"https:\/\/office-roxx.de\/primabueroklima\/wp-json\/wp\/v2\/media?parent=2076"}],"wp:term":[{"taxonomy":"category","embeddable":true,"href":"https:\/\/office-roxx.de\/primabueroklima\/wp-json\/wp\/v2\/categories?post=2076"},{"taxonomy":"post_tag","embeddable":true,"href":"https:\/\/office-roxx.de\/primabueroklima\/wp-json\/wp\/v2\/tags?post=2076"}],"curies":[{"name":"wp","href":"https:\/\/api.w.org\/{rel}","templated":true}]}}