{"id":204,"date":"2020-09-03T09:16:43","date_gmt":"2020-09-03T07:16:43","guid":{"rendered":"https:\/\/office-roxx.de\/primabueroklima\/?p=204"},"modified":"2023-01-09T17:35:05","modified_gmt":"2023-01-09T16:35:05","slug":"gegen-dicke-luft-im-buero-warum-das-richtige-raumklima-wichtig-ist","status":"publish","type":"post","link":"https:\/\/office-roxx.de\/primabueroklima\/gegen-dicke-luft-im-buero-warum-das-richtige-raumklima-wichtig-ist\/","title":{"rendered":"Gegen dicke Luft im B\u00fcro: Warum das richtige Raumklima so wichtig ist"},"content":{"rendered":"<p>Fri\u00adsche Luft und die rich\u00adti\u00adge Luft\u00adfeuch\u00adtig\u00adkeit sind Man\u00adgel\u00adwa\u00adre in vie\u00adlen B\u00fcros. Doch die\u00adse Fak\u00adto\u00adren beein\u00adflus\u00adsen ma\u00df\u00adgeb\u00adlich das Wohl\u00adbe\u00adfin\u00adden der Ange\u00adstell\u00adten. Wel\u00adchen Ein\u00adfluss sie genau auf die Gesund\u00adheit und Pro\u00adduk\u00adti\u00advi\u00adt\u00e4t der Besch\u00e4f\u00adtig\u00adten haben, ver\u00adr\u00e4t Dr. Ste\u00adpha\u00adnie Tay\u00adlor von der Har\u00advard Medi\u00adcal School im Interview.<\/p>\n<p><!--more--><\/p>\n<figure id=\"attachment_205\" aria-describedby=\"caption-attachment-205\" style=\"width: 1000px\" class=\"wp-caption aligncenter\"><img loading=\"lazy\" decoding=\"async\" class=\"wp-image-205 size-full ml-lightbox-enabled\" src=\"https:\/\/office-roxx.de\/primabueroklima\/wp-content\/uploads\/2020\/09\/Airthings-for-Business-Wave-Plus-Office.jpg\" alt=\"Gutes Raumluftklima f\u00f6rdert die Gesundheit und das produktive Arbeiten. Abbildung: Airthings\" width=\"1000\" height=\"721\" srcset=\"https:\/\/office-roxx.de\/primabueroklima\/wp-content\/uploads\/2020\/09\/Airthings-for-Business-Wave-Plus-Office.jpg 1000w, https:\/\/office-roxx.de\/primabueroklima\/wp-content\/uploads\/2020\/09\/Airthings-for-Business-Wave-Plus-Office-300x216.jpg 300w, https:\/\/office-roxx.de\/primabueroklima\/wp-content\/uploads\/2020\/09\/Airthings-for-Business-Wave-Plus-Office-768x554.jpg 768w\" sizes=\"auto, (max-width: 1000px) 100vw, 1000px\"><figcaption id=\"caption-attachment-205\" class=\"wp-caption-text\">Gutes Raum\u00adluft\u00adkli\u00adma f\u00f6r\u00addert die Gesund\u00adheit und das pro\u00adduk\u00adti\u00adve Arbei\u00adten. Abbil\u00addung: Airthings<\/figcaption><\/figure>\n<p><span style=\"color: #3366ff;\"><strong>Pri\u00adma\u00adB\u00fc\u00adro\u00adKli\u00adma: Frau Dr. Tay\u00adlor, wie haben Sie her\u00adaus\u00adge\u00adfun\u00adden, dass die Luft\u00adfeuch\u00adtig\u00adkeit ein ent\u00adschei\u00adden\u00adder Fak\u00adtor bei der \u00dcber\u00adtra\u00adgung von Viren&nbsp;ist?<\/strong><\/span><\/p>\n<p><strong><span style=\"color: #000000;\">Dr. Ste\u00adpha\u00adnie Tay\u00adlor:<\/span><\/strong> Mit dem Ein\u00adfluss der Luft\u00adfeuch\u00adtig\u00adkeit auf die Ver\u00adbrei\u00adtung von Viren habe ich mich erst\u00admals im Jahr 2013 befasst. Damals unter\u00adsuch\u00adte ich, wie sich Infek\u00adtio\u00adnen in neu\u00aden Kran\u00adken\u00adh\u00e4u\u00adsern ver\u00adbrei\u00adten. Daf\u00fcr kamen ver\u00adschie\u00adde\u00adne Fak\u00adto\u00adren infra\u00adge. So ent\u00addeck\u00adte ich, dass Infek\u00adti\u00adons\u00adra\u00adte und Luft\u00adfeuch\u00adtig\u00adkeit in den Pati\u00aden\u00adten\u00adzim\u00admern \u00e4u\u00dferst stark mit\u00adein\u00adan\u00adder kor\u00adre\u00adlie\u00adren. Zun\u00e4chst war ich skep\u00adtisch, doch durch wei\u00adte\u00adre For\u00adschun\u00adgen in Pfle\u00adge\u00adhei\u00admen und Schu\u00adlen lie\u00df sich die\u00adser Zusam\u00admen\u00adhang letzt\u00adlich best\u00e4tigen.<\/p>\n<p><span style=\"color: #3366ff;\"><strong>B\u00fcros gel\u00adten als Viren\u00adschleu\u00addern. War\u00adum ist die\u00adse Erkennt\u00adnis beson\u00adders wich\u00adtig f\u00fcr das Office-Umfeld?&nbsp;<\/strong><\/span><\/p>\n<p>B\u00fcros z\u00e4h\u00adlen zu den \u00f6ffent\u00adli\u00adchen Orten mit erh\u00f6h\u00adtem Infek\u00adti\u00adons\u00adri\u00adsi\u00adko. In Innen\u00adr\u00e4u\u00admen ist die Luft oft\u00admals deut\u00adlich tro\u00adcke\u00adner als im Frei\u00aden, bedingt durch ver\u00adschie\u00adde\u00adne Fak\u00adto\u00adren: Kli\u00adma\u00adan\u00adla\u00adgen, Hei\u00adzungs\u00adluft oder Elek\u00adtro\u00adge\u00adr\u00e4\u00adte wie Dru\u00adcker oder Com\u00adpu\u00adter. Das min\u00addert das Wohl\u00adbe\u00adfin\u00adden der Besch\u00e4f\u00adtig\u00adten und deren Pro\u00adduk\u00adti\u00advi\u00adt\u00e4t. Gleich\u00adzei\u00adtig steigt das Risi\u00adko, sich mit Krank\u00adheits\u00ader\u00adre\u00adgern anzu\u00adste\u00adcken. Das ist im B\u00fcro beson\u00adders pro\u00adble\u00adma\u00adtisch. Denn dort hal\u00adten sich \u00fcbli\u00adcher\u00adwei\u00adse meh\u00adre\u00adre Mit\u00adar\u00adbei\u00adter \u00fcber einen l\u00e4n\u00adge\u00adren Zeit\u00adraum im sel\u00adben Raum auf, und sie atmen zwangs\u00adl\u00e4u\u00adfig die glei\u00adche Luft ein. Fens\u00adter las\u00adsen sich oft nicht \u00f6ff\u00adnen. Falls doch, wird vor allem in k\u00fch\u00adle\u00adren Jah\u00adres\u00adzei\u00adten zu sel\u00adten gel\u00fcf\u00adtet. Zudem gehen vie\u00adle Besch\u00e4f\u00adtig\u00adte trotz eines Infekts zur Arbeit. Sie begeg\u00adnen ihren Kol\u00adle\u00adgen im B\u00fcro sowie auf dem Flur und fas\u00adsen die glei\u00adchen T\u00fcr\u00adklin\u00adken&nbsp;an.<\/p>\n<p><span style=\"color: #3366ff;\"><strong>Sie haben eine Peti\u00adti\u00adon initi\u00adiert, die an die WHO gerich\u00adtet ist. Was genau for\u00addern&nbsp;Sie?<\/strong><\/span><\/p>\n<figure id=\"attachment_206\" aria-describedby=\"caption-attachment-206\" style=\"width: 364px\" class=\"wp-caption alignright\"><img loading=\"lazy\" decoding=\"async\" class=\"wp-image-206  ml-lightbox-enabled\" src=\"https:\/\/office-roxx.de\/primabueroklima\/wp-content\/uploads\/2020\/09\/Dr-Stephanie-Taylor.jpg\" alt=\"Dr. Stephanie Taylor, Beraterin f\u00fcr Infektionskontrolle an der Harvard Medical School. hms.harvard.edu Abbildung: Condair\" width=\"364\" height=\"243\" srcset=\"https:\/\/office-roxx.de\/primabueroklima\/wp-content\/uploads\/2020\/09\/Dr-Stephanie-Taylor.jpg 1000w, https:\/\/office-roxx.de\/primabueroklima\/wp-content\/uploads\/2020\/09\/Dr-Stephanie-Taylor-300x200.jpg 300w, https:\/\/office-roxx.de\/primabueroklima\/wp-content\/uploads\/2020\/09\/Dr-Stephanie-Taylor-768x512.jpg 768w\" sizes=\"auto, (max-width: 364px) 100vw, 364px\"><figcaption id=\"caption-attachment-206\" class=\"wp-caption-text\">Dr. Ste\u00adpha\u00adnie Tay\u00adlor, Bera\u00adte\u00adrin f\u00fcr Infek\u00adti\u00adons\u00adkon\u00adtrol\u00adle an der Har\u00advard Medi\u00adcal School. hms.harvard.edu Abbil\u00addung: Condair<\/figcaption><\/figure>\n<p>Die Peti\u00adti\u00adon <a href=\"https:\/\/40to60rh.com\/\" target=\"_blank\" rel=\"noopener noreferrer\">40to60RH<\/a> for\u00addert von der WHO eine Min\u00addest\u00adgren\u00adze f\u00fcr die Luft\u00adfeuch\u00adtig\u00adkeit in \u00f6ffent\u00adli\u00adchen Geb\u00e4u\u00adden, um Atem\u00adwegs\u00adin\u00adfek\u00adtio\u00adnen zu redu\u00adzie\u00adren. Meh\u00adre\u00adre Immun\u00adbio\u00adlo\u00adgen, Medi\u00adzi\u00adner sowie Unter\u00adneh\u00admen wie Airt\u00adhings und Cond\u00adair Sys\u00adtems unter\u00adst\u00fct\u00adzen die Peti\u00adti\u00adon. Durch die Covid-19-Pan\u00adde\u00admie wur\u00adde vie\u00adlen erst bewusst, wie wich\u00adtig unser Anlie\u00adgen ist. Die emp\u00adfoh\u00adle\u00adne Luft\u00adfeuch\u00adtig\u00adkeit betr\u00e4gt zwi\u00adschen 40 und 60 Pro\u00adzent. Zwar gibt es bereits offi\u00adzi\u00adel\u00adle WHO-Richt\u00adli\u00adni\u00aden zur Raum\u00adluft\u00adqua\u00adli\u00adt\u00e4t, die betref\u00adfen jedoch mehr die Ver\u00adschmut\u00adzung oder den Schim\u00admel. Eine Unter\u00adgren\u00adze f\u00fcr die Luft\u00adfeuch\u00adtig\u00adkeit ist aller\u00addings noch nicht defi\u00adniert. Bei einem Min\u00addest\u00adwert m\u00fcss\u00adten Bau\u00adbe\u00adh\u00f6r\u00adden auf der gan\u00adzen Welt ihre Richt\u00adli\u00adni\u00aden aktua\u00adli\u00adsie\u00adren und Geb\u00e4u\u00adde\u00adei\u00adgen\u00adt\u00fc\u00admer sowie -betrei\u00adber die geeig\u00adne\u00adten Ma\u00df\u00adnah\u00admen zu des\u00adsen Ein\u00adhal\u00adtung ergrei\u00adfen. Denn ein opti\u00adma\u00adles Raum\u00adkli\u00adma f\u00f6r\u00addert das Leben und die Gesund\u00adheit von Mil\u00adlio\u00adnen von Menschen.<\/p>\n<p><span style=\"color: #3366ff;\"><strong>Inwie\u00adfern ver\u00adhin\u00addert eine mitt\u00adle\u00adre Luft\u00adfeuch\u00adtig\u00adkeit kon\u00adkret Atemwegsinfektionen?<\/strong><\/span><\/p>\n<p>Bei einer zu nied\u00adri\u00adgen Luft\u00adfeuch\u00adtig\u00adkeit fal\u00adlen gro\u00ad\u00dfe Trop\u00adfen nicht so schnell auf den Boden, wie sie es nor\u00adma\u00adler\u00adwei\u00adse tun w\u00fcr\u00adden. Statt\u00addes\u00adsen wer\u00adden sie zu klei\u00adne\u00adren Tr\u00f6pf\u00adchen, die l\u00e4n\u00adger in der Luft schwe\u00adben und Viren k\u00f6n\u00adnen in die\u00adsen \u00fcber einen l\u00e4n\u00adge\u00adren Zeit\u00adraum \u00fcber\u00adle\u00adben. Im Gegen\u00adsatz dazu nimmt bei einer h\u00f6he\u00adren Luft\u00adfeuch\u00adtig\u00adkeit die Infek\u00adtio\u00adsi\u00adt\u00e4t von Viren ab. For\u00adscher der Yale Uni\u00adver\u00adsi\u00adt\u00e4t haben anhand von Influ\u00aden\u00adza\u00advi\u00adren fest\u00adge\u00adstellt, dass das Immun\u00adsys\u00adtem bei einer hohen Luft\u00adfeuch\u00adtig\u00adkeit resis\u00adten\u00adter&nbsp;ist.<\/p>\n<p><span style=\"color: #3366ff;\"><strong>Wel\u00adche Vor\u00adtei\u00adle h\u00e4t\u00adte die Ein\u00adf\u00fch\u00adrung einer Min\u00addest-Luft\u00adfeuch\u00adtig\u00adkeit am Arbeitsplatz?<\/strong><\/span><\/p>\n<p>Eine Luft\u00adfeuch\u00adtig\u00adkeit von 40 bis 60 Pro\u00adzent in B\u00fcros f\u00fchrt zu meh\u00adre\u00adren Vor\u00adtei\u00adlen, die nicht nur die Gesund\u00adheit der Mit\u00adar\u00adbei\u00adter, son\u00addern auch die Wirt\u00adschaft\u00adlich\u00adkeit der Unter\u00adneh\u00admen betref\u00adfen. Manch einer hat viel\u00adleicht schon vom \u201eSick-Buil\u00adding-Syn\u00addrom\u201c geh\u00f6rt: Geb\u00e4u\u00adde k\u00f6n\u00adnen krank machen. Vie\u00adle Berufs\u00adt\u00e4\u00adti\u00adge ver\u00adbrin\u00adgen gut ein Drit\u00adtel ihres Tages am Arbeits\u00adplatz. Ein schlech\u00adtes Raum\u00adkli\u00adma wirkt sich nega\u00adtiv auf Pro\u00adduk\u00adti\u00advi\u00adt\u00e4t und Wohl\u00adbe\u00adfin\u00adden der Beleg\u00adschaft aus. Luft\u00adfeuch\u00adtig\u00adkeit ist auch eine wich\u00adti\u00adge Kom\u00adpo\u00adnen\u00adte. Tro\u00adcke\u00adne Luft kann bei\u00adspiels\u00adwei\u00adse zu gereiz\u00adten Augen und tro\u00adcke\u00adnen Schleim\u00adh\u00e4u\u00adten f\u00fch\u00adren. Laut einer WorldGBC-Stu\u00addie zufol\u00adge ver\u00adf\u00fcg\u00adten Arbeit\u00adneh\u00admer in B\u00fcros mit guter Luft \u00fcber 27 Pro\u00adzent weni\u00adger Fehlzeiten.<\/p>\n<p><span style=\"color: #3366ff;\"><strong>Wel\u00adche Tipps emp\u00adfeh\u00adlen Sie abschlie\u00ad\u00dfend Mit\u00adar\u00adbei\u00adtern, um die opti\u00adma\u00adle Luft\u00adfeuch\u00adtig\u00adkeit im B\u00fcro sicherzustellen?<\/strong><\/span><\/p>\n<p>Zun\u00e4chst soll\u00adten Besch\u00e4f\u00adtig\u00adte den Sta\u00adtus quo ihrer Raum\u00adluft\u00adqua\u00adli\u00adt\u00e4t ken\u00adnen. Dies l\u00e4sst sich mit\u00adtels Raum\u00adkli\u00adma-Moni\u00adto\u00adring ermit\u00adteln. Hier\u00adbei emp\u00adfeh\u00adlen sich smar\u00adte Luft\u00adqua\u00adli\u00adt\u00e4ts\u00admo\u00adni\u00adto\u00adre, die umfas\u00adsen\u00adde Daten zur Raum\u00adluft und damit kon\u00adkret zur Luft\u00adfeuch\u00adtig\u00adkeit, Tem\u00adpe\u00adra\u00adtur oder zum CO2-Gehalt lie\u00adfern. In k\u00fch\u00adle\u00adren Mona\u00adten sind vor allem Luft\u00adbe\u00adfeuch\u00adter gegen tro\u00adcke\u00adne Hei\u00adzungs\u00adluft hilf\u00adreich. Dar\u00ad\u00fcber hin\u00adaus k\u00f6n\u00adnen Pflan\u00adzen dabei hel\u00adfen, die Luft\u00adfeuch\u00adtig\u00adkeit im B\u00fcro zu erh\u00f6\u00adhen und das Raum\u00adkli\u00adma nach\u00adhal\u00adtig zu ver\u00adbes\u00adsern. Und nat\u00fcr\u00adlich soll\u00adten Mit\u00adar\u00adbei\u00adter eine wesent\u00adli\u00adche Sache nicht ver\u00adges\u00adsen: L\u00fcf\u00adten \u2013 am bes\u00adten alle zwei Stun\u00adden sto\u00dfl\u00fcften.<\/p>\n<p><span style=\"color: #3366ff;\"><strong>Vie\u00adlen&nbsp;Dank.<\/strong><\/span><\/p>\n<p><em>Die Fra\u00adgen stell\u00adte Chris\u00adti\u00adan&nbsp;Marx.<\/em><\/p>\n<p>&nbsp;<\/p>\n","protected":false},"excerpt":{"rendered":"<p>Fri\u00adsche Luft und die rich\u00adti\u00adge Luft\u00adfeuch\u00adtig\u00adkeit sind Man\u00adgel\u00adwa\u00adre in vie\u00adlen B\u00fcros. Doch die\u00adse Fak\u00adto\u00adren beein\u00adflus\u00adsen ma\u00df\u00adgeb\u00adlich das Wohl\u00adbe\u00adfin\u00adden der Ange\u00adstell\u00adten. Wel\u00adchen Ein\u00adfluss sie genau auf die Gesund\u00adheit und Pro\u00adduk\u00adti\u00advi\u00adt\u00e4t der Besch\u00e4f\u00adtig\u00adten haben, ver\u00adr\u00e4t Dr. Ste\u00adpha\u00adnie Tay\u00adlor von der Har\u00advard Medi\u00adcal School im Interview.<\/p>\n","protected":false},"author":1,"featured_media":206,"comment_status":"closed","ping_status":"closed","sticky":false,"template":"","format":"standard","meta":{"wp_typography_post_enhancements_disabled":false,"footnotes":""},"categories":[1],"tags":[6,2],"class_list":["post-204","post","type-post","status-publish","format-standard","has-post-thumbnail","hentry","category-allgemein","tag-covid-19","tag-luftbefeuchtung"],"yoast_head":"<!-- This site is optimized with the Yoast SEO plugin v27.3 - https:\/\/yoast.com\/product\/yoast-seo-wordpress\/ -->\n<title>Gegen dicke Luft im B\u00fcro: Warum das richtige Raumklima so wichtig ist - PRIMAB\u00dcROKLIMA<\/title>\n<meta name=\"robots\" content=\"index, follow, max-snippet:-1, max-image-preview:large, max-video-preview:-1\" \/>\n<link rel=\"canonical\" href=\"https:\/\/office-roxx.de\/primabueroklima\/gegen-dicke-luft-im-buero-warum-das-richtige-raumklima-wichtig-ist\/\" \/>\n<meta property=\"og:locale\" content=\"de_DE\" \/>\n<meta property=\"og:type\" content=\"article\" \/>\n<meta property=\"og:title\" content=\"Gegen dicke Luft im B\u00fcro: Warum das richtige Raumklima so wichtig ist - PRIMAB\u00dcROKLIMA\" \/>\n<meta property=\"og:description\" content=\"Fri\u00adsche Luft und die rich\u00adti\u00adge Luft\u00adfeuch\u00adtig\u00adkeit sind Man\u00adgel\u00adwa\u00adre in vie\u00adlen B\u00fcros. Doch die\u00adse Fak\u00adto\u00adren beein\u00adflus\u00adsen ma\u00df\u00adgeb\u00adlich das Wohl\u00adbe\u00adfin\u00adden der Ange\u00adstell\u00adten. Wel\u00adchen Ein\u00adfluss sie genau auf die Gesund\u00adheit und Pro\u00adduk\u00adti\u00advi\u00adt\u00e4t der Besch\u00e4f\u00adtig\u00adten haben, ver\u00adr\u00e4t Dr. Ste\u00adpha\u00adnie Tay\u00adlor von der Har\u00advard Medi\u00adcal School im Interview.\" \/>\n<meta property=\"og:url\" content=\"https:\/\/office-roxx.de\/primabueroklima\/gegen-dicke-luft-im-buero-warum-das-richtige-raumklima-wichtig-ist\/\" \/>\n<meta property=\"og:site_name\" content=\"PRIMAB\u00dcROKLIMA\" \/>\n<meta property=\"article:published_time\" content=\"2020-09-03T07:16:43+00:00\" \/>\n<meta property=\"article:modified_time\" content=\"2023-01-09T16:35:05+00:00\" \/>\n<meta property=\"og:image\" content=\"http:\/\/h3068839.stratoserver.net\/office-roxx\/primabueroklima\/wp-content\/uploads\/2020\/09\/Dr-Stephanie-Taylor.jpg\" \/>\n\t<meta property=\"og:image:width\" content=\"1000\" \/>\n\t<meta property=\"og:image:height\" content=\"667\" \/>\n\t<meta property=\"og:image:type\" content=\"image\/jpeg\" \/>\n<meta name=\"author\" content=\"Team-PBK\" \/>\n<meta name=\"twitter:card\" content=\"summary_large_image\" \/>\n<meta name=\"twitter:label1\" content=\"Verfasst von\" \/>\n\t<meta name=\"twitter:data1\" content=\"Team-PBK\" \/>\n\t<meta name=\"twitter:label2\" content=\"Gesch\u00e4tzte Lesezeit\" \/>\n\t<meta name=\"twitter:data2\" content=\"4\u00a0Minuten\" \/>\n<script type=\"application\/ld+json\" class=\"yoast-schema-graph\">{\"@context\":\"https:\\\/\\\/schema.org\",\"@graph\":[{\"@type\":\"Article\",\"@id\":\"https:\\\/\\\/office-roxx.de\\\/primabueroklima\\\/gegen-dicke-luft-im-buero-warum-das-richtige-raumklima-wichtig-ist\\\/#article\",\"isPartOf\":{\"@id\":\"https:\\\/\\\/office-roxx.de\\\/primabueroklima\\\/gegen-dicke-luft-im-buero-warum-das-richtige-raumklima-wichtig-ist\\\/\"},\"author\":{\"name\":\"Team-PBK\",\"@id\":\"https:\\\/\\\/office-roxx.de\\\/primabueroklima\\\/#\\\/schema\\\/person\\\/aaff4d37a59d78dad48543c1cf5d7b0e\"},\"headline\":\"Gegen dicke Luft im B\u00fcro: Warum das richtige Raumklima so wichtig ist\",\"datePublished\":\"2020-09-03T07:16:43+00:00\",\"dateModified\":\"2023-01-09T16:35:05+00:00\",\"mainEntityOfPage\":{\"@id\":\"https:\\\/\\\/office-roxx.de\\\/primabueroklima\\\/gegen-dicke-luft-im-buero-warum-das-richtige-raumklima-wichtig-ist\\\/\"},\"wordCount\":812,\"publisher\":{\"@id\":\"https:\\\/\\\/office-roxx.de\\\/primabueroklima\\\/#organization\"},\"image\":{\"@id\":\"https:\\\/\\\/office-roxx.de\\\/primabueroklima\\\/gegen-dicke-luft-im-buero-warum-das-richtige-raumklima-wichtig-ist\\\/#primaryimage\"},\"thumbnailUrl\":\"https:\\\/\\\/office-roxx.de\\\/primabueroklima\\\/wp-content\\\/uploads\\\/2020\\\/09\\\/Dr-Stephanie-Taylor.jpg\",\"keywords\":[\"Covid-19\",\"Luftbefeuchtung\"],\"inLanguage\":\"de\"},{\"@type\":\"WebPage\",\"@id\":\"https:\\\/\\\/office-roxx.de\\\/primabueroklima\\\/gegen-dicke-luft-im-buero-warum-das-richtige-raumklima-wichtig-ist\\\/\",\"url\":\"https:\\\/\\\/office-roxx.de\\\/primabueroklima\\\/gegen-dicke-luft-im-buero-warum-das-richtige-raumklima-wichtig-ist\\\/\",\"name\":\"Gegen dicke Luft im B\u00fcro: Warum das richtige Raumklima so wichtig ist - PRIMAB\u00dcROKLIMA\",\"isPartOf\":{\"@id\":\"https:\\\/\\\/office-roxx.de\\\/primabueroklima\\\/#website\"},\"primaryImageOfPage\":{\"@id\":\"https:\\\/\\\/office-roxx.de\\\/primabueroklima\\\/gegen-dicke-luft-im-buero-warum-das-richtige-raumklima-wichtig-ist\\\/#primaryimage\"},\"image\":{\"@id\":\"https:\\\/\\\/office-roxx.de\\\/primabueroklima\\\/gegen-dicke-luft-im-buero-warum-das-richtige-raumklima-wichtig-ist\\\/#primaryimage\"},\"thumbnailUrl\":\"https:\\\/\\\/office-roxx.de\\\/primabueroklima\\\/wp-content\\\/uploads\\\/2020\\\/09\\\/Dr-Stephanie-Taylor.jpg\",\"datePublished\":\"2020-09-03T07:16:43+00:00\",\"dateModified\":\"2023-01-09T16:35:05+00:00\",\"breadcrumb\":{\"@id\":\"https:\\\/\\\/office-roxx.de\\\/primabueroklima\\\/gegen-dicke-luft-im-buero-warum-das-richtige-raumklima-wichtig-ist\\\/#breadcrumb\"},\"inLanguage\":\"de\",\"potentialAction\":[{\"@type\":\"ReadAction\",\"target\":[\"https:\\\/\\\/office-roxx.de\\\/primabueroklima\\\/gegen-dicke-luft-im-buero-warum-das-richtige-raumklima-wichtig-ist\\\/\"]}]},{\"@type\":\"ImageObject\",\"inLanguage\":\"de\",\"@id\":\"https:\\\/\\\/office-roxx.de\\\/primabueroklima\\\/gegen-dicke-luft-im-buero-warum-das-richtige-raumklima-wichtig-ist\\\/#primaryimage\",\"url\":\"https:\\\/\\\/office-roxx.de\\\/primabueroklima\\\/wp-content\\\/uploads\\\/2020\\\/09\\\/Dr-Stephanie-Taylor.jpg\",\"contentUrl\":\"https:\\\/\\\/office-roxx.de\\\/primabueroklima\\\/wp-content\\\/uploads\\\/2020\\\/09\\\/Dr-Stephanie-Taylor.jpg\",\"width\":1000,\"height\":667,\"caption\":\"Dr. Stephanie Taylor\"},{\"@type\":\"BreadcrumbList\",\"@id\":\"https:\\\/\\\/office-roxx.de\\\/primabueroklima\\\/gegen-dicke-luft-im-buero-warum-das-richtige-raumklima-wichtig-ist\\\/#breadcrumb\",\"itemListElement\":[{\"@type\":\"ListItem\",\"position\":1,\"name\":\"Startseite\",\"item\":\"https:\\\/\\\/office-roxx.de\\\/primabueroklima\\\/\"},{\"@type\":\"ListItem\",\"position\":2,\"name\":\"Gegen dicke Luft im B\u00fcro: Warum das richtige Raumklima so wichtig ist\"}]},{\"@type\":\"WebSite\",\"@id\":\"https:\\\/\\\/office-roxx.de\\\/primabueroklima\\\/#website\",\"url\":\"https:\\\/\\\/office-roxx.de\\\/primabueroklima\\\/\",\"name\":\"PRIMAB\u00dcROKLIMA\",\"description\":\"F\u00fcr eine bessere Luftqualit\u00e4t in Office-Umgebungen\",\"publisher\":{\"@id\":\"https:\\\/\\\/office-roxx.de\\\/primabueroklima\\\/#organization\"},\"potentialAction\":[{\"@type\":\"SearchAction\",\"target\":{\"@type\":\"EntryPoint\",\"urlTemplate\":\"https:\\\/\\\/office-roxx.de\\\/primabueroklima\\\/?s={search_term_string}\"},\"query-input\":{\"@type\":\"PropertyValueSpecification\",\"valueRequired\":true,\"valueName\":\"search_term_string\"}}],\"inLanguage\":\"de\"},{\"@type\":\"Organization\",\"@id\":\"https:\\\/\\\/office-roxx.de\\\/primabueroklima\\\/#organization\",\"name\":\"PRIMAB\u00dcROKLIMA\",\"url\":\"https:\\\/\\\/office-roxx.de\\\/primabueroklima\\\/\",\"logo\":{\"@type\":\"ImageObject\",\"inLanguage\":\"de\",\"@id\":\"https:\\\/\\\/office-roxx.de\\\/primabueroklima\\\/#\\\/schema\\\/logo\\\/image\\\/\",\"url\":\"https:\\\/\\\/office-roxx.de\\\/primabueroklima\\\/wp-content\\\/uploads\\\/2020\\\/09\\\/Prima-Klima-Logo_Farbe_beschn.jpg\",\"contentUrl\":\"https:\\\/\\\/office-roxx.de\\\/primabueroklima\\\/wp-content\\\/uploads\\\/2020\\\/09\\\/Prima-Klima-Logo_Farbe_beschn.jpg\",\"width\":1000,\"height\":675,\"caption\":\"PRIMAB\u00dcROKLIMA\"},\"image\":{\"@id\":\"https:\\\/\\\/office-roxx.de\\\/primabueroklima\\\/#\\\/schema\\\/logo\\\/image\\\/\"}},{\"@type\":\"Person\",\"@id\":\"https:\\\/\\\/office-roxx.de\\\/primabueroklima\\\/#\\\/schema\\\/person\\\/aaff4d37a59d78dad48543c1cf5d7b0e\",\"name\":\"Team-PBK\",\"image\":{\"@type\":\"ImageObject\",\"inLanguage\":\"de\",\"@id\":\"https:\\\/\\\/secure.gravatar.com\\\/avatar\\\/e7f38084968dcbb88b923f48395eb5ec7c3ad3102c6db95eccceb504d4317f39?s=96&d=mm&r=g\",\"url\":\"https:\\\/\\\/secure.gravatar.com\\\/avatar\\\/e7f38084968dcbb88b923f48395eb5ec7c3ad3102c6db95eccceb504d4317f39?s=96&d=mm&r=g\",\"contentUrl\":\"https:\\\/\\\/secure.gravatar.com\\\/avatar\\\/e7f38084968dcbb88b923f48395eb5ec7c3ad3102c6db95eccceb504d4317f39?s=96&d=mm&r=g\",\"caption\":\"Team-PBK\"},\"sameAs\":[\"https:\\\/\\\/office-roxx.de\\\/primabueroklima\"],\"url\":\"https:\\\/\\\/office-roxx.de\\\/primabueroklima\\\/author\\\/team-pbk\\\/\"}]}<\/script>\n<!-- \/ Yoast SEO plugin. -->","yoast_head_json":{"title":"Gegen dicke Luft im B\u00fcro: Warum das richtige Raumklima so wichtig ist - PRIMAB\u00dcROKLIMA","robots":{"index":"index","follow":"follow","max-snippet":"max-snippet:-1","max-image-preview":"max-image-preview:large","max-video-preview":"max-video-preview:-1"},"canonical":"https:\/\/office-roxx.de\/primabueroklima\/gegen-dicke-luft-im-buero-warum-das-richtige-raumklima-wichtig-ist\/","og_locale":"de_DE","og_type":"article","og_title":"Gegen dicke Luft im B\u00fcro: Warum das richtige Raumklima so wichtig ist - PRIMAB\u00dcROKLIMA","og_description":"Fri\u00adsche Luft und die rich\u00adti\u00adge Luft\u00adfeuch\u00adtig\u00adkeit sind Man\u00adgel\u00adwa\u00adre in vie\u00adlen B\u00fcros. Doch die\u00adse Fak\u00adto\u00adren beein\u00adflus\u00adsen ma\u00df\u00adgeb\u00adlich das Wohl\u00adbe\u00adfin\u00adden der Ange\u00adstell\u00adten. Wel\u00adchen Ein\u00adfluss sie genau auf die Gesund\u00adheit und Pro\u00adduk\u00adti\u00advi\u00adt\u00e4t der Besch\u00e4f\u00adtig\u00adten haben, ver\u00adr\u00e4t Dr. Ste\u00adpha\u00adnie Tay\u00adlor von der Har\u00advard Medi\u00adcal School im Interview.","og_url":"https:\/\/office-roxx.de\/primabueroklima\/gegen-dicke-luft-im-buero-warum-das-richtige-raumklima-wichtig-ist\/","og_site_name":"PRIMAB\u00dcROKLIMA","article_published_time":"2020-09-03T07:16:43+00:00","article_modified_time":"2023-01-09T16:35:05+00:00","og_image":[{"width":1000,"height":667,"url":"http:\/\/h3068839.stratoserver.net\/office-roxx\/primabueroklima\/wp-content\/uploads\/2020\/09\/Dr-Stephanie-Taylor.jpg","type":"image\/jpeg"}],"author":"Team-PBK","twitter_card":"summary_large_image","twitter_misc":{"Verfasst von":"Team-PBK","Gesch\u00e4tzte Lesezeit":"4\u00a0Minuten"},"schema":{"@context":"https:\/\/schema.org","@graph":[{"@type":"Article","@id":"https:\/\/office-roxx.de\/primabueroklima\/gegen-dicke-luft-im-buero-warum-das-richtige-raumklima-wichtig-ist\/#article","isPartOf":{"@id":"https:\/\/office-roxx.de\/primabueroklima\/gegen-dicke-luft-im-buero-warum-das-richtige-raumklima-wichtig-ist\/"},"author":{"name":"Team-PBK","@id":"https:\/\/office-roxx.de\/primabueroklima\/#\/schema\/person\/aaff4d37a59d78dad48543c1cf5d7b0e"},"headline":"Gegen dicke Luft im B\u00fcro: Warum das richtige Raumklima so wichtig ist","datePublished":"2020-09-03T07:16:43+00:00","dateModified":"2023-01-09T16:35:05+00:00","mainEntityOfPage":{"@id":"https:\/\/office-roxx.de\/primabueroklima\/gegen-dicke-luft-im-buero-warum-das-richtige-raumklima-wichtig-ist\/"},"wordCount":812,"publisher":{"@id":"https:\/\/office-roxx.de\/primabueroklima\/#organization"},"image":{"@id":"https:\/\/office-roxx.de\/primabueroklima\/gegen-dicke-luft-im-buero-warum-das-richtige-raumklima-wichtig-ist\/#primaryimage"},"thumbnailUrl":"https:\/\/office-roxx.de\/primabueroklima\/wp-content\/uploads\/2020\/09\/Dr-Stephanie-Taylor.jpg","keywords":["Covid-19","Luftbefeuchtung"],"inLanguage":"de"},{"@type":"WebPage","@id":"https:\/\/office-roxx.de\/primabueroklima\/gegen-dicke-luft-im-buero-warum-das-richtige-raumklima-wichtig-ist\/","url":"https:\/\/office-roxx.de\/primabueroklima\/gegen-dicke-luft-im-buero-warum-das-richtige-raumklima-wichtig-ist\/","name":"Gegen dicke Luft im B\u00fcro: Warum das richtige Raumklima so wichtig ist - PRIMAB\u00dcROKLIMA","isPartOf":{"@id":"https:\/\/office-roxx.de\/primabueroklima\/#website"},"primaryImageOfPage":{"@id":"https:\/\/office-roxx.de\/primabueroklima\/gegen-dicke-luft-im-buero-warum-das-richtige-raumklima-wichtig-ist\/#primaryimage"},"image":{"@id":"https:\/\/office-roxx.de\/primabueroklima\/gegen-dicke-luft-im-buero-warum-das-richtige-raumklima-wichtig-ist\/#primaryimage"},"thumbnailUrl":"https:\/\/office-roxx.de\/primabueroklima\/wp-content\/uploads\/2020\/09\/Dr-Stephanie-Taylor.jpg","datePublished":"2020-09-03T07:16:43+00:00","dateModified":"2023-01-09T16:35:05+00:00","breadcrumb":{"@id":"https:\/\/office-roxx.de\/primabueroklima\/gegen-dicke-luft-im-buero-warum-das-richtige-raumklima-wichtig-ist\/#breadcrumb"},"inLanguage":"de","potentialAction":[{"@type":"ReadAction","target":["https:\/\/office-roxx.de\/primabueroklima\/gegen-dicke-luft-im-buero-warum-das-richtige-raumklima-wichtig-ist\/"]}]},{"@type":"ImageObject","inLanguage":"de","@id":"https:\/\/office-roxx.de\/primabueroklima\/gegen-dicke-luft-im-buero-warum-das-richtige-raumklima-wichtig-ist\/#primaryimage","url":"https:\/\/office-roxx.de\/primabueroklima\/wp-content\/uploads\/2020\/09\/Dr-Stephanie-Taylor.jpg","contentUrl":"https:\/\/office-roxx.de\/primabueroklima\/wp-content\/uploads\/2020\/09\/Dr-Stephanie-Taylor.jpg","width":1000,"height":667,"caption":"Dr. Stephanie Taylor"},{"@type":"BreadcrumbList","@id":"https:\/\/office-roxx.de\/primabueroklima\/gegen-dicke-luft-im-buero-warum-das-richtige-raumklima-wichtig-ist\/#breadcrumb","itemListElement":[{"@type":"ListItem","position":1,"name":"Startseite","item":"https:\/\/office-roxx.de\/primabueroklima\/"},{"@type":"ListItem","position":2,"name":"Gegen dicke Luft im B\u00fcro: Warum das richtige Raumklima so wichtig ist"}]},{"@type":"WebSite","@id":"https:\/\/office-roxx.de\/primabueroklima\/#website","url":"https:\/\/office-roxx.de\/primabueroklima\/","name":"PRIMAB\u00dcROKLIMA","description":"F\u00fcr eine bessere Luftqualit\u00e4t in Office-Umgebungen","publisher":{"@id":"https:\/\/office-roxx.de\/primabueroklima\/#organization"},"potentialAction":[{"@type":"SearchAction","target":{"@type":"EntryPoint","urlTemplate":"https:\/\/office-roxx.de\/primabueroklima\/?s={search_term_string}"},"query-input":{"@type":"PropertyValueSpecification","valueRequired":true,"valueName":"search_term_string"}}],"inLanguage":"de"},{"@type":"Organization","@id":"https:\/\/office-roxx.de\/primabueroklima\/#organization","name":"PRIMAB\u00dcROKLIMA","url":"https:\/\/office-roxx.de\/primabueroklima\/","logo":{"@type":"ImageObject","inLanguage":"de","@id":"https:\/\/office-roxx.de\/primabueroklima\/#\/schema\/logo\/image\/","url":"https:\/\/office-roxx.de\/primabueroklima\/wp-content\/uploads\/2020\/09\/Prima-Klima-Logo_Farbe_beschn.jpg","contentUrl":"https:\/\/office-roxx.de\/primabueroklima\/wp-content\/uploads\/2020\/09\/Prima-Klima-Logo_Farbe_beschn.jpg","width":1000,"height":675,"caption":"PRIMAB\u00dcROKLIMA"},"image":{"@id":"https:\/\/office-roxx.de\/primabueroklima\/#\/schema\/logo\/image\/"}},{"@type":"Person","@id":"https:\/\/office-roxx.de\/primabueroklima\/#\/schema\/person\/aaff4d37a59d78dad48543c1cf5d7b0e","name":"Team-PBK","image":{"@type":"ImageObject","inLanguage":"de","@id":"https:\/\/secure.gravatar.com\/avatar\/e7f38084968dcbb88b923f48395eb5ec7c3ad3102c6db95eccceb504d4317f39?s=96&d=mm&r=g","url":"https:\/\/secure.gravatar.com\/avatar\/e7f38084968dcbb88b923f48395eb5ec7c3ad3102c6db95eccceb504d4317f39?s=96&d=mm&r=g","contentUrl":"https:\/\/secure.gravatar.com\/avatar\/e7f38084968dcbb88b923f48395eb5ec7c3ad3102c6db95eccceb504d4317f39?s=96&d=mm&r=g","caption":"Team-PBK"},"sameAs":["https:\/\/office-roxx.de\/primabueroklima"],"url":"https:\/\/office-roxx.de\/primabueroklima\/author\/team-pbk\/"}]}},"_links":{"self":[{"href":"https:\/\/office-roxx.de\/primabueroklima\/wp-json\/wp\/v2\/posts\/204","targetHints":{"allow":["GET"]}}],"collection":[{"href":"https:\/\/office-roxx.de\/primabueroklima\/wp-json\/wp\/v2\/posts"}],"about":[{"href":"https:\/\/office-roxx.de\/primabueroklima\/wp-json\/wp\/v2\/types\/post"}],"author":[{"embeddable":true,"href":"https:\/\/office-roxx.de\/primabueroklima\/wp-json\/wp\/v2\/users\/1"}],"replies":[{"embeddable":true,"href":"https:\/\/office-roxx.de\/primabueroklima\/wp-json\/wp\/v2\/comments?post=204"}],"version-history":[{"count":9,"href":"https:\/\/office-roxx.de\/primabueroklima\/wp-json\/wp\/v2\/posts\/204\/revisions"}],"predecessor-version":[{"id":1619,"href":"https:\/\/office-roxx.de\/primabueroklima\/wp-json\/wp\/v2\/posts\/204\/revisions\/1619"}],"wp:featuredmedia":[{"embeddable":true,"href":"https:\/\/office-roxx.de\/primabueroklima\/wp-json\/wp\/v2\/media\/206"}],"wp:attachment":[{"href":"https:\/\/office-roxx.de\/primabueroklima\/wp-json\/wp\/v2\/media?parent=204"}],"wp:term":[{"taxonomy":"category","embeddable":true,"href":"https:\/\/office-roxx.de\/primabueroklima\/wp-json\/wp\/v2\/categories?post=204"},{"taxonomy":"post_tag","embeddable":true,"href":"https:\/\/office-roxx.de\/primabueroklima\/wp-json\/wp\/v2\/tags?post=204"}],"curies":[{"name":"wp","href":"https:\/\/api.w.org\/{rel}","templated":true}]}}