{"id":1872,"date":"2023-08-07T07:30:00","date_gmt":"2023-08-07T05:30:00","guid":{"rendered":"https:\/\/office-roxx.de\/primabueroklima\/?p=1872"},"modified":"2023-07-13T18:30:09","modified_gmt":"2023-07-13T16:30:09","slug":"tga-talk-zu-raumluftqualitaet-und-raumluftfeuchte","status":"publish","type":"post","link":"https:\/\/office-roxx.de\/primabueroklima\/tga-talk-zu-raumluftqualitaet-und-raumluftfeuchte\/","title":{"rendered":"TGA-Talk zu Raumluftqualit\u00e4t und Raumluftfeuchte"},"content":{"rendered":"<p>In drei Video-Inter\u00adviews sprach Dr.-Ing. Clau\u00addia Kand\u00adzia, tech\u00adni\u00adsche Refe\u00adren\u00adtin im Fach\u00adver\u00adband Geb\u00e4u\u00adde-Kli\u00adma e. V., mit Prof. Dr.-Ing. Uwe Franz\u00adke, Prof. Dr.-Ing. Chris\u00adtoph Kaup und Prof. Dr.-Ing. habil. Joa\u00adchim Sei\u00adfert \u00fcber die The\u00admen Raum\u00adluft\u00adqua\u00adli\u00adt\u00e4t und Raumluftfeuchte.<\/p>\n<p><!--more--><\/p>\n<figure id=\"attachment_1873\" aria-describedby=\"caption-attachment-1873\" style=\"width: 600px\" class=\"wp-caption aligncenter\"><img loading=\"lazy\" decoding=\"async\" class=\"wp-image-1873 ml-lightbox-enabled\" src=\"https:\/\/office-roxx.de\/primabueroklima\/wp-content\/uploads\/2023\/08\/TGA-Talk-FGK-Raumklima.jpg\" alt=\"Dr.-Ing. Claudia Kandzia im Gespr\u00e4ch mit Prof. Dr.-Ing. Christoph Kaup \u00fcber das Thema Raumluftfeuchte. Abbildung: FGK e. V.\" width=\"600\" height=\"450\" srcset=\"https:\/\/office-roxx.de\/primabueroklima\/wp-content\/uploads\/2023\/08\/TGA-Talk-FGK-Raumklima.jpg 1000w, https:\/\/office-roxx.de\/primabueroklima\/wp-content\/uploads\/2023\/08\/TGA-Talk-FGK-Raumklima-300x225.jpg 300w, https:\/\/office-roxx.de\/primabueroklima\/wp-content\/uploads\/2023\/08\/TGA-Talk-FGK-Raumklima-768x576.jpg 768w\" sizes=\"auto, (max-width: 600px) 100vw, 600px\"><figcaption id=\"caption-attachment-1873\" class=\"wp-caption-text\">Dr.-Ing. Clau\u00addia Kand\u00adzia im Gespr\u00e4ch mit Prof. Dr.-Ing. Chris\u00adtoph Kaup \u00fcber das The\u00adma Raum\u00adluft\u00adfeuch\u00adte. Abbil\u00addung: FGK e.&nbsp;V.<\/figcaption><\/figure>\n<p>Beim TGA-Talk mit Prof. Franz\u00adke stand die Raum\u00adluft\u00adfeuch\u00adte im Mit\u00adtel\u00adpunkt. Unter ande\u00adrem ging es in dem Inter\u00adview um den Ein\u00adfluss der Au\u00dfen\u00adtem\u00adpe\u00adra\u00adtu\u00adren und des L\u00fcf\u00adtungs\u00adver\u00adhal\u00adtens auf die Raum\u00adluft\u00adfeuch\u00adte und dar\u00adum, ob die Luft\u00adbe\u00adfeuch\u00adtung eher Luxus oder doch eine Not\u00adwen\u00addig\u00adkeit&nbsp;ist.<\/p>\n<h2>Wichtige Faktoren f\u00fcr gute Raumluftqualit\u00e4t<\/h2>\n<p>Prof. Kaup sprach in der TGA-Repr\u00e4\u00adsen\u00adtanz in Ber\u00adlin \u00fcber Aus\u00adwir\u00adkun\u00adgen schlech\u00adter, sti\u00adcki\u00adger Luft in Klas\u00adsen\u00adr\u00e4u\u00admen, \u00fcber Vor\u00adaus\u00adset\u00adzun\u00adgen f\u00fcr eine gute Raum\u00adluft\u00adqua\u00adli\u00adt\u00e4t, L\u00f6sun\u00adgen f\u00fcr die Nach\u00adr\u00fcs\u00adtung im Geb\u00e4u\u00adde\u00adbe\u00adstand und \u00fcber den Nut\u00adzen der W\u00e4r\u00adme\u00adr\u00fcck\u00adge\u00adwin\u00adnung. Prof. Sei\u00adfert beant\u00adwor\u00adte\u00adte Fra\u00adgen zur Raum\u00adluft\u00adqua\u00adli\u00adt\u00e4t und zur ther\u00admi\u00adschen Behag\u00adlich\u00adkeit. Dar\u00ad\u00fcber hin\u00adaus fass\u00adte er L\u00f6sungs\u00adm\u00f6g\u00adlich\u00adkei\u00adten f\u00fcr eine gute Raum\u00adluft\u00adqua\u00adli\u00adt\u00e4t zusam\u00admen und ging auf Aus\u00adle\u00adgungs\u00adm\u00f6g\u00adlich\u00adkei\u00adten f\u00fcr die Au\u00dfen\u00adluft\u00advo\u00adlu\u00admen\u00adstr\u00f6\u00adme&nbsp;ein.<\/p>\n<p>Die Vide\u00ados k\u00f6n\u00adnen im <a href=\"https:\/\/www.youtube.com\/user\/FGKPR\" target=\"_blank\" rel=\"noopener\">You\u00adTube-Kanal des FGK<\/a> auf\u00adge\u00adru\u00adfen werden.<\/p>\n","protected":false},"excerpt":{"rendered":"<p>In drei Video-Inter\u00ad\u00adviews sprach Dr.-Ing. Clau\u00addia Kand\u00adzia, tech\u00adni\u00adsche Refe\u00adren\u00adtin im Fach\u00adver\u00adband Geb\u00e4u\u00ad\u00adde-Kli\u00ad\u00adma e. V., mit Prof. Dr.-Ing. Uwe Franz\u00adke, Prof. Dr.-Ing. Chris\u00adtoph Kaup und Prof. Dr.-Ing. habil. Joa\u00adchim Sei\u00adfert \u00fcber die The\u00admen Raum\u00adluft\u00adqua\u00adli\u00adt\u00e4t und Raumluftfeuchte.<\/p>\n","protected":false},"author":1,"featured_media":1873,"comment_status":"closed","ping_status":"closed","sticky":false,"template":"","format":"standard","meta":{"wp_typography_post_enhancements_disabled":false,"footnotes":""},"categories":[1],"tags":[2,5],"class_list":["post-1872","post","type-post","status-publish","format-standard","has-post-thumbnail","hentry","category-allgemein","tag-luftbefeuchtung","tag-lufttemperatur"],"yoast_head":"<!-- This site is optimized with the Yoast SEO plugin v27.3 - https:\/\/yoast.com\/product\/yoast-seo-wordpress\/ -->\n<title>TGA-Talk zu Raumluftqualit\u00e4t und Raumluftfeuchte - PRIMAB\u00dcROKLIMA<\/title>\n<meta name=\"description\" content=\"In drei Interviews sprach Dr.-Ing. Claudia Kandzia mit Prof. Dr.-Ing. Uwe Franzke, Prof. Dr.-Ing. Christoph Kaup und Prof. Dr.-Ing. habil. Joachim Seifert.\" \/>\n<meta name=\"robots\" content=\"index, follow, max-snippet:-1, max-image-preview:large, max-video-preview:-1\" \/>\n<link rel=\"canonical\" href=\"https:\/\/office-roxx.de\/primabueroklima\/tga-talk-zu-raumluftqualitaet-und-raumluftfeuchte\/\" \/>\n<meta property=\"og:locale\" content=\"de_DE\" \/>\n<meta property=\"og:type\" content=\"article\" \/>\n<meta property=\"og:title\" content=\"TGA-Talk zu Raumluftqualit\u00e4t und Raumluftfeuchte - PRIMAB\u00dcROKLIMA\" \/>\n<meta property=\"og:description\" content=\"In drei Interviews sprach Dr.-Ing. Claudia Kandzia mit Prof. Dr.-Ing. Uwe Franzke, Prof. Dr.-Ing. Christoph Kaup und Prof. Dr.-Ing. habil. Joachim Seifert.\" \/>\n<meta property=\"og:url\" content=\"https:\/\/office-roxx.de\/primabueroklima\/tga-talk-zu-raumluftqualitaet-und-raumluftfeuchte\/\" \/>\n<meta property=\"og:site_name\" content=\"PRIMAB\u00dcROKLIMA\" \/>\n<meta property=\"article:published_time\" content=\"2023-08-07T05:30:00+00:00\" \/>\n<meta property=\"og:image\" content=\"http:\/\/h3068839.stratoserver.net\/office-roxx\/primabueroklima\/wp-content\/uploads\/2023\/08\/TGA-Talk-FGK-Raumklima.jpg\" \/>\n\t<meta property=\"og:image:width\" content=\"1000\" \/>\n\t<meta property=\"og:image:height\" content=\"750\" \/>\n\t<meta property=\"og:image:type\" content=\"image\/jpeg\" \/>\n<meta name=\"author\" content=\"Team-PBK\" \/>\n<meta name=\"twitter:card\" content=\"summary_large_image\" \/>\n<meta name=\"twitter:label1\" content=\"Verfasst von\" \/>\n\t<meta name=\"twitter:data1\" content=\"Team-PBK\" \/>\n\t<meta name=\"twitter:label2\" content=\"Gesch\u00e4tzte Lesezeit\" \/>\n\t<meta name=\"twitter:data2\" content=\"2\u00a0Minuten\" \/>\n<script type=\"application\/ld+json\" class=\"yoast-schema-graph\">{\"@context\":\"https:\\\/\\\/schema.org\",\"@graph\":[{\"@type\":\"Article\",\"@id\":\"https:\\\/\\\/office-roxx.de\\\/primabueroklima\\\/tga-talk-zu-raumluftqualitaet-und-raumluftfeuchte\\\/#article\",\"isPartOf\":{\"@id\":\"https:\\\/\\\/office-roxx.de\\\/primabueroklima\\\/tga-talk-zu-raumluftqualitaet-und-raumluftfeuchte\\\/\"},\"author\":{\"name\":\"Team-PBK\",\"@id\":\"https:\\\/\\\/office-roxx.de\\\/primabueroklima\\\/#\\\/schema\\\/person\\\/aaff4d37a59d78dad48543c1cf5d7b0e\"},\"headline\":\"TGA-Talk zu Raumluftqualit\u00e4t und Raumluftfeuchte\",\"datePublished\":\"2023-08-07T05:30:00+00:00\",\"mainEntityOfPage\":{\"@id\":\"https:\\\/\\\/office-roxx.de\\\/primabueroklima\\\/tga-talk-zu-raumluftqualitaet-und-raumluftfeuchte\\\/\"},\"wordCount\":215,\"publisher\":{\"@id\":\"https:\\\/\\\/office-roxx.de\\\/primabueroklima\\\/#organization\"},\"image\":{\"@id\":\"https:\\\/\\\/office-roxx.de\\\/primabueroklima\\\/tga-talk-zu-raumluftqualitaet-und-raumluftfeuchte\\\/#primaryimage\"},\"thumbnailUrl\":\"https:\\\/\\\/office-roxx.de\\\/primabueroklima\\\/wp-content\\\/uploads\\\/2023\\\/08\\\/TGA-Talk-FGK-Raumklima.jpg\",\"keywords\":[\"Luftbefeuchtung\",\"Lufttemperatur\"],\"inLanguage\":\"de\"},{\"@type\":\"WebPage\",\"@id\":\"https:\\\/\\\/office-roxx.de\\\/primabueroklima\\\/tga-talk-zu-raumluftqualitaet-und-raumluftfeuchte\\\/\",\"url\":\"https:\\\/\\\/office-roxx.de\\\/primabueroklima\\\/tga-talk-zu-raumluftqualitaet-und-raumluftfeuchte\\\/\",\"name\":\"TGA-Talk zu Raumluftqualit\u00e4t und Raumluftfeuchte - PRIMAB\u00dcROKLIMA\",\"isPartOf\":{\"@id\":\"https:\\\/\\\/office-roxx.de\\\/primabueroklima\\\/#website\"},\"primaryImageOfPage\":{\"@id\":\"https:\\\/\\\/office-roxx.de\\\/primabueroklima\\\/tga-talk-zu-raumluftqualitaet-und-raumluftfeuchte\\\/#primaryimage\"},\"image\":{\"@id\":\"https:\\\/\\\/office-roxx.de\\\/primabueroklima\\\/tga-talk-zu-raumluftqualitaet-und-raumluftfeuchte\\\/#primaryimage\"},\"thumbnailUrl\":\"https:\\\/\\\/office-roxx.de\\\/primabueroklima\\\/wp-content\\\/uploads\\\/2023\\\/08\\\/TGA-Talk-FGK-Raumklima.jpg\",\"datePublished\":\"2023-08-07T05:30:00+00:00\",\"description\":\"In drei Interviews sprach Dr.-Ing. Claudia Kandzia mit Prof. Dr.-Ing. Uwe Franzke, Prof. Dr.-Ing. Christoph Kaup und Prof. Dr.-Ing. habil. Joachim Seifert.\",\"breadcrumb\":{\"@id\":\"https:\\\/\\\/office-roxx.de\\\/primabueroklima\\\/tga-talk-zu-raumluftqualitaet-und-raumluftfeuchte\\\/#breadcrumb\"},\"inLanguage\":\"de\",\"potentialAction\":[{\"@type\":\"ReadAction\",\"target\":[\"https:\\\/\\\/office-roxx.de\\\/primabueroklima\\\/tga-talk-zu-raumluftqualitaet-und-raumluftfeuchte\\\/\"]}]},{\"@type\":\"ImageObject\",\"inLanguage\":\"de\",\"@id\":\"https:\\\/\\\/office-roxx.de\\\/primabueroklima\\\/tga-talk-zu-raumluftqualitaet-und-raumluftfeuchte\\\/#primaryimage\",\"url\":\"https:\\\/\\\/office-roxx.de\\\/primabueroklima\\\/wp-content\\\/uploads\\\/2023\\\/08\\\/TGA-Talk-FGK-Raumklima.jpg\",\"contentUrl\":\"https:\\\/\\\/office-roxx.de\\\/primabueroklima\\\/wp-content\\\/uploads\\\/2023\\\/08\\\/TGA-Talk-FGK-Raumklima.jpg\",\"width\":1000,\"height\":750,\"caption\":\"Dr.-Ing. Claudia Kandzia im Gespr\u00e4ch mit Prof. Dr.-Ing. Christoph Kaup \u00fcber das Thema Raumluftfeuchte. Abbildung: FGK e. V.\"},{\"@type\":\"BreadcrumbList\",\"@id\":\"https:\\\/\\\/office-roxx.de\\\/primabueroklima\\\/tga-talk-zu-raumluftqualitaet-und-raumluftfeuchte\\\/#breadcrumb\",\"itemListElement\":[{\"@type\":\"ListItem\",\"position\":1,\"name\":\"Startseite\",\"item\":\"https:\\\/\\\/office-roxx.de\\\/primabueroklima\\\/\"},{\"@type\":\"ListItem\",\"position\":2,\"name\":\"TGA-Talk zu Raumluftqualit\u00e4t und Raumluftfeuchte\"}]},{\"@type\":\"WebSite\",\"@id\":\"https:\\\/\\\/office-roxx.de\\\/primabueroklima\\\/#website\",\"url\":\"https:\\\/\\\/office-roxx.de\\\/primabueroklima\\\/\",\"name\":\"PRIMAB\u00dcROKLIMA\",\"description\":\"F\u00fcr eine bessere Luftqualit\u00e4t in Office-Umgebungen\",\"publisher\":{\"@id\":\"https:\\\/\\\/office-roxx.de\\\/primabueroklima\\\/#organization\"},\"potentialAction\":[{\"@type\":\"SearchAction\",\"target\":{\"@type\":\"EntryPoint\",\"urlTemplate\":\"https:\\\/\\\/office-roxx.de\\\/primabueroklima\\\/?s={search_term_string}\"},\"query-input\":{\"@type\":\"PropertyValueSpecification\",\"valueRequired\":true,\"valueName\":\"search_term_string\"}}],\"inLanguage\":\"de\"},{\"@type\":\"Organization\",\"@id\":\"https:\\\/\\\/office-roxx.de\\\/primabueroklima\\\/#organization\",\"name\":\"PRIMAB\u00dcROKLIMA\",\"url\":\"https:\\\/\\\/office-roxx.de\\\/primabueroklima\\\/\",\"logo\":{\"@type\":\"ImageObject\",\"inLanguage\":\"de\",\"@id\":\"https:\\\/\\\/office-roxx.de\\\/primabueroklima\\\/#\\\/schema\\\/logo\\\/image\\\/\",\"url\":\"https:\\\/\\\/office-roxx.de\\\/primabueroklima\\\/wp-content\\\/uploads\\\/2020\\\/09\\\/Prima-Klima-Logo_Farbe_beschn.jpg\",\"contentUrl\":\"https:\\\/\\\/office-roxx.de\\\/primabueroklima\\\/wp-content\\\/uploads\\\/2020\\\/09\\\/Prima-Klima-Logo_Farbe_beschn.jpg\",\"width\":1000,\"height\":675,\"caption\":\"PRIMAB\u00dcROKLIMA\"},\"image\":{\"@id\":\"https:\\\/\\\/office-roxx.de\\\/primabueroklima\\\/#\\\/schema\\\/logo\\\/image\\\/\"}},{\"@type\":\"Person\",\"@id\":\"https:\\\/\\\/office-roxx.de\\\/primabueroklima\\\/#\\\/schema\\\/person\\\/aaff4d37a59d78dad48543c1cf5d7b0e\",\"name\":\"Team-PBK\",\"image\":{\"@type\":\"ImageObject\",\"inLanguage\":\"de\",\"@id\":\"https:\\\/\\\/secure.gravatar.com\\\/avatar\\\/e7f38084968dcbb88b923f48395eb5ec7c3ad3102c6db95eccceb504d4317f39?s=96&d=mm&r=g\",\"url\":\"https:\\\/\\\/secure.gravatar.com\\\/avatar\\\/e7f38084968dcbb88b923f48395eb5ec7c3ad3102c6db95eccceb504d4317f39?s=96&d=mm&r=g\",\"contentUrl\":\"https:\\\/\\\/secure.gravatar.com\\\/avatar\\\/e7f38084968dcbb88b923f48395eb5ec7c3ad3102c6db95eccceb504d4317f39?s=96&d=mm&r=g\",\"caption\":\"Team-PBK\"},\"sameAs\":[\"https:\\\/\\\/office-roxx.de\\\/primabueroklima\"],\"url\":\"https:\\\/\\\/office-roxx.de\\\/primabueroklima\\\/author\\\/team-pbk\\\/\"}]}<\/script>\n<!-- \/ Yoast SEO plugin. -->","yoast_head_json":{"title":"TGA-Talk zu Raumluftqualit\u00e4t und Raumluftfeuchte - PRIMAB\u00dcROKLIMA","description":"In drei Interviews sprach Dr.-Ing. Claudia Kandzia mit Prof. Dr.-Ing. Uwe Franzke, Prof. Dr.-Ing. Christoph Kaup und Prof. Dr.-Ing. habil. Joachim Seifert.","robots":{"index":"index","follow":"follow","max-snippet":"max-snippet:-1","max-image-preview":"max-image-preview:large","max-video-preview":"max-video-preview:-1"},"canonical":"https:\/\/office-roxx.de\/primabueroklima\/tga-talk-zu-raumluftqualitaet-und-raumluftfeuchte\/","og_locale":"de_DE","og_type":"article","og_title":"TGA-Talk zu Raumluftqualit\u00e4t und Raumluftfeuchte - PRIMAB\u00dcROKLIMA","og_description":"In drei Interviews sprach Dr.-Ing. Claudia Kandzia mit Prof. Dr.-Ing. Uwe Franzke, Prof. Dr.-Ing. Christoph Kaup und Prof. Dr.-Ing. habil. Joachim Seifert.","og_url":"https:\/\/office-roxx.de\/primabueroklima\/tga-talk-zu-raumluftqualitaet-und-raumluftfeuchte\/","og_site_name":"PRIMAB\u00dcROKLIMA","article_published_time":"2023-08-07T05:30:00+00:00","og_image":[{"width":1000,"height":750,"url":"http:\/\/h3068839.stratoserver.net\/office-roxx\/primabueroklima\/wp-content\/uploads\/2023\/08\/TGA-Talk-FGK-Raumklima.jpg","type":"image\/jpeg"}],"author":"Team-PBK","twitter_card":"summary_large_image","twitter_misc":{"Verfasst von":"Team-PBK","Gesch\u00e4tzte Lesezeit":"2\u00a0Minuten"},"schema":{"@context":"https:\/\/schema.org","@graph":[{"@type":"Article","@id":"https:\/\/office-roxx.de\/primabueroklima\/tga-talk-zu-raumluftqualitaet-und-raumluftfeuchte\/#article","isPartOf":{"@id":"https:\/\/office-roxx.de\/primabueroklima\/tga-talk-zu-raumluftqualitaet-und-raumluftfeuchte\/"},"author":{"name":"Team-PBK","@id":"https:\/\/office-roxx.de\/primabueroklima\/#\/schema\/person\/aaff4d37a59d78dad48543c1cf5d7b0e"},"headline":"TGA-Talk zu Raumluftqualit\u00e4t und Raumluftfeuchte","datePublished":"2023-08-07T05:30:00+00:00","mainEntityOfPage":{"@id":"https:\/\/office-roxx.de\/primabueroklima\/tga-talk-zu-raumluftqualitaet-und-raumluftfeuchte\/"},"wordCount":215,"publisher":{"@id":"https:\/\/office-roxx.de\/primabueroklima\/#organization"},"image":{"@id":"https:\/\/office-roxx.de\/primabueroklima\/tga-talk-zu-raumluftqualitaet-und-raumluftfeuchte\/#primaryimage"},"thumbnailUrl":"https:\/\/office-roxx.de\/primabueroklima\/wp-content\/uploads\/2023\/08\/TGA-Talk-FGK-Raumklima.jpg","keywords":["Luftbefeuchtung","Lufttemperatur"],"inLanguage":"de"},{"@type":"WebPage","@id":"https:\/\/office-roxx.de\/primabueroklima\/tga-talk-zu-raumluftqualitaet-und-raumluftfeuchte\/","url":"https:\/\/office-roxx.de\/primabueroklima\/tga-talk-zu-raumluftqualitaet-und-raumluftfeuchte\/","name":"TGA-Talk zu Raumluftqualit\u00e4t und Raumluftfeuchte - PRIMAB\u00dcROKLIMA","isPartOf":{"@id":"https:\/\/office-roxx.de\/primabueroklima\/#website"},"primaryImageOfPage":{"@id":"https:\/\/office-roxx.de\/primabueroklima\/tga-talk-zu-raumluftqualitaet-und-raumluftfeuchte\/#primaryimage"},"image":{"@id":"https:\/\/office-roxx.de\/primabueroklima\/tga-talk-zu-raumluftqualitaet-und-raumluftfeuchte\/#primaryimage"},"thumbnailUrl":"https:\/\/office-roxx.de\/primabueroklima\/wp-content\/uploads\/2023\/08\/TGA-Talk-FGK-Raumklima.jpg","datePublished":"2023-08-07T05:30:00+00:00","description":"In drei Interviews sprach Dr.-Ing. Claudia Kandzia mit Prof. Dr.-Ing. Uwe Franzke, Prof. Dr.-Ing. Christoph Kaup und Prof. Dr.-Ing. habil. Joachim Seifert.","breadcrumb":{"@id":"https:\/\/office-roxx.de\/primabueroklima\/tga-talk-zu-raumluftqualitaet-und-raumluftfeuchte\/#breadcrumb"},"inLanguage":"de","potentialAction":[{"@type":"ReadAction","target":["https:\/\/office-roxx.de\/primabueroklima\/tga-talk-zu-raumluftqualitaet-und-raumluftfeuchte\/"]}]},{"@type":"ImageObject","inLanguage":"de","@id":"https:\/\/office-roxx.de\/primabueroklima\/tga-talk-zu-raumluftqualitaet-und-raumluftfeuchte\/#primaryimage","url":"https:\/\/office-roxx.de\/primabueroklima\/wp-content\/uploads\/2023\/08\/TGA-Talk-FGK-Raumklima.jpg","contentUrl":"https:\/\/office-roxx.de\/primabueroklima\/wp-content\/uploads\/2023\/08\/TGA-Talk-FGK-Raumklima.jpg","width":1000,"height":750,"caption":"Dr.-Ing. Claudia Kandzia im Gespr\u00e4ch mit Prof. Dr.-Ing. Christoph Kaup \u00fcber das Thema Raumluftfeuchte. Abbildung: FGK e. V."},{"@type":"BreadcrumbList","@id":"https:\/\/office-roxx.de\/primabueroklima\/tga-talk-zu-raumluftqualitaet-und-raumluftfeuchte\/#breadcrumb","itemListElement":[{"@type":"ListItem","position":1,"name":"Startseite","item":"https:\/\/office-roxx.de\/primabueroklima\/"},{"@type":"ListItem","position":2,"name":"TGA-Talk zu Raumluftqualit\u00e4t und Raumluftfeuchte"}]},{"@type":"WebSite","@id":"https:\/\/office-roxx.de\/primabueroklima\/#website","url":"https:\/\/office-roxx.de\/primabueroklima\/","name":"PRIMAB\u00dcROKLIMA","description":"F\u00fcr eine bessere Luftqualit\u00e4t in Office-Umgebungen","publisher":{"@id":"https:\/\/office-roxx.de\/primabueroklima\/#organization"},"potentialAction":[{"@type":"SearchAction","target":{"@type":"EntryPoint","urlTemplate":"https:\/\/office-roxx.de\/primabueroklima\/?s={search_term_string}"},"query-input":{"@type":"PropertyValueSpecification","valueRequired":true,"valueName":"search_term_string"}}],"inLanguage":"de"},{"@type":"Organization","@id":"https:\/\/office-roxx.de\/primabueroklima\/#organization","name":"PRIMAB\u00dcROKLIMA","url":"https:\/\/office-roxx.de\/primabueroklima\/","logo":{"@type":"ImageObject","inLanguage":"de","@id":"https:\/\/office-roxx.de\/primabueroklima\/#\/schema\/logo\/image\/","url":"https:\/\/office-roxx.de\/primabueroklima\/wp-content\/uploads\/2020\/09\/Prima-Klima-Logo_Farbe_beschn.jpg","contentUrl":"https:\/\/office-roxx.de\/primabueroklima\/wp-content\/uploads\/2020\/09\/Prima-Klima-Logo_Farbe_beschn.jpg","width":1000,"height":675,"caption":"PRIMAB\u00dcROKLIMA"},"image":{"@id":"https:\/\/office-roxx.de\/primabueroklima\/#\/schema\/logo\/image\/"}},{"@type":"Person","@id":"https:\/\/office-roxx.de\/primabueroklima\/#\/schema\/person\/aaff4d37a59d78dad48543c1cf5d7b0e","name":"Team-PBK","image":{"@type":"ImageObject","inLanguage":"de","@id":"https:\/\/secure.gravatar.com\/avatar\/e7f38084968dcbb88b923f48395eb5ec7c3ad3102c6db95eccceb504d4317f39?s=96&d=mm&r=g","url":"https:\/\/secure.gravatar.com\/avatar\/e7f38084968dcbb88b923f48395eb5ec7c3ad3102c6db95eccceb504d4317f39?s=96&d=mm&r=g","contentUrl":"https:\/\/secure.gravatar.com\/avatar\/e7f38084968dcbb88b923f48395eb5ec7c3ad3102c6db95eccceb504d4317f39?s=96&d=mm&r=g","caption":"Team-PBK"},"sameAs":["https:\/\/office-roxx.de\/primabueroklima"],"url":"https:\/\/office-roxx.de\/primabueroklima\/author\/team-pbk\/"}]}},"_links":{"self":[{"href":"https:\/\/office-roxx.de\/primabueroklima\/wp-json\/wp\/v2\/posts\/1872","targetHints":{"allow":["GET"]}}],"collection":[{"href":"https:\/\/office-roxx.de\/primabueroklima\/wp-json\/wp\/v2\/posts"}],"about":[{"href":"https:\/\/office-roxx.de\/primabueroklima\/wp-json\/wp\/v2\/types\/post"}],"author":[{"embeddable":true,"href":"https:\/\/office-roxx.de\/primabueroklima\/wp-json\/wp\/v2\/users\/1"}],"replies":[{"embeddable":true,"href":"https:\/\/office-roxx.de\/primabueroklima\/wp-json\/wp\/v2\/comments?post=1872"}],"version-history":[{"count":4,"href":"https:\/\/office-roxx.de\/primabueroklima\/wp-json\/wp\/v2\/posts\/1872\/revisions"}],"predecessor-version":[{"id":1886,"href":"https:\/\/office-roxx.de\/primabueroklima\/wp-json\/wp\/v2\/posts\/1872\/revisions\/1886"}],"wp:featuredmedia":[{"embeddable":true,"href":"https:\/\/office-roxx.de\/primabueroklima\/wp-json\/wp\/v2\/media\/1873"}],"wp:attachment":[{"href":"https:\/\/office-roxx.de\/primabueroklima\/wp-json\/wp\/v2\/media?parent=1872"}],"wp:term":[{"taxonomy":"category","embeddable":true,"href":"https:\/\/office-roxx.de\/primabueroklima\/wp-json\/wp\/v2\/categories?post=1872"},{"taxonomy":"post_tag","embeddable":true,"href":"https:\/\/office-roxx.de\/primabueroklima\/wp-json\/wp\/v2\/tags?post=1872"}],"curies":[{"name":"wp","href":"https:\/\/api.w.org\/{rel}","templated":true}]}}