{"id":1814,"date":"2023-07-10T07:30:00","date_gmt":"2023-07-10T05:30:00","guid":{"rendered":"https:\/\/office-roxx.de\/primabueroklima\/?p=1814"},"modified":"2025-11-03T14:30:30","modified_gmt":"2025-11-03T13:30:30","slug":"energieeffiziente-deckenlueftungsgeraete-mit-auszeichnung","status":"publish","type":"post","link":"https:\/\/office-roxx.de\/primabueroklima\/energieeffiziente-deckenlueftungsgeraete-mit-auszeichnung\/","title":{"rendered":"Energieeffiziente Deckenl\u00fcftungsger\u00e4te mit Auszeichnung"},"content":{"rendered":"<p>Die L\u00fcf\u00adtungs\u00adge\u00adr\u00e4\u00adte\u00adse\u00adr\u00adie CX3000 von Exhaus\u00adto bie\u00adtet ein uni\u00adver\u00adsel\u00adles Ein\u00adsatz\u00adspek\u00adtrum an Decken in neu\u00aden oder zu sanie\u00adren\u00adden Nicht\u00adwohn\u00adge\u00adb\u00e4u\u00adden. Die Ger\u00e4\u00adte eig\u00adnen sich f\u00fcr R\u00e4u\u00adme mit gerin\u00adgen Platz\u00adver\u00adh\u00e4lt\u00adnis\u00adsen und punk\u00adten mit hoher Ener\u00adgie\u00adef\u00adfi\u00adzi\u00adenz. Daf\u00fcr gab es sogar einen&nbsp;Award.<\/p>\n<p><!--more--><\/p>\n<figure id=\"attachment_1838\" aria-describedby=\"caption-attachment-1838\" style=\"width: 600px\" class=\"wp-caption aligncenter\"><img loading=\"lazy\" decoding=\"async\" class=\"wp-image-1838 ml-lightbox-enabled\" src=\"https:\/\/office-roxx.de\/primabueroklima\/wp-content\/uploads\/2023\/07\/EXHAUSTO-DeckenLueftungsgeraet-CX3000-Situation.jpg\" alt=\"Hohe Energieeffizienz war ein elementares Entwicklungsziel f\u00fcr die CX3000-Ger\u00e4te. Abbildung: Exhausto by Aldes\" width=\"600\" height=\"450\" srcset=\"https:\/\/office-roxx.de\/primabueroklima\/wp-content\/uploads\/2023\/07\/EXHAUSTO-DeckenLueftungsgeraet-CX3000-Situation.jpg 1000w, https:\/\/office-roxx.de\/primabueroklima\/wp-content\/uploads\/2023\/07\/EXHAUSTO-DeckenLueftungsgeraet-CX3000-Situation-300x225.jpg 300w, https:\/\/office-roxx.de\/primabueroklima\/wp-content\/uploads\/2023\/07\/EXHAUSTO-DeckenLueftungsgeraet-CX3000-Situation-768x576.jpg 768w\" sizes=\"auto, (max-width: 600px) 100vw, 600px\"><figcaption id=\"caption-attachment-1838\" class=\"wp-caption-text\">Hohe Ener\u00adgie\u00adef\u00adfi\u00adzi\u00adenz war ein ele\u00admen\u00adta\u00adres Ent\u00adwick\u00adlungs\u00adziel f\u00fcr die CX3000-Ger\u00e4\u00adte. Abbil\u00addung: Exhaus\u00adto by&nbsp;Aldes<\/figcaption><\/figure>\n<p>\u201eDie Initia\u00adti\u00adve f\u00fcr die\u00adse neue Ger\u00e4\u00adte\u00adse\u00adr\u00adie kommt aus dem Markt\u201c, erkl\u00e4rt Ralf Mai\u00adwald, Tech\u00adni\u00adscher Lei\u00adter der <a href=\"https:\/\/www.exhausto.de\/\" target=\"_blank\" rel=\"noopener\">Exhaus\u00adto by Aldes GmbH<\/a>, \u201eTGA-Pla\u00adner und Fach\u00adhand\u00adwer\u00adker ste\u00adhen oft vor der Her\u00adaus\u00adfor\u00adde\u00adrung von viel zu klein dimen\u00adsio\u00adnier\u00adten Tech\u00adnik\u00adr\u00e4u\u00admen. Um den beschr\u00e4nk\u00adten Platz opti\u00admal aus\u00adzu\u00adnut\u00adzen, bie\u00adtet sich f\u00fcr L\u00fcf\u00adtungs\u00adge\u00adr\u00e4\u00adte die Decke zur Mon\u00adta\u00adge an. Das haben wir mit der Serie CX3000 umge\u00adsetzt und dabei zugleich ein brei\u00adtes Ger\u00e4\u00adte\u00adan\u00adge\u00adbot f\u00fcr die zu bew\u00e4l\u00adti\u00adgen\u00adden Luft\u00admen\u00adgen geschaffen.\u201c<\/p>\n<p>Erh\u00e4lt\u00adlich sind sechs Ger\u00e4\u00adte\u00adgr\u00f6\u00ad\u00dfen mit ErP-Luft\u00advo\u00adlu\u00admen von 520 m3\/h bis zu 3280 m3\/h. Das Ein\u00adsatz\u00adspek\u00adtrum reicht von Bil\u00addungs\u00adein\u00adrich\u00adtun\u00adgen und B\u00fcro\u00adge\u00adb\u00e4u\u00adden \u00fcber Laden\u00adge\u00adsch\u00e4f\u00adte und die Gas\u00adtro\u00adno\u00admie bis zu Sani\u00adt\u00e4r- und Sozi\u00adal\u00adr\u00e4u\u00admen. Um hier allen Anfor\u00adde\u00adrun\u00adgen bei der Kanal\u00adver\u00adle\u00adgung unter der Decke gerecht zu wer\u00adden, ist jedes Ger\u00e4t sowohl als Links- wie als Rechts-Aus\u00adf\u00fch\u00adrung lieferbar.<\/p>\n<h2>Optimierter Energieeinsatz<\/h2>\n<p>Hohe Ener\u00adgie\u00adef\u00adfi\u00adzi\u00adenz war eben\u00adfalls ele\u00admen\u00adta\u00adres Ent\u00adwick\u00adlungs\u00adziel f\u00fcr die <a href=\"https:\/\/www.exhausto.de\/Produkte\/Ceiling-counterflow\/CX3000\" target=\"_blank\" rel=\"noopener\">CX3000<\/a>-Ger\u00e4\u00adte. EC-Ven\u00adti\u00adla\u00adto\u00adren der neu\u00ades\u00adten Gene\u00adra\u00adti\u00adon opti\u00admie\u00adren den Ener\u00adgie\u00adein\u00adsatz und erm\u00f6g\u00adli\u00adchen bes\u00adte SFP-Wer\u00adte. Der Gegen\u00adstrom\u00adw\u00e4r\u00adme\u00adtau\u00adscher aus Alu\u00admi\u00adni\u00adum sorgt mit einer Effi\u00adzi\u00adenz von &gt;80 Pro\u00adzent (gem\u00e4\u00df EN308) f\u00fcr gr\u00f6\u00dft\u00adm\u00f6g\u00adli\u00adche W\u00e4r\u00adme\u00adr\u00fcck\u00adge\u00adwin\u00adnung. Um CX3000 auch in Zwi\u00adschen\u00adde\u00adcken st\u00f6\u00adrungs\u00adfrei unter\u00adbrin\u00adgen zu k\u00f6n\u00adnen, sind alle Ger\u00e4\u00adte mit einer 50 mm dicken D\u00e4m\u00admung aus\u00adge\u00adstat\u00adtet, die einen geringst\u00adm\u00f6g\u00adli\u00adchen Schall\u00adpe\u00adgel gew\u00e4hrleistet.<\/p>\n<figure id=\"attachment_1841\" aria-describedby=\"caption-attachment-1841\" style=\"width: 600px\" class=\"wp-caption aligncenter\"><img loading=\"lazy\" decoding=\"async\" class=\"wp-image-1841 ml-lightbox-enabled\" src=\"https:\/\/office-roxx.de\/primabueroklima\/wp-content\/uploads\/2023\/07\/EXHAUSTO-DeckenLueftungsgeraet-CX3000-1.jpg\" alt=\"Die CX3000-Serie erf\u00fcllt die im April 2023 ver\u00f6ffentlichte Hygiene-Richtlinie VDI6022 Blatt 1. Abbildung: Exhausto by Aldes\" width=\"600\" height=\"342\" srcset=\"https:\/\/office-roxx.de\/primabueroklima\/wp-content\/uploads\/2023\/07\/EXHAUSTO-DeckenLueftungsgeraet-CX3000-1.jpg 1000w, https:\/\/office-roxx.de\/primabueroklima\/wp-content\/uploads\/2023\/07\/EXHAUSTO-DeckenLueftungsgeraet-CX3000-1-300x171.jpg 300w, https:\/\/office-roxx.de\/primabueroklima\/wp-content\/uploads\/2023\/07\/EXHAUSTO-DeckenLueftungsgeraet-CX3000-1-768x438.jpg 768w\" sizes=\"auto, (max-width: 600px) 100vw, 600px\"><figcaption id=\"caption-attachment-1841\" class=\"wp-caption-text\">Die CX3000-Serie erf\u00fcllt die im April 2023 ver\u00ad\u00f6f\u00adfent\u00adlich\u00adte Hygie\u00adne-Richt\u00adli\u00adnie VDI6022 Blatt 1. Abbil\u00addung: Exhaus\u00adto by&nbsp;Aldes<\/figcaption><\/figure>\n<p>Ein brei\u00adtes Zube\u00adh\u00f6r\u00adsor\u00adti\u00adment unter ande\u00adrem mit Was\u00adser- oder Elek\u00adtro\u00adnach\u00adheiz\u00adre\u00adgis\u00adter, K\u00fchl\u00adre\u00adgis\u00adter, Klap\u00adpen und fle\u00adxi\u00adblen Anschluss\u00adver\u00adbin\u00addun\u00adgen kom\u00adplet\u00adtiert das Leis\u00adtungs\u00adan\u00adge\u00adbot. Eine 2. Fil\u00adter\u00adstu\u00adfe zum Kanal\u00adein\u00adbau gew\u00e4hr\u00adleis\u00adtet best\u00adm\u00f6g\u00adli\u00adche Zuluftqualit\u00e4t.<\/p>\n<h2>Komplettregelung und Webserver integriert<\/h2>\n<p>Alle CX3000-Ger\u00e4\u00adte ver\u00adf\u00fc\u00adgen \u00fcber die inte\u00adgrier\u00adte und funk\u00adti\u00adons\u00adge\u00adtes\u00adte\u00adte Kom\u00adplett\u00adre\u00adge\u00adlung EXcon. Sie steu\u00adert die not\u00adwen\u00addi\u00adgen Luft\u00admen\u00adgen und Tem\u00adpe\u00adra\u00adtu\u00adren im bedarfs\u00adge\u00adre\u00adgel\u00adten Betrieb. Volu\u00admen\u00adstrom- oder Kon\u00adstant\u00addruck\u00adre\u00adge\u00adlung der Luft\u00admen\u00adge sind eben\u00adso m\u00f6g\u00adlich wie sen\u00adsor\u00adge\u00adsteu\u00ader\u00adte Betriebs\u00admo\u00addi durch zus\u00e4tz\u00adlich erh\u00e4lt\u00adli\u00adche CO2- oder ande\u00adre Sen\u00adso\u00adren. Die Tem\u00adpe\u00adra\u00adtur kann zuluft-, abluft- bzw. raum\u00adtem\u00adpe\u00adra\u00adtur\u00adge\u00adf\u00fchrt ein\u00adge\u00adstellt wer\u00adden. Auch ein Web\u00adser\u00adver ist stan\u00addard\u00adm\u00e4\u00ad\u00dfig inte\u00adgriert, um eine \u00dcber\u00adwa\u00adchung und Ansteue\u00adrung von exter\u00adner Stel\u00adle zu gew\u00e4hr\u00adleis\u00adten. Hier\u00admit wer\u00adden auch alle g\u00e4n\u00adgi\u00adgen Schnitt\u00adstel\u00adlen wie Mod\u00adbus und BAC\u00adnet zur Anbin\u00addung an eine exter\u00adne GLT bereitgestellt.<\/p>\n<h2>Ausgezeichnet mit Plus X&nbsp;Award<\/h2>\n<p>Als ers\u00adtes Unter\u00adneh\u00admen im Bereich L\u00fcf\u00adtungs\u00adtech\u00adnik ist Exhaus\u00adto by Aldes im Wett\u00adbe\u00adwerb 2023 um den PLUS X AWARD erfolg\u00adreich: Das Unter\u00adneh\u00admen erh\u00e4lt die Aus\u00adzeich\u00adnung f\u00fcr das erst\u00admals zur ISH in Frank\u00adfurt vor\u00adge\u00adstell\u00adte Decken\u00adl\u00fcf\u00adtungs\u00adge\u00adr\u00e4t CX3000.<\/p>\n<p>Aus\u00adzug aus der Jury-Begr\u00fcn\u00addung: \u201eDie High Qua\u00adli\u00adty des Sys\u00adtems wird durch hoch\u00adwer\u00adti\u00adge Mate\u00adria\u00adli\u00aden und eine pr\u00e4\u00adzi\u00adse Ver\u00adar\u00adbei\u00adtung gew\u00e4hr\u00adleis\u00adtet, die eine zuver\u00adl\u00e4s\u00adsi\u00adge und lang\u00adle\u00adbi\u00adge Leis\u00adtung ver\u00adspre\u00adchen. [\u2026] Zudem legt Exhaus\u00adto gro\u00ad\u00dfen Wert auf \u00d6ko\u00adlo\u00adgie, indem das CX3000 ener\u00adgie\u00adef\u00adfi\u00adzi\u00adent arbei\u00adtet und zur Redu\u00adzie\u00adrung des Ener\u00adgie\u00adver\u00adbrauchs beitr\u00e4gt.\u201c<\/p>\n<p>\u00dcber die vier genann\u00adten Kate\u00adgo\u00adrien hin\u00adaus beton\u00adte die Jury beim CX3000 den uni\u00adver\u00adsel\u00adlen Ein\u00adsatz\u00adbe\u00adreich, die platz\u00adspa\u00adren\u00adde Instal\u00adla\u00adti\u00adon an der Decke, die indi\u00advi\u00addu\u00adel\u00adlen Anpas\u00adsungs\u00adm\u00f6g\u00adlich\u00adkei\u00adten der Luft\u00advo\u00adlu\u00admen\u00adstr\u00f6\u00adme an die Raum\u00adgr\u00f6\u00ad\u00dfen, die Mon\u00adta\u00adge\u00advor\u00adtei\u00adle und die inte\u00adgrier\u00adte Kom\u00adplett\u00adre\u00adge\u00adlung zur Luft\u00admen\u00adgen- und Temperatursteuerung.<\/p>\n<hr>\n<p>Wei\u00adte\u00adre Infor\u00adma\u00adtio\u00adnen zu der Decken\u00adl\u00fcf\u00adtungs\u00adl\u00f6\u00adsung fin\u00adden Sie in der kos\u00adten\u00adfrei\u00aden <a href=\"https:\/\/publications.exhausto.com\/Deutschland\/Produkte\/cx3000\/\">CX3000-Bro\u00adsch\u00fc\u00adre<\/a>.<\/p>\n","protected":false},"excerpt":{"rendered":"<p>Die L\u00fcf\u00adtungs\u00adge\u00adr\u00e4\u00adte\u00adse\u00adr\u00adie CX3000 von Exhaus\u00adto bie\u00adtet ein uni\u00adver\u00adsel\u00adles Ein\u00adsatz\u00adspek\u00adtrum an Decken in neu\u00aden oder zu sanie\u00adren\u00adden Nicht\u00adwohn\u00adge\u00adb\u00e4u\u00adden. Die Ger\u00e4\u00adte eig\u00adnen sich f\u00fcr R\u00e4u\u00adme mit gerin\u00adgen Platz\u00adver\u00adh\u00e4lt\u00adnis\u00adsen und punk\u00adten mit hoher Ener\u00adgie\u00adef\u00adfi\u00adzi\u00adenz. Daf\u00fcr gab es sogar einen&nbsp;Award.<\/p>\n","protected":false},"author":1,"featured_media":1838,"comment_status":"closed","ping_status":"closed","sticky":false,"template":"","format":"standard","meta":{"wp_typography_post_enhancements_disabled":false,"footnotes":""},"categories":[1],"tags":[12],"class_list":["post-1814","post","type-post","status-publish","format-standard","has-post-thumbnail","hentry","category-allgemein","tag-lueftung"],"yoast_head":"<!-- This site is optimized with the Yoast SEO plugin v27.3 - https:\/\/yoast.com\/product\/yoast-seo-wordpress\/ -->\n<title>Energieeffiziente Deckenl\u00fcftungsger\u00e4te mit Auszeichnung - PRIMAB\u00dcROKLIMA<\/title>\n<meta name=\"description\" content=\"Die L\u00fcftungsger\u00e4teserie CX3000 von Exhausto by Aldes eignet sich f\u00fcr R\u00e4ume mit geringen Platzverh\u00e4ltnissen und punktet mit hoher Energieeffizienz.\" \/>\n<meta name=\"robots\" content=\"index, follow, max-snippet:-1, max-image-preview:large, max-video-preview:-1\" \/>\n<link rel=\"canonical\" href=\"https:\/\/office-roxx.de\/primabueroklima\/energieeffiziente-deckenlueftungsgeraete-mit-auszeichnung\/\" \/>\n<meta property=\"og:locale\" content=\"de_DE\" \/>\n<meta property=\"og:type\" content=\"article\" \/>\n<meta property=\"og:title\" content=\"Energieeffiziente Deckenl\u00fcftungsger\u00e4te mit Auszeichnung - PRIMAB\u00dcROKLIMA\" \/>\n<meta property=\"og:description\" content=\"Die L\u00fcftungsger\u00e4teserie CX3000 von Exhausto by Aldes eignet sich f\u00fcr R\u00e4ume mit geringen Platzverh\u00e4ltnissen und punktet mit hoher Energieeffizienz.\" \/>\n<meta property=\"og:url\" content=\"https:\/\/office-roxx.de\/primabueroklima\/energieeffiziente-deckenlueftungsgeraete-mit-auszeichnung\/\" \/>\n<meta property=\"og:site_name\" content=\"PRIMAB\u00dcROKLIMA\" \/>\n<meta property=\"article:published_time\" content=\"2023-07-10T05:30:00+00:00\" \/>\n<meta property=\"article:modified_time\" content=\"2025-11-03T13:30:30+00:00\" \/>\n<meta property=\"og:image\" content=\"https:\/\/office-roxx.de\/primabueroklima\/wp-content\/uploads\/2023\/07\/EXHAUSTO-DeckenLueftungsgeraet-CX3000-Situation.jpg\" \/>\n\t<meta property=\"og:image:width\" content=\"1000\" \/>\n\t<meta property=\"og:image:height\" content=\"750\" \/>\n\t<meta property=\"og:image:type\" content=\"image\/jpeg\" \/>\n<meta name=\"author\" content=\"Team-PBK\" \/>\n<meta name=\"twitter:card\" content=\"summary_large_image\" \/>\n<meta name=\"twitter:label1\" content=\"Verfasst von\" \/>\n\t<meta name=\"twitter:data1\" content=\"Team-PBK\" \/>\n\t<meta name=\"twitter:label2\" content=\"Gesch\u00e4tzte Lesezeit\" \/>\n\t<meta name=\"twitter:data2\" content=\"4\u00a0Minuten\" \/>\n<script type=\"application\/ld+json\" class=\"yoast-schema-graph\">{\"@context\":\"https:\\\/\\\/schema.org\",\"@graph\":[{\"@type\":\"Article\",\"@id\":\"https:\\\/\\\/office-roxx.de\\\/primabueroklima\\\/energieeffiziente-deckenlueftungsgeraete-mit-auszeichnung\\\/#article\",\"isPartOf\":{\"@id\":\"https:\\\/\\\/office-roxx.de\\\/primabueroklima\\\/energieeffiziente-deckenlueftungsgeraete-mit-auszeichnung\\\/\"},\"author\":{\"name\":\"Team-PBK\",\"@id\":\"https:\\\/\\\/office-roxx.de\\\/primabueroklima\\\/#\\\/schema\\\/person\\\/aaff4d37a59d78dad48543c1cf5d7b0e\"},\"headline\":\"Energieeffiziente Deckenl\u00fcftungsger\u00e4te mit Auszeichnung\",\"datePublished\":\"2023-07-10T05:30:00+00:00\",\"dateModified\":\"2025-11-03T13:30:30+00:00\",\"mainEntityOfPage\":{\"@id\":\"https:\\\/\\\/office-roxx.de\\\/primabueroklima\\\/energieeffiziente-deckenlueftungsgeraete-mit-auszeichnung\\\/\"},\"wordCount\":590,\"publisher\":{\"@id\":\"https:\\\/\\\/office-roxx.de\\\/primabueroklima\\\/#organization\"},\"image\":{\"@id\":\"https:\\\/\\\/office-roxx.de\\\/primabueroklima\\\/energieeffiziente-deckenlueftungsgeraete-mit-auszeichnung\\\/#primaryimage\"},\"thumbnailUrl\":\"https:\\\/\\\/office-roxx.de\\\/primabueroklima\\\/wp-content\\\/uploads\\\/2023\\\/07\\\/EXHAUSTO-DeckenLueftungsgeraet-CX3000-Situation.jpg\",\"keywords\":[\"L\u00fcftung\"],\"inLanguage\":\"de\"},{\"@type\":\"WebPage\",\"@id\":\"https:\\\/\\\/office-roxx.de\\\/primabueroklima\\\/energieeffiziente-deckenlueftungsgeraete-mit-auszeichnung\\\/\",\"url\":\"https:\\\/\\\/office-roxx.de\\\/primabueroklima\\\/energieeffiziente-deckenlueftungsgeraete-mit-auszeichnung\\\/\",\"name\":\"Energieeffiziente Deckenl\u00fcftungsger\u00e4te mit Auszeichnung - PRIMAB\u00dcROKLIMA\",\"isPartOf\":{\"@id\":\"https:\\\/\\\/office-roxx.de\\\/primabueroklima\\\/#website\"},\"primaryImageOfPage\":{\"@id\":\"https:\\\/\\\/office-roxx.de\\\/primabueroklima\\\/energieeffiziente-deckenlueftungsgeraete-mit-auszeichnung\\\/#primaryimage\"},\"image\":{\"@id\":\"https:\\\/\\\/office-roxx.de\\\/primabueroklima\\\/energieeffiziente-deckenlueftungsgeraete-mit-auszeichnung\\\/#primaryimage\"},\"thumbnailUrl\":\"https:\\\/\\\/office-roxx.de\\\/primabueroklima\\\/wp-content\\\/uploads\\\/2023\\\/07\\\/EXHAUSTO-DeckenLueftungsgeraet-CX3000-Situation.jpg\",\"datePublished\":\"2023-07-10T05:30:00+00:00\",\"dateModified\":\"2025-11-03T13:30:30+00:00\",\"description\":\"Die L\u00fcftungsger\u00e4teserie CX3000 von Exhausto by Aldes eignet sich f\u00fcr R\u00e4ume mit geringen Platzverh\u00e4ltnissen und punktet mit hoher Energieeffizienz.\",\"breadcrumb\":{\"@id\":\"https:\\\/\\\/office-roxx.de\\\/primabueroklima\\\/energieeffiziente-deckenlueftungsgeraete-mit-auszeichnung\\\/#breadcrumb\"},\"inLanguage\":\"de\",\"potentialAction\":[{\"@type\":\"ReadAction\",\"target\":[\"https:\\\/\\\/office-roxx.de\\\/primabueroklima\\\/energieeffiziente-deckenlueftungsgeraete-mit-auszeichnung\\\/\"]}]},{\"@type\":\"ImageObject\",\"inLanguage\":\"de\",\"@id\":\"https:\\\/\\\/office-roxx.de\\\/primabueroklima\\\/energieeffiziente-deckenlueftungsgeraete-mit-auszeichnung\\\/#primaryimage\",\"url\":\"https:\\\/\\\/office-roxx.de\\\/primabueroklima\\\/wp-content\\\/uploads\\\/2023\\\/07\\\/EXHAUSTO-DeckenLueftungsgeraet-CX3000-Situation.jpg\",\"contentUrl\":\"https:\\\/\\\/office-roxx.de\\\/primabueroklima\\\/wp-content\\\/uploads\\\/2023\\\/07\\\/EXHAUSTO-DeckenLueftungsgeraet-CX3000-Situation.jpg\",\"width\":1000,\"height\":750,\"caption\":\"Hohe Energieeffizienz war ein elementares Entwicklungsziel f\u00fcr die CX3000-Ger\u00e4te. Abbildung: Exhausto by Aldes\"},{\"@type\":\"BreadcrumbList\",\"@id\":\"https:\\\/\\\/office-roxx.de\\\/primabueroklima\\\/energieeffiziente-deckenlueftungsgeraete-mit-auszeichnung\\\/#breadcrumb\",\"itemListElement\":[{\"@type\":\"ListItem\",\"position\":1,\"name\":\"Startseite\",\"item\":\"https:\\\/\\\/office-roxx.de\\\/primabueroklima\\\/\"},{\"@type\":\"ListItem\",\"position\":2,\"name\":\"Energieeffiziente Deckenl\u00fcftungsger\u00e4te mit Auszeichnung\"}]},{\"@type\":\"WebSite\",\"@id\":\"https:\\\/\\\/office-roxx.de\\\/primabueroklima\\\/#website\",\"url\":\"https:\\\/\\\/office-roxx.de\\\/primabueroklima\\\/\",\"name\":\"PRIMAB\u00dcROKLIMA\",\"description\":\"F\u00fcr eine bessere Luftqualit\u00e4t in Office-Umgebungen\",\"publisher\":{\"@id\":\"https:\\\/\\\/office-roxx.de\\\/primabueroklima\\\/#organization\"},\"potentialAction\":[{\"@type\":\"SearchAction\",\"target\":{\"@type\":\"EntryPoint\",\"urlTemplate\":\"https:\\\/\\\/office-roxx.de\\\/primabueroklima\\\/?s={search_term_string}\"},\"query-input\":{\"@type\":\"PropertyValueSpecification\",\"valueRequired\":true,\"valueName\":\"search_term_string\"}}],\"inLanguage\":\"de\"},{\"@type\":\"Organization\",\"@id\":\"https:\\\/\\\/office-roxx.de\\\/primabueroklima\\\/#organization\",\"name\":\"PRIMAB\u00dcROKLIMA\",\"url\":\"https:\\\/\\\/office-roxx.de\\\/primabueroklima\\\/\",\"logo\":{\"@type\":\"ImageObject\",\"inLanguage\":\"de\",\"@id\":\"https:\\\/\\\/office-roxx.de\\\/primabueroklima\\\/#\\\/schema\\\/logo\\\/image\\\/\",\"url\":\"https:\\\/\\\/office-roxx.de\\\/primabueroklima\\\/wp-content\\\/uploads\\\/2020\\\/09\\\/Prima-Klima-Logo_Farbe_beschn.jpg\",\"contentUrl\":\"https:\\\/\\\/office-roxx.de\\\/primabueroklima\\\/wp-content\\\/uploads\\\/2020\\\/09\\\/Prima-Klima-Logo_Farbe_beschn.jpg\",\"width\":1000,\"height\":675,\"caption\":\"PRIMAB\u00dcROKLIMA\"},\"image\":{\"@id\":\"https:\\\/\\\/office-roxx.de\\\/primabueroklima\\\/#\\\/schema\\\/logo\\\/image\\\/\"}},{\"@type\":\"Person\",\"@id\":\"https:\\\/\\\/office-roxx.de\\\/primabueroklima\\\/#\\\/schema\\\/person\\\/aaff4d37a59d78dad48543c1cf5d7b0e\",\"name\":\"Team-PBK\",\"image\":{\"@type\":\"ImageObject\",\"inLanguage\":\"de\",\"@id\":\"https:\\\/\\\/secure.gravatar.com\\\/avatar\\\/e7f38084968dcbb88b923f48395eb5ec7c3ad3102c6db95eccceb504d4317f39?s=96&d=mm&r=g\",\"url\":\"https:\\\/\\\/secure.gravatar.com\\\/avatar\\\/e7f38084968dcbb88b923f48395eb5ec7c3ad3102c6db95eccceb504d4317f39?s=96&d=mm&r=g\",\"contentUrl\":\"https:\\\/\\\/secure.gravatar.com\\\/avatar\\\/e7f38084968dcbb88b923f48395eb5ec7c3ad3102c6db95eccceb504d4317f39?s=96&d=mm&r=g\",\"caption\":\"Team-PBK\"},\"sameAs\":[\"https:\\\/\\\/office-roxx.de\\\/primabueroklima\"],\"url\":\"https:\\\/\\\/office-roxx.de\\\/primabueroklima\\\/author\\\/team-pbk\\\/\"}]}<\/script>\n<!-- \/ Yoast SEO plugin. -->","yoast_head_json":{"title":"Energieeffiziente Deckenl\u00fcftungsger\u00e4te mit Auszeichnung - PRIMAB\u00dcROKLIMA","description":"Die L\u00fcftungsger\u00e4teserie CX3000 von Exhausto by Aldes eignet sich f\u00fcr R\u00e4ume mit geringen Platzverh\u00e4ltnissen und punktet mit hoher Energieeffizienz.","robots":{"index":"index","follow":"follow","max-snippet":"max-snippet:-1","max-image-preview":"max-image-preview:large","max-video-preview":"max-video-preview:-1"},"canonical":"https:\/\/office-roxx.de\/primabueroklima\/energieeffiziente-deckenlueftungsgeraete-mit-auszeichnung\/","og_locale":"de_DE","og_type":"article","og_title":"Energieeffiziente Deckenl\u00fcftungsger\u00e4te mit Auszeichnung - PRIMAB\u00dcROKLIMA","og_description":"Die L\u00fcftungsger\u00e4teserie CX3000 von Exhausto by Aldes eignet sich f\u00fcr R\u00e4ume mit geringen Platzverh\u00e4ltnissen und punktet mit hoher Energieeffizienz.","og_url":"https:\/\/office-roxx.de\/primabueroklima\/energieeffiziente-deckenlueftungsgeraete-mit-auszeichnung\/","og_site_name":"PRIMAB\u00dcROKLIMA","article_published_time":"2023-07-10T05:30:00+00:00","article_modified_time":"2025-11-03T13:30:30+00:00","og_image":[{"width":1000,"height":750,"url":"https:\/\/office-roxx.de\/primabueroklima\/wp-content\/uploads\/2023\/07\/EXHAUSTO-DeckenLueftungsgeraet-CX3000-Situation.jpg","type":"image\/jpeg"}],"author":"Team-PBK","twitter_card":"summary_large_image","twitter_misc":{"Verfasst von":"Team-PBK","Gesch\u00e4tzte Lesezeit":"4\u00a0Minuten"},"schema":{"@context":"https:\/\/schema.org","@graph":[{"@type":"Article","@id":"https:\/\/office-roxx.de\/primabueroklima\/energieeffiziente-deckenlueftungsgeraete-mit-auszeichnung\/#article","isPartOf":{"@id":"https:\/\/office-roxx.de\/primabueroklima\/energieeffiziente-deckenlueftungsgeraete-mit-auszeichnung\/"},"author":{"name":"Team-PBK","@id":"https:\/\/office-roxx.de\/primabueroklima\/#\/schema\/person\/aaff4d37a59d78dad48543c1cf5d7b0e"},"headline":"Energieeffiziente Deckenl\u00fcftungsger\u00e4te mit Auszeichnung","datePublished":"2023-07-10T05:30:00+00:00","dateModified":"2025-11-03T13:30:30+00:00","mainEntityOfPage":{"@id":"https:\/\/office-roxx.de\/primabueroklima\/energieeffiziente-deckenlueftungsgeraete-mit-auszeichnung\/"},"wordCount":590,"publisher":{"@id":"https:\/\/office-roxx.de\/primabueroklima\/#organization"},"image":{"@id":"https:\/\/office-roxx.de\/primabueroklima\/energieeffiziente-deckenlueftungsgeraete-mit-auszeichnung\/#primaryimage"},"thumbnailUrl":"https:\/\/office-roxx.de\/primabueroklima\/wp-content\/uploads\/2023\/07\/EXHAUSTO-DeckenLueftungsgeraet-CX3000-Situation.jpg","keywords":["L\u00fcftung"],"inLanguage":"de"},{"@type":"WebPage","@id":"https:\/\/office-roxx.de\/primabueroklima\/energieeffiziente-deckenlueftungsgeraete-mit-auszeichnung\/","url":"https:\/\/office-roxx.de\/primabueroklima\/energieeffiziente-deckenlueftungsgeraete-mit-auszeichnung\/","name":"Energieeffiziente Deckenl\u00fcftungsger\u00e4te mit Auszeichnung - PRIMAB\u00dcROKLIMA","isPartOf":{"@id":"https:\/\/office-roxx.de\/primabueroklima\/#website"},"primaryImageOfPage":{"@id":"https:\/\/office-roxx.de\/primabueroklima\/energieeffiziente-deckenlueftungsgeraete-mit-auszeichnung\/#primaryimage"},"image":{"@id":"https:\/\/office-roxx.de\/primabueroklima\/energieeffiziente-deckenlueftungsgeraete-mit-auszeichnung\/#primaryimage"},"thumbnailUrl":"https:\/\/office-roxx.de\/primabueroklima\/wp-content\/uploads\/2023\/07\/EXHAUSTO-DeckenLueftungsgeraet-CX3000-Situation.jpg","datePublished":"2023-07-10T05:30:00+00:00","dateModified":"2025-11-03T13:30:30+00:00","description":"Die L\u00fcftungsger\u00e4teserie CX3000 von Exhausto by Aldes eignet sich f\u00fcr R\u00e4ume mit geringen Platzverh\u00e4ltnissen und punktet mit hoher Energieeffizienz.","breadcrumb":{"@id":"https:\/\/office-roxx.de\/primabueroklima\/energieeffiziente-deckenlueftungsgeraete-mit-auszeichnung\/#breadcrumb"},"inLanguage":"de","potentialAction":[{"@type":"ReadAction","target":["https:\/\/office-roxx.de\/primabueroklima\/energieeffiziente-deckenlueftungsgeraete-mit-auszeichnung\/"]}]},{"@type":"ImageObject","inLanguage":"de","@id":"https:\/\/office-roxx.de\/primabueroklima\/energieeffiziente-deckenlueftungsgeraete-mit-auszeichnung\/#primaryimage","url":"https:\/\/office-roxx.de\/primabueroklima\/wp-content\/uploads\/2023\/07\/EXHAUSTO-DeckenLueftungsgeraet-CX3000-Situation.jpg","contentUrl":"https:\/\/office-roxx.de\/primabueroklima\/wp-content\/uploads\/2023\/07\/EXHAUSTO-DeckenLueftungsgeraet-CX3000-Situation.jpg","width":1000,"height":750,"caption":"Hohe Energieeffizienz war ein elementares Entwicklungsziel f\u00fcr die CX3000-Ger\u00e4te. Abbildung: Exhausto by Aldes"},{"@type":"BreadcrumbList","@id":"https:\/\/office-roxx.de\/primabueroklima\/energieeffiziente-deckenlueftungsgeraete-mit-auszeichnung\/#breadcrumb","itemListElement":[{"@type":"ListItem","position":1,"name":"Startseite","item":"https:\/\/office-roxx.de\/primabueroklima\/"},{"@type":"ListItem","position":2,"name":"Energieeffiziente Deckenl\u00fcftungsger\u00e4te mit Auszeichnung"}]},{"@type":"WebSite","@id":"https:\/\/office-roxx.de\/primabueroklima\/#website","url":"https:\/\/office-roxx.de\/primabueroklima\/","name":"PRIMAB\u00dcROKLIMA","description":"F\u00fcr eine bessere Luftqualit\u00e4t in Office-Umgebungen","publisher":{"@id":"https:\/\/office-roxx.de\/primabueroklima\/#organization"},"potentialAction":[{"@type":"SearchAction","target":{"@type":"EntryPoint","urlTemplate":"https:\/\/office-roxx.de\/primabueroklima\/?s={search_term_string}"},"query-input":{"@type":"PropertyValueSpecification","valueRequired":true,"valueName":"search_term_string"}}],"inLanguage":"de"},{"@type":"Organization","@id":"https:\/\/office-roxx.de\/primabueroklima\/#organization","name":"PRIMAB\u00dcROKLIMA","url":"https:\/\/office-roxx.de\/primabueroklima\/","logo":{"@type":"ImageObject","inLanguage":"de","@id":"https:\/\/office-roxx.de\/primabueroklima\/#\/schema\/logo\/image\/","url":"https:\/\/office-roxx.de\/primabueroklima\/wp-content\/uploads\/2020\/09\/Prima-Klima-Logo_Farbe_beschn.jpg","contentUrl":"https:\/\/office-roxx.de\/primabueroklima\/wp-content\/uploads\/2020\/09\/Prima-Klima-Logo_Farbe_beschn.jpg","width":1000,"height":675,"caption":"PRIMAB\u00dcROKLIMA"},"image":{"@id":"https:\/\/office-roxx.de\/primabueroklima\/#\/schema\/logo\/image\/"}},{"@type":"Person","@id":"https:\/\/office-roxx.de\/primabueroklima\/#\/schema\/person\/aaff4d37a59d78dad48543c1cf5d7b0e","name":"Team-PBK","image":{"@type":"ImageObject","inLanguage":"de","@id":"https:\/\/secure.gravatar.com\/avatar\/e7f38084968dcbb88b923f48395eb5ec7c3ad3102c6db95eccceb504d4317f39?s=96&d=mm&r=g","url":"https:\/\/secure.gravatar.com\/avatar\/e7f38084968dcbb88b923f48395eb5ec7c3ad3102c6db95eccceb504d4317f39?s=96&d=mm&r=g","contentUrl":"https:\/\/secure.gravatar.com\/avatar\/e7f38084968dcbb88b923f48395eb5ec7c3ad3102c6db95eccceb504d4317f39?s=96&d=mm&r=g","caption":"Team-PBK"},"sameAs":["https:\/\/office-roxx.de\/primabueroklima"],"url":"https:\/\/office-roxx.de\/primabueroklima\/author\/team-pbk\/"}]}},"_links":{"self":[{"href":"https:\/\/office-roxx.de\/primabueroklima\/wp-json\/wp\/v2\/posts\/1814","targetHints":{"allow":["GET"]}}],"collection":[{"href":"https:\/\/office-roxx.de\/primabueroklima\/wp-json\/wp\/v2\/posts"}],"about":[{"href":"https:\/\/office-roxx.de\/primabueroklima\/wp-json\/wp\/v2\/types\/post"}],"author":[{"embeddable":true,"href":"https:\/\/office-roxx.de\/primabueroklima\/wp-json\/wp\/v2\/users\/1"}],"replies":[{"embeddable":true,"href":"https:\/\/office-roxx.de\/primabueroklima\/wp-json\/wp\/v2\/comments?post=1814"}],"version-history":[{"count":13,"href":"https:\/\/office-roxx.de\/primabueroklima\/wp-json\/wp\/v2\/posts\/1814\/revisions"}],"predecessor-version":[{"id":2436,"href":"https:\/\/office-roxx.de\/primabueroklima\/wp-json\/wp\/v2\/posts\/1814\/revisions\/2436"}],"wp:featuredmedia":[{"embeddable":true,"href":"https:\/\/office-roxx.de\/primabueroklima\/wp-json\/wp\/v2\/media\/1838"}],"wp:attachment":[{"href":"https:\/\/office-roxx.de\/primabueroklima\/wp-json\/wp\/v2\/media?parent=1814"}],"wp:term":[{"taxonomy":"category","embeddable":true,"href":"https:\/\/office-roxx.de\/primabueroklima\/wp-json\/wp\/v2\/categories?post=1814"},{"taxonomy":"post_tag","embeddable":true,"href":"https:\/\/office-roxx.de\/primabueroklima\/wp-json\/wp\/v2\/tags?post=1814"}],"curies":[{"name":"wp","href":"https:\/\/api.w.org\/{rel}","templated":true}]}}