{"id":1314,"date":"2022-03-28T07:30:00","date_gmt":"2022-03-28T05:30:00","guid":{"rendered":"https:\/\/office-roxx.de\/primabueroklima\/?p=1314"},"modified":"2022-03-25T12:08:56","modified_gmt":"2022-03-25T11:08:56","slug":"geringes-infektionsrisiko-beim-besuch-der-indoor-air-2021","status":"publish","type":"post","link":"https:\/\/office-roxx.de\/primabueroklima\/geringes-infektionsrisiko-beim-besuch-der-indoor-air-2021\/","title":{"rendered":"Geringes Infektionsrisiko beim Besuch der Indoor Air&nbsp;2021"},"content":{"rendered":"<p>Anfang Okto\u00adber 2021 hat die Fach\u00admes\u00adse Indoor-Air in Frank\u00adfurt statt\u00adge\u00adfun\u00adden. Nun hat der Fach\u00adver\u00adband Geb\u00e4u\u00adde-Kli\u00adma e. V. (FGK) eine Aus\u00adwer\u00adtung von den Mes\u00adsun\u00adgen und Berech\u00adnun\u00adgen zur Raum\u00adluft\u00adqua\u00adli\u00adt\u00e4t in der Mes\u00adse\u00adhal\u00adle ver\u00f6ffentlicht.<\/p>\n<p><!--more--><\/p>\n<figure id=\"attachment_1316\" aria-describedby=\"caption-attachment-1316\" style=\"width: 600px\" class=\"wp-caption aligncenter\"><img loading=\"lazy\" decoding=\"async\" class=\"wp-image-1316 ml-lightbox-enabled\" src=\"https:\/\/office-roxx.de\/primabueroklima\/wp-content\/uploads\/2022\/03\/Indoorair2021Halle12-KL-10.jpg\" alt=\"Indoor Air 2021. Abbildung: Messe Frankfurt\" width=\"600\" height=\"400\" srcset=\"https:\/\/office-roxx.de\/primabueroklima\/wp-content\/uploads\/2022\/03\/Indoorair2021Halle12-KL-10.jpg 1000w, https:\/\/office-roxx.de\/primabueroklima\/wp-content\/uploads\/2022\/03\/Indoorair2021Halle12-KL-10-300x200.jpg 300w, https:\/\/office-roxx.de\/primabueroklima\/wp-content\/uploads\/2022\/03\/Indoorair2021Halle12-KL-10-768x512.jpg 768w\" sizes=\"auto, (max-width: 600px) 100vw, 600px\"><figcaption id=\"caption-attachment-1316\" class=\"wp-caption-text\">Indoor Air 2021. Abbil\u00addung: Mes\u00adse Frankfurt<\/figcaption><\/figure>\n<p>Die Fach\u00admes\u00adse f\u00fcr L\u00fcf\u00adtung und Luft\u00adqua\u00adli\u00adt\u00e4t stand ganz im Zei\u00adchen der Pan\u00adde\u00admie. Neben den vor\u00adge\u00adschrie\u00adbe\u00adnen 3G- und AHA-Regeln f\u00fcr die Fach\u00adbe\u00adsu\u00adcher wur\u00adden auch Raum\u00adluft\u00adtech\u00adni\u00adsche Anla\u00adgen (RLT-Anla\u00adgen) in der Mes\u00adse\u00adhal\u00adle ein\u00adge\u00adsetzt, um das Risi\u00adko der \u00dcber\u00adtra\u00adgung von Coro\u00adna-Infek\u00adtio\u00adnen zu redu\u00adzie\u00adren. Die nun vom <a href=\"https:\/\/www.fgk.de\/\" target=\"_blank\" rel=\"noopener\">FGK<\/a> in ihrem Sta\u00adtus-Report 57 publi\u00adzier\u00adte Aus\u00adwer\u00adtung zu Raum\u00adluft-Qua\u00adli\u00adt\u00e4ts\u00admes\u00adsun\u00adgen und -berech\u00adnun\u00adgen best\u00e4\u00adti\u00adgen das gerin\u00adge Infek\u00adti\u00adons\u00adri\u00adsi\u00adko der Besu\u00adcher vor&nbsp;Ort.<\/p>\n<p>\u201eDie Mes\u00adsun\u00adgen w\u00e4h\u00adrend der Indoor-Air 2021 bele\u00adgen, dass die L\u00fcf\u00adtung einen erheb\u00adli\u00adchen Bei\u00adtrag zur Redu\u00adzie\u00adrung des Infek\u00adti\u00adons\u00adri\u00adsi\u00adkos leis\u00adten kann. Die Anzahl an poten\u00adzi\u00adell infek\u00adti\u00f6\u00adsen und ein\u00adge\u00adat\u00adme\u00adten Aero\u00adsol\u00adpar\u00adti\u00adkeln konn\u00adte um bis zu 85 Pro\u00adzent redu\u00adziert wer\u00adden\u201c, erkl\u00e4rt FGK-Vor\u00adsit\u00adzen\u00adder Prof. Dr.-Ing. Chris\u00adtoph Kaup. \u201eUnse\u00adre Mes\u00adsun\u00adgen erga\u00adben zudem eine mitt\u00adle\u00adre Luft\u00adfeuch\u00adtig\u00adkeit von 50 Pro\u00adzent. Auch hier hat die Raum\u00adluft\u00adtech\u00adnik opti\u00adma\u00adle, gesund\u00adheits\u00adf\u00f6r\u00addern\u00adde Bedin\u00adgun\u00adgen geschaffen.\u201c<\/p>\n<h2>Geringe CO2-Werte in der Messehalle<\/h2>\n<p>Die zwei\u00adge\u00adschos\u00adsi\u00adge Mes\u00adse\u00adhal\u00adle mit einer Gesamt\u00adfl\u00e4\u00adche von 33.000 m2 wird von 46 RLT-Anla\u00adgen mit einem Gesamt\u00advo\u00adlu\u00admen\u00adstrom von 1.242.000 m3\/h ver\u00adsorgt. W\u00e4h\u00adrend der Indoor-Air stell\u00adte sich mit der Au\u00dfen\u00adluft\u00adwech\u00adsel\u00adra\u00adte von 3,7 eine mitt\u00adle\u00adre CO2-Kon\u00adzen\u00adtra\u00adti\u00adon von 460 ppm ein. \u201eDamit wur\u00adden w\u00e4h\u00adrend der Mes\u00adse nahe\u00adzu Au\u00dfen\u00adluft\u00adbe\u00addin\u00adgun\u00adgen in der Hal\u00adle erreicht\u201d, so Prof. Kaup. Als Maxi\u00admal\u00adwert zeich\u00adne\u00adten die Mess\u00adge\u00adr\u00e4\u00adte 520 ppm&nbsp;auf.<\/p>\n<p>In der\u00adsel\u00adben Gr\u00f6\u00ad\u00dfen\u00adord\u00adnung liegt der berech\u00adne\u00adte Wert: An den drei Mes\u00adse\u00adta\u00adgen besuch\u00adten 2.300 Per\u00adso\u00adnen die Indoor-Air, auf der etwa 100 Aus\u00adstel\u00adler ihre Pro\u00adduk\u00adte zur Raum\u00adluft\u00adtech\u00adnik pr\u00e4\u00adsen\u00adtier\u00adten. Bei rund 1.000 Besu\u00adchern pro Tag, einer gesch\u00e4tz\u00adten Zahl von etwa 500 Per\u00adso\u00adnen als Stand\u00adbe\u00adset\u00adzung und einer ange\u00adnom\u00adme\u00adnen CO2-Pro\u00adduk\u00adti\u00adon von 18 l\/h pro Per\u00adson ergibt sich rech\u00adne\u00adrisch eine CO2-Kon\u00adzen\u00adtra\u00adti\u00adon von 453 ppm. H\u00e4t\u00adten 5.600 Per\u00adso\u00adnen \u2212 die unter Pan\u00adde\u00admie\u00adbe\u00addin\u00adgun\u00adgen maxi\u00admal zul\u00e4s\u00adsi\u00adge Zahl \u2212 die Mes\u00adse gleich\u00adzei\u00adtig besucht, h\u00e4t\u00adte der 3,7-fache Luft\u00adwech\u00adsel die CO2-Kon\u00adzen\u00adtra\u00adti\u00adon auf 570 ppm begrenzt. Es w\u00e4re also auch in die\u00adsem Fall die Kate\u00adgo\u00adrie I nach DIN EN 16798-1 ein\u00adge\u00adhal\u00adten wor\u00adden. Ohne L\u00fcf\u00adtung w\u00e4re der Wert im Ver\u00adlauf des Mes\u00adse\u00adta\u00adges auf fast 4.000 ppm angestiegen.<\/p>\n<p>Der<a href=\"https:\/\/t1p.de\/FGK-Status-Report-57\" target=\"_blank\" rel=\"noopener\"> Sta\u00adtus-Report 57<\/a> \u201eDie Luft\u00adqua\u00adli\u00adt\u00e4t w\u00e4h\u00adrend der Indoor-Air 2021 in der Mes\u00adse\u00adhal\u00adle 12 der Mes\u00adse Frank\u00adfurt \u2212 Mes\u00adsung ver\u00adsus Berech\u00adnung\u201c kann kos\u00adten\u00adfrei auf der FGK-Web\u00adsite her\u00adun\u00adter\u00adge\u00adla\u00adden werden.<\/p>\n<p>&nbsp;<\/p>\n","protected":false},"excerpt":{"rendered":"<p>Anfang Okto\u00adber 2021 hat die Fach\u00admes\u00adse Indoor-Air in Frank\u00adfurt statt\u00adge\u00adfun\u00adden. Nun hat der Fach\u00adver\u00adband Geb\u00e4u\u00ad\u00adde-Kli\u00ad\u00adma e. V. (FGK) eine Aus\u00adwer\u00adtung von den Mes\u00adsun\u00adgen und Berech\u00adnun\u00adgen zur Raum\u00adluft\u00adqua\u00adli\u00adt\u00e4t in der Mes\u00adse\u00adhal\u00adle ver\u00f6ffentlicht.<\/p>\n","protected":false},"author":1,"featured_media":1316,"comment_status":"closed","ping_status":"closed","sticky":false,"template":"","format":"standard","meta":{"wp_typography_post_enhancements_disabled":false,"footnotes":""},"categories":[1],"tags":[4],"class_list":["post-1314","post","type-post","status-publish","format-standard","has-post-thumbnail","hentry","category-allgemein","tag-luftmessung"],"yoast_head":"<!-- This site is optimized with the Yoast SEO plugin v27.3 - https:\/\/yoast.com\/product\/yoast-seo-wordpress\/ -->\n<title>Geringes Infektionsrisiko beim Besuch der Indoor Air 2021 - PRIMAB\u00dcROKLIMA<\/title>\n<meta name=\"robots\" content=\"index, follow, max-snippet:-1, max-image-preview:large, max-video-preview:-1\" \/>\n<link rel=\"canonical\" href=\"https:\/\/office-roxx.de\/primabueroklima\/geringes-infektionsrisiko-beim-besuch-der-indoor-air-2021\/\" \/>\n<meta property=\"og:locale\" content=\"de_DE\" \/>\n<meta property=\"og:type\" content=\"article\" \/>\n<meta property=\"og:title\" content=\"Geringes Infektionsrisiko beim Besuch der Indoor Air 2021 - PRIMAB\u00dcROKLIMA\" \/>\n<meta property=\"og:description\" content=\"Anfang Okto\u00adber 2021 hat die Fach\u00admes\u00adse Indoor-Air in Frank\u00adfurt statt\u00adge\u00adfun\u00adden. Nun hat der Fach\u00adver\u00adband Geb\u00e4u\u00adde-Kli\u00adma e. V. (FGK) eine Aus\u00adwer\u00adtung von den Mes\u00adsun\u00adgen und Berech\u00adnun\u00adgen zur Raum\u00adluft\u00adqua\u00adli\u00adt\u00e4t in der Mes\u00adse\u00adhal\u00adle ver\u00f6ffentlicht.\" \/>\n<meta property=\"og:url\" content=\"https:\/\/office-roxx.de\/primabueroklima\/geringes-infektionsrisiko-beim-besuch-der-indoor-air-2021\/\" \/>\n<meta property=\"og:site_name\" content=\"PRIMAB\u00dcROKLIMA\" \/>\n<meta property=\"article:published_time\" content=\"2022-03-28T05:30:00+00:00\" \/>\n<meta property=\"og:image\" content=\"http:\/\/h3068839.stratoserver.net\/office-roxx\/primabueroklima\/wp-content\/uploads\/2022\/03\/Indoorair2021Halle12-KL-10.jpg\" \/>\n\t<meta property=\"og:image:width\" content=\"1000\" \/>\n\t<meta property=\"og:image:height\" content=\"667\" \/>\n\t<meta property=\"og:image:type\" content=\"image\/jpeg\" \/>\n<meta name=\"author\" content=\"Team-PBK\" \/>\n<meta name=\"twitter:card\" content=\"summary_large_image\" \/>\n<meta name=\"twitter:label1\" content=\"Verfasst von\" \/>\n\t<meta name=\"twitter:data1\" content=\"Team-PBK\" \/>\n\t<meta name=\"twitter:label2\" content=\"Gesch\u00e4tzte Lesezeit\" \/>\n\t<meta name=\"twitter:data2\" content=\"2\u00a0Minuten\" \/>\n<script type=\"application\/ld+json\" class=\"yoast-schema-graph\">{\"@context\":\"https:\\\/\\\/schema.org\",\"@graph\":[{\"@type\":\"Article\",\"@id\":\"https:\\\/\\\/office-roxx.de\\\/primabueroklima\\\/geringes-infektionsrisiko-beim-besuch-der-indoor-air-2021\\\/#article\",\"isPartOf\":{\"@id\":\"https:\\\/\\\/office-roxx.de\\\/primabueroklima\\\/geringes-infektionsrisiko-beim-besuch-der-indoor-air-2021\\\/\"},\"author\":{\"name\":\"Team-PBK\",\"@id\":\"https:\\\/\\\/office-roxx.de\\\/primabueroklima\\\/#\\\/schema\\\/person\\\/aaff4d37a59d78dad48543c1cf5d7b0e\"},\"headline\":\"Geringes Infektionsrisiko beim Besuch der Indoor Air&nbsp;2021\",\"datePublished\":\"2022-03-28T05:30:00+00:00\",\"mainEntityOfPage\":{\"@id\":\"https:\\\/\\\/office-roxx.de\\\/primabueroklima\\\/geringes-infektionsrisiko-beim-besuch-der-indoor-air-2021\\\/\"},\"wordCount\":389,\"publisher\":{\"@id\":\"https:\\\/\\\/office-roxx.de\\\/primabueroklima\\\/#organization\"},\"image\":{\"@id\":\"https:\\\/\\\/office-roxx.de\\\/primabueroklima\\\/geringes-infektionsrisiko-beim-besuch-der-indoor-air-2021\\\/#primaryimage\"},\"thumbnailUrl\":\"https:\\\/\\\/office-roxx.de\\\/primabueroklima\\\/wp-content\\\/uploads\\\/2022\\\/03\\\/Indoorair2021Halle12-KL-10.jpg\",\"keywords\":[\"Luftmessung\"],\"inLanguage\":\"de\"},{\"@type\":\"WebPage\",\"@id\":\"https:\\\/\\\/office-roxx.de\\\/primabueroklima\\\/geringes-infektionsrisiko-beim-besuch-der-indoor-air-2021\\\/\",\"url\":\"https:\\\/\\\/office-roxx.de\\\/primabueroklima\\\/geringes-infektionsrisiko-beim-besuch-der-indoor-air-2021\\\/\",\"name\":\"Geringes Infektionsrisiko beim Besuch der Indoor Air 2021 - PRIMAB\u00dcROKLIMA\",\"isPartOf\":{\"@id\":\"https:\\\/\\\/office-roxx.de\\\/primabueroklima\\\/#website\"},\"primaryImageOfPage\":{\"@id\":\"https:\\\/\\\/office-roxx.de\\\/primabueroklima\\\/geringes-infektionsrisiko-beim-besuch-der-indoor-air-2021\\\/#primaryimage\"},\"image\":{\"@id\":\"https:\\\/\\\/office-roxx.de\\\/primabueroklima\\\/geringes-infektionsrisiko-beim-besuch-der-indoor-air-2021\\\/#primaryimage\"},\"thumbnailUrl\":\"https:\\\/\\\/office-roxx.de\\\/primabueroklima\\\/wp-content\\\/uploads\\\/2022\\\/03\\\/Indoorair2021Halle12-KL-10.jpg\",\"datePublished\":\"2022-03-28T05:30:00+00:00\",\"breadcrumb\":{\"@id\":\"https:\\\/\\\/office-roxx.de\\\/primabueroklima\\\/geringes-infektionsrisiko-beim-besuch-der-indoor-air-2021\\\/#breadcrumb\"},\"inLanguage\":\"de\",\"potentialAction\":[{\"@type\":\"ReadAction\",\"target\":[\"https:\\\/\\\/office-roxx.de\\\/primabueroklima\\\/geringes-infektionsrisiko-beim-besuch-der-indoor-air-2021\\\/\"]}]},{\"@type\":\"ImageObject\",\"inLanguage\":\"de\",\"@id\":\"https:\\\/\\\/office-roxx.de\\\/primabueroklima\\\/geringes-infektionsrisiko-beim-besuch-der-indoor-air-2021\\\/#primaryimage\",\"url\":\"https:\\\/\\\/office-roxx.de\\\/primabueroklima\\\/wp-content\\\/uploads\\\/2022\\\/03\\\/Indoorair2021Halle12-KL-10.jpg\",\"contentUrl\":\"https:\\\/\\\/office-roxx.de\\\/primabueroklima\\\/wp-content\\\/uploads\\\/2022\\\/03\\\/Indoorair2021Halle12-KL-10.jpg\",\"width\":1000,\"height\":667,\"caption\":\"Indoor Air 2021. Abbildung: Messe Frankfurt\"},{\"@type\":\"BreadcrumbList\",\"@id\":\"https:\\\/\\\/office-roxx.de\\\/primabueroklima\\\/geringes-infektionsrisiko-beim-besuch-der-indoor-air-2021\\\/#breadcrumb\",\"itemListElement\":[{\"@type\":\"ListItem\",\"position\":1,\"name\":\"Startseite\",\"item\":\"https:\\\/\\\/office-roxx.de\\\/primabueroklima\\\/\"},{\"@type\":\"ListItem\",\"position\":2,\"name\":\"Geringes Infektionsrisiko beim Besuch der Indoor Air&nbsp;2021\"}]},{\"@type\":\"WebSite\",\"@id\":\"https:\\\/\\\/office-roxx.de\\\/primabueroklima\\\/#website\",\"url\":\"https:\\\/\\\/office-roxx.de\\\/primabueroklima\\\/\",\"name\":\"PRIMAB\u00dcROKLIMA\",\"description\":\"F\u00fcr eine bessere Luftqualit\u00e4t in Office-Umgebungen\",\"publisher\":{\"@id\":\"https:\\\/\\\/office-roxx.de\\\/primabueroklima\\\/#organization\"},\"potentialAction\":[{\"@type\":\"SearchAction\",\"target\":{\"@type\":\"EntryPoint\",\"urlTemplate\":\"https:\\\/\\\/office-roxx.de\\\/primabueroklima\\\/?s={search_term_string}\"},\"query-input\":{\"@type\":\"PropertyValueSpecification\",\"valueRequired\":true,\"valueName\":\"search_term_string\"}}],\"inLanguage\":\"de\"},{\"@type\":\"Organization\",\"@id\":\"https:\\\/\\\/office-roxx.de\\\/primabueroklima\\\/#organization\",\"name\":\"PRIMAB\u00dcROKLIMA\",\"url\":\"https:\\\/\\\/office-roxx.de\\\/primabueroklima\\\/\",\"logo\":{\"@type\":\"ImageObject\",\"inLanguage\":\"de\",\"@id\":\"https:\\\/\\\/office-roxx.de\\\/primabueroklima\\\/#\\\/schema\\\/logo\\\/image\\\/\",\"url\":\"https:\\\/\\\/office-roxx.de\\\/primabueroklima\\\/wp-content\\\/uploads\\\/2020\\\/09\\\/Prima-Klima-Logo_Farbe_beschn.jpg\",\"contentUrl\":\"https:\\\/\\\/office-roxx.de\\\/primabueroklima\\\/wp-content\\\/uploads\\\/2020\\\/09\\\/Prima-Klima-Logo_Farbe_beschn.jpg\",\"width\":1000,\"height\":675,\"caption\":\"PRIMAB\u00dcROKLIMA\"},\"image\":{\"@id\":\"https:\\\/\\\/office-roxx.de\\\/primabueroklima\\\/#\\\/schema\\\/logo\\\/image\\\/\"}},{\"@type\":\"Person\",\"@id\":\"https:\\\/\\\/office-roxx.de\\\/primabueroklima\\\/#\\\/schema\\\/person\\\/aaff4d37a59d78dad48543c1cf5d7b0e\",\"name\":\"Team-PBK\",\"image\":{\"@type\":\"ImageObject\",\"inLanguage\":\"de\",\"@id\":\"https:\\\/\\\/secure.gravatar.com\\\/avatar\\\/e7f38084968dcbb88b923f48395eb5ec7c3ad3102c6db95eccceb504d4317f39?s=96&d=mm&r=g\",\"url\":\"https:\\\/\\\/secure.gravatar.com\\\/avatar\\\/e7f38084968dcbb88b923f48395eb5ec7c3ad3102c6db95eccceb504d4317f39?s=96&d=mm&r=g\",\"contentUrl\":\"https:\\\/\\\/secure.gravatar.com\\\/avatar\\\/e7f38084968dcbb88b923f48395eb5ec7c3ad3102c6db95eccceb504d4317f39?s=96&d=mm&r=g\",\"caption\":\"Team-PBK\"},\"sameAs\":[\"https:\\\/\\\/office-roxx.de\\\/primabueroklima\"],\"url\":\"https:\\\/\\\/office-roxx.de\\\/primabueroklima\\\/author\\\/team-pbk\\\/\"}]}<\/script>\n<!-- \/ Yoast SEO plugin. -->","yoast_head_json":{"title":"Geringes Infektionsrisiko beim Besuch der Indoor Air 2021 - PRIMAB\u00dcROKLIMA","robots":{"index":"index","follow":"follow","max-snippet":"max-snippet:-1","max-image-preview":"max-image-preview:large","max-video-preview":"max-video-preview:-1"},"canonical":"https:\/\/office-roxx.de\/primabueroklima\/geringes-infektionsrisiko-beim-besuch-der-indoor-air-2021\/","og_locale":"de_DE","og_type":"article","og_title":"Geringes Infektionsrisiko beim Besuch der Indoor Air 2021 - PRIMAB\u00dcROKLIMA","og_description":"Anfang Okto\u00adber 2021 hat die Fach\u00admes\u00adse Indoor-Air in Frank\u00adfurt statt\u00adge\u00adfun\u00adden. Nun hat der Fach\u00adver\u00adband Geb\u00e4u\u00adde-Kli\u00adma e. V. (FGK) eine Aus\u00adwer\u00adtung von den Mes\u00adsun\u00adgen und Berech\u00adnun\u00adgen zur Raum\u00adluft\u00adqua\u00adli\u00adt\u00e4t in der Mes\u00adse\u00adhal\u00adle ver\u00f6ffentlicht.","og_url":"https:\/\/office-roxx.de\/primabueroklima\/geringes-infektionsrisiko-beim-besuch-der-indoor-air-2021\/","og_site_name":"PRIMAB\u00dcROKLIMA","article_published_time":"2022-03-28T05:30:00+00:00","og_image":[{"width":1000,"height":667,"url":"http:\/\/h3068839.stratoserver.net\/office-roxx\/primabueroklima\/wp-content\/uploads\/2022\/03\/Indoorair2021Halle12-KL-10.jpg","type":"image\/jpeg"}],"author":"Team-PBK","twitter_card":"summary_large_image","twitter_misc":{"Verfasst von":"Team-PBK","Gesch\u00e4tzte Lesezeit":"2\u00a0Minuten"},"schema":{"@context":"https:\/\/schema.org","@graph":[{"@type":"Article","@id":"https:\/\/office-roxx.de\/primabueroklima\/geringes-infektionsrisiko-beim-besuch-der-indoor-air-2021\/#article","isPartOf":{"@id":"https:\/\/office-roxx.de\/primabueroklima\/geringes-infektionsrisiko-beim-besuch-der-indoor-air-2021\/"},"author":{"name":"Team-PBK","@id":"https:\/\/office-roxx.de\/primabueroklima\/#\/schema\/person\/aaff4d37a59d78dad48543c1cf5d7b0e"},"headline":"Geringes Infektionsrisiko beim Besuch der Indoor Air&nbsp;2021","datePublished":"2022-03-28T05:30:00+00:00","mainEntityOfPage":{"@id":"https:\/\/office-roxx.de\/primabueroklima\/geringes-infektionsrisiko-beim-besuch-der-indoor-air-2021\/"},"wordCount":389,"publisher":{"@id":"https:\/\/office-roxx.de\/primabueroklima\/#organization"},"image":{"@id":"https:\/\/office-roxx.de\/primabueroklima\/geringes-infektionsrisiko-beim-besuch-der-indoor-air-2021\/#primaryimage"},"thumbnailUrl":"https:\/\/office-roxx.de\/primabueroklima\/wp-content\/uploads\/2022\/03\/Indoorair2021Halle12-KL-10.jpg","keywords":["Luftmessung"],"inLanguage":"de"},{"@type":"WebPage","@id":"https:\/\/office-roxx.de\/primabueroklima\/geringes-infektionsrisiko-beim-besuch-der-indoor-air-2021\/","url":"https:\/\/office-roxx.de\/primabueroklima\/geringes-infektionsrisiko-beim-besuch-der-indoor-air-2021\/","name":"Geringes Infektionsrisiko beim Besuch der Indoor Air 2021 - PRIMAB\u00dcROKLIMA","isPartOf":{"@id":"https:\/\/office-roxx.de\/primabueroklima\/#website"},"primaryImageOfPage":{"@id":"https:\/\/office-roxx.de\/primabueroklima\/geringes-infektionsrisiko-beim-besuch-der-indoor-air-2021\/#primaryimage"},"image":{"@id":"https:\/\/office-roxx.de\/primabueroklima\/geringes-infektionsrisiko-beim-besuch-der-indoor-air-2021\/#primaryimage"},"thumbnailUrl":"https:\/\/office-roxx.de\/primabueroklima\/wp-content\/uploads\/2022\/03\/Indoorair2021Halle12-KL-10.jpg","datePublished":"2022-03-28T05:30:00+00:00","breadcrumb":{"@id":"https:\/\/office-roxx.de\/primabueroklima\/geringes-infektionsrisiko-beim-besuch-der-indoor-air-2021\/#breadcrumb"},"inLanguage":"de","potentialAction":[{"@type":"ReadAction","target":["https:\/\/office-roxx.de\/primabueroklima\/geringes-infektionsrisiko-beim-besuch-der-indoor-air-2021\/"]}]},{"@type":"ImageObject","inLanguage":"de","@id":"https:\/\/office-roxx.de\/primabueroklima\/geringes-infektionsrisiko-beim-besuch-der-indoor-air-2021\/#primaryimage","url":"https:\/\/office-roxx.de\/primabueroklima\/wp-content\/uploads\/2022\/03\/Indoorair2021Halle12-KL-10.jpg","contentUrl":"https:\/\/office-roxx.de\/primabueroklima\/wp-content\/uploads\/2022\/03\/Indoorair2021Halle12-KL-10.jpg","width":1000,"height":667,"caption":"Indoor Air 2021. Abbildung: Messe Frankfurt"},{"@type":"BreadcrumbList","@id":"https:\/\/office-roxx.de\/primabueroklima\/geringes-infektionsrisiko-beim-besuch-der-indoor-air-2021\/#breadcrumb","itemListElement":[{"@type":"ListItem","position":1,"name":"Startseite","item":"https:\/\/office-roxx.de\/primabueroklima\/"},{"@type":"ListItem","position":2,"name":"Geringes Infektionsrisiko beim Besuch der Indoor Air&nbsp;2021"}]},{"@type":"WebSite","@id":"https:\/\/office-roxx.de\/primabueroklima\/#website","url":"https:\/\/office-roxx.de\/primabueroklima\/","name":"PRIMAB\u00dcROKLIMA","description":"F\u00fcr eine bessere Luftqualit\u00e4t in Office-Umgebungen","publisher":{"@id":"https:\/\/office-roxx.de\/primabueroklima\/#organization"},"potentialAction":[{"@type":"SearchAction","target":{"@type":"EntryPoint","urlTemplate":"https:\/\/office-roxx.de\/primabueroklima\/?s={search_term_string}"},"query-input":{"@type":"PropertyValueSpecification","valueRequired":true,"valueName":"search_term_string"}}],"inLanguage":"de"},{"@type":"Organization","@id":"https:\/\/office-roxx.de\/primabueroklima\/#organization","name":"PRIMAB\u00dcROKLIMA","url":"https:\/\/office-roxx.de\/primabueroklima\/","logo":{"@type":"ImageObject","inLanguage":"de","@id":"https:\/\/office-roxx.de\/primabueroklima\/#\/schema\/logo\/image\/","url":"https:\/\/office-roxx.de\/primabueroklima\/wp-content\/uploads\/2020\/09\/Prima-Klima-Logo_Farbe_beschn.jpg","contentUrl":"https:\/\/office-roxx.de\/primabueroklima\/wp-content\/uploads\/2020\/09\/Prima-Klima-Logo_Farbe_beschn.jpg","width":1000,"height":675,"caption":"PRIMAB\u00dcROKLIMA"},"image":{"@id":"https:\/\/office-roxx.de\/primabueroklima\/#\/schema\/logo\/image\/"}},{"@type":"Person","@id":"https:\/\/office-roxx.de\/primabueroklima\/#\/schema\/person\/aaff4d37a59d78dad48543c1cf5d7b0e","name":"Team-PBK","image":{"@type":"ImageObject","inLanguage":"de","@id":"https:\/\/secure.gravatar.com\/avatar\/e7f38084968dcbb88b923f48395eb5ec7c3ad3102c6db95eccceb504d4317f39?s=96&d=mm&r=g","url":"https:\/\/secure.gravatar.com\/avatar\/e7f38084968dcbb88b923f48395eb5ec7c3ad3102c6db95eccceb504d4317f39?s=96&d=mm&r=g","contentUrl":"https:\/\/secure.gravatar.com\/avatar\/e7f38084968dcbb88b923f48395eb5ec7c3ad3102c6db95eccceb504d4317f39?s=96&d=mm&r=g","caption":"Team-PBK"},"sameAs":["https:\/\/office-roxx.de\/primabueroklima"],"url":"https:\/\/office-roxx.de\/primabueroklima\/author\/team-pbk\/"}]}},"_links":{"self":[{"href":"https:\/\/office-roxx.de\/primabueroklima\/wp-json\/wp\/v2\/posts\/1314","targetHints":{"allow":["GET"]}}],"collection":[{"href":"https:\/\/office-roxx.de\/primabueroklima\/wp-json\/wp\/v2\/posts"}],"about":[{"href":"https:\/\/office-roxx.de\/primabueroklima\/wp-json\/wp\/v2\/types\/post"}],"author":[{"embeddable":true,"href":"https:\/\/office-roxx.de\/primabueroklima\/wp-json\/wp\/v2\/users\/1"}],"replies":[{"embeddable":true,"href":"https:\/\/office-roxx.de\/primabueroklima\/wp-json\/wp\/v2\/comments?post=1314"}],"version-history":[{"count":8,"href":"https:\/\/office-roxx.de\/primabueroklima\/wp-json\/wp\/v2\/posts\/1314\/revisions"}],"predecessor-version":[{"id":1324,"href":"https:\/\/office-roxx.de\/primabueroklima\/wp-json\/wp\/v2\/posts\/1314\/revisions\/1324"}],"wp:featuredmedia":[{"embeddable":true,"href":"https:\/\/office-roxx.de\/primabueroklima\/wp-json\/wp\/v2\/media\/1316"}],"wp:attachment":[{"href":"https:\/\/office-roxx.de\/primabueroklima\/wp-json\/wp\/v2\/media?parent=1314"}],"wp:term":[{"taxonomy":"category","embeddable":true,"href":"https:\/\/office-roxx.de\/primabueroklima\/wp-json\/wp\/v2\/categories?post=1314"},{"taxonomy":"post_tag","embeddable":true,"href":"https:\/\/office-roxx.de\/primabueroklima\/wp-json\/wp\/v2\/tags?post=1314"}],"curies":[{"name":"wp","href":"https:\/\/api.w.org\/{rel}","templated":true}]}}