{"id":1256,"date":"2022-02-16T07:30:00","date_gmt":"2022-02-16T06:30:00","guid":{"rendered":"https:\/\/office-roxx.de\/primabueroklima\/?p=1256"},"modified":"2022-02-16T12:33:55","modified_gmt":"2022-02-16T11:33:55","slug":"im-gespraech-mit-innenarchitekt-gunter-fleitz","status":"publish","type":"post","link":"https:\/\/office-roxx.de\/primabueroklima\/im-gespraech-mit-innenarchitekt-gunter-fleitz\/","title":{"rendered":"Im Gespr\u00e4ch mit Innenarchitekt Gunter Fleitz"},"content":{"rendered":"<p>Vor den Toren M\u00fcn\u00adchens ent\u00adsteht das Immo\u00adbi\u00adli\u00aden\u00adpro\u00adjekt heads der Rock Capi\u00adtal Group. Innen\u00adar\u00adchi\u00adtek\u00adtur und Design stam\u00admen von der Ippo\u00adli\u00adto Fleitz Group (IFG). Im Fokus der Pla\u00adnung stand neben dem Wohl\u00adbe\u00adfin\u00adden auch ein gesun\u00addes Raumklima.<\/p>\n<p><!--more--><\/p>\n<figure id=\"attachment_1260\" aria-describedby=\"caption-attachment-1260\" style=\"width: 600px\" class=\"wp-caption aligncenter\"><img loading=\"lazy\" decoding=\"async\" class=\"wp-image-1260 ml-lightbox-enabled\" src=\"https:\/\/office-roxx.de\/primabueroklima\/wp-content\/uploads\/2022\/02\/Gunter-Fleitz-Ippolito-Fleitz-Group.jpg\" alt=\"Gunter Fleitz, Architekt, Gr\u00fcnder und Gesch\u00e4ftsf\u00fchrer, Ippolito Fleitz Group. Abbildung IFG\" width=\"600\" height=\"399\" srcset=\"https:\/\/office-roxx.de\/primabueroklima\/wp-content\/uploads\/2022\/02\/Gunter-Fleitz-Ippolito-Fleitz-Group.jpg 1000w, https:\/\/office-roxx.de\/primabueroklima\/wp-content\/uploads\/2022\/02\/Gunter-Fleitz-Ippolito-Fleitz-Group-300x200.jpg 300w, https:\/\/office-roxx.de\/primabueroklima\/wp-content\/uploads\/2022\/02\/Gunter-Fleitz-Ippolito-Fleitz-Group-768x511.jpg 768w\" sizes=\"auto, (max-width: 600px) 100vw, 600px\"><figcaption id=\"caption-attachment-1260\" class=\"wp-caption-text\">Gun\u00adter Fleitz, Archi\u00adtekt, Gr\u00fcn\u00adder und Gesch\u00e4fts\u00adf\u00fch\u00adrer, Ippo\u00adli\u00adto Fleitz Group. Abbil\u00addung&nbsp;IFG<\/figcaption><\/figure>\n<p>In dem \u00fcber 40.000 m2 gro\u00ad\u00dfen Neu\u00adbau sol\u00adlen sich Besch\u00e4f\u00adtig\u00adte wohl\u00adf\u00fch\u00adlen, Job und Leben mit\u00adein\u00adan\u00adder ver\u00adbin\u00adden. F\u00fcr den Archi\u00adtek\u00adten und Mit\u00adgr\u00fcn\u00adder der Ippo\u00adli\u00adto Fleitz Group soll es ein B\u00fcro sein, das Hei\u00admat\u00adge\u00adf\u00fch\u00adle weckt. Auch die Raum\u00adluft\u00adqua\u00adli\u00adt\u00e4t spielt im \u201eImmu\u00adne Office\u201c eine gro\u00ad\u00dfe&nbsp;Rolle.<\/p>\n<p>Das voll\u00adst\u00e4n\u00addi\u00adge Inter\u00adview mit Gun\u00adter Fleitz ist auf <a href=\"https:\/\/office-roxx.de\/2022\/02\/14\/ein-buero-das-heimatgefuehle-weckt\/\" target=\"_blank\" rel=\"noopener\">OFFICE-ROXX.de<\/a> nachzulesen.<\/p>\n","protected":false},"excerpt":{"rendered":"<p>Vor den Toren M\u00fcn\u00adchens ent\u00adsteht das Immo\u00adbi\u00adli\u00aden\u00adpro\u00adjekt heads der Rock Capi\u00adtal Group. Innen\u00adar\u00adchi\u00adtek\u00adtur und Design stam\u00admen von der Ippo\u00adli\u00adto Fleitz Group (IFG). Im Fokus der Pla\u00adnung stand neben dem Wohl\u00adbe\u00adfin\u00adden auch ein gesun\u00addes Raumklima.<\/p>\n","protected":false},"author":1,"featured_media":1260,"comment_status":"closed","ping_status":"closed","sticky":false,"template":"","format":"standard","meta":{"wp_typography_post_enhancements_disabled":false,"footnotes":""},"categories":[1],"tags":[],"class_list":["post-1256","post","type-post","status-publish","format-standard","has-post-thumbnail","hentry","category-allgemein"],"yoast_head":"<!-- This site is optimized with the Yoast SEO plugin v27.3 - https:\/\/yoast.com\/product\/yoast-seo-wordpress\/ -->\n<title>Im Gespr\u00e4ch mit Innenarchitekt Gunter Fleitz - PRIMAB\u00dcROKLIMA<\/title>\n<meta name=\"description\" content=\"Vor den Toren M\u00fcnchens entsteht das Immobilienprojekt \u201eheads\u201c der Rock Capital Group. Die Innenarchitektur stammt von der Ippolito Fleitz Group (IFG).\" \/>\n<meta name=\"robots\" content=\"index, follow, max-snippet:-1, max-image-preview:large, max-video-preview:-1\" \/>\n<link rel=\"canonical\" href=\"https:\/\/office-roxx.de\/primabueroklima\/im-gespraech-mit-innenarchitekt-gunter-fleitz\/\" \/>\n<meta property=\"og:locale\" content=\"de_DE\" \/>\n<meta property=\"og:type\" content=\"article\" \/>\n<meta property=\"og:title\" content=\"Im Gespr\u00e4ch mit Innenarchitekt Gunter Fleitz - PRIMAB\u00dcROKLIMA\" \/>\n<meta property=\"og:description\" content=\"Vor den Toren M\u00fcnchens entsteht das Immobilienprojekt \u201eheads\u201c der Rock Capital Group. Die Innenarchitektur stammt von der Ippolito Fleitz Group (IFG).\" \/>\n<meta property=\"og:url\" content=\"https:\/\/office-roxx.de\/primabueroklima\/im-gespraech-mit-innenarchitekt-gunter-fleitz\/\" \/>\n<meta property=\"og:site_name\" content=\"PRIMAB\u00dcROKLIMA\" \/>\n<meta property=\"article:published_time\" content=\"2022-02-16T06:30:00+00:00\" \/>\n<meta property=\"article:modified_time\" content=\"2022-02-16T11:33:55+00:00\" \/>\n<meta property=\"og:image\" content=\"http:\/\/h3068839.stratoserver.net\/office-roxx\/primabueroklima\/wp-content\/uploads\/2022\/02\/Gunter-Fleitz-Ippolito-Fleitz-Group.jpg\" \/>\n\t<meta property=\"og:image:width\" content=\"1000\" \/>\n\t<meta property=\"og:image:height\" content=\"665\" \/>\n\t<meta property=\"og:image:type\" content=\"image\/jpeg\" \/>\n<meta name=\"author\" content=\"Team-PBK\" \/>\n<meta name=\"twitter:card\" content=\"summary_large_image\" \/>\n<meta name=\"twitter:label1\" content=\"Verfasst von\" \/>\n\t<meta name=\"twitter:data1\" content=\"Team-PBK\" \/>\n\t<meta name=\"twitter:label2\" content=\"Gesch\u00e4tzte Lesezeit\" \/>\n\t<meta name=\"twitter:data2\" content=\"1\u00a0Minute\" \/>\n<script type=\"application\/ld+json\" class=\"yoast-schema-graph\">{\"@context\":\"https:\\\/\\\/schema.org\",\"@graph\":[{\"@type\":\"Article\",\"@id\":\"https:\\\/\\\/office-roxx.de\\\/primabueroklima\\\/im-gespraech-mit-innenarchitekt-gunter-fleitz\\\/#article\",\"isPartOf\":{\"@id\":\"https:\\\/\\\/office-roxx.de\\\/primabueroklima\\\/im-gespraech-mit-innenarchitekt-gunter-fleitz\\\/\"},\"author\":{\"name\":\"Team-PBK\",\"@id\":\"https:\\\/\\\/office-roxx.de\\\/primabueroklima\\\/#\\\/schema\\\/person\\\/aaff4d37a59d78dad48543c1cf5d7b0e\"},\"headline\":\"Im Gespr\u00e4ch mit Innenarchitekt Gunter Fleitz\",\"datePublished\":\"2022-02-16T06:30:00+00:00\",\"dateModified\":\"2022-02-16T11:33:55+00:00\",\"mainEntityOfPage\":{\"@id\":\"https:\\\/\\\/office-roxx.de\\\/primabueroklima\\\/im-gespraech-mit-innenarchitekt-gunter-fleitz\\\/\"},\"wordCount\":126,\"publisher\":{\"@id\":\"https:\\\/\\\/office-roxx.de\\\/primabueroklima\\\/#organization\"},\"image\":{\"@id\":\"https:\\\/\\\/office-roxx.de\\\/primabueroklima\\\/im-gespraech-mit-innenarchitekt-gunter-fleitz\\\/#primaryimage\"},\"thumbnailUrl\":\"https:\\\/\\\/office-roxx.de\\\/primabueroklima\\\/wp-content\\\/uploads\\\/2022\\\/02\\\/Gunter-Fleitz-Ippolito-Fleitz-Group.jpg\",\"inLanguage\":\"de\"},{\"@type\":\"WebPage\",\"@id\":\"https:\\\/\\\/office-roxx.de\\\/primabueroklima\\\/im-gespraech-mit-innenarchitekt-gunter-fleitz\\\/\",\"url\":\"https:\\\/\\\/office-roxx.de\\\/primabueroklima\\\/im-gespraech-mit-innenarchitekt-gunter-fleitz\\\/\",\"name\":\"Im Gespr\u00e4ch mit Innenarchitekt Gunter Fleitz - PRIMAB\u00dcROKLIMA\",\"isPartOf\":{\"@id\":\"https:\\\/\\\/office-roxx.de\\\/primabueroklima\\\/#website\"},\"primaryImageOfPage\":{\"@id\":\"https:\\\/\\\/office-roxx.de\\\/primabueroklima\\\/im-gespraech-mit-innenarchitekt-gunter-fleitz\\\/#primaryimage\"},\"image\":{\"@id\":\"https:\\\/\\\/office-roxx.de\\\/primabueroklima\\\/im-gespraech-mit-innenarchitekt-gunter-fleitz\\\/#primaryimage\"},\"thumbnailUrl\":\"https:\\\/\\\/office-roxx.de\\\/primabueroklima\\\/wp-content\\\/uploads\\\/2022\\\/02\\\/Gunter-Fleitz-Ippolito-Fleitz-Group.jpg\",\"datePublished\":\"2022-02-16T06:30:00+00:00\",\"dateModified\":\"2022-02-16T11:33:55+00:00\",\"description\":\"Vor den Toren M\u00fcnchens entsteht das Immobilienprojekt \u201eheads\u201c der Rock Capital Group. Die Innenarchitektur stammt von der Ippolito Fleitz Group (IFG).\",\"breadcrumb\":{\"@id\":\"https:\\\/\\\/office-roxx.de\\\/primabueroklima\\\/im-gespraech-mit-innenarchitekt-gunter-fleitz\\\/#breadcrumb\"},\"inLanguage\":\"de\",\"potentialAction\":[{\"@type\":\"ReadAction\",\"target\":[\"https:\\\/\\\/office-roxx.de\\\/primabueroklima\\\/im-gespraech-mit-innenarchitekt-gunter-fleitz\\\/\"]}]},{\"@type\":\"ImageObject\",\"inLanguage\":\"de\",\"@id\":\"https:\\\/\\\/office-roxx.de\\\/primabueroklima\\\/im-gespraech-mit-innenarchitekt-gunter-fleitz\\\/#primaryimage\",\"url\":\"https:\\\/\\\/office-roxx.de\\\/primabueroklima\\\/wp-content\\\/uploads\\\/2022\\\/02\\\/Gunter-Fleitz-Ippolito-Fleitz-Group.jpg\",\"contentUrl\":\"https:\\\/\\\/office-roxx.de\\\/primabueroklima\\\/wp-content\\\/uploads\\\/2022\\\/02\\\/Gunter-Fleitz-Ippolito-Fleitz-Group.jpg\",\"width\":1000,\"height\":665,\"caption\":\"Gunter Fleitz, Architekt, Gr\u00fcnder und Gesch\u00e4ftsf\u00fchrer, Ippolito Fleitz Group. Abbildung IFG\"},{\"@type\":\"BreadcrumbList\",\"@id\":\"https:\\\/\\\/office-roxx.de\\\/primabueroklima\\\/im-gespraech-mit-innenarchitekt-gunter-fleitz\\\/#breadcrumb\",\"itemListElement\":[{\"@type\":\"ListItem\",\"position\":1,\"name\":\"Startseite\",\"item\":\"https:\\\/\\\/office-roxx.de\\\/primabueroklima\\\/\"},{\"@type\":\"ListItem\",\"position\":2,\"name\":\"Im Gespr\u00e4ch mit Innenarchitekt Gunter Fleitz\"}]},{\"@type\":\"WebSite\",\"@id\":\"https:\\\/\\\/office-roxx.de\\\/primabueroklima\\\/#website\",\"url\":\"https:\\\/\\\/office-roxx.de\\\/primabueroklima\\\/\",\"name\":\"PRIMAB\u00dcROKLIMA\",\"description\":\"F\u00fcr eine bessere Luftqualit\u00e4t in Office-Umgebungen\",\"publisher\":{\"@id\":\"https:\\\/\\\/office-roxx.de\\\/primabueroklima\\\/#organization\"},\"potentialAction\":[{\"@type\":\"SearchAction\",\"target\":{\"@type\":\"EntryPoint\",\"urlTemplate\":\"https:\\\/\\\/office-roxx.de\\\/primabueroklima\\\/?s={search_term_string}\"},\"query-input\":{\"@type\":\"PropertyValueSpecification\",\"valueRequired\":true,\"valueName\":\"search_term_string\"}}],\"inLanguage\":\"de\"},{\"@type\":\"Organization\",\"@id\":\"https:\\\/\\\/office-roxx.de\\\/primabueroklima\\\/#organization\",\"name\":\"PRIMAB\u00dcROKLIMA\",\"url\":\"https:\\\/\\\/office-roxx.de\\\/primabueroklima\\\/\",\"logo\":{\"@type\":\"ImageObject\",\"inLanguage\":\"de\",\"@id\":\"https:\\\/\\\/office-roxx.de\\\/primabueroklima\\\/#\\\/schema\\\/logo\\\/image\\\/\",\"url\":\"https:\\\/\\\/office-roxx.de\\\/primabueroklima\\\/wp-content\\\/uploads\\\/2020\\\/09\\\/Prima-Klima-Logo_Farbe_beschn.jpg\",\"contentUrl\":\"https:\\\/\\\/office-roxx.de\\\/primabueroklima\\\/wp-content\\\/uploads\\\/2020\\\/09\\\/Prima-Klima-Logo_Farbe_beschn.jpg\",\"width\":1000,\"height\":675,\"caption\":\"PRIMAB\u00dcROKLIMA\"},\"image\":{\"@id\":\"https:\\\/\\\/office-roxx.de\\\/primabueroklima\\\/#\\\/schema\\\/logo\\\/image\\\/\"}},{\"@type\":\"Person\",\"@id\":\"https:\\\/\\\/office-roxx.de\\\/primabueroklima\\\/#\\\/schema\\\/person\\\/aaff4d37a59d78dad48543c1cf5d7b0e\",\"name\":\"Team-PBK\",\"image\":{\"@type\":\"ImageObject\",\"inLanguage\":\"de\",\"@id\":\"https:\\\/\\\/secure.gravatar.com\\\/avatar\\\/e7f38084968dcbb88b923f48395eb5ec7c3ad3102c6db95eccceb504d4317f39?s=96&d=mm&r=g\",\"url\":\"https:\\\/\\\/secure.gravatar.com\\\/avatar\\\/e7f38084968dcbb88b923f48395eb5ec7c3ad3102c6db95eccceb504d4317f39?s=96&d=mm&r=g\",\"contentUrl\":\"https:\\\/\\\/secure.gravatar.com\\\/avatar\\\/e7f38084968dcbb88b923f48395eb5ec7c3ad3102c6db95eccceb504d4317f39?s=96&d=mm&r=g\",\"caption\":\"Team-PBK\"},\"sameAs\":[\"https:\\\/\\\/office-roxx.de\\\/primabueroklima\"],\"url\":\"https:\\\/\\\/office-roxx.de\\\/primabueroklima\\\/author\\\/team-pbk\\\/\"}]}<\/script>\n<!-- \/ Yoast SEO plugin. -->","yoast_head_json":{"title":"Im Gespr\u00e4ch mit Innenarchitekt Gunter Fleitz - PRIMAB\u00dcROKLIMA","description":"Vor den Toren M\u00fcnchens entsteht das Immobilienprojekt \u201eheads\u201c der Rock Capital Group. Die Innenarchitektur stammt von der Ippolito Fleitz Group (IFG).","robots":{"index":"index","follow":"follow","max-snippet":"max-snippet:-1","max-image-preview":"max-image-preview:large","max-video-preview":"max-video-preview:-1"},"canonical":"https:\/\/office-roxx.de\/primabueroklima\/im-gespraech-mit-innenarchitekt-gunter-fleitz\/","og_locale":"de_DE","og_type":"article","og_title":"Im Gespr\u00e4ch mit Innenarchitekt Gunter Fleitz - PRIMAB\u00dcROKLIMA","og_description":"Vor den Toren M\u00fcnchens entsteht das Immobilienprojekt \u201eheads\u201c der Rock Capital Group. Die Innenarchitektur stammt von der Ippolito Fleitz Group (IFG).","og_url":"https:\/\/office-roxx.de\/primabueroklima\/im-gespraech-mit-innenarchitekt-gunter-fleitz\/","og_site_name":"PRIMAB\u00dcROKLIMA","article_published_time":"2022-02-16T06:30:00+00:00","article_modified_time":"2022-02-16T11:33:55+00:00","og_image":[{"width":1000,"height":665,"url":"http:\/\/h3068839.stratoserver.net\/office-roxx\/primabueroklima\/wp-content\/uploads\/2022\/02\/Gunter-Fleitz-Ippolito-Fleitz-Group.jpg","type":"image\/jpeg"}],"author":"Team-PBK","twitter_card":"summary_large_image","twitter_misc":{"Verfasst von":"Team-PBK","Gesch\u00e4tzte Lesezeit":"1\u00a0Minute"},"schema":{"@context":"https:\/\/schema.org","@graph":[{"@type":"Article","@id":"https:\/\/office-roxx.de\/primabueroklima\/im-gespraech-mit-innenarchitekt-gunter-fleitz\/#article","isPartOf":{"@id":"https:\/\/office-roxx.de\/primabueroklima\/im-gespraech-mit-innenarchitekt-gunter-fleitz\/"},"author":{"name":"Team-PBK","@id":"https:\/\/office-roxx.de\/primabueroklima\/#\/schema\/person\/aaff4d37a59d78dad48543c1cf5d7b0e"},"headline":"Im Gespr\u00e4ch mit Innenarchitekt Gunter Fleitz","datePublished":"2022-02-16T06:30:00+00:00","dateModified":"2022-02-16T11:33:55+00:00","mainEntityOfPage":{"@id":"https:\/\/office-roxx.de\/primabueroklima\/im-gespraech-mit-innenarchitekt-gunter-fleitz\/"},"wordCount":126,"publisher":{"@id":"https:\/\/office-roxx.de\/primabueroklima\/#organization"},"image":{"@id":"https:\/\/office-roxx.de\/primabueroklima\/im-gespraech-mit-innenarchitekt-gunter-fleitz\/#primaryimage"},"thumbnailUrl":"https:\/\/office-roxx.de\/primabueroklima\/wp-content\/uploads\/2022\/02\/Gunter-Fleitz-Ippolito-Fleitz-Group.jpg","inLanguage":"de"},{"@type":"WebPage","@id":"https:\/\/office-roxx.de\/primabueroklima\/im-gespraech-mit-innenarchitekt-gunter-fleitz\/","url":"https:\/\/office-roxx.de\/primabueroklima\/im-gespraech-mit-innenarchitekt-gunter-fleitz\/","name":"Im Gespr\u00e4ch mit Innenarchitekt Gunter Fleitz - PRIMAB\u00dcROKLIMA","isPartOf":{"@id":"https:\/\/office-roxx.de\/primabueroklima\/#website"},"primaryImageOfPage":{"@id":"https:\/\/office-roxx.de\/primabueroklima\/im-gespraech-mit-innenarchitekt-gunter-fleitz\/#primaryimage"},"image":{"@id":"https:\/\/office-roxx.de\/primabueroklima\/im-gespraech-mit-innenarchitekt-gunter-fleitz\/#primaryimage"},"thumbnailUrl":"https:\/\/office-roxx.de\/primabueroklima\/wp-content\/uploads\/2022\/02\/Gunter-Fleitz-Ippolito-Fleitz-Group.jpg","datePublished":"2022-02-16T06:30:00+00:00","dateModified":"2022-02-16T11:33:55+00:00","description":"Vor den Toren M\u00fcnchens entsteht das Immobilienprojekt \u201eheads\u201c der Rock Capital Group. Die Innenarchitektur stammt von der Ippolito Fleitz Group (IFG).","breadcrumb":{"@id":"https:\/\/office-roxx.de\/primabueroklima\/im-gespraech-mit-innenarchitekt-gunter-fleitz\/#breadcrumb"},"inLanguage":"de","potentialAction":[{"@type":"ReadAction","target":["https:\/\/office-roxx.de\/primabueroklima\/im-gespraech-mit-innenarchitekt-gunter-fleitz\/"]}]},{"@type":"ImageObject","inLanguage":"de","@id":"https:\/\/office-roxx.de\/primabueroklima\/im-gespraech-mit-innenarchitekt-gunter-fleitz\/#primaryimage","url":"https:\/\/office-roxx.de\/primabueroklima\/wp-content\/uploads\/2022\/02\/Gunter-Fleitz-Ippolito-Fleitz-Group.jpg","contentUrl":"https:\/\/office-roxx.de\/primabueroklima\/wp-content\/uploads\/2022\/02\/Gunter-Fleitz-Ippolito-Fleitz-Group.jpg","width":1000,"height":665,"caption":"Gunter Fleitz, Architekt, Gr\u00fcnder und Gesch\u00e4ftsf\u00fchrer, Ippolito Fleitz Group. Abbildung IFG"},{"@type":"BreadcrumbList","@id":"https:\/\/office-roxx.de\/primabueroklima\/im-gespraech-mit-innenarchitekt-gunter-fleitz\/#breadcrumb","itemListElement":[{"@type":"ListItem","position":1,"name":"Startseite","item":"https:\/\/office-roxx.de\/primabueroklima\/"},{"@type":"ListItem","position":2,"name":"Im Gespr\u00e4ch mit Innenarchitekt Gunter Fleitz"}]},{"@type":"WebSite","@id":"https:\/\/office-roxx.de\/primabueroklima\/#website","url":"https:\/\/office-roxx.de\/primabueroklima\/","name":"PRIMAB\u00dcROKLIMA","description":"F\u00fcr eine bessere Luftqualit\u00e4t in Office-Umgebungen","publisher":{"@id":"https:\/\/office-roxx.de\/primabueroklima\/#organization"},"potentialAction":[{"@type":"SearchAction","target":{"@type":"EntryPoint","urlTemplate":"https:\/\/office-roxx.de\/primabueroklima\/?s={search_term_string}"},"query-input":{"@type":"PropertyValueSpecification","valueRequired":true,"valueName":"search_term_string"}}],"inLanguage":"de"},{"@type":"Organization","@id":"https:\/\/office-roxx.de\/primabueroklima\/#organization","name":"PRIMAB\u00dcROKLIMA","url":"https:\/\/office-roxx.de\/primabueroklima\/","logo":{"@type":"ImageObject","inLanguage":"de","@id":"https:\/\/office-roxx.de\/primabueroklima\/#\/schema\/logo\/image\/","url":"https:\/\/office-roxx.de\/primabueroklima\/wp-content\/uploads\/2020\/09\/Prima-Klima-Logo_Farbe_beschn.jpg","contentUrl":"https:\/\/office-roxx.de\/primabueroklima\/wp-content\/uploads\/2020\/09\/Prima-Klima-Logo_Farbe_beschn.jpg","width":1000,"height":675,"caption":"PRIMAB\u00dcROKLIMA"},"image":{"@id":"https:\/\/office-roxx.de\/primabueroklima\/#\/schema\/logo\/image\/"}},{"@type":"Person","@id":"https:\/\/office-roxx.de\/primabueroklima\/#\/schema\/person\/aaff4d37a59d78dad48543c1cf5d7b0e","name":"Team-PBK","image":{"@type":"ImageObject","inLanguage":"de","@id":"https:\/\/secure.gravatar.com\/avatar\/e7f38084968dcbb88b923f48395eb5ec7c3ad3102c6db95eccceb504d4317f39?s=96&d=mm&r=g","url":"https:\/\/secure.gravatar.com\/avatar\/e7f38084968dcbb88b923f48395eb5ec7c3ad3102c6db95eccceb504d4317f39?s=96&d=mm&r=g","contentUrl":"https:\/\/secure.gravatar.com\/avatar\/e7f38084968dcbb88b923f48395eb5ec7c3ad3102c6db95eccceb504d4317f39?s=96&d=mm&r=g","caption":"Team-PBK"},"sameAs":["https:\/\/office-roxx.de\/primabueroklima"],"url":"https:\/\/office-roxx.de\/primabueroklima\/author\/team-pbk\/"}]}},"_links":{"self":[{"href":"https:\/\/office-roxx.de\/primabueroklima\/wp-json\/wp\/v2\/posts\/1256","targetHints":{"allow":["GET"]}}],"collection":[{"href":"https:\/\/office-roxx.de\/primabueroklima\/wp-json\/wp\/v2\/posts"}],"about":[{"href":"https:\/\/office-roxx.de\/primabueroklima\/wp-json\/wp\/v2\/types\/post"}],"author":[{"embeddable":true,"href":"https:\/\/office-roxx.de\/primabueroklima\/wp-json\/wp\/v2\/users\/1"}],"replies":[{"embeddable":true,"href":"https:\/\/office-roxx.de\/primabueroklima\/wp-json\/wp\/v2\/comments?post=1256"}],"version-history":[{"count":10,"href":"https:\/\/office-roxx.de\/primabueroklima\/wp-json\/wp\/v2\/posts\/1256\/revisions"}],"predecessor-version":[{"id":1274,"href":"https:\/\/office-roxx.de\/primabueroklima\/wp-json\/wp\/v2\/posts\/1256\/revisions\/1274"}],"wp:featuredmedia":[{"embeddable":true,"href":"https:\/\/office-roxx.de\/primabueroklima\/wp-json\/wp\/v2\/media\/1260"}],"wp:attachment":[{"href":"https:\/\/office-roxx.de\/primabueroklima\/wp-json\/wp\/v2\/media?parent=1256"}],"wp:term":[{"taxonomy":"category","embeddable":true,"href":"https:\/\/office-roxx.de\/primabueroklima\/wp-json\/wp\/v2\/categories?post=1256"},{"taxonomy":"post_tag","embeddable":true,"href":"https:\/\/office-roxx.de\/primabueroklima\/wp-json\/wp\/v2\/tags?post=1256"}],"curies":[{"name":"wp","href":"https:\/\/api.w.org\/{rel}","templated":true}]}}