{"id":1098,"date":"2021-09-28T07:30:00","date_gmt":"2021-09-28T05:30:00","guid":{"rendered":"https:\/\/office-roxx.de\/primabueroklima\/?p=1098"},"modified":"2024-10-31T15:39:30","modified_gmt":"2024-10-31T14:39:30","slug":"viel-luft-nach-oben-die-ergebnisse-der-leserumfrage-prima-bueroklima-2021","status":"publish","type":"post","link":"https:\/\/office-roxx.de\/primabueroklima\/viel-luft-nach-oben-die-ergebnisse-der-leserumfrage-prima-bueroklima-2021\/","title":{"rendered":"Viel Luft nach oben: Die Ergebnisse der Leserumfrage \u201ePrima-B\u00fcroklima 2021\u201c"},"content":{"rendered":"<p>Wie ist es um das Raum\u00adkli\u00adma in Office-Umge\u00adbun\u00adgen bestellt? Das woll\u00adten wir von der Leser\u00adschaft des Blogs OFFICE ROXX wis\u00adsen. In unse\u00adrem Auf\u00adtrag wur\u00adde dort vom 1. bis 14. Sep\u00adtem\u00adber 2021 eine Umfra\u00adge durch\u00adge\u00adf\u00fchrt. Die Ergeb\u00adnis\u00adse sind zum Teil alarmierend.<\/p>\n<p><!--more--><\/p>\n<p><img loading=\"lazy\" decoding=\"async\" class=\"aligncenter wp-image-1084\" src=\"https:\/\/office-roxx.de\/primabueroklima\/wp-content\/uploads\/2021\/09\/OR-Leserumfrage-PrimaBueroKlima.jpg\" alt=\"OFFICE-ROXX-Leserumfrage \u201ePrima B\u00fcroklima 2021\u201c\" width=\"600\" height=\"424\" srcset=\"https:\/\/office-roxx.de\/primabueroklima\/wp-content\/uploads\/2021\/09\/OR-Leserumfrage-PrimaBueroKlima.jpg 736w, https:\/\/office-roxx.de\/primabueroklima\/wp-content\/uploads\/2021\/09\/OR-Leserumfrage-PrimaBueroKlima-300x212.jpg 300w\" sizes=\"auto, (max-width: 600px) 100vw, 600px\"><\/p>\n<p>Unse\u00adre <a href=\"https:\/\/office-roxx.de\/2021\/09\/28\/viel-luft-nach-oben-ergebnisse-der-office-roxx-leserumfrage-prima-bueroklima-2021\/\" target=\"_blank\" rel=\"noopener\">Leser\u00adum\u00adfra\u00adge \u201ePri\u00adma B\u00fcro\u00adkli\u00adma 2021\u201c<\/a> bestand im Wesent\u00adli\u00adchen aus 15 Fra\u00adgen. Wir woll\u00adten vor allem wis\u00adsen, wie es um die Zufrie\u00adden\u00adheit mit dem Raum\u00adkli\u00adma in Fir\u00admen\u00adb\u00fc\u00adro und Home\u00adof\u00adfice bestellt ist, was zu des\u00adsen Ver\u00adbes\u00adse\u00adrung getan wird und viel\u00adleicht noch unter\u00adnom\u00admen wer\u00adden soll\u00adte. Teil\u00adge\u00adnom\u00admen haben 512 Office-Worker aus Deutsch\u00adland. Auf\u00adgrund ihrer Daten l\u00e4sst sich nun ein rea\u00adlis\u00adti\u00adsches Bild von der Situa\u00adti\u00adon in Deutsch\u00adland zeichnen.<\/p>\n<h2>Gro\u00dfe Probleme mit dem Raumklima<\/h2>\n<p>Die Befrag\u00adten soll\u00adten dem Raum\u00adkli\u00adma im jewei\u00adli\u00adgen Fir\u00admen\u00adb\u00fc\u00adro zun\u00e4chst eine Schul\u00adno\u00adte geben. Im Schnitt kam dabei eine 3,1 her\u00adaus. Das ent\u00adspricht ledig\u00adlich einem \u201ebefrie\u00addi\u00adgend\u201c. Ein \u201esehr gut\u201c (1) wur\u00adde nur von sie\u00adben Pro\u00adzent ver\u00adge\u00adben. Elf Pro\u00adzent mach\u00adten ihr Kreuz bei \u201eman\u00adgel\u00adhaft\u201c (5) oder \u201eunge\u00adn\u00fc\u00adgend\u201c (6). Hier gibt es also noch sehr viel Luft nach oben. Nicht weni\u00adger ernst ist der Umstand, dass 44 Pro\u00adzent die Gefahr einer Anste\u00adckung mit dem Coro\u00adna-Virus im Busi\u00adness-Office als \u201ehoch\u201c oder \u201esehr hoch\u201c ein\u00adsch\u00e4tz\u00adten. Nur 25 Pro\u00adzent betrach\u00adte\u00adte sie als \u201egering\u201c.<\/p>\n<p><img loading=\"lazy\" decoding=\"async\" class=\"aligncenter wp-image-1115 ml-lightbox-enabled\" src=\"https:\/\/office-roxx.de\/primabueroklima\/wp-content\/uploads\/2021\/09\/Grafik_Schulnoten.png\" alt=\"Ein \u201esehr gut\u201c (1) wurde nur von sieben Prozent vergeben. Elf Prozent machten ihr Kreuz bei \u201emangelhaft\u201c (5) oder \u201eungen\u00fcgend\u201c (6). Hier gibt es also noch sehr viel Luft nach oben. Quelle: Initiative Prima B\u00fcroklima, September 2021\" width=\"755\" height=\"400\" srcset=\"https:\/\/office-roxx.de\/primabueroklima\/wp-content\/uploads\/2021\/09\/Grafik_Schulnoten.png 1000w, https:\/\/office-roxx.de\/primabueroklima\/wp-content\/uploads\/2021\/09\/Grafik_Schulnoten-300x159.png 300w, https:\/\/office-roxx.de\/primabueroklima\/wp-content\/uploads\/2021\/09\/Grafik_Schulnoten-768x407.png 768w\" sizes=\"auto, (max-width: 755px) 100vw, 755px\"><\/p>\n<p>Sogar etwas erschre\u00adckend waren die Ant\u00adwor\u00adten auf die Fra\u00adge, ob gele\u00adgent\u00adlich unter Sym\u00adpto\u00admen gelit\u00adten wird, die auf ein schlech\u00adtes Raum\u00adkli\u00adma am B\u00fcro\u00adar\u00adbeits\u00adplatz zur\u00fcck\u00adge\u00adf\u00fchrt wer\u00adden k\u00f6n\u00adnen. 46 Pro\u00adzent klag\u00adten in die\u00adsem Zusam\u00admen\u00adhang \u00fcber tro\u00adcke\u00adne Augen, 15 Pro\u00adzent \u00fcber tro\u00adcke\u00adne Schleim\u00adh\u00e4u\u00adte und zehn Pro\u00adzent \u00fcber tro\u00adcke\u00adne Haut. Neun Pro\u00adzent brach\u00adten M\u00fcdig\u00adkeit und acht Pro\u00adzent Stimm\u00adpro\u00adble\u00adme in Zusam\u00admen\u00adhang mit dem Raum\u00adkli\u00adma. Nur zw\u00f6lf Pro\u00adzent f\u00fchl\u00adten sich nicht ent\u00adspre\u00adchend von die\u00adsem beein\u00adtr\u00e4ch\u00adtigt. \u201eDass fast jeder zwei\u00adte Befrag\u00adte im B\u00fcro \u00fcber zu tro\u00adcke\u00adne Augen klagt, mag eine gute Nach\u00adricht f\u00fcr Augen\u00adtrop\u00adfen-Her\u00adstel\u00adler sein. Die\u00adser Befund ist jedoch wirk\u00adlich alar\u00admie\u00adrend. Hier soll\u00adte drin\u00adgend auf eine Min\u00addest\u00adluft\u00adfeuch\u00adte von 40 Pro\u00adzent geach\u00adtet wer\u00adden. Luft\u00adbe\u00adfeuch\u00adter und Gr\u00fcn\u00adpflan\u00adzen unter\u00adst\u00fct\u00adzen dabei, die\u00adse zu errei\u00adchen\u201c, kom\u00admen\u00adtiert Dr. Robert Neh\u00adring, Spre\u00adcher der Akti\u00adon PrimaB\u00fcroKlima.<\/p>\n<p>Mit wel\u00adchen raum\u00adkli\u00adma\u00adti\u00adschen Fak\u00adto\u00adren gibt es Pro\u00adble\u00adme am jewei\u00adli\u00adgen B\u00fcro\u00adar\u00adbeits\u00adplatz? Bei die\u00adser Fra\u00adge wur\u00adde von 30 Pro\u00adzent die Luft\u00adtem\u00adpe\u00adra\u00adtur genannt. 20 Pro\u00adzent haben Pro\u00adble\u00adme mit der Luft\u00adge\u00adschwin\u00addig\u00adkeit, etwa wenn es \u201ezieht\u201c. 17 Pro\u00adzent bem\u00e4n\u00adgeln die Luft\u00adfeuch\u00adte und zw\u00f6lf Pro\u00adzent zu wenig Frisch\u00adluft. Sechs Pro\u00adzent klag\u00adten \u00fcber Ger\u00fc\u00adche. 17 Pro\u00adzent haben kei\u00adne ent\u00adspre\u00adchen\u00adden Probleme.<\/p>\n<h2>Welche Hilfsmittel sind f\u00fcr das Raumklima im Einsatz?<\/h2>\n<p>Bei zw\u00f6lf Pro\u00adzent der Befrag\u00adten wer\u00adden im B\u00fcro sepa\u00adra\u00adte Luft\u00adrei\u00adni\u00adger genutzt. Der Ein\u00adsatz die\u00adser Ger\u00e4\u00adte wird von 33 Pro\u00adzent als ange\u00adnehm und von nur drei Pro\u00adzent als st\u00f6\u00adrend emp\u00adfun\u00adden. Ein CO2-Moni\u00adto\u00adring nut\u00adzen neun Pro\u00adzent, 65 Pro\u00adzent ver\u00adf\u00fc\u00adgen \u00fcber kein Mess\u00adin\u00adstru\u00adment f\u00fcr Kohlendioxid.<\/p>\n<figure id=\"attachment_1104\" aria-describedby=\"caption-attachment-1104\" style=\"width: 375px\" class=\"wp-caption aligncenter\"><img loading=\"lazy\" decoding=\"async\" class=\"wp-image-1104 ml-lightbox-enabled\" src=\"https:\/\/office-roxx.de\/primabueroklima\/wp-content\/uploads\/2021\/09\/Condair-Cube-Frontal_2.jpg\" alt=\"Luftqualit\u00e4tsmessger\u00e4te k\u00f6nnen CO2-Werte, Luftfeuchte und Temperatur anzeigen sowie den Ist-Zustand per Ampelfarben darstellen. Abbildung: Condair Systems\" width=\"375\" height=\"500\" srcset=\"https:\/\/office-roxx.de\/primabueroklima\/wp-content\/uploads\/2021\/09\/Condair-Cube-Frontal_2.jpg 750w, https:\/\/office-roxx.de\/primabueroklima\/wp-content\/uploads\/2021\/09\/Condair-Cube-Frontal_2-225x300.jpg 225w\" sizes=\"auto, (max-width: 375px) 100vw, 375px\"><figcaption id=\"caption-attachment-1104\" class=\"wp-caption-text\">Luft\u00adqua\u00adli\u00adt\u00e4ts\u00admess\u00adge\u00adr\u00e4\u00adte k\u00f6n\u00adnen CO2-Wer\u00adte, Luft\u00adfeuch\u00adte und Tem\u00adpe\u00adra\u00adtur anzei\u00adgen sowie den Ist-Zustand per Ampel\u00adfar\u00adben dar\u00adstel\u00adlen. Abbil\u00addung: Cond\u00adair Systems<\/figcaption><\/figure>\n<p>Bei f\u00fcnf Pro\u00adzent sind Luft\u00adbe\u00adfeuch\u00adtungs\u00adsys\u00adte\u00adme in Ein\u00adsatz, bei 77 Pro\u00adzent nicht. Luft\u00adbe\u00adfeuch\u00adtungs\u00adsys\u00adte\u00adme gene\u00adrell wur\u00adden nur von drei Pro\u00adzent der Befrag\u00adten als st\u00f6\u00adrend ein\u00adge\u00adstuft. 38 Pro\u00adzent fin\u00adden ihren Betrieb ange\u00adnehm. Gr\u00fcn\u00adpflan\u00adzen geh\u00f6\u00adren bei 56 Pro\u00adzent zur Arbeits\u00adum\u00adge\u00adbung. 44 Pro\u00adzent arbei\u00adten ohne&nbsp;Flora.<\/p>\n<p>\u201eL\u00f6sun\u00adgen zur Ver\u00adbes\u00adse\u00adrung oder Bestim\u00admung des Raum\u00adkli\u00admas wie Luft\u00adbe\u00adfeuch\u00adter, Luft\u00adrei\u00adni\u00adger oder CO2-Mess\u00adsta\u00adtio\u00adnen sind dem\u00adnach noch nicht sehr weit ver\u00adbrei\u00adtet, obwohl sie kaum als st\u00f6\u00adrend, son\u00addern meist als ange\u00adnehm emp\u00adfun\u00adden wer\u00adden\u201c, fasst Neh\u00adring zusammen.<\/p>\n<h2>Wind of Change ein leises L\u00fcftchen?<\/h2>\n<p>Wo w\u00fcn\u00adschen Sie sich Ver\u00adbes\u00adse\u00adrun\u00adgen an Ihrem B\u00fcro\u00adar\u00adbeits\u00adplatz und was ist bereits geplant? Auch das woll\u00adten wir von der Leser\u00adschaft des <a href=\"https:\/\/office-roxx.de\" target=\"_blank\" rel=\"noopener\">OFFICE ROXX Blogs<\/a> wis\u00adsen. Wenig \u00fcber\u00adra\u00adschend, weil ana\u00adlog zur Fra\u00adge nach den gr\u00f6\u00df\u00adten Pro\u00adble\u00admen, w\u00fcn\u00adschen sich 32 Pro\u00adzent Ver\u00adbes\u00adse\u00adrun\u00adgen hin\u00adsicht\u00adlich der Luft\u00adtem\u00adpe\u00adra\u00adtur, je 17 Pro\u00adzent in Bezug auf die Luft\u00adfeuch\u00adte und die Frisch\u00adluft. Drei Pro\u00adzent h\u00e4t\u00adten es gern weni\u00adger geruchsintensiv.<\/p>\n<p>Vie\u00adle Inves\u00adti\u00adtio\u00adnen zur Ver\u00adbes\u00adse\u00adrung der Raum\u00adluft\u00adqua\u00adli\u00adt\u00e4t am Arbeits\u00adplatz sind jedoch nicht geplant. Je drei Pro\u00adzent der Befrag\u00adten haben vor, daf\u00fcr noch bis zu 500 Euro, bis 1.000 Euro und mehr als 1.000 Euro aus\u00adzu\u00adge\u00adben. 38 Pro\u00adzent pla\u00adnen in die\u00adsem Bereich kei\u00adne Inves\u00adti\u00adtio\u00adnen, 53 Pro\u00adzent wis\u00adsen nicht, ob etwas geplant ist.<\/p>\n<p><img loading=\"lazy\" decoding=\"async\" class=\"aligncenter wp-image-1116 ml-lightbox-enabled\" src=\"https:\/\/office-roxx.de\/primabueroklima\/wp-content\/uploads\/2021\/09\/Grafik_Symptome.png\" alt=\"46 Prozent klagten in diesem Zusammenhang \u00fcber trockene Augen, 15 Prozent \u00fcber trockene Schleimh\u00e4ute und zehn Prozent \u00fcber trockene Haut. Neun Prozent brachten M\u00fcdigkeit und acht Prozent Stimmprobleme in Zusammenhang mit dem Raumklima. Nur zw\u00f6lf Prozent f\u00fchlten sich nicht entsprechend von diesem beeintr\u00e4chtigt. Quelle: Initiative Prima B\u00fcroklima, September 2021\" width=\"733\" height=\"500\" srcset=\"https:\/\/office-roxx.de\/primabueroklima\/wp-content\/uploads\/2021\/09\/Grafik_Symptome.png 1000w, https:\/\/office-roxx.de\/primabueroklima\/wp-content\/uploads\/2021\/09\/Grafik_Symptome-300x205.png 300w, https:\/\/office-roxx.de\/primabueroklima\/wp-content\/uploads\/2021\/09\/Grafik_Symptome-768x524.png 768w\" sizes=\"auto, (max-width: 733px) 100vw, 733px\"><\/p>\n<p>Und was soll ange\u00adschafft wer\u00adden? Bei zw\u00f6lf Pro\u00adzent sol\u00adlen Luft\u00adrei\u00adni\u00adger gekauft wer\u00adden. Bei f\u00fcnf Pro\u00adzent sol\u00adlen Gr\u00fcn\u00adpflan\u00adzen, bei zwei Pro\u00adzent Luft\u00adqua\u00adli\u00adt\u00e4ts\u00admes\u00adser sowie bei je einem Pro\u00adzent Luft\u00adbe\u00adfeuch\u00adter und Luft\u00adent\u00adfeuch\u00adter ange\u00adschafft werden.<\/p>\n<p>Liegt es wie so oft am Geld, dass so wenig f\u00fcr das Raum\u00adkli\u00adma getan wird? Es scheint so. Eine Ursa\u00adche kann aber auch feh\u00adlen\u00addes Wis\u00adsen um die M\u00f6g\u00adlich\u00adkei\u00adten sein, die etwa Luft\u00adrei\u00adni\u00adger und CO2-Mess\u00adin\u00adstru\u00admen\u00adte er\u00f6ff\u00adnen. Auch hier besteht Handlungsbedarf.<\/p>\n<h2>Wer an der Umfrage teilgenommen hat<\/h2>\n<p>92 Pro\u00adzent der 512 Per\u00adso\u00adnen, die an unse\u00adrer <a href=\"https:\/\/office-roxx.de\/2021\/09\/01\/office-roxx-leserumfrage-prima-bueroklima-2021\/\" target=\"_blank\" rel=\"noopener\">Leser\u00adum\u00adfra\u00adge<\/a> teil\u00adge\u00adnom\u00admen haben, arbei\u00adten als Ange\u00adstell\u00adte, vier Pro\u00adzent sind selbst\u00adst\u00e4n\u00addig. 22 Pro\u00adzent der Befrag\u00adten tref\u00adfen Ent\u00adschei\u00addun\u00adgen in Bezug auf die raum\u00adluft\u00adtech\u00adni\u00adsche Aus\u00adstat\u00adtung ihres Fir\u00admen\u00adb\u00fc\u00adros. Die Gr\u00f6\u00ad\u00dfe des Unter\u00adneh\u00admens, in dem sie arbei\u00adten, gaben 24 Pro\u00adzent mit 1\u201310 Besch\u00e4f\u00adti\u00adge, 35 Pro\u00adzent mit 11\u2013100 Besch\u00e4f\u00adtig\u00adte, 16 Pro\u00adzent mit 101\u2013500 Besch\u00e4f\u00adtig\u00adte und 21 Pro\u00adzent mit mehr als 500 Besch\u00e4f\u00adtig\u00adte an. 52 Pro\u00adzent der Befrag\u00adten waren m\u00e4nn\u00adlich, 48 Pro\u00adzent weiblich.<\/p>\n<h2>Die Problematik Raumklima<\/h2>\n<p>West\u00adeu\u00adro\u00adp\u00e4\u00ader ver\u00adbrin\u00adgen im Schnitt <a href=\"https:\/\/www.umweltbundesamt.de\/themen\/gesundheit\/kommissionen-arbeitsgruppen\/ausschuss-fuer-innenraumrichtwerte#richtwerte-fur-die-innenraumluft\" target=\"_blank\" rel=\"noopener\">90 Pro\u00adzent ihrer Zeit in Innen\u00adr\u00e4u\u00admen<\/a> und einen wesent\u00adli\u00adchen Anteil davon in B\u00fcros. Die Innen\u00adraum\u00adluft, die Besch\u00e4f\u00adtig\u00adte ein\u00adat\u00admen, ist h\u00e4u\u00adfig bis zu f\u00fcnf\u00admal st\u00e4r\u00adker ver\u00adun\u00adrei\u00adnigt als die Luft im Frei\u00aden. Dass auch Luft ein wich\u00adti\u00adges Lebens\u00admit\u00adtel ist, wur\u00adde aber jah\u00adre\u00adlang eher ver\u00adnach\u00adl\u00e4s\u00adsigt. Mit der Coro\u00adna-Pan\u00adde\u00admie \u00e4nder\u00adte sich das schlag\u00adar\u00adtig. Ein Wort hat es in unse\u00adren all\u00adge\u00admei\u00adnen Wort\u00adschatz geschafft: Aero\u00adso\u00adle. Die Exis\u00adtenz die\u00adser feins\u00adten, luft\u00adge\u00adtra\u00adge\u00adnen Feuch\u00adtig\u00adkeits\u00adteil\u00adchen ist als m\u00f6g\u00adli\u00adcher \u00dcber\u00adtra\u00adgungs\u00adweg der Coro\u00adna\u00advi\u00adren \u2013 ins\u00adbe\u00adson\u00adde\u00adre in Innen\u00adr\u00e4u\u00admen \u2013 iden\u00adti\u00adfi\u00adziert worden.<\/p>\n","protected":false},"excerpt":{"rendered":"<p>Wie ist es um das Raum\u00adkli\u00adma in Office-Umge\u00ad\u00adbun\u00ad\u00adgen bestellt? Das woll\u00adten wir von der Leser\u00adschaft des Blogs OFFICE ROXX wis\u00adsen. In unse\u00adrem Auf\u00adtrag wur\u00adde dort vom 1. bis 14. Sep\u00adtem\u00adber 2021 eine Umfra\u00adge durch\u00adge\u00adf\u00fchrt. Die Ergeb\u00adnis\u00adse sind zum Teil alarmierend.<\/p>\n","protected":false},"author":1,"featured_media":1084,"comment_status":"closed","ping_status":"closed","sticky":false,"template":"","format":"standard","meta":{"wp_typography_post_enhancements_disabled":false,"footnotes":""},"categories":[1],"tags":[3,2,4,10,12],"class_list":["post-1098","post","type-post","status-publish","format-standard","has-post-thumbnail","hentry","category-allgemein","tag-begruenung","tag-luftbefeuchtung","tag-luftmessung","tag-luftreinigung","tag-lueftung"],"yoast_head":"<!-- This site is optimized with the Yoast SEO plugin v27.3 - https:\/\/yoast.com\/product\/yoast-seo-wordpress\/ -->\n<title>Viel Luft nach oben: Die Ergebnisse der Leserumfrage \u201ePrima-B\u00fcroklima 2021\u201c - PRIMAB\u00dcROKLIMA<\/title>\n<meta name=\"description\" content=\"Gemeinsam mit dem Blog OFFICE ROXX haben wir vom 1. bis 14. September 2021 eine Leserbefragung durchgef\u00fchrt. Das sind die Ergebnisse.\" \/>\n<meta name=\"robots\" content=\"index, follow, max-snippet:-1, max-image-preview:large, max-video-preview:-1\" \/>\n<link rel=\"canonical\" href=\"https:\/\/office-roxx.de\/2021\/09\/28\/viel-luft-nach-oben-ergebnisse-der-office-roxx-leserumfrage-prima-bueroklima-2021\/\" \/>\n<meta property=\"og:locale\" content=\"de_DE\" \/>\n<meta property=\"og:type\" content=\"article\" \/>\n<meta property=\"og:title\" content=\"Viel Luft nach oben: Die Ergebnisse der Leserumfrage \u201ePrima-B\u00fcroklima 2021\u201c - PRIMAB\u00dcROKLIMA\" \/>\n<meta property=\"og:description\" content=\"Gemeinsam mit dem Blog OFFICE ROXX haben wir vom 1. bis 14. September 2021 eine Leserbefragung durchgef\u00fchrt. Das sind die Ergebnisse.\" \/>\n<meta property=\"og:url\" content=\"https:\/\/office-roxx.de\/2021\/09\/28\/viel-luft-nach-oben-ergebnisse-der-office-roxx-leserumfrage-prima-bueroklima-2021\/\" \/>\n<meta property=\"og:site_name\" content=\"PRIMAB\u00dcROKLIMA\" \/>\n<meta property=\"article:published_time\" content=\"2021-09-28T05:30:00+00:00\" \/>\n<meta property=\"article:modified_time\" content=\"2024-10-31T14:39:30+00:00\" \/>\n<meta property=\"og:image\" content=\"http:\/\/h3068839.stratoserver.net\/office-roxx\/primabueroklima\/wp-content\/uploads\/2021\/09\/OR-Leserumfrage-PrimaBueroKlima.jpg\" \/>\n\t<meta property=\"og:image:width\" content=\"736\" \/>\n\t<meta property=\"og:image:height\" content=\"520\" \/>\n\t<meta property=\"og:image:type\" content=\"image\/jpeg\" \/>\n<meta name=\"author\" content=\"Team-PBK\" \/>\n<meta name=\"twitter:card\" content=\"summary_large_image\" \/>\n<meta name=\"twitter:label1\" content=\"Verfasst von\" \/>\n\t<meta name=\"twitter:data1\" content=\"Team-PBK\" \/>\n\t<meta name=\"twitter:label2\" content=\"Gesch\u00e4tzte Lesezeit\" \/>\n\t<meta name=\"twitter:data2\" content=\"5\u00a0Minuten\" \/>\n<script type=\"application\/ld+json\" class=\"yoast-schema-graph\">{\"@context\":\"https:\\\/\\\/schema.org\",\"@graph\":[{\"@type\":\"Article\",\"@id\":\"https:\\\/\\\/office-roxx.de\\\/2021\\\/09\\\/28\\\/viel-luft-nach-oben-ergebnisse-der-office-roxx-leserumfrage-prima-bueroklima-2021\\\/#article\",\"isPartOf\":{\"@id\":\"https:\\\/\\\/office-roxx.de\\\/primabueroklima\\\/viel-luft-nach-oben-die-ergebnisse-der-leserumfrage-prima-bueroklima-2021\\\/\"},\"author\":{\"name\":\"Team-PBK\",\"@id\":\"https:\\\/\\\/office-roxx.de\\\/primabueroklima\\\/#\\\/schema\\\/person\\\/aaff4d37a59d78dad48543c1cf5d7b0e\"},\"headline\":\"Viel Luft nach oben: Die Ergebnisse der Leserumfrage \u201ePrima-B\u00fcroklima 2021\u201c\",\"datePublished\":\"2021-09-28T05:30:00+00:00\",\"dateModified\":\"2024-10-31T14:39:30+00:00\",\"mainEntityOfPage\":{\"@id\":\"https:\\\/\\\/office-roxx.de\\\/primabueroklima\\\/viel-luft-nach-oben-die-ergebnisse-der-leserumfrage-prima-bueroklima-2021\\\/\"},\"wordCount\":908,\"publisher\":{\"@id\":\"https:\\\/\\\/office-roxx.de\\\/primabueroklima\\\/#organization\"},\"image\":{\"@id\":\"https:\\\/\\\/office-roxx.de\\\/2021\\\/09\\\/28\\\/viel-luft-nach-oben-ergebnisse-der-office-roxx-leserumfrage-prima-bueroklima-2021\\\/#primaryimage\"},\"thumbnailUrl\":\"https:\\\/\\\/office-roxx.de\\\/primabueroklima\\\/wp-content\\\/uploads\\\/2021\\\/09\\\/OR-Leserumfrage-PrimaBueroKlima.jpg\",\"keywords\":[\"Begr\u00fcnung\",\"Luftbefeuchtung\",\"Luftmessung\",\"Luftreinigung\",\"L\u00fcftung\"],\"inLanguage\":\"de\"},{\"@type\":\"WebPage\",\"@id\":\"https:\\\/\\\/office-roxx.de\\\/primabueroklima\\\/viel-luft-nach-oben-die-ergebnisse-der-leserumfrage-prima-bueroklima-2021\\\/\",\"url\":\"https:\\\/\\\/office-roxx.de\\\/2021\\\/09\\\/28\\\/viel-luft-nach-oben-ergebnisse-der-office-roxx-leserumfrage-prima-bueroklima-2021\\\/\",\"name\":\"Viel Luft nach oben: Die Ergebnisse der Leserumfrage \u201ePrima-B\u00fcroklima 2021\u201c - PRIMAB\u00dcROKLIMA\",\"isPartOf\":{\"@id\":\"https:\\\/\\\/office-roxx.de\\\/primabueroklima\\\/#website\"},\"primaryImageOfPage\":{\"@id\":\"https:\\\/\\\/office-roxx.de\\\/2021\\\/09\\\/28\\\/viel-luft-nach-oben-ergebnisse-der-office-roxx-leserumfrage-prima-bueroklima-2021\\\/#primaryimage\"},\"image\":{\"@id\":\"https:\\\/\\\/office-roxx.de\\\/2021\\\/09\\\/28\\\/viel-luft-nach-oben-ergebnisse-der-office-roxx-leserumfrage-prima-bueroklima-2021\\\/#primaryimage\"},\"thumbnailUrl\":\"https:\\\/\\\/office-roxx.de\\\/primabueroklima\\\/wp-content\\\/uploads\\\/2021\\\/09\\\/OR-Leserumfrage-PrimaBueroKlima.jpg\",\"datePublished\":\"2021-09-28T05:30:00+00:00\",\"dateModified\":\"2024-10-31T14:39:30+00:00\",\"description\":\"Gemeinsam mit dem Blog OFFICE ROXX haben wir vom 1. bis 14. September 2021 eine Leserbefragung durchgef\u00fchrt. Das sind die Ergebnisse.\",\"breadcrumb\":{\"@id\":\"https:\\\/\\\/office-roxx.de\\\/2021\\\/09\\\/28\\\/viel-luft-nach-oben-ergebnisse-der-office-roxx-leserumfrage-prima-bueroklima-2021\\\/#breadcrumb\"},\"inLanguage\":\"de\",\"potentialAction\":[{\"@type\":\"ReadAction\",\"target\":[\"https:\\\/\\\/office-roxx.de\\\/2021\\\/09\\\/28\\\/viel-luft-nach-oben-ergebnisse-der-office-roxx-leserumfrage-prima-bueroklima-2021\\\/\"]}]},{\"@type\":\"ImageObject\",\"inLanguage\":\"de\",\"@id\":\"https:\\\/\\\/office-roxx.de\\\/2021\\\/09\\\/28\\\/viel-luft-nach-oben-ergebnisse-der-office-roxx-leserumfrage-prima-bueroklima-2021\\\/#primaryimage\",\"url\":\"https:\\\/\\\/office-roxx.de\\\/primabueroklima\\\/wp-content\\\/uploads\\\/2021\\\/09\\\/OR-Leserumfrage-PrimaBueroKlima.jpg\",\"contentUrl\":\"https:\\\/\\\/office-roxx.de\\\/primabueroklima\\\/wp-content\\\/uploads\\\/2021\\\/09\\\/OR-Leserumfrage-PrimaBueroKlima.jpg\",\"width\":736,\"height\":520,\"caption\":\"OFFICE-ROXX-Leserumfrage \u201ePrima B\u00fcroklima 2021\u201c\"},{\"@type\":\"BreadcrumbList\",\"@id\":\"https:\\\/\\\/office-roxx.de\\\/2021\\\/09\\\/28\\\/viel-luft-nach-oben-ergebnisse-der-office-roxx-leserumfrage-prima-bueroklima-2021\\\/#breadcrumb\",\"itemListElement\":[{\"@type\":\"ListItem\",\"position\":1,\"name\":\"Startseite\",\"item\":\"https:\\\/\\\/office-roxx.de\\\/primabueroklima\\\/\"},{\"@type\":\"ListItem\",\"position\":2,\"name\":\"Viel Luft nach oben: Die Ergebnisse der Leserumfrage \u201ePrima-B\u00fcroklima 2021\u201c\"}]},{\"@type\":\"WebSite\",\"@id\":\"https:\\\/\\\/office-roxx.de\\\/primabueroklima\\\/#website\",\"url\":\"https:\\\/\\\/office-roxx.de\\\/primabueroklima\\\/\",\"name\":\"PRIMAB\u00dcROKLIMA\",\"description\":\"F\u00fcr eine bessere Luftqualit\u00e4t in Office-Umgebungen\",\"publisher\":{\"@id\":\"https:\\\/\\\/office-roxx.de\\\/primabueroklima\\\/#organization\"},\"potentialAction\":[{\"@type\":\"SearchAction\",\"target\":{\"@type\":\"EntryPoint\",\"urlTemplate\":\"https:\\\/\\\/office-roxx.de\\\/primabueroklima\\\/?s={search_term_string}\"},\"query-input\":{\"@type\":\"PropertyValueSpecification\",\"valueRequired\":true,\"valueName\":\"search_term_string\"}}],\"inLanguage\":\"de\"},{\"@type\":\"Organization\",\"@id\":\"https:\\\/\\\/office-roxx.de\\\/primabueroklima\\\/#organization\",\"name\":\"PRIMAB\u00dcROKLIMA\",\"url\":\"https:\\\/\\\/office-roxx.de\\\/primabueroklima\\\/\",\"logo\":{\"@type\":\"ImageObject\",\"inLanguage\":\"de\",\"@id\":\"https:\\\/\\\/office-roxx.de\\\/primabueroklima\\\/#\\\/schema\\\/logo\\\/image\\\/\",\"url\":\"https:\\\/\\\/office-roxx.de\\\/primabueroklima\\\/wp-content\\\/uploads\\\/2020\\\/09\\\/Prima-Klima-Logo_Farbe_beschn.jpg\",\"contentUrl\":\"https:\\\/\\\/office-roxx.de\\\/primabueroklima\\\/wp-content\\\/uploads\\\/2020\\\/09\\\/Prima-Klima-Logo_Farbe_beschn.jpg\",\"width\":1000,\"height\":675,\"caption\":\"PRIMAB\u00dcROKLIMA\"},\"image\":{\"@id\":\"https:\\\/\\\/office-roxx.de\\\/primabueroklima\\\/#\\\/schema\\\/logo\\\/image\\\/\"}},{\"@type\":\"Person\",\"@id\":\"https:\\\/\\\/office-roxx.de\\\/primabueroklima\\\/#\\\/schema\\\/person\\\/aaff4d37a59d78dad48543c1cf5d7b0e\",\"name\":\"Team-PBK\",\"image\":{\"@type\":\"ImageObject\",\"inLanguage\":\"de\",\"@id\":\"https:\\\/\\\/secure.gravatar.com\\\/avatar\\\/e7f38084968dcbb88b923f48395eb5ec7c3ad3102c6db95eccceb504d4317f39?s=96&d=mm&r=g\",\"url\":\"https:\\\/\\\/secure.gravatar.com\\\/avatar\\\/e7f38084968dcbb88b923f48395eb5ec7c3ad3102c6db95eccceb504d4317f39?s=96&d=mm&r=g\",\"contentUrl\":\"https:\\\/\\\/secure.gravatar.com\\\/avatar\\\/e7f38084968dcbb88b923f48395eb5ec7c3ad3102c6db95eccceb504d4317f39?s=96&d=mm&r=g\",\"caption\":\"Team-PBK\"},\"sameAs\":[\"https:\\\/\\\/office-roxx.de\\\/primabueroklima\"],\"url\":\"https:\\\/\\\/office-roxx.de\\\/primabueroklima\\\/author\\\/team-pbk\\\/\"}]}<\/script>\n<!-- \/ Yoast SEO plugin. -->","yoast_head_json":{"title":"Viel Luft nach oben: Die Ergebnisse der Leserumfrage \u201ePrima-B\u00fcroklima 2021\u201c - PRIMAB\u00dcROKLIMA","description":"Gemeinsam mit dem Blog OFFICE ROXX haben wir vom 1. bis 14. September 2021 eine Leserbefragung durchgef\u00fchrt. Das sind die Ergebnisse.","robots":{"index":"index","follow":"follow","max-snippet":"max-snippet:-1","max-image-preview":"max-image-preview:large","max-video-preview":"max-video-preview:-1"},"canonical":"https:\/\/office-roxx.de\/2021\/09\/28\/viel-luft-nach-oben-ergebnisse-der-office-roxx-leserumfrage-prima-bueroklima-2021\/","og_locale":"de_DE","og_type":"article","og_title":"Viel Luft nach oben: Die Ergebnisse der Leserumfrage \u201ePrima-B\u00fcroklima 2021\u201c - PRIMAB\u00dcROKLIMA","og_description":"Gemeinsam mit dem Blog OFFICE ROXX haben wir vom 1. bis 14. September 2021 eine Leserbefragung durchgef\u00fchrt. Das sind die Ergebnisse.","og_url":"https:\/\/office-roxx.de\/2021\/09\/28\/viel-luft-nach-oben-ergebnisse-der-office-roxx-leserumfrage-prima-bueroklima-2021\/","og_site_name":"PRIMAB\u00dcROKLIMA","article_published_time":"2021-09-28T05:30:00+00:00","article_modified_time":"2024-10-31T14:39:30+00:00","og_image":[{"width":736,"height":520,"url":"http:\/\/h3068839.stratoserver.net\/office-roxx\/primabueroklima\/wp-content\/uploads\/2021\/09\/OR-Leserumfrage-PrimaBueroKlima.jpg","type":"image\/jpeg"}],"author":"Team-PBK","twitter_card":"summary_large_image","twitter_misc":{"Verfasst von":"Team-PBK","Gesch\u00e4tzte Lesezeit":"5\u00a0Minuten"},"schema":{"@context":"https:\/\/schema.org","@graph":[{"@type":"Article","@id":"https:\/\/office-roxx.de\/2021\/09\/28\/viel-luft-nach-oben-ergebnisse-der-office-roxx-leserumfrage-prima-bueroklima-2021\/#article","isPartOf":{"@id":"https:\/\/office-roxx.de\/primabueroklima\/viel-luft-nach-oben-die-ergebnisse-der-leserumfrage-prima-bueroklima-2021\/"},"author":{"name":"Team-PBK","@id":"https:\/\/office-roxx.de\/primabueroklima\/#\/schema\/person\/aaff4d37a59d78dad48543c1cf5d7b0e"},"headline":"Viel Luft nach oben: Die Ergebnisse der Leserumfrage \u201ePrima-B\u00fcroklima 2021\u201c","datePublished":"2021-09-28T05:30:00+00:00","dateModified":"2024-10-31T14:39:30+00:00","mainEntityOfPage":{"@id":"https:\/\/office-roxx.de\/primabueroklima\/viel-luft-nach-oben-die-ergebnisse-der-leserumfrage-prima-bueroklima-2021\/"},"wordCount":908,"publisher":{"@id":"https:\/\/office-roxx.de\/primabueroklima\/#organization"},"image":{"@id":"https:\/\/office-roxx.de\/2021\/09\/28\/viel-luft-nach-oben-ergebnisse-der-office-roxx-leserumfrage-prima-bueroklima-2021\/#primaryimage"},"thumbnailUrl":"https:\/\/office-roxx.de\/primabueroklima\/wp-content\/uploads\/2021\/09\/OR-Leserumfrage-PrimaBueroKlima.jpg","keywords":["Begr\u00fcnung","Luftbefeuchtung","Luftmessung","Luftreinigung","L\u00fcftung"],"inLanguage":"de"},{"@type":"WebPage","@id":"https:\/\/office-roxx.de\/primabueroklima\/viel-luft-nach-oben-die-ergebnisse-der-leserumfrage-prima-bueroklima-2021\/","url":"https:\/\/office-roxx.de\/2021\/09\/28\/viel-luft-nach-oben-ergebnisse-der-office-roxx-leserumfrage-prima-bueroklima-2021\/","name":"Viel Luft nach oben: Die Ergebnisse der Leserumfrage \u201ePrima-B\u00fcroklima 2021\u201c - PRIMAB\u00dcROKLIMA","isPartOf":{"@id":"https:\/\/office-roxx.de\/primabueroklima\/#website"},"primaryImageOfPage":{"@id":"https:\/\/office-roxx.de\/2021\/09\/28\/viel-luft-nach-oben-ergebnisse-der-office-roxx-leserumfrage-prima-bueroklima-2021\/#primaryimage"},"image":{"@id":"https:\/\/office-roxx.de\/2021\/09\/28\/viel-luft-nach-oben-ergebnisse-der-office-roxx-leserumfrage-prima-bueroklima-2021\/#primaryimage"},"thumbnailUrl":"https:\/\/office-roxx.de\/primabueroklima\/wp-content\/uploads\/2021\/09\/OR-Leserumfrage-PrimaBueroKlima.jpg","datePublished":"2021-09-28T05:30:00+00:00","dateModified":"2024-10-31T14:39:30+00:00","description":"Gemeinsam mit dem Blog OFFICE ROXX haben wir vom 1. bis 14. September 2021 eine Leserbefragung durchgef\u00fchrt. Das sind die Ergebnisse.","breadcrumb":{"@id":"https:\/\/office-roxx.de\/2021\/09\/28\/viel-luft-nach-oben-ergebnisse-der-office-roxx-leserumfrage-prima-bueroklima-2021\/#breadcrumb"},"inLanguage":"de","potentialAction":[{"@type":"ReadAction","target":["https:\/\/office-roxx.de\/2021\/09\/28\/viel-luft-nach-oben-ergebnisse-der-office-roxx-leserumfrage-prima-bueroklima-2021\/"]}]},{"@type":"ImageObject","inLanguage":"de","@id":"https:\/\/office-roxx.de\/2021\/09\/28\/viel-luft-nach-oben-ergebnisse-der-office-roxx-leserumfrage-prima-bueroklima-2021\/#primaryimage","url":"https:\/\/office-roxx.de\/primabueroklima\/wp-content\/uploads\/2021\/09\/OR-Leserumfrage-PrimaBueroKlima.jpg","contentUrl":"https:\/\/office-roxx.de\/primabueroklima\/wp-content\/uploads\/2021\/09\/OR-Leserumfrage-PrimaBueroKlima.jpg","width":736,"height":520,"caption":"OFFICE-ROXX-Leserumfrage \u201ePrima B\u00fcroklima 2021\u201c"},{"@type":"BreadcrumbList","@id":"https:\/\/office-roxx.de\/2021\/09\/28\/viel-luft-nach-oben-ergebnisse-der-office-roxx-leserumfrage-prima-bueroklima-2021\/#breadcrumb","itemListElement":[{"@type":"ListItem","position":1,"name":"Startseite","item":"https:\/\/office-roxx.de\/primabueroklima\/"},{"@type":"ListItem","position":2,"name":"Viel Luft nach oben: Die Ergebnisse der Leserumfrage \u201ePrima-B\u00fcroklima 2021\u201c"}]},{"@type":"WebSite","@id":"https:\/\/office-roxx.de\/primabueroklima\/#website","url":"https:\/\/office-roxx.de\/primabueroklima\/","name":"PRIMAB\u00dcROKLIMA","description":"F\u00fcr eine bessere Luftqualit\u00e4t in Office-Umgebungen","publisher":{"@id":"https:\/\/office-roxx.de\/primabueroklima\/#organization"},"potentialAction":[{"@type":"SearchAction","target":{"@type":"EntryPoint","urlTemplate":"https:\/\/office-roxx.de\/primabueroklima\/?s={search_term_string}"},"query-input":{"@type":"PropertyValueSpecification","valueRequired":true,"valueName":"search_term_string"}}],"inLanguage":"de"},{"@type":"Organization","@id":"https:\/\/office-roxx.de\/primabueroklima\/#organization","name":"PRIMAB\u00dcROKLIMA","url":"https:\/\/office-roxx.de\/primabueroklima\/","logo":{"@type":"ImageObject","inLanguage":"de","@id":"https:\/\/office-roxx.de\/primabueroklima\/#\/schema\/logo\/image\/","url":"https:\/\/office-roxx.de\/primabueroklima\/wp-content\/uploads\/2020\/09\/Prima-Klima-Logo_Farbe_beschn.jpg","contentUrl":"https:\/\/office-roxx.de\/primabueroklima\/wp-content\/uploads\/2020\/09\/Prima-Klima-Logo_Farbe_beschn.jpg","width":1000,"height":675,"caption":"PRIMAB\u00dcROKLIMA"},"image":{"@id":"https:\/\/office-roxx.de\/primabueroklima\/#\/schema\/logo\/image\/"}},{"@type":"Person","@id":"https:\/\/office-roxx.de\/primabueroklima\/#\/schema\/person\/aaff4d37a59d78dad48543c1cf5d7b0e","name":"Team-PBK","image":{"@type":"ImageObject","inLanguage":"de","@id":"https:\/\/secure.gravatar.com\/avatar\/e7f38084968dcbb88b923f48395eb5ec7c3ad3102c6db95eccceb504d4317f39?s=96&d=mm&r=g","url":"https:\/\/secure.gravatar.com\/avatar\/e7f38084968dcbb88b923f48395eb5ec7c3ad3102c6db95eccceb504d4317f39?s=96&d=mm&r=g","contentUrl":"https:\/\/secure.gravatar.com\/avatar\/e7f38084968dcbb88b923f48395eb5ec7c3ad3102c6db95eccceb504d4317f39?s=96&d=mm&r=g","caption":"Team-PBK"},"sameAs":["https:\/\/office-roxx.de\/primabueroklima"],"url":"https:\/\/office-roxx.de\/primabueroklima\/author\/team-pbk\/"}]}},"_links":{"self":[{"href":"https:\/\/office-roxx.de\/primabueroklima\/wp-json\/wp\/v2\/posts\/1098","targetHints":{"allow":["GET"]}}],"collection":[{"href":"https:\/\/office-roxx.de\/primabueroklima\/wp-json\/wp\/v2\/posts"}],"about":[{"href":"https:\/\/office-roxx.de\/primabueroklima\/wp-json\/wp\/v2\/types\/post"}],"author":[{"embeddable":true,"href":"https:\/\/office-roxx.de\/primabueroklima\/wp-json\/wp\/v2\/users\/1"}],"replies":[{"embeddable":true,"href":"https:\/\/office-roxx.de\/primabueroklima\/wp-json\/wp\/v2\/comments?post=1098"}],"version-history":[{"count":7,"href":"https:\/\/office-roxx.de\/primabueroklima\/wp-json\/wp\/v2\/posts\/1098\/revisions"}],"predecessor-version":[{"id":2127,"href":"https:\/\/office-roxx.de\/primabueroklima\/wp-json\/wp\/v2\/posts\/1098\/revisions\/2127"}],"wp:featuredmedia":[{"embeddable":true,"href":"https:\/\/office-roxx.de\/primabueroklima\/wp-json\/wp\/v2\/media\/1084"}],"wp:attachment":[{"href":"https:\/\/office-roxx.de\/primabueroklima\/wp-json\/wp\/v2\/media?parent=1098"}],"wp:term":[{"taxonomy":"category","embeddable":true,"href":"https:\/\/office-roxx.de\/primabueroklima\/wp-json\/wp\/v2\/categories?post=1098"},{"taxonomy":"post_tag","embeddable":true,"href":"https:\/\/office-roxx.de\/primabueroklima\/wp-json\/wp\/v2\/tags?post=1098"}],"curies":[{"name":"wp","href":"https:\/\/api.w.org\/{rel}","templated":true}]}}