{"id":1074,"date":"2021-09-08T07:30:00","date_gmt":"2021-09-08T05:30:00","guid":{"rendered":"https:\/\/office-roxx.de\/primabueroklima\/?p=1074"},"modified":"2021-09-01T16:02:58","modified_gmt":"2021-09-01T14:02:58","slug":"marktuebersicht-luftreiniger","status":"publish","type":"post","link":"https:\/\/office-roxx.de\/primabueroklima\/marktuebersicht-luftreiniger\/","title":{"rendered":"Markt\u00fcbersicht Luftreiniger"},"content":{"rendered":"<p>Pan\u00adde\u00admie\u00adbe\u00addingt sind Luft\u00adrei\u00adni\u00adger der\u00adzeit gefrag\u00adter denn je. Nicht nur in Schu\u00adlen, auch in B\u00fcros. Auf dem Blog OFFICE ROXX ist eine Markt\u00ad\u00fcber\u00adsicht mit zehn Model\u00adlen f\u00fcr Office-Umge\u00adbun\u00adgen erschienen.<!--more--><\/p>\n<figure id=\"attachment_1075\" aria-describedby=\"caption-attachment-1075\" style=\"width: 648px\" class=\"wp-caption aligncenter\"><img loading=\"lazy\" decoding=\"async\" class=\"wp-image-1075 ml-lightbox-enabled\" src=\"https:\/\/office-roxx.de\/primabueroklima\/wp-content\/uploads\/2021\/09\/Camfil-City-M-Buero.png\" alt=\"Bei ungen\u00fcgenden L\u00fcftungsm\u00f6glichkeiten kann der Einsatz von Luftreinigern sinnvoll sein. Abbildung: Camfil GmbH\" width=\"648\" height=\"350\" srcset=\"https:\/\/office-roxx.de\/primabueroklima\/wp-content\/uploads\/2021\/09\/Camfil-City-M-Buero.png 1000w, https:\/\/office-roxx.de\/primabueroklima\/wp-content\/uploads\/2021\/09\/Camfil-City-M-Buero-300x162.png 300w, https:\/\/office-roxx.de\/primabueroklima\/wp-content\/uploads\/2021\/09\/Camfil-City-M-Buero-768x415.png 768w\" sizes=\"auto, (max-width: 648px) 100vw, 648px\"><figcaption id=\"caption-attachment-1075\" class=\"wp-caption-text\">Bei unge\u00adn\u00fc\u00adgen\u00adden L\u00fcf\u00adtungs\u00adm\u00f6g\u00adlich\u00adkei\u00adten kann der Ein\u00adsatz von Luft\u00adrei\u00adni\u00adgern sinn\u00advoll sein. Abbil\u00addung: Cam\u00adfil&nbsp;GmbH<\/figcaption><\/figure>\n<p>In Bezug auf die Pan\u00adde\u00admie f\u00e4llt immer wie\u00adder ein Wort: Aero\u00adso\u00adle. Die Exis\u00adtenz die\u00adser feins\u00adten, luft\u00adge\u00adtra\u00adge\u00adnen Feuch\u00adtig\u00adkeits\u00adteil\u00adchen ist nichts Neu\u00ades. Aller\u00addings sind sie in Stu\u00addi\u00aden als m\u00f6g\u00adli\u00adcher \u00dcber\u00adtra\u00adgungs\u00adweg von Coro\u00adna\u00advi\u00adren ins\u00adbe\u00adson\u00adde\u00adre in Innen\u00adr\u00e4u\u00admen iden\u00adti\u00adfi\u00adziert worden.<\/p>\n<p>Ein regel\u00adm\u00e4\u00ad\u00dfi\u00adger Aus\u00adtausch der Innen\u00adraum\u00adluft durch fri\u00adsche Au\u00dfen\u00adluft kann dabei hel\u00adfen, das Infek\u00adti\u00adons\u00adri\u00adsi\u00adko zu redu\u00adzie\u00adren. Dies kann \u00fcber Fens\u00adter\u00ad\u00f6ff\u00adnun\u00adgen oder durch Raum\u00adluft\u00adtech\u00adni\u00adsche Anla\u00adgen (RLT) erfol\u00adgen. Wenn auch dies nicht m\u00f6g\u00adlich ist, wer\u00adden mobi\u00adle Luft\u00adrei\u00adni\u00adger als Erg\u00e4n\u00adzung emp\u00adfoh\u00adlen, etwa von der Innen\u00adraum\u00adluft\u00adhy\u00adgie\u00adne-Kom\u00admis\u00adsi\u00adon (IRK) des Umwelt\u00adbun\u00addes\u00adam\u00adtes. In sei\u00adner Markt\u00ad\u00fcber\u00adsicht 2021 stellt <a href=\"https:\/\/office-roxx.de\/2021\/09\/08\/marktuebersicht-2021-10-luftreiniger-fuer-bueroumgebungen\/\">OFFICE ROXX<\/a>&nbsp;zehn Luft\u00adrei\u00adni\u00adgungs\u00adge\u00adr\u00e4\u00adte f\u00fcr B\u00fcro\u00adum\u00adge\u00adbun\u00adgen vor \u2013 von mobil bis festinstalliert.<\/p>\n","protected":false},"excerpt":{"rendered":"<p>Pan\u00adde\u00admie\u00adbe\u00addingt sind Luft\u00adrei\u00adni\u00adger der\u00adzeit gefrag\u00adter denn je. Nicht nur in Schu\u00adlen, auch in B\u00fcros. Auf dem Blog OFFICE ROXX ist eine Markt\u00ad\u00fcber\u00adsicht mit zehn Model\u00adlen f\u00fcr Office-Umge\u00ad\u00adbun\u00ad\u00adgen erschienen.<\/p>\n","protected":false},"author":1,"featured_media":1075,"comment_status":"closed","ping_status":"closed","sticky":false,"template":"","format":"standard","meta":{"wp_typography_post_enhancements_disabled":false,"footnotes":""},"categories":[1],"tags":[10],"class_list":["post-1074","post","type-post","status-publish","format-standard","has-post-thumbnail","hentry","category-allgemein","tag-luftreinigung"],"yoast_head":"<!-- This site is optimized with the Yoast SEO plugin v27.3 - https:\/\/yoast.com\/product\/yoast-seo-wordpress\/ -->\n<title>Markt\u00fcbersicht Luftreiniger - PRIMAB\u00dcROKLIMA<\/title>\n<meta name=\"description\" content=\"Ge\u00f6ffnete Fenster sind die effektivste Art, virenbelastete Aerosole nach drau\u00dfen zu bef\u00f6rdern. Ist dies nicht m\u00f6glich, k\u00f6nnen Luftreiniger sinnvoll sein.\" \/>\n<meta name=\"robots\" content=\"index, follow, max-snippet:-1, max-image-preview:large, max-video-preview:-1\" \/>\n<link rel=\"canonical\" href=\"https:\/\/office-roxx.de\/primabueroklima\/marktuebersicht-luftreiniger\/\" \/>\n<meta property=\"og:locale\" content=\"de_DE\" \/>\n<meta property=\"og:type\" content=\"article\" \/>\n<meta property=\"og:title\" content=\"Markt\u00fcbersicht Luftreiniger - PRIMAB\u00dcROKLIMA\" \/>\n<meta property=\"og:description\" content=\"Ge\u00f6ffnete Fenster sind die effektivste Art, virenbelastete Aerosole nach drau\u00dfen zu bef\u00f6rdern. Ist dies nicht m\u00f6glich, k\u00f6nnen Luftreiniger sinnvoll sein.\" \/>\n<meta property=\"og:url\" content=\"https:\/\/office-roxx.de\/primabueroklima\/marktuebersicht-luftreiniger\/\" \/>\n<meta property=\"og:site_name\" content=\"PRIMAB\u00dcROKLIMA\" \/>\n<meta property=\"article:published_time\" content=\"2021-09-08T05:30:00+00:00\" \/>\n<meta property=\"og:image\" content=\"http:\/\/h3068839.stratoserver.net\/office-roxx\/primabueroklima\/wp-content\/uploads\/2021\/09\/Camfil-City-M-Buero.png\" \/>\n\t<meta property=\"og:image:width\" content=\"1000\" \/>\n\t<meta property=\"og:image:height\" content=\"540\" \/>\n\t<meta property=\"og:image:type\" content=\"image\/png\" \/>\n<meta name=\"author\" content=\"Team-PBK\" \/>\n<meta name=\"twitter:card\" content=\"summary_large_image\" \/>\n<meta name=\"twitter:label1\" content=\"Verfasst von\" \/>\n\t<meta name=\"twitter:data1\" content=\"Team-PBK\" \/>\n\t<meta name=\"twitter:label2\" content=\"Gesch\u00e4tzte Lesezeit\" \/>\n\t<meta name=\"twitter:data2\" content=\"1\u00a0Minute\" \/>\n<script type=\"application\/ld+json\" class=\"yoast-schema-graph\">{\"@context\":\"https:\\\/\\\/schema.org\",\"@graph\":[{\"@type\":\"Article\",\"@id\":\"https:\\\/\\\/office-roxx.de\\\/primabueroklima\\\/marktuebersicht-luftreiniger\\\/#article\",\"isPartOf\":{\"@id\":\"https:\\\/\\\/office-roxx.de\\\/primabueroklima\\\/marktuebersicht-luftreiniger\\\/\"},\"author\":{\"name\":\"Team-PBK\",\"@id\":\"https:\\\/\\\/office-roxx.de\\\/primabueroklima\\\/#\\\/schema\\\/person\\\/aaff4d37a59d78dad48543c1cf5d7b0e\"},\"headline\":\"Markt\u00fcbersicht Luftreiniger\",\"datePublished\":\"2021-09-08T05:30:00+00:00\",\"mainEntityOfPage\":{\"@id\":\"https:\\\/\\\/office-roxx.de\\\/primabueroklima\\\/marktuebersicht-luftreiniger\\\/\"},\"wordCount\":163,\"publisher\":{\"@id\":\"https:\\\/\\\/office-roxx.de\\\/primabueroklima\\\/#organization\"},\"image\":{\"@id\":\"https:\\\/\\\/office-roxx.de\\\/primabueroklima\\\/marktuebersicht-luftreiniger\\\/#primaryimage\"},\"thumbnailUrl\":\"https:\\\/\\\/office-roxx.de\\\/primabueroklima\\\/wp-content\\\/uploads\\\/2021\\\/09\\\/Camfil-City-M-Buero.png\",\"keywords\":[\"Luftreinigung\"],\"inLanguage\":\"de\"},{\"@type\":\"WebPage\",\"@id\":\"https:\\\/\\\/office-roxx.de\\\/primabueroklima\\\/marktuebersicht-luftreiniger\\\/\",\"url\":\"https:\\\/\\\/office-roxx.de\\\/primabueroklima\\\/marktuebersicht-luftreiniger\\\/\",\"name\":\"Markt\u00fcbersicht Luftreiniger - PRIMAB\u00dcROKLIMA\",\"isPartOf\":{\"@id\":\"https:\\\/\\\/office-roxx.de\\\/primabueroklima\\\/#website\"},\"primaryImageOfPage\":{\"@id\":\"https:\\\/\\\/office-roxx.de\\\/primabueroklima\\\/marktuebersicht-luftreiniger\\\/#primaryimage\"},\"image\":{\"@id\":\"https:\\\/\\\/office-roxx.de\\\/primabueroklima\\\/marktuebersicht-luftreiniger\\\/#primaryimage\"},\"thumbnailUrl\":\"https:\\\/\\\/office-roxx.de\\\/primabueroklima\\\/wp-content\\\/uploads\\\/2021\\\/09\\\/Camfil-City-M-Buero.png\",\"datePublished\":\"2021-09-08T05:30:00+00:00\",\"description\":\"Ge\u00f6ffnete Fenster sind die effektivste Art, virenbelastete Aerosole nach drau\u00dfen zu bef\u00f6rdern. Ist dies nicht m\u00f6glich, k\u00f6nnen Luftreiniger sinnvoll sein.\",\"breadcrumb\":{\"@id\":\"https:\\\/\\\/office-roxx.de\\\/primabueroklima\\\/marktuebersicht-luftreiniger\\\/#breadcrumb\"},\"inLanguage\":\"de\",\"potentialAction\":[{\"@type\":\"ReadAction\",\"target\":[\"https:\\\/\\\/office-roxx.de\\\/primabueroklima\\\/marktuebersicht-luftreiniger\\\/\"]}]},{\"@type\":\"ImageObject\",\"inLanguage\":\"de\",\"@id\":\"https:\\\/\\\/office-roxx.de\\\/primabueroklima\\\/marktuebersicht-luftreiniger\\\/#primaryimage\",\"url\":\"https:\\\/\\\/office-roxx.de\\\/primabueroklima\\\/wp-content\\\/uploads\\\/2021\\\/09\\\/Camfil-City-M-Buero.png\",\"contentUrl\":\"https:\\\/\\\/office-roxx.de\\\/primabueroklima\\\/wp-content\\\/uploads\\\/2021\\\/09\\\/Camfil-City-M-Buero.png\",\"width\":1000,\"height\":540,\"caption\":\"Bei ungen\u00fcgenden L\u00fcftungsm\u00f6glichkeiten kann der Einsatz von Luftreinigern sinnvoll sein. Abbildung: Camfil GmbH\"},{\"@type\":\"BreadcrumbList\",\"@id\":\"https:\\\/\\\/office-roxx.de\\\/primabueroklima\\\/marktuebersicht-luftreiniger\\\/#breadcrumb\",\"itemListElement\":[{\"@type\":\"ListItem\",\"position\":1,\"name\":\"Startseite\",\"item\":\"https:\\\/\\\/office-roxx.de\\\/primabueroklima\\\/\"},{\"@type\":\"ListItem\",\"position\":2,\"name\":\"Markt\u00fcbersicht Luftreiniger\"}]},{\"@type\":\"WebSite\",\"@id\":\"https:\\\/\\\/office-roxx.de\\\/primabueroklima\\\/#website\",\"url\":\"https:\\\/\\\/office-roxx.de\\\/primabueroklima\\\/\",\"name\":\"PRIMAB\u00dcROKLIMA\",\"description\":\"F\u00fcr eine bessere Luftqualit\u00e4t in Office-Umgebungen\",\"publisher\":{\"@id\":\"https:\\\/\\\/office-roxx.de\\\/primabueroklima\\\/#organization\"},\"potentialAction\":[{\"@type\":\"SearchAction\",\"target\":{\"@type\":\"EntryPoint\",\"urlTemplate\":\"https:\\\/\\\/office-roxx.de\\\/primabueroklima\\\/?s={search_term_string}\"},\"query-input\":{\"@type\":\"PropertyValueSpecification\",\"valueRequired\":true,\"valueName\":\"search_term_string\"}}],\"inLanguage\":\"de\"},{\"@type\":\"Organization\",\"@id\":\"https:\\\/\\\/office-roxx.de\\\/primabueroklima\\\/#organization\",\"name\":\"PRIMAB\u00dcROKLIMA\",\"url\":\"https:\\\/\\\/office-roxx.de\\\/primabueroklima\\\/\",\"logo\":{\"@type\":\"ImageObject\",\"inLanguage\":\"de\",\"@id\":\"https:\\\/\\\/office-roxx.de\\\/primabueroklima\\\/#\\\/schema\\\/logo\\\/image\\\/\",\"url\":\"https:\\\/\\\/office-roxx.de\\\/primabueroklima\\\/wp-content\\\/uploads\\\/2020\\\/09\\\/Prima-Klima-Logo_Farbe_beschn.jpg\",\"contentUrl\":\"https:\\\/\\\/office-roxx.de\\\/primabueroklima\\\/wp-content\\\/uploads\\\/2020\\\/09\\\/Prima-Klima-Logo_Farbe_beschn.jpg\",\"width\":1000,\"height\":675,\"caption\":\"PRIMAB\u00dcROKLIMA\"},\"image\":{\"@id\":\"https:\\\/\\\/office-roxx.de\\\/primabueroklima\\\/#\\\/schema\\\/logo\\\/image\\\/\"}},{\"@type\":\"Person\",\"@id\":\"https:\\\/\\\/office-roxx.de\\\/primabueroklima\\\/#\\\/schema\\\/person\\\/aaff4d37a59d78dad48543c1cf5d7b0e\",\"name\":\"Team-PBK\",\"image\":{\"@type\":\"ImageObject\",\"inLanguage\":\"de\",\"@id\":\"https:\\\/\\\/secure.gravatar.com\\\/avatar\\\/e7f38084968dcbb88b923f48395eb5ec7c3ad3102c6db95eccceb504d4317f39?s=96&d=mm&r=g\",\"url\":\"https:\\\/\\\/secure.gravatar.com\\\/avatar\\\/e7f38084968dcbb88b923f48395eb5ec7c3ad3102c6db95eccceb504d4317f39?s=96&d=mm&r=g\",\"contentUrl\":\"https:\\\/\\\/secure.gravatar.com\\\/avatar\\\/e7f38084968dcbb88b923f48395eb5ec7c3ad3102c6db95eccceb504d4317f39?s=96&d=mm&r=g\",\"caption\":\"Team-PBK\"},\"sameAs\":[\"https:\\\/\\\/office-roxx.de\\\/primabueroklima\"],\"url\":\"https:\\\/\\\/office-roxx.de\\\/primabueroklima\\\/author\\\/team-pbk\\\/\"}]}<\/script>\n<!-- \/ Yoast SEO plugin. -->","yoast_head_json":{"title":"Markt\u00fcbersicht Luftreiniger - PRIMAB\u00dcROKLIMA","description":"Ge\u00f6ffnete Fenster sind die effektivste Art, virenbelastete Aerosole nach drau\u00dfen zu bef\u00f6rdern. Ist dies nicht m\u00f6glich, k\u00f6nnen Luftreiniger sinnvoll sein.","robots":{"index":"index","follow":"follow","max-snippet":"max-snippet:-1","max-image-preview":"max-image-preview:large","max-video-preview":"max-video-preview:-1"},"canonical":"https:\/\/office-roxx.de\/primabueroklima\/marktuebersicht-luftreiniger\/","og_locale":"de_DE","og_type":"article","og_title":"Markt\u00fcbersicht Luftreiniger - PRIMAB\u00dcROKLIMA","og_description":"Ge\u00f6ffnete Fenster sind die effektivste Art, virenbelastete Aerosole nach drau\u00dfen zu bef\u00f6rdern. Ist dies nicht m\u00f6glich, k\u00f6nnen Luftreiniger sinnvoll sein.","og_url":"https:\/\/office-roxx.de\/primabueroklima\/marktuebersicht-luftreiniger\/","og_site_name":"PRIMAB\u00dcROKLIMA","article_published_time":"2021-09-08T05:30:00+00:00","og_image":[{"width":1000,"height":540,"url":"http:\/\/h3068839.stratoserver.net\/office-roxx\/primabueroklima\/wp-content\/uploads\/2021\/09\/Camfil-City-M-Buero.png","type":"image\/png"}],"author":"Team-PBK","twitter_card":"summary_large_image","twitter_misc":{"Verfasst von":"Team-PBK","Gesch\u00e4tzte Lesezeit":"1\u00a0Minute"},"schema":{"@context":"https:\/\/schema.org","@graph":[{"@type":"Article","@id":"https:\/\/office-roxx.de\/primabueroklima\/marktuebersicht-luftreiniger\/#article","isPartOf":{"@id":"https:\/\/office-roxx.de\/primabueroklima\/marktuebersicht-luftreiniger\/"},"author":{"name":"Team-PBK","@id":"https:\/\/office-roxx.de\/primabueroklima\/#\/schema\/person\/aaff4d37a59d78dad48543c1cf5d7b0e"},"headline":"Markt\u00fcbersicht Luftreiniger","datePublished":"2021-09-08T05:30:00+00:00","mainEntityOfPage":{"@id":"https:\/\/office-roxx.de\/primabueroklima\/marktuebersicht-luftreiniger\/"},"wordCount":163,"publisher":{"@id":"https:\/\/office-roxx.de\/primabueroklima\/#organization"},"image":{"@id":"https:\/\/office-roxx.de\/primabueroklima\/marktuebersicht-luftreiniger\/#primaryimage"},"thumbnailUrl":"https:\/\/office-roxx.de\/primabueroklima\/wp-content\/uploads\/2021\/09\/Camfil-City-M-Buero.png","keywords":["Luftreinigung"],"inLanguage":"de"},{"@type":"WebPage","@id":"https:\/\/office-roxx.de\/primabueroklima\/marktuebersicht-luftreiniger\/","url":"https:\/\/office-roxx.de\/primabueroklima\/marktuebersicht-luftreiniger\/","name":"Markt\u00fcbersicht Luftreiniger - PRIMAB\u00dcROKLIMA","isPartOf":{"@id":"https:\/\/office-roxx.de\/primabueroklima\/#website"},"primaryImageOfPage":{"@id":"https:\/\/office-roxx.de\/primabueroklima\/marktuebersicht-luftreiniger\/#primaryimage"},"image":{"@id":"https:\/\/office-roxx.de\/primabueroklima\/marktuebersicht-luftreiniger\/#primaryimage"},"thumbnailUrl":"https:\/\/office-roxx.de\/primabueroklima\/wp-content\/uploads\/2021\/09\/Camfil-City-M-Buero.png","datePublished":"2021-09-08T05:30:00+00:00","description":"Ge\u00f6ffnete Fenster sind die effektivste Art, virenbelastete Aerosole nach drau\u00dfen zu bef\u00f6rdern. Ist dies nicht m\u00f6glich, k\u00f6nnen Luftreiniger sinnvoll sein.","breadcrumb":{"@id":"https:\/\/office-roxx.de\/primabueroklima\/marktuebersicht-luftreiniger\/#breadcrumb"},"inLanguage":"de","potentialAction":[{"@type":"ReadAction","target":["https:\/\/office-roxx.de\/primabueroklima\/marktuebersicht-luftreiniger\/"]}]},{"@type":"ImageObject","inLanguage":"de","@id":"https:\/\/office-roxx.de\/primabueroklima\/marktuebersicht-luftreiniger\/#primaryimage","url":"https:\/\/office-roxx.de\/primabueroklima\/wp-content\/uploads\/2021\/09\/Camfil-City-M-Buero.png","contentUrl":"https:\/\/office-roxx.de\/primabueroklima\/wp-content\/uploads\/2021\/09\/Camfil-City-M-Buero.png","width":1000,"height":540,"caption":"Bei ungen\u00fcgenden L\u00fcftungsm\u00f6glichkeiten kann der Einsatz von Luftreinigern sinnvoll sein. Abbildung: Camfil GmbH"},{"@type":"BreadcrumbList","@id":"https:\/\/office-roxx.de\/primabueroklima\/marktuebersicht-luftreiniger\/#breadcrumb","itemListElement":[{"@type":"ListItem","position":1,"name":"Startseite","item":"https:\/\/office-roxx.de\/primabueroklima\/"},{"@type":"ListItem","position":2,"name":"Markt\u00fcbersicht Luftreiniger"}]},{"@type":"WebSite","@id":"https:\/\/office-roxx.de\/primabueroklima\/#website","url":"https:\/\/office-roxx.de\/primabueroklima\/","name":"PRIMAB\u00dcROKLIMA","description":"F\u00fcr eine bessere Luftqualit\u00e4t in Office-Umgebungen","publisher":{"@id":"https:\/\/office-roxx.de\/primabueroklima\/#organization"},"potentialAction":[{"@type":"SearchAction","target":{"@type":"EntryPoint","urlTemplate":"https:\/\/office-roxx.de\/primabueroklima\/?s={search_term_string}"},"query-input":{"@type":"PropertyValueSpecification","valueRequired":true,"valueName":"search_term_string"}}],"inLanguage":"de"},{"@type":"Organization","@id":"https:\/\/office-roxx.de\/primabueroklima\/#organization","name":"PRIMAB\u00dcROKLIMA","url":"https:\/\/office-roxx.de\/primabueroklima\/","logo":{"@type":"ImageObject","inLanguage":"de","@id":"https:\/\/office-roxx.de\/primabueroklima\/#\/schema\/logo\/image\/","url":"https:\/\/office-roxx.de\/primabueroklima\/wp-content\/uploads\/2020\/09\/Prima-Klima-Logo_Farbe_beschn.jpg","contentUrl":"https:\/\/office-roxx.de\/primabueroklima\/wp-content\/uploads\/2020\/09\/Prima-Klima-Logo_Farbe_beschn.jpg","width":1000,"height":675,"caption":"PRIMAB\u00dcROKLIMA"},"image":{"@id":"https:\/\/office-roxx.de\/primabueroklima\/#\/schema\/logo\/image\/"}},{"@type":"Person","@id":"https:\/\/office-roxx.de\/primabueroklima\/#\/schema\/person\/aaff4d37a59d78dad48543c1cf5d7b0e","name":"Team-PBK","image":{"@type":"ImageObject","inLanguage":"de","@id":"https:\/\/secure.gravatar.com\/avatar\/e7f38084968dcbb88b923f48395eb5ec7c3ad3102c6db95eccceb504d4317f39?s=96&d=mm&r=g","url":"https:\/\/secure.gravatar.com\/avatar\/e7f38084968dcbb88b923f48395eb5ec7c3ad3102c6db95eccceb504d4317f39?s=96&d=mm&r=g","contentUrl":"https:\/\/secure.gravatar.com\/avatar\/e7f38084968dcbb88b923f48395eb5ec7c3ad3102c6db95eccceb504d4317f39?s=96&d=mm&r=g","caption":"Team-PBK"},"sameAs":["https:\/\/office-roxx.de\/primabueroklima"],"url":"https:\/\/office-roxx.de\/primabueroklima\/author\/team-pbk\/"}]}},"_links":{"self":[{"href":"https:\/\/office-roxx.de\/primabueroklima\/wp-json\/wp\/v2\/posts\/1074","targetHints":{"allow":["GET"]}}],"collection":[{"href":"https:\/\/office-roxx.de\/primabueroklima\/wp-json\/wp\/v2\/posts"}],"about":[{"href":"https:\/\/office-roxx.de\/primabueroklima\/wp-json\/wp\/v2\/types\/post"}],"author":[{"embeddable":true,"href":"https:\/\/office-roxx.de\/primabueroklima\/wp-json\/wp\/v2\/users\/1"}],"replies":[{"embeddable":true,"href":"https:\/\/office-roxx.de\/primabueroklima\/wp-json\/wp\/v2\/comments?post=1074"}],"version-history":[{"count":4,"href":"https:\/\/office-roxx.de\/primabueroklima\/wp-json\/wp\/v2\/posts\/1074\/revisions"}],"predecessor-version":[{"id":1081,"href":"https:\/\/office-roxx.de\/primabueroklima\/wp-json\/wp\/v2\/posts\/1074\/revisions\/1081"}],"wp:featuredmedia":[{"embeddable":true,"href":"https:\/\/office-roxx.de\/primabueroklima\/wp-json\/wp\/v2\/media\/1075"}],"wp:attachment":[{"href":"https:\/\/office-roxx.de\/primabueroklima\/wp-json\/wp\/v2\/media?parent=1074"}],"wp:term":[{"taxonomy":"category","embeddable":true,"href":"https:\/\/office-roxx.de\/primabueroklima\/wp-json\/wp\/v2\/categories?post=1074"},{"taxonomy":"post_tag","embeddable":true,"href":"https:\/\/office-roxx.de\/primabueroklima\/wp-json\/wp\/v2\/tags?post=1074"}],"curies":[{"name":"wp","href":"https:\/\/api.w.org\/{rel}","templated":true}]}}