{"id":1069,"date":"2021-08-31T10:00:00","date_gmt":"2021-08-31T08:00:00","guid":{"rendered":"https:\/\/office-roxx.de\/primabueroklima\/?p=1069"},"modified":"2021-08-31T10:55:52","modified_gmt":"2021-08-31T08:55:52","slug":"wie-bueroluft-die-mitarbeitergesundheit-beeinflusst","status":"publish","type":"post","link":"https:\/\/office-roxx.de\/primabueroklima\/wie-bueroluft-die-mitarbeitergesundheit-beeinflusst\/","title":{"rendered":"Wie B\u00fcroluft die Mitarbeitergesundheit beeinflusst"},"content":{"rendered":"<p>Gesun\u00adde Luft in B\u00fcro\u00adr\u00e4u\u00admen ist essen\u00adzi\u00adell f\u00fcr das Wohl\u00adbe\u00adfin\u00adden und die Pro\u00adduk\u00adti\u00advi\u00adt\u00e4t der Besch\u00e4f\u00adtig\u00adten. Genau\u00adso wich\u00adtig ist es, ein m\u00f6g\u00adli\u00adches Infek\u00adti\u00adons\u00adri\u00adsi\u00adko in sol\u00adchen Arbeits\u00adum\u00adge\u00adbun\u00adgen zu ken\u00adnen. Hier\u00adbei hilft ein Tool der RWTH Aachen University.<\/p>\n<p><!--more--><\/p>\n<figure id=\"attachment_1070\" aria-describedby=\"caption-attachment-1070\" style=\"width: 600px\" class=\"wp-caption aligncenter\"><img loading=\"lazy\" decoding=\"async\" class=\"wp-image-1070 ml-lightbox-enabled\" src=\"https:\/\/office-roxx.de\/primabueroklima\/wp-content\/uploads\/2021\/08\/hygrometer-1-1421353.jpg\" alt=\"Mit der richtigen Luftfeuchte in B\u00fcror\u00e4umen sind Besch\u00e4ftigte seltener krank. Abbildung: Iwan Beijes, FreeImages\" width=\"600\" height=\"409\" srcset=\"https:\/\/office-roxx.de\/primabueroklima\/wp-content\/uploads\/2021\/08\/hygrometer-1-1421353.jpg 1000w, https:\/\/office-roxx.de\/primabueroklima\/wp-content\/uploads\/2021\/08\/hygrometer-1-1421353-300x204.jpg 300w, https:\/\/office-roxx.de\/primabueroklima\/wp-content\/uploads\/2021\/08\/hygrometer-1-1421353-768x523.jpg 768w\" sizes=\"auto, (max-width: 600px) 100vw, 600px\"><figcaption id=\"caption-attachment-1070\" class=\"wp-caption-text\">Mit der rich\u00adti\u00adgen Luft\u00adfeuch\u00adte in B\u00fcro\u00adr\u00e4u\u00admen sind Besch\u00e4f\u00adtig\u00adte sel\u00adte\u00adner krank. Abbil\u00addung: Iwan Bei\u00adjes, FreeImages<\/figcaption><\/figure>\n<p>Vor dem Hin\u00adter\u00adgrund einer siche\u00adren R\u00fcck\u00adkehr der Mit\u00adar\u00adbei\u00adter ins B\u00fcro w\u00e4h\u00adrend der Pan\u00adde\u00admie geben Dr. Kai Rewitz und Prof. Dr. Dirk M\u00fcl\u00adler von der RWTH Aachen auf <a href=\"https:\/\/office-roxx.de\/2021\/08\/31\/bueroluft-beeinflusst-mitarbeitergesundheit\/\" target=\"_blank\" rel=\"noopener\">OFFICE-ROXX.DE<\/a> wert\u00advol\u00adle Tipps, wie sich das \u201eaero\u00adsol\u00adge\u00adbun\u00adde\u00adne Infek\u00adti\u00adons\u00adri\u00adsi\u00adko\u201c erken\u00adnen und redu\u00adzie\u00adren&nbsp;l\u00e4sst.<\/p>\n","protected":false},"excerpt":{"rendered":"<p>Gesun\u00adde Luft in B\u00fcro\u00adr\u00e4u\u00admen ist essen\u00adzi\u00adell f\u00fcr das Wohl\u00adbe\u00adfin\u00adden und die Pro\u00adduk\u00adti\u00advi\u00adt\u00e4t der Besch\u00e4f\u00adtig\u00adten. Genau\u00adso wich\u00adtig ist es, ein m\u00f6g\u00adli\u00adches Infek\u00adti\u00adons\u00adri\u00adsi\u00adko in sol\u00adchen Arbeits\u00adum\u00adge\u00adbun\u00adgen zu ken\u00adnen. Hier\u00adbei hilft ein Tool der RWTH Aachen University.<\/p>\n","protected":false},"author":1,"featured_media":1070,"comment_status":"closed","ping_status":"closed","sticky":false,"template":"","format":"standard","meta":{"wp_typography_post_enhancements_disabled":false,"footnotes":""},"categories":[1],"tags":[],"class_list":["post-1069","post","type-post","status-publish","format-standard","has-post-thumbnail","hentry","category-allgemein"],"yoast_head":"<!-- This site is optimized with the Yoast SEO plugin v27.3 - https:\/\/yoast.com\/product\/yoast-seo-wordpress\/ -->\n<title>Wie B\u00fcroluft die Mitarbeitergesundheit beeinflusst - PRIMAB\u00dcROKLIMA<\/title>\n<meta name=\"description\" content=\"Dr. Kai Rewitz und Prof. Dr. Dirk M\u00fcller von der RWTH Aachen geben wissen, wie sich das \u201eaerosolgebundene Infektionsrisiko\u201c reduzieren l\u00e4sst.\" \/>\n<meta name=\"robots\" content=\"index, follow, max-snippet:-1, max-image-preview:large, max-video-preview:-1\" \/>\n<link rel=\"canonical\" href=\"https:\/\/office-roxx.de\/primabueroklima\/wie-bueroluft-die-mitarbeitergesundheit-beeinflusst\/\" \/>\n<meta property=\"og:locale\" content=\"de_DE\" \/>\n<meta property=\"og:type\" content=\"article\" \/>\n<meta property=\"og:title\" content=\"Wie B\u00fcroluft die Mitarbeitergesundheit beeinflusst - PRIMAB\u00dcROKLIMA\" \/>\n<meta property=\"og:description\" content=\"Dr. Kai Rewitz und Prof. Dr. Dirk M\u00fcller von der RWTH Aachen geben wissen, wie sich das \u201eaerosolgebundene Infektionsrisiko\u201c reduzieren l\u00e4sst.\" \/>\n<meta property=\"og:url\" content=\"https:\/\/office-roxx.de\/primabueroklima\/wie-bueroluft-die-mitarbeitergesundheit-beeinflusst\/\" \/>\n<meta property=\"og:site_name\" content=\"PRIMAB\u00dcROKLIMA\" \/>\n<meta property=\"article:published_time\" content=\"2021-08-31T08:00:00+00:00\" \/>\n<meta property=\"article:modified_time\" content=\"2021-08-31T08:55:52+00:00\" \/>\n<meta property=\"og:image\" content=\"http:\/\/h3068839.stratoserver.net\/office-roxx\/primabueroklima\/wp-content\/uploads\/2021\/08\/hygrometer-1-1421353.jpg\" \/>\n\t<meta property=\"og:image:width\" content=\"1000\" \/>\n\t<meta property=\"og:image:height\" content=\"681\" \/>\n\t<meta property=\"og:image:type\" content=\"image\/jpeg\" \/>\n<meta name=\"author\" content=\"Team-PBK\" \/>\n<meta name=\"twitter:card\" content=\"summary_large_image\" \/>\n<meta name=\"twitter:label1\" content=\"Verfasst von\" \/>\n\t<meta name=\"twitter:data1\" content=\"Team-PBK\" \/>\n\t<meta name=\"twitter:label2\" content=\"Gesch\u00e4tzte Lesezeit\" \/>\n\t<meta name=\"twitter:data2\" content=\"1\u00a0Minute\" \/>\n<script type=\"application\/ld+json\" class=\"yoast-schema-graph\">{\"@context\":\"https:\\\/\\\/schema.org\",\"@graph\":[{\"@type\":\"Article\",\"@id\":\"https:\\\/\\\/office-roxx.de\\\/primabueroklima\\\/wie-bueroluft-die-mitarbeitergesundheit-beeinflusst\\\/#article\",\"isPartOf\":{\"@id\":\"https:\\\/\\\/office-roxx.de\\\/primabueroklima\\\/wie-bueroluft-die-mitarbeitergesundheit-beeinflusst\\\/\"},\"author\":{\"name\":\"Team-PBK\",\"@id\":\"https:\\\/\\\/office-roxx.de\\\/primabueroklima\\\/#\\\/schema\\\/person\\\/aaff4d37a59d78dad48543c1cf5d7b0e\"},\"headline\":\"Wie B\u00fcroluft die Mitarbeitergesundheit beeinflusst\",\"datePublished\":\"2021-08-31T08:00:00+00:00\",\"dateModified\":\"2021-08-31T08:55:52+00:00\",\"mainEntityOfPage\":{\"@id\":\"https:\\\/\\\/office-roxx.de\\\/primabueroklima\\\/wie-bueroluft-die-mitarbeitergesundheit-beeinflusst\\\/\"},\"wordCount\":115,\"publisher\":{\"@id\":\"https:\\\/\\\/office-roxx.de\\\/primabueroklima\\\/#organization\"},\"image\":{\"@id\":\"https:\\\/\\\/office-roxx.de\\\/primabueroklima\\\/wie-bueroluft-die-mitarbeitergesundheit-beeinflusst\\\/#primaryimage\"},\"thumbnailUrl\":\"https:\\\/\\\/office-roxx.de\\\/primabueroklima\\\/wp-content\\\/uploads\\\/2021\\\/08\\\/hygrometer-1-1421353.jpg\",\"inLanguage\":\"de\"},{\"@type\":\"WebPage\",\"@id\":\"https:\\\/\\\/office-roxx.de\\\/primabueroklima\\\/wie-bueroluft-die-mitarbeitergesundheit-beeinflusst\\\/\",\"url\":\"https:\\\/\\\/office-roxx.de\\\/primabueroklima\\\/wie-bueroluft-die-mitarbeitergesundheit-beeinflusst\\\/\",\"name\":\"Wie B\u00fcroluft die Mitarbeitergesundheit beeinflusst - PRIMAB\u00dcROKLIMA\",\"isPartOf\":{\"@id\":\"https:\\\/\\\/office-roxx.de\\\/primabueroklima\\\/#website\"},\"primaryImageOfPage\":{\"@id\":\"https:\\\/\\\/office-roxx.de\\\/primabueroklima\\\/wie-bueroluft-die-mitarbeitergesundheit-beeinflusst\\\/#primaryimage\"},\"image\":{\"@id\":\"https:\\\/\\\/office-roxx.de\\\/primabueroklima\\\/wie-bueroluft-die-mitarbeitergesundheit-beeinflusst\\\/#primaryimage\"},\"thumbnailUrl\":\"https:\\\/\\\/office-roxx.de\\\/primabueroklima\\\/wp-content\\\/uploads\\\/2021\\\/08\\\/hygrometer-1-1421353.jpg\",\"datePublished\":\"2021-08-31T08:00:00+00:00\",\"dateModified\":\"2021-08-31T08:55:52+00:00\",\"description\":\"Dr. Kai Rewitz und Prof. Dr. Dirk M\u00fcller von der RWTH Aachen geben wissen, wie sich das \u201eaerosolgebundene Infektionsrisiko\u201c reduzieren l\u00e4sst.\",\"breadcrumb\":{\"@id\":\"https:\\\/\\\/office-roxx.de\\\/primabueroklima\\\/wie-bueroluft-die-mitarbeitergesundheit-beeinflusst\\\/#breadcrumb\"},\"inLanguage\":\"de\",\"potentialAction\":[{\"@type\":\"ReadAction\",\"target\":[\"https:\\\/\\\/office-roxx.de\\\/primabueroklima\\\/wie-bueroluft-die-mitarbeitergesundheit-beeinflusst\\\/\"]}]},{\"@type\":\"ImageObject\",\"inLanguage\":\"de\",\"@id\":\"https:\\\/\\\/office-roxx.de\\\/primabueroklima\\\/wie-bueroluft-die-mitarbeitergesundheit-beeinflusst\\\/#primaryimage\",\"url\":\"https:\\\/\\\/office-roxx.de\\\/primabueroklima\\\/wp-content\\\/uploads\\\/2021\\\/08\\\/hygrometer-1-1421353.jpg\",\"contentUrl\":\"https:\\\/\\\/office-roxx.de\\\/primabueroklima\\\/wp-content\\\/uploads\\\/2021\\\/08\\\/hygrometer-1-1421353.jpg\",\"width\":1000,\"height\":681,\"caption\":\"Mit der richtigen Luftfeuchte in B\u00fcror\u00e4umen sind Besch\u00e4ftigte seltener krank. Abbildung: Iwan Beijes, FreeImages\"},{\"@type\":\"BreadcrumbList\",\"@id\":\"https:\\\/\\\/office-roxx.de\\\/primabueroklima\\\/wie-bueroluft-die-mitarbeitergesundheit-beeinflusst\\\/#breadcrumb\",\"itemListElement\":[{\"@type\":\"ListItem\",\"position\":1,\"name\":\"Startseite\",\"item\":\"https:\\\/\\\/office-roxx.de\\\/primabueroklima\\\/\"},{\"@type\":\"ListItem\",\"position\":2,\"name\":\"Wie B\u00fcroluft die Mitarbeitergesundheit beeinflusst\"}]},{\"@type\":\"WebSite\",\"@id\":\"https:\\\/\\\/office-roxx.de\\\/primabueroklima\\\/#website\",\"url\":\"https:\\\/\\\/office-roxx.de\\\/primabueroklima\\\/\",\"name\":\"PRIMAB\u00dcROKLIMA\",\"description\":\"F\u00fcr eine bessere Luftqualit\u00e4t in Office-Umgebungen\",\"publisher\":{\"@id\":\"https:\\\/\\\/office-roxx.de\\\/primabueroklima\\\/#organization\"},\"potentialAction\":[{\"@type\":\"SearchAction\",\"target\":{\"@type\":\"EntryPoint\",\"urlTemplate\":\"https:\\\/\\\/office-roxx.de\\\/primabueroklima\\\/?s={search_term_string}\"},\"query-input\":{\"@type\":\"PropertyValueSpecification\",\"valueRequired\":true,\"valueName\":\"search_term_string\"}}],\"inLanguage\":\"de\"},{\"@type\":\"Organization\",\"@id\":\"https:\\\/\\\/office-roxx.de\\\/primabueroklima\\\/#organization\",\"name\":\"PRIMAB\u00dcROKLIMA\",\"url\":\"https:\\\/\\\/office-roxx.de\\\/primabueroklima\\\/\",\"logo\":{\"@type\":\"ImageObject\",\"inLanguage\":\"de\",\"@id\":\"https:\\\/\\\/office-roxx.de\\\/primabueroklima\\\/#\\\/schema\\\/logo\\\/image\\\/\",\"url\":\"https:\\\/\\\/office-roxx.de\\\/primabueroklima\\\/wp-content\\\/uploads\\\/2020\\\/09\\\/Prima-Klima-Logo_Farbe_beschn.jpg\",\"contentUrl\":\"https:\\\/\\\/office-roxx.de\\\/primabueroklima\\\/wp-content\\\/uploads\\\/2020\\\/09\\\/Prima-Klima-Logo_Farbe_beschn.jpg\",\"width\":1000,\"height\":675,\"caption\":\"PRIMAB\u00dcROKLIMA\"},\"image\":{\"@id\":\"https:\\\/\\\/office-roxx.de\\\/primabueroklima\\\/#\\\/schema\\\/logo\\\/image\\\/\"}},{\"@type\":\"Person\",\"@id\":\"https:\\\/\\\/office-roxx.de\\\/primabueroklima\\\/#\\\/schema\\\/person\\\/aaff4d37a59d78dad48543c1cf5d7b0e\",\"name\":\"Team-PBK\",\"image\":{\"@type\":\"ImageObject\",\"inLanguage\":\"de\",\"@id\":\"https:\\\/\\\/secure.gravatar.com\\\/avatar\\\/e7f38084968dcbb88b923f48395eb5ec7c3ad3102c6db95eccceb504d4317f39?s=96&d=mm&r=g\",\"url\":\"https:\\\/\\\/secure.gravatar.com\\\/avatar\\\/e7f38084968dcbb88b923f48395eb5ec7c3ad3102c6db95eccceb504d4317f39?s=96&d=mm&r=g\",\"contentUrl\":\"https:\\\/\\\/secure.gravatar.com\\\/avatar\\\/e7f38084968dcbb88b923f48395eb5ec7c3ad3102c6db95eccceb504d4317f39?s=96&d=mm&r=g\",\"caption\":\"Team-PBK\"},\"sameAs\":[\"https:\\\/\\\/office-roxx.de\\\/primabueroklima\"],\"url\":\"https:\\\/\\\/office-roxx.de\\\/primabueroklima\\\/author\\\/team-pbk\\\/\"}]}<\/script>\n<!-- \/ Yoast SEO plugin. -->","yoast_head_json":{"title":"Wie B\u00fcroluft die Mitarbeitergesundheit beeinflusst - PRIMAB\u00dcROKLIMA","description":"Dr. Kai Rewitz und Prof. Dr. Dirk M\u00fcller von der RWTH Aachen geben wissen, wie sich das \u201eaerosolgebundene Infektionsrisiko\u201c reduzieren l\u00e4sst.","robots":{"index":"index","follow":"follow","max-snippet":"max-snippet:-1","max-image-preview":"max-image-preview:large","max-video-preview":"max-video-preview:-1"},"canonical":"https:\/\/office-roxx.de\/primabueroklima\/wie-bueroluft-die-mitarbeitergesundheit-beeinflusst\/","og_locale":"de_DE","og_type":"article","og_title":"Wie B\u00fcroluft die Mitarbeitergesundheit beeinflusst - PRIMAB\u00dcROKLIMA","og_description":"Dr. Kai Rewitz und Prof. Dr. Dirk M\u00fcller von der RWTH Aachen geben wissen, wie sich das \u201eaerosolgebundene Infektionsrisiko\u201c reduzieren l\u00e4sst.","og_url":"https:\/\/office-roxx.de\/primabueroklima\/wie-bueroluft-die-mitarbeitergesundheit-beeinflusst\/","og_site_name":"PRIMAB\u00dcROKLIMA","article_published_time":"2021-08-31T08:00:00+00:00","article_modified_time":"2021-08-31T08:55:52+00:00","og_image":[{"width":1000,"height":681,"url":"http:\/\/h3068839.stratoserver.net\/office-roxx\/primabueroklima\/wp-content\/uploads\/2021\/08\/hygrometer-1-1421353.jpg","type":"image\/jpeg"}],"author":"Team-PBK","twitter_card":"summary_large_image","twitter_misc":{"Verfasst von":"Team-PBK","Gesch\u00e4tzte Lesezeit":"1\u00a0Minute"},"schema":{"@context":"https:\/\/schema.org","@graph":[{"@type":"Article","@id":"https:\/\/office-roxx.de\/primabueroklima\/wie-bueroluft-die-mitarbeitergesundheit-beeinflusst\/#article","isPartOf":{"@id":"https:\/\/office-roxx.de\/primabueroklima\/wie-bueroluft-die-mitarbeitergesundheit-beeinflusst\/"},"author":{"name":"Team-PBK","@id":"https:\/\/office-roxx.de\/primabueroklima\/#\/schema\/person\/aaff4d37a59d78dad48543c1cf5d7b0e"},"headline":"Wie B\u00fcroluft die Mitarbeitergesundheit beeinflusst","datePublished":"2021-08-31T08:00:00+00:00","dateModified":"2021-08-31T08:55:52+00:00","mainEntityOfPage":{"@id":"https:\/\/office-roxx.de\/primabueroklima\/wie-bueroluft-die-mitarbeitergesundheit-beeinflusst\/"},"wordCount":115,"publisher":{"@id":"https:\/\/office-roxx.de\/primabueroklima\/#organization"},"image":{"@id":"https:\/\/office-roxx.de\/primabueroklima\/wie-bueroluft-die-mitarbeitergesundheit-beeinflusst\/#primaryimage"},"thumbnailUrl":"https:\/\/office-roxx.de\/primabueroklima\/wp-content\/uploads\/2021\/08\/hygrometer-1-1421353.jpg","inLanguage":"de"},{"@type":"WebPage","@id":"https:\/\/office-roxx.de\/primabueroklima\/wie-bueroluft-die-mitarbeitergesundheit-beeinflusst\/","url":"https:\/\/office-roxx.de\/primabueroklima\/wie-bueroluft-die-mitarbeitergesundheit-beeinflusst\/","name":"Wie B\u00fcroluft die Mitarbeitergesundheit beeinflusst - PRIMAB\u00dcROKLIMA","isPartOf":{"@id":"https:\/\/office-roxx.de\/primabueroklima\/#website"},"primaryImageOfPage":{"@id":"https:\/\/office-roxx.de\/primabueroklima\/wie-bueroluft-die-mitarbeitergesundheit-beeinflusst\/#primaryimage"},"image":{"@id":"https:\/\/office-roxx.de\/primabueroklima\/wie-bueroluft-die-mitarbeitergesundheit-beeinflusst\/#primaryimage"},"thumbnailUrl":"https:\/\/office-roxx.de\/primabueroklima\/wp-content\/uploads\/2021\/08\/hygrometer-1-1421353.jpg","datePublished":"2021-08-31T08:00:00+00:00","dateModified":"2021-08-31T08:55:52+00:00","description":"Dr. Kai Rewitz und Prof. Dr. Dirk M\u00fcller von der RWTH Aachen geben wissen, wie sich das \u201eaerosolgebundene Infektionsrisiko\u201c reduzieren l\u00e4sst.","breadcrumb":{"@id":"https:\/\/office-roxx.de\/primabueroklima\/wie-bueroluft-die-mitarbeitergesundheit-beeinflusst\/#breadcrumb"},"inLanguage":"de","potentialAction":[{"@type":"ReadAction","target":["https:\/\/office-roxx.de\/primabueroklima\/wie-bueroluft-die-mitarbeitergesundheit-beeinflusst\/"]}]},{"@type":"ImageObject","inLanguage":"de","@id":"https:\/\/office-roxx.de\/primabueroklima\/wie-bueroluft-die-mitarbeitergesundheit-beeinflusst\/#primaryimage","url":"https:\/\/office-roxx.de\/primabueroklima\/wp-content\/uploads\/2021\/08\/hygrometer-1-1421353.jpg","contentUrl":"https:\/\/office-roxx.de\/primabueroklima\/wp-content\/uploads\/2021\/08\/hygrometer-1-1421353.jpg","width":1000,"height":681,"caption":"Mit der richtigen Luftfeuchte in B\u00fcror\u00e4umen sind Besch\u00e4ftigte seltener krank. Abbildung: Iwan Beijes, FreeImages"},{"@type":"BreadcrumbList","@id":"https:\/\/office-roxx.de\/primabueroklima\/wie-bueroluft-die-mitarbeitergesundheit-beeinflusst\/#breadcrumb","itemListElement":[{"@type":"ListItem","position":1,"name":"Startseite","item":"https:\/\/office-roxx.de\/primabueroklima\/"},{"@type":"ListItem","position":2,"name":"Wie B\u00fcroluft die Mitarbeitergesundheit beeinflusst"}]},{"@type":"WebSite","@id":"https:\/\/office-roxx.de\/primabueroklima\/#website","url":"https:\/\/office-roxx.de\/primabueroklima\/","name":"PRIMAB\u00dcROKLIMA","description":"F\u00fcr eine bessere Luftqualit\u00e4t in Office-Umgebungen","publisher":{"@id":"https:\/\/office-roxx.de\/primabueroklima\/#organization"},"potentialAction":[{"@type":"SearchAction","target":{"@type":"EntryPoint","urlTemplate":"https:\/\/office-roxx.de\/primabueroklima\/?s={search_term_string}"},"query-input":{"@type":"PropertyValueSpecification","valueRequired":true,"valueName":"search_term_string"}}],"inLanguage":"de"},{"@type":"Organization","@id":"https:\/\/office-roxx.de\/primabueroklima\/#organization","name":"PRIMAB\u00dcROKLIMA","url":"https:\/\/office-roxx.de\/primabueroklima\/","logo":{"@type":"ImageObject","inLanguage":"de","@id":"https:\/\/office-roxx.de\/primabueroklima\/#\/schema\/logo\/image\/","url":"https:\/\/office-roxx.de\/primabueroklima\/wp-content\/uploads\/2020\/09\/Prima-Klima-Logo_Farbe_beschn.jpg","contentUrl":"https:\/\/office-roxx.de\/primabueroklima\/wp-content\/uploads\/2020\/09\/Prima-Klima-Logo_Farbe_beschn.jpg","width":1000,"height":675,"caption":"PRIMAB\u00dcROKLIMA"},"image":{"@id":"https:\/\/office-roxx.de\/primabueroklima\/#\/schema\/logo\/image\/"}},{"@type":"Person","@id":"https:\/\/office-roxx.de\/primabueroklima\/#\/schema\/person\/aaff4d37a59d78dad48543c1cf5d7b0e","name":"Team-PBK","image":{"@type":"ImageObject","inLanguage":"de","@id":"https:\/\/secure.gravatar.com\/avatar\/e7f38084968dcbb88b923f48395eb5ec7c3ad3102c6db95eccceb504d4317f39?s=96&d=mm&r=g","url":"https:\/\/secure.gravatar.com\/avatar\/e7f38084968dcbb88b923f48395eb5ec7c3ad3102c6db95eccceb504d4317f39?s=96&d=mm&r=g","contentUrl":"https:\/\/secure.gravatar.com\/avatar\/e7f38084968dcbb88b923f48395eb5ec7c3ad3102c6db95eccceb504d4317f39?s=96&d=mm&r=g","caption":"Team-PBK"},"sameAs":["https:\/\/office-roxx.de\/primabueroklima"],"url":"https:\/\/office-roxx.de\/primabueroklima\/author\/team-pbk\/"}]}},"_links":{"self":[{"href":"https:\/\/office-roxx.de\/primabueroklima\/wp-json\/wp\/v2\/posts\/1069","targetHints":{"allow":["GET"]}}],"collection":[{"href":"https:\/\/office-roxx.de\/primabueroklima\/wp-json\/wp\/v2\/posts"}],"about":[{"href":"https:\/\/office-roxx.de\/primabueroklima\/wp-json\/wp\/v2\/types\/post"}],"author":[{"embeddable":true,"href":"https:\/\/office-roxx.de\/primabueroklima\/wp-json\/wp\/v2\/users\/1"}],"replies":[{"embeddable":true,"href":"https:\/\/office-roxx.de\/primabueroklima\/wp-json\/wp\/v2\/comments?post=1069"}],"version-history":[{"count":3,"href":"https:\/\/office-roxx.de\/primabueroklima\/wp-json\/wp\/v2\/posts\/1069\/revisions"}],"predecessor-version":[{"id":1073,"href":"https:\/\/office-roxx.de\/primabueroklima\/wp-json\/wp\/v2\/posts\/1069\/revisions\/1073"}],"wp:featuredmedia":[{"embeddable":true,"href":"https:\/\/office-roxx.de\/primabueroklima\/wp-json\/wp\/v2\/media\/1070"}],"wp:attachment":[{"href":"https:\/\/office-roxx.de\/primabueroklima\/wp-json\/wp\/v2\/media?parent=1069"}],"wp:term":[{"taxonomy":"category","embeddable":true,"href":"https:\/\/office-roxx.de\/primabueroklima\/wp-json\/wp\/v2\/categories?post=1069"},{"taxonomy":"post_tag","embeddable":true,"href":"https:\/\/office-roxx.de\/primabueroklima\/wp-json\/wp\/v2\/tags?post=1069"}],"curies":[{"name":"wp","href":"https:\/\/api.w.org\/{rel}","templated":true}]}}