{"id":1062,"date":"2021-09-13T07:30:00","date_gmt":"2021-09-13T05:30:00","guid":{"rendered":"https:\/\/office-roxx.de\/primabueroklima\/?p=1062"},"modified":"2021-09-01T16:07:23","modified_gmt":"2021-09-01T14:07:23","slug":"gfu-saubere-luft-ist-gefragt","status":"publish","type":"post","link":"https:\/\/office-roxx.de\/primabueroklima\/gfu-saubere-luft-ist-gefragt\/","title":{"rendered":"Gfu: Saubere Luft ist gefragt"},"content":{"rendered":"<p>2020 ist der Ver\u00adkauf von Luft\u00adrei\u00adni\u00adgungs\u00adsys\u00adte\u00admen in Deutsch\u00adland stark ange\u00adstie\u00adgen. Das zei\u00adgen k\u00fcrz\u00adlich ver\u00ad\u00f6f\u00adfent\u00adlich\u00adte Markt\u00adzah\u00adlen der Gfu Con\u00adsu\u00admer &amp; Home Elec\u00adtro\u00adnics&nbsp;GmbH.<\/p>\n<p><!--more--><\/p>\n<figure id=\"attachment_1064\" aria-describedby=\"caption-attachment-1064\" style=\"width: 600px\" class=\"wp-caption aligncenter\"><img loading=\"lazy\" decoding=\"async\" class=\"wp-image-1064 ml-lightbox-enabled\" src=\"https:\/\/office-roxx.de\/primabueroklima\/wp-content\/uploads\/2021\/09\/210808-Gfu-Infografik-Luftreiniger.png\" alt=\"Prozentwerte der Marktzahlen beziehen sich auf den vergleichbaren Vorjahreszeitraum. Abbildung: Gfu\" width=\"600\" height=\"305\" srcset=\"https:\/\/office-roxx.de\/primabueroklima\/wp-content\/uploads\/2021\/09\/210808-Gfu-Infografik-Luftreiniger.png 1000w, https:\/\/office-roxx.de\/primabueroklima\/wp-content\/uploads\/2021\/09\/210808-Gfu-Infografik-Luftreiniger-300x153.png 300w, https:\/\/office-roxx.de\/primabueroklima\/wp-content\/uploads\/2021\/09\/210808-Gfu-Infografik-Luftreiniger-768x391.png 768w\" sizes=\"auto, (max-width: 600px) 100vw, 600px\"><figcaption id=\"caption-attachment-1064\" class=\"wp-caption-text\">Pro\u00adzent\u00adwer\u00adte der Markt\u00adzah\u00adlen bezie\u00adhen sich auf den ver\u00adgleich\u00adba\u00adren Vor\u00adjah\u00adres\u00adzeit\u00adraum. Abbil\u00addung:&nbsp;Gfu<\/figcaption><\/figure>\n<p>Die Coro\u00adna-Pan\u00adde\u00admie hat in den letz\u00adten Mona\u00adten auch hier\u00adzu\u00adlan\u00adde eine Fra\u00adge st\u00e4r\u00adker in den Fokus ger\u00fcckt, die die Men\u00adschen in vie\u00adlen Regio\u00adnen der Welt schon l\u00e4n\u00adger besch\u00e4f\u00adtigt: Wie gut ist die Luft\u00adqua\u00adli\u00adt\u00e4t zu Hau\u00adse, im B\u00fcro, in der Schu\u00adle oder in Ver\u00adkaufs\u00adr\u00e4u\u00admen? Ent\u00adspre\u00adchend erfreu\u00aden sich Fil\u00adter und ande\u00adre Rei\u00adni\u00adgungs\u00adme\u00adtho\u00adden nicht nur in den von Smog geplag\u00adten Metro\u00adpo\u00adlen Ame\u00adri\u00adkas und Asi\u00adens, son\u00addern inzwi\u00adschen auch in Euro\u00adpa und beson\u00adders in Deutsch\u00adland gro\u00ad\u00dfer Beliebtheit.<\/p>\n<h2>Luftreiniger mit starkem Wachstum in Deutschland<\/h2>\n<p>Unter den f\u00fcnf gr\u00f6\u00df\u00adten M\u00e4rk\u00adten in Euro\u00adpa (Deutsch\u00adland, Frank\u00adreich, Ita\u00adli\u00aden, Spa\u00adni\u00aden, Gro\u00df\u00adbri\u00adtan\u00adni\u00aden) ver\u00adzeich\u00adne\u00adte im Jahr 2020 Deutsch\u00adland das mit Abstand st\u00e4rks\u00adte Wachs\u00adtum bei Luft\u00adrei\u00adni\u00adgern. Rund eine Mil\u00adli\u00adon Ger\u00e4\u00adte wur\u00adden hier abge\u00adsetzt (+154 Pro\u00adzent) und damit ein Umsatz\u00advo\u00adlu\u00admen von rund 166 Mil\u00adlio\u00adnen Euro erzielt (+167 Pro\u00adzent). Im ers\u00adten Halb\u00adjahr 2021 setz\u00adte sich der Markt\u00ader\u00adfolg unge\u00adbremst fort: Mit 416.000 ver\u00adkauf\u00adten Luft\u00adrei\u00adni\u00adgern (+124 Pro\u00adzent) wur\u00adden knapp 110 Mil\u00adlio\u00adnen Euro umge\u00adsetzt (+126 Prozent).<\/p>\n<p>\u201eDie stei\u00adgen\u00adde Anzahl von Men\u00adschen mit All\u00ader\u00adgien, die oft schlech\u00adte Luft\u00adqua\u00adli\u00adt\u00e4t in Bal\u00adlungs\u00adzen\u00adtren sowie das wach\u00adsen\u00adde Bed\u00fcrf\u00adnis der Men\u00adschen, f\u00fcr sich und ihren K\u00f6r\u00adper etwas Gutes zu tun, wer\u00adden auch unab\u00adh\u00e4n\u00adgig von der Pan\u00adde\u00admie f\u00fcr wei\u00adte\u00adres Wachs\u00adtum in die\u00adsem Pro\u00addukt\u00adfeld sor\u00adgen\u201c, erkl\u00e4rt die <a href=\"https:\/\/gfu.de\/\" target=\"_blank\" rel=\"noopener\">Gfu<\/a>-Gesch\u00e4fts\u00adf\u00fch\u00adre\u00adrin Dr. Sara War\u00adne\u00adke den&nbsp;Trend.<\/p>\n<h2>Luftreiniger senken Schadstoffbelastungen in Innenr\u00e4umen<\/h2>\n<p>Nicht nur die Redu\u00adzie\u00adrung von Viren ist ein gutes Argu\u00adment f\u00fcr Luft\u00adrei\u00adni\u00adger. W\u00e4h\u00adrend im Frei\u00aden der Wind f\u00fcr Luft\u00adaus\u00adtausch sorgt, rei\u00adchern sich Schweb\u00adstof\u00adfe, All\u00ader\u00adge\u00adne, Viren und Bak\u00adte\u00adri\u00aden sowie Aero\u00adsol\u00adpar\u00adti\u00adkel in der Woh\u00adnungs\u00adluft an. Sie scha\u00adden erwie\u00adse\u00adner\u00adma\u00ad\u00dfen der Gesund\u00adheit oder beein\u00adtr\u00e4ch\u00adti\u00adgen das Wohl\u00adbe\u00adfin\u00adden. Beson\u00adders betrof\u00adfen sind All\u00ader\u00adgi\u00adker. Gute Argu\u00admen\u00adte also f\u00fcr Luft\u00adrei\u00adni\u00adger, die zuver\u00adl\u00e4s\u00adsig die Staub-, Pol\u00adlen- und Viren\u00adbe\u00adlas\u00adtung der Luft sen\u00adken k\u00f6nnen.<\/p>\n","protected":false},"excerpt":{"rendered":"<p>2020 ist der Ver\u00adkauf von Luft\u00adrei\u00adni\u00adgungs\u00adsys\u00adte\u00admen in Deutsch\u00adland stark ange\u00adstie\u00adgen. Das zei\u00adgen k\u00fcrz\u00adlich ver\u00ad\u00f6f\u00adfent\u00adlich\u00adte Markt\u00adzah\u00adlen der Gfu Con\u00adsu\u00admer &amp; Home Elec\u00adtro\u00adnics&nbsp;GmbH.<\/p>\n","protected":false},"author":1,"featured_media":1064,"comment_status":"closed","ping_status":"closed","sticky":false,"template":"","format":"standard","meta":{"wp_typography_post_enhancements_disabled":false,"footnotes":""},"categories":[1],"tags":[10],"class_list":["post-1062","post","type-post","status-publish","format-standard","has-post-thumbnail","hentry","category-allgemein","tag-luftreinigung"],"yoast_head":"<!-- This site is optimized with the Yoast SEO plugin v27.3 - https:\/\/yoast.com\/product\/yoast-seo-wordpress\/ -->\n<title>Gfu: Saubere Luft ist gefragt - PRIMAB\u00dcROKLIMA<\/title>\n<meta name=\"description\" content=\"Im Jahr 2020 ist der Verkauf von Luftreinigern in Deutschland stark angestiegen. Das zeigen k\u00fcrzlich ver\u00f6ffentlichte Marktzahlen der Gfu.\" \/>\n<meta name=\"robots\" content=\"index, follow, max-snippet:-1, max-image-preview:large, max-video-preview:-1\" \/>\n<link rel=\"canonical\" href=\"https:\/\/office-roxx.de\/primabueroklima\/gfu-saubere-luft-ist-gefragt\/\" \/>\n<meta property=\"og:locale\" content=\"de_DE\" \/>\n<meta property=\"og:type\" content=\"article\" \/>\n<meta property=\"og:title\" content=\"Gfu: Saubere Luft ist gefragt - PRIMAB\u00dcROKLIMA\" \/>\n<meta property=\"og:description\" content=\"Im Jahr 2020 ist der Verkauf von Luftreinigern in Deutschland stark angestiegen. Das zeigen k\u00fcrzlich ver\u00f6ffentlichte Marktzahlen der Gfu.\" \/>\n<meta property=\"og:url\" content=\"https:\/\/office-roxx.de\/primabueroklima\/gfu-saubere-luft-ist-gefragt\/\" \/>\n<meta property=\"og:site_name\" content=\"PRIMAB\u00dcROKLIMA\" \/>\n<meta property=\"article:published_time\" content=\"2021-09-13T05:30:00+00:00\" \/>\n<meta property=\"og:image\" content=\"http:\/\/h3068839.stratoserver.net\/office-roxx\/primabueroklima\/wp-content\/uploads\/2021\/09\/210808-Gfu-Infografik-Luftreiniger.png\" \/>\n\t<meta property=\"og:image:width\" content=\"1000\" \/>\n\t<meta property=\"og:image:height\" content=\"509\" \/>\n\t<meta property=\"og:image:type\" content=\"image\/png\" \/>\n<meta name=\"author\" content=\"Team-PBK\" \/>\n<meta name=\"twitter:card\" content=\"summary_large_image\" \/>\n<meta name=\"twitter:label1\" content=\"Verfasst von\" \/>\n\t<meta name=\"twitter:data1\" content=\"Team-PBK\" \/>\n\t<meta name=\"twitter:label2\" content=\"Gesch\u00e4tzte Lesezeit\" \/>\n\t<meta name=\"twitter:data2\" content=\"2\u00a0Minuten\" \/>\n<script type=\"application\/ld+json\" class=\"yoast-schema-graph\">{\"@context\":\"https:\\\/\\\/schema.org\",\"@graph\":[{\"@type\":\"Article\",\"@id\":\"https:\\\/\\\/office-roxx.de\\\/primabueroklima\\\/gfu-saubere-luft-ist-gefragt\\\/#article\",\"isPartOf\":{\"@id\":\"https:\\\/\\\/office-roxx.de\\\/primabueroklima\\\/gfu-saubere-luft-ist-gefragt\\\/\"},\"author\":{\"name\":\"Team-PBK\",\"@id\":\"https:\\\/\\\/office-roxx.de\\\/primabueroklima\\\/#\\\/schema\\\/person\\\/aaff4d37a59d78dad48543c1cf5d7b0e\"},\"headline\":\"Gfu: Saubere Luft ist gefragt\",\"datePublished\":\"2021-09-13T05:30:00+00:00\",\"mainEntityOfPage\":{\"@id\":\"https:\\\/\\\/office-roxx.de\\\/primabueroklima\\\/gfu-saubere-luft-ist-gefragt\\\/\"},\"wordCount\":331,\"publisher\":{\"@id\":\"https:\\\/\\\/office-roxx.de\\\/primabueroklima\\\/#organization\"},\"image\":{\"@id\":\"https:\\\/\\\/office-roxx.de\\\/primabueroklima\\\/gfu-saubere-luft-ist-gefragt\\\/#primaryimage\"},\"thumbnailUrl\":\"https:\\\/\\\/office-roxx.de\\\/primabueroklima\\\/wp-content\\\/uploads\\\/2021\\\/09\\\/210808-Gfu-Infografik-Luftreiniger.png\",\"keywords\":[\"Luftreinigung\"],\"inLanguage\":\"de\"},{\"@type\":\"WebPage\",\"@id\":\"https:\\\/\\\/office-roxx.de\\\/primabueroklima\\\/gfu-saubere-luft-ist-gefragt\\\/\",\"url\":\"https:\\\/\\\/office-roxx.de\\\/primabueroklima\\\/gfu-saubere-luft-ist-gefragt\\\/\",\"name\":\"Gfu: Saubere Luft ist gefragt - PRIMAB\u00dcROKLIMA\",\"isPartOf\":{\"@id\":\"https:\\\/\\\/office-roxx.de\\\/primabueroklima\\\/#website\"},\"primaryImageOfPage\":{\"@id\":\"https:\\\/\\\/office-roxx.de\\\/primabueroklima\\\/gfu-saubere-luft-ist-gefragt\\\/#primaryimage\"},\"image\":{\"@id\":\"https:\\\/\\\/office-roxx.de\\\/primabueroklima\\\/gfu-saubere-luft-ist-gefragt\\\/#primaryimage\"},\"thumbnailUrl\":\"https:\\\/\\\/office-roxx.de\\\/primabueroklima\\\/wp-content\\\/uploads\\\/2021\\\/09\\\/210808-Gfu-Infografik-Luftreiniger.png\",\"datePublished\":\"2021-09-13T05:30:00+00:00\",\"description\":\"Im Jahr 2020 ist der Verkauf von Luftreinigern in Deutschland stark angestiegen. Das zeigen k\u00fcrzlich ver\u00f6ffentlichte Marktzahlen der Gfu.\",\"breadcrumb\":{\"@id\":\"https:\\\/\\\/office-roxx.de\\\/primabueroklima\\\/gfu-saubere-luft-ist-gefragt\\\/#breadcrumb\"},\"inLanguage\":\"de\",\"potentialAction\":[{\"@type\":\"ReadAction\",\"target\":[\"https:\\\/\\\/office-roxx.de\\\/primabueroklima\\\/gfu-saubere-luft-ist-gefragt\\\/\"]}]},{\"@type\":\"ImageObject\",\"inLanguage\":\"de\",\"@id\":\"https:\\\/\\\/office-roxx.de\\\/primabueroklima\\\/gfu-saubere-luft-ist-gefragt\\\/#primaryimage\",\"url\":\"https:\\\/\\\/office-roxx.de\\\/primabueroklima\\\/wp-content\\\/uploads\\\/2021\\\/09\\\/210808-Gfu-Infografik-Luftreiniger.png\",\"contentUrl\":\"https:\\\/\\\/office-roxx.de\\\/primabueroklima\\\/wp-content\\\/uploads\\\/2021\\\/09\\\/210808-Gfu-Infografik-Luftreiniger.png\",\"width\":1000,\"height\":509,\"caption\":\"Prozentwerte der Marktzahlen beziehen sich auf den vergleichbaren Vorjahreszeitraum. Abbildung: gfu \u2013 Consumer & Home Electronics GmbH\"},{\"@type\":\"BreadcrumbList\",\"@id\":\"https:\\\/\\\/office-roxx.de\\\/primabueroklima\\\/gfu-saubere-luft-ist-gefragt\\\/#breadcrumb\",\"itemListElement\":[{\"@type\":\"ListItem\",\"position\":1,\"name\":\"Startseite\",\"item\":\"https:\\\/\\\/office-roxx.de\\\/primabueroklima\\\/\"},{\"@type\":\"ListItem\",\"position\":2,\"name\":\"Gfu: Saubere Luft ist gefragt\"}]},{\"@type\":\"WebSite\",\"@id\":\"https:\\\/\\\/office-roxx.de\\\/primabueroklima\\\/#website\",\"url\":\"https:\\\/\\\/office-roxx.de\\\/primabueroklima\\\/\",\"name\":\"PRIMAB\u00dcROKLIMA\",\"description\":\"F\u00fcr eine bessere Luftqualit\u00e4t in Office-Umgebungen\",\"publisher\":{\"@id\":\"https:\\\/\\\/office-roxx.de\\\/primabueroklima\\\/#organization\"},\"potentialAction\":[{\"@type\":\"SearchAction\",\"target\":{\"@type\":\"EntryPoint\",\"urlTemplate\":\"https:\\\/\\\/office-roxx.de\\\/primabueroklima\\\/?s={search_term_string}\"},\"query-input\":{\"@type\":\"PropertyValueSpecification\",\"valueRequired\":true,\"valueName\":\"search_term_string\"}}],\"inLanguage\":\"de\"},{\"@type\":\"Organization\",\"@id\":\"https:\\\/\\\/office-roxx.de\\\/primabueroklima\\\/#organization\",\"name\":\"PRIMAB\u00dcROKLIMA\",\"url\":\"https:\\\/\\\/office-roxx.de\\\/primabueroklima\\\/\",\"logo\":{\"@type\":\"ImageObject\",\"inLanguage\":\"de\",\"@id\":\"https:\\\/\\\/office-roxx.de\\\/primabueroklima\\\/#\\\/schema\\\/logo\\\/image\\\/\",\"url\":\"https:\\\/\\\/office-roxx.de\\\/primabueroklima\\\/wp-content\\\/uploads\\\/2020\\\/09\\\/Prima-Klima-Logo_Farbe_beschn.jpg\",\"contentUrl\":\"https:\\\/\\\/office-roxx.de\\\/primabueroklima\\\/wp-content\\\/uploads\\\/2020\\\/09\\\/Prima-Klima-Logo_Farbe_beschn.jpg\",\"width\":1000,\"height\":675,\"caption\":\"PRIMAB\u00dcROKLIMA\"},\"image\":{\"@id\":\"https:\\\/\\\/office-roxx.de\\\/primabueroklima\\\/#\\\/schema\\\/logo\\\/image\\\/\"}},{\"@type\":\"Person\",\"@id\":\"https:\\\/\\\/office-roxx.de\\\/primabueroklima\\\/#\\\/schema\\\/person\\\/aaff4d37a59d78dad48543c1cf5d7b0e\",\"name\":\"Team-PBK\",\"image\":{\"@type\":\"ImageObject\",\"inLanguage\":\"de\",\"@id\":\"https:\\\/\\\/secure.gravatar.com\\\/avatar\\\/e7f38084968dcbb88b923f48395eb5ec7c3ad3102c6db95eccceb504d4317f39?s=96&d=mm&r=g\",\"url\":\"https:\\\/\\\/secure.gravatar.com\\\/avatar\\\/e7f38084968dcbb88b923f48395eb5ec7c3ad3102c6db95eccceb504d4317f39?s=96&d=mm&r=g\",\"contentUrl\":\"https:\\\/\\\/secure.gravatar.com\\\/avatar\\\/e7f38084968dcbb88b923f48395eb5ec7c3ad3102c6db95eccceb504d4317f39?s=96&d=mm&r=g\",\"caption\":\"Team-PBK\"},\"sameAs\":[\"https:\\\/\\\/office-roxx.de\\\/primabueroklima\"],\"url\":\"https:\\\/\\\/office-roxx.de\\\/primabueroklima\\\/author\\\/team-pbk\\\/\"}]}<\/script>\n<!-- \/ Yoast SEO plugin. -->","yoast_head_json":{"title":"Gfu: Saubere Luft ist gefragt - PRIMAB\u00dcROKLIMA","description":"Im Jahr 2020 ist der Verkauf von Luftreinigern in Deutschland stark angestiegen. Das zeigen k\u00fcrzlich ver\u00f6ffentlichte Marktzahlen der Gfu.","robots":{"index":"index","follow":"follow","max-snippet":"max-snippet:-1","max-image-preview":"max-image-preview:large","max-video-preview":"max-video-preview:-1"},"canonical":"https:\/\/office-roxx.de\/primabueroklima\/gfu-saubere-luft-ist-gefragt\/","og_locale":"de_DE","og_type":"article","og_title":"Gfu: Saubere Luft ist gefragt - PRIMAB\u00dcROKLIMA","og_description":"Im Jahr 2020 ist der Verkauf von Luftreinigern in Deutschland stark angestiegen. Das zeigen k\u00fcrzlich ver\u00f6ffentlichte Marktzahlen der Gfu.","og_url":"https:\/\/office-roxx.de\/primabueroklima\/gfu-saubere-luft-ist-gefragt\/","og_site_name":"PRIMAB\u00dcROKLIMA","article_published_time":"2021-09-13T05:30:00+00:00","og_image":[{"width":1000,"height":509,"url":"http:\/\/h3068839.stratoserver.net\/office-roxx\/primabueroklima\/wp-content\/uploads\/2021\/09\/210808-Gfu-Infografik-Luftreiniger.png","type":"image\/png"}],"author":"Team-PBK","twitter_card":"summary_large_image","twitter_misc":{"Verfasst von":"Team-PBK","Gesch\u00e4tzte Lesezeit":"2\u00a0Minuten"},"schema":{"@context":"https:\/\/schema.org","@graph":[{"@type":"Article","@id":"https:\/\/office-roxx.de\/primabueroklima\/gfu-saubere-luft-ist-gefragt\/#article","isPartOf":{"@id":"https:\/\/office-roxx.de\/primabueroklima\/gfu-saubere-luft-ist-gefragt\/"},"author":{"name":"Team-PBK","@id":"https:\/\/office-roxx.de\/primabueroklima\/#\/schema\/person\/aaff4d37a59d78dad48543c1cf5d7b0e"},"headline":"Gfu: Saubere Luft ist gefragt","datePublished":"2021-09-13T05:30:00+00:00","mainEntityOfPage":{"@id":"https:\/\/office-roxx.de\/primabueroklima\/gfu-saubere-luft-ist-gefragt\/"},"wordCount":331,"publisher":{"@id":"https:\/\/office-roxx.de\/primabueroklima\/#organization"},"image":{"@id":"https:\/\/office-roxx.de\/primabueroklima\/gfu-saubere-luft-ist-gefragt\/#primaryimage"},"thumbnailUrl":"https:\/\/office-roxx.de\/primabueroklima\/wp-content\/uploads\/2021\/09\/210808-Gfu-Infografik-Luftreiniger.png","keywords":["Luftreinigung"],"inLanguage":"de"},{"@type":"WebPage","@id":"https:\/\/office-roxx.de\/primabueroklima\/gfu-saubere-luft-ist-gefragt\/","url":"https:\/\/office-roxx.de\/primabueroklima\/gfu-saubere-luft-ist-gefragt\/","name":"Gfu: Saubere Luft ist gefragt - PRIMAB\u00dcROKLIMA","isPartOf":{"@id":"https:\/\/office-roxx.de\/primabueroklima\/#website"},"primaryImageOfPage":{"@id":"https:\/\/office-roxx.de\/primabueroklima\/gfu-saubere-luft-ist-gefragt\/#primaryimage"},"image":{"@id":"https:\/\/office-roxx.de\/primabueroklima\/gfu-saubere-luft-ist-gefragt\/#primaryimage"},"thumbnailUrl":"https:\/\/office-roxx.de\/primabueroklima\/wp-content\/uploads\/2021\/09\/210808-Gfu-Infografik-Luftreiniger.png","datePublished":"2021-09-13T05:30:00+00:00","description":"Im Jahr 2020 ist der Verkauf von Luftreinigern in Deutschland stark angestiegen. Das zeigen k\u00fcrzlich ver\u00f6ffentlichte Marktzahlen der Gfu.","breadcrumb":{"@id":"https:\/\/office-roxx.de\/primabueroklima\/gfu-saubere-luft-ist-gefragt\/#breadcrumb"},"inLanguage":"de","potentialAction":[{"@type":"ReadAction","target":["https:\/\/office-roxx.de\/primabueroklima\/gfu-saubere-luft-ist-gefragt\/"]}]},{"@type":"ImageObject","inLanguage":"de","@id":"https:\/\/office-roxx.de\/primabueroklima\/gfu-saubere-luft-ist-gefragt\/#primaryimage","url":"https:\/\/office-roxx.de\/primabueroklima\/wp-content\/uploads\/2021\/09\/210808-Gfu-Infografik-Luftreiniger.png","contentUrl":"https:\/\/office-roxx.de\/primabueroklima\/wp-content\/uploads\/2021\/09\/210808-Gfu-Infografik-Luftreiniger.png","width":1000,"height":509,"caption":"Prozentwerte der Marktzahlen beziehen sich auf den vergleichbaren Vorjahreszeitraum. Abbildung: gfu \u2013 Consumer & Home Electronics GmbH"},{"@type":"BreadcrumbList","@id":"https:\/\/office-roxx.de\/primabueroklima\/gfu-saubere-luft-ist-gefragt\/#breadcrumb","itemListElement":[{"@type":"ListItem","position":1,"name":"Startseite","item":"https:\/\/office-roxx.de\/primabueroklima\/"},{"@type":"ListItem","position":2,"name":"Gfu: Saubere Luft ist gefragt"}]},{"@type":"WebSite","@id":"https:\/\/office-roxx.de\/primabueroklima\/#website","url":"https:\/\/office-roxx.de\/primabueroklima\/","name":"PRIMAB\u00dcROKLIMA","description":"F\u00fcr eine bessere Luftqualit\u00e4t in Office-Umgebungen","publisher":{"@id":"https:\/\/office-roxx.de\/primabueroklima\/#organization"},"potentialAction":[{"@type":"SearchAction","target":{"@type":"EntryPoint","urlTemplate":"https:\/\/office-roxx.de\/primabueroklima\/?s={search_term_string}"},"query-input":{"@type":"PropertyValueSpecification","valueRequired":true,"valueName":"search_term_string"}}],"inLanguage":"de"},{"@type":"Organization","@id":"https:\/\/office-roxx.de\/primabueroklima\/#organization","name":"PRIMAB\u00dcROKLIMA","url":"https:\/\/office-roxx.de\/primabueroklima\/","logo":{"@type":"ImageObject","inLanguage":"de","@id":"https:\/\/office-roxx.de\/primabueroklima\/#\/schema\/logo\/image\/","url":"https:\/\/office-roxx.de\/primabueroklima\/wp-content\/uploads\/2020\/09\/Prima-Klima-Logo_Farbe_beschn.jpg","contentUrl":"https:\/\/office-roxx.de\/primabueroklima\/wp-content\/uploads\/2020\/09\/Prima-Klima-Logo_Farbe_beschn.jpg","width":1000,"height":675,"caption":"PRIMAB\u00dcROKLIMA"},"image":{"@id":"https:\/\/office-roxx.de\/primabueroklima\/#\/schema\/logo\/image\/"}},{"@type":"Person","@id":"https:\/\/office-roxx.de\/primabueroklima\/#\/schema\/person\/aaff4d37a59d78dad48543c1cf5d7b0e","name":"Team-PBK","image":{"@type":"ImageObject","inLanguage":"de","@id":"https:\/\/secure.gravatar.com\/avatar\/e7f38084968dcbb88b923f48395eb5ec7c3ad3102c6db95eccceb504d4317f39?s=96&d=mm&r=g","url":"https:\/\/secure.gravatar.com\/avatar\/e7f38084968dcbb88b923f48395eb5ec7c3ad3102c6db95eccceb504d4317f39?s=96&d=mm&r=g","contentUrl":"https:\/\/secure.gravatar.com\/avatar\/e7f38084968dcbb88b923f48395eb5ec7c3ad3102c6db95eccceb504d4317f39?s=96&d=mm&r=g","caption":"Team-PBK"},"sameAs":["https:\/\/office-roxx.de\/primabueroklima"],"url":"https:\/\/office-roxx.de\/primabueroklima\/author\/team-pbk\/"}]}},"_links":{"self":[{"href":"https:\/\/office-roxx.de\/primabueroklima\/wp-json\/wp\/v2\/posts\/1062","targetHints":{"allow":["GET"]}}],"collection":[{"href":"https:\/\/office-roxx.de\/primabueroklima\/wp-json\/wp\/v2\/posts"}],"about":[{"href":"https:\/\/office-roxx.de\/primabueroklima\/wp-json\/wp\/v2\/types\/post"}],"author":[{"embeddable":true,"href":"https:\/\/office-roxx.de\/primabueroklima\/wp-json\/wp\/v2\/users\/1"}],"replies":[{"embeddable":true,"href":"https:\/\/office-roxx.de\/primabueroklima\/wp-json\/wp\/v2\/comments?post=1062"}],"version-history":[{"count":5,"href":"https:\/\/office-roxx.de\/primabueroklima\/wp-json\/wp\/v2\/posts\/1062\/revisions"}],"predecessor-version":[{"id":1082,"href":"https:\/\/office-roxx.de\/primabueroklima\/wp-json\/wp\/v2\/posts\/1062\/revisions\/1082"}],"wp:featuredmedia":[{"embeddable":true,"href":"https:\/\/office-roxx.de\/primabueroklima\/wp-json\/wp\/v2\/media\/1064"}],"wp:attachment":[{"href":"https:\/\/office-roxx.de\/primabueroklima\/wp-json\/wp\/v2\/media?parent=1062"}],"wp:term":[{"taxonomy":"category","embeddable":true,"href":"https:\/\/office-roxx.de\/primabueroklima\/wp-json\/wp\/v2\/categories?post=1062"},{"taxonomy":"post_tag","embeddable":true,"href":"https:\/\/office-roxx.de\/primabueroklima\/wp-json\/wp\/v2\/tags?post=1062"}],"curies":[{"name":"wp","href":"https:\/\/api.w.org\/{rel}","templated":true}]}}