{"id":1006,"date":"2021-08-23T09:00:00","date_gmt":"2021-08-23T07:00:00","guid":{"rendered":"https:\/\/office-roxx.de\/primabueroklima\/?p=1006"},"modified":"2023-01-09T17:40:44","modified_gmt":"2023-01-09T16:40:44","slug":"mobile-luftreiniger-ergaenzen-massnahmen-zum-infektionsschutz","status":"publish","type":"post","link":"https:\/\/office-roxx.de\/primabueroklima\/mobile-luftreiniger-ergaenzen-massnahmen-zum-infektionsschutz\/","title":{"rendered":"Mobile Luftreiniger erg\u00e4nzen Ma\u00dfnahmen zum Infektionsschutz"},"content":{"rendered":"<p>Mit der R\u00fcck\u00adkehr zur Pr\u00e4\u00adsenz\u00adar\u00adbeit wird in Unter\u00adneh\u00admen \u00fcber\u00adlegt, wie die Arbeits\u00adum\u00adge\u00adbung f\u00fcr Mit\u00adar\u00adbei\u00adter infek\u00adti\u00adons\u00adsi\u00adcher gemacht wer\u00adden kann. H\u00e4u\u00adfig wird dabei der Ein\u00adsatz von mobi\u00adlen Luft\u00adrei\u00adni\u00adgern (MLR) er\u00f6r\u00adtert. Eine Bro\u00adsch\u00fc\u00adre gibt Tipps zur Aus\u00adwahl und Wir\u00adkungs\u00adwei\u00adse sol\u00adcher MLR-Ger\u00e4te.<\/p>\n<p><!--more--><\/p>\n<figure id=\"attachment_1033\" aria-describedby=\"caption-attachment-1033\" style=\"width: 600px\" class=\"wp-caption aligncenter\"><img loading=\"lazy\" decoding=\"async\" class=\"wp-image-1033 ml-lightbox-enabled\" src=\"https:\/\/office-roxx.de\/primabueroklima\/wp-content\/uploads\/2021\/08\/meeting-1245776-Free-Photos-Pixabay.jpg\" alt=\"Wo Menschen zusammenkommen, verteilen sie Aerosole beim Ausatmen und Sprechen. Abbildung: Free-Photos, Pixabay\" width=\"600\" height=\"400\" srcset=\"https:\/\/office-roxx.de\/primabueroklima\/wp-content\/uploads\/2021\/08\/meeting-1245776-Free-Photos-Pixabay.jpg 1000w, https:\/\/office-roxx.de\/primabueroklima\/wp-content\/uploads\/2021\/08\/meeting-1245776-Free-Photos-Pixabay-300x200.jpg 300w, https:\/\/office-roxx.de\/primabueroklima\/wp-content\/uploads\/2021\/08\/meeting-1245776-Free-Photos-Pixabay-768x512.jpg 768w\" sizes=\"auto, (max-width: 600px) 100vw, 600px\"><figcaption id=\"caption-attachment-1033\" class=\"wp-caption-text\">Wo Men\u00adschen zusam\u00admen\u00adkom\u00admen, ver\u00adtei\u00adlen sie Aero\u00adso\u00adle beim Aus\u00adat\u00admen und Spre\u00adchen. Abbil\u00addung: Free-Pho\u00adtos, Pixabay<\/figcaption><\/figure>\n<p>Der Ruf nach mobi\u00adlen Luft\u00adrei\u00adni\u00adgern zum Schutz vor Coro\u00adna-Infek\u00adtio\u00adnen ist in Zei\u00adten der Pan\u00adde\u00admie lau\u00adter gewor\u00adden. Die\u00adse Ger\u00e4\u00adte sol\u00adlen m\u00f6g\u00adli\u00adche Anste\u00adckungs\u00adri\u00adsi\u00adken in Innen\u00adr\u00e4u\u00admen durch mit Viren belas\u00adte\u00adte Aero\u00adso\u00adle redu\u00adzie\u00adren. Das F\u00fcr und Wider \u00fcber den Nut\u00adzen wird dabei oft kon\u00adtro\u00advers diskutiert.<\/p>\n<p>Nun hat das Bun\u00addes\u00admi\u00adnis\u00adte\u00adri\u00adum f\u00fcr Arbeit und Sozia\u00adles (<a href=\"https:\/\/www.bmas.de\/\" target=\"_blank\" rel=\"noopener\">BMAS<\/a>) in Zusam\u00admen\u00adar\u00adbeit mit der Bun\u00addes\u00adan\u00adstalt f\u00fcr Arbeits\u00adschutz und Arbeits\u00adme\u00addi\u00adzin (<a href=\"https:\/\/www.baua.de\/\" target=\"_blank\" rel=\"noopener\">BAuA<\/a>) eine Bro\u00adsch\u00fc\u00adre ver\u00ad\u00f6f\u00adfent\u00adlicht, die die wesent\u00adli\u00adchen Infor\u00adma\u00adtio\u00adnen zu MLRs kom\u00adpakt und ver\u00adst\u00e4nd\u00adlich zusam\u00admen\u00adfasst. Die Publi\u00adka\u00adti\u00adon ist kos\u00adten\u00adfrei und kann als PDF her\u00adun\u00adter\u00adge\u00adla\u00adden werden.<\/p>\n<table>\n<tbody>\n<tr>\n<td><img loading=\"lazy\" decoding=\"async\" class=\"alignleft wp-image-1031 size-medium\" src=\"https:\/\/office-roxx.de\/primabueroklima\/wp-content\/uploads\/2021\/08\/BAuA-Broschuere-MLR-Titel-215x300.png\" alt=\"Brosch\u00fcre \u201eMobile Luftreiniger (MLR) \u2013 Hinweise zur Auswahl und zum Betrieb\u201c, BMAS &amp; BAuA (Hrsg.), 6 Seiten, kostenlos (PDF)\" width=\"215\" height=\"300\" srcset=\"https:\/\/office-roxx.de\/primabueroklima\/wp-content\/uploads\/2021\/08\/BAuA-Broschuere-MLR-Titel-215x300.png 215w, https:\/\/office-roxx.de\/primabueroklima\/wp-content\/uploads\/2021\/08\/BAuA-Broschuere-MLR-Titel.png 717w\" sizes=\"auto, (max-width: 215px) 100vw, 215px\">\n<p><strong>BUCHTIPP<\/strong><\/p>\n<p>Bro\u00adsch\u00fc\u00adre \u201eMobi\u00adle Luft\u00adrei\u00adni\u00adger (MLR) \u2013 Hin\u00adwei\u00adse zur Aus\u00adwahl und zum Betrieb\u201c, BMAS &amp; BAuA (Hrsg.), 6 Sei\u00adten, kos\u00adten\u00adlos (PDF)<\/p><\/td>\n<\/tr>\n<\/tbody>\n<\/table>\n","protected":false},"excerpt":{"rendered":"<p>Mit der R\u00fcck\u00adkehr zur Pr\u00e4\u00adsenz\u00adar\u00adbeit wird in Unter\u00adneh\u00admen \u00fcber\u00adlegt, wie die Arbeits\u00adum\u00adge\u00adbung f\u00fcr Mit\u00adar\u00adbei\u00adter infek\u00adti\u00adons\u00adsi\u00adcher gemacht wer\u00adden kann. H\u00e4u\u00adfig wird dabei der Ein\u00adsatz von mobi\u00adlen Luft\u00adrei\u00adni\u00adgern (MLR) er\u00f6r\u00adtert. Eine Bro\u00adsch\u00fc\u00adre gibt Tipps zur Aus\u00adwahl und Wir\u00adkungs\u00adwei\u00adse sol\u00adcher MLR-Ger\u00e4te.<\/p>\n","protected":false},"author":1,"featured_media":1033,"comment_status":"closed","ping_status":"closed","sticky":false,"template":"","format":"standard","meta":{"wp_typography_post_enhancements_disabled":false,"footnotes":""},"categories":[1],"tags":[10],"class_list":["post-1006","post","type-post","status-publish","format-standard","has-post-thumbnail","hentry","category-allgemein","tag-luftreinigung"],"yoast_head":"<!-- This site is optimized with the Yoast SEO plugin v27.3 - https:\/\/yoast.com\/product\/yoast-seo-wordpress\/ -->\n<title>Mobile Luftreiniger erg\u00e4nzen Ma\u00dfnahmen zum Infektionsschutz - PRIMAB\u00dcROKLIMA<\/title>\n<meta name=\"description\" content=\"Mobile Luftreiniger sollen B\u00fcroumgebungen infektionssicher machen. Eine Brosch\u00fcre gibt Tipps zur Auswahl und Wirkungsweise solcher Ger\u00e4te.\" \/>\n<meta name=\"robots\" content=\"index, follow, max-snippet:-1, max-image-preview:large, max-video-preview:-1\" \/>\n<link rel=\"canonical\" href=\"https:\/\/office-roxx.de\/primabueroklima\/mobile-luftreiniger-ergaenzen-massnahmen-zum-infektionsschutz\/\" \/>\n<meta property=\"og:locale\" content=\"de_DE\" \/>\n<meta property=\"og:type\" content=\"article\" \/>\n<meta property=\"og:title\" content=\"Mobile Luftreiniger erg\u00e4nzen Ma\u00dfnahmen zum Infektionsschutz - PRIMAB\u00dcROKLIMA\" \/>\n<meta property=\"og:description\" content=\"Mobile Luftreiniger sollen B\u00fcroumgebungen infektionssicher machen. Eine Brosch\u00fcre gibt Tipps zur Auswahl und Wirkungsweise solcher Ger\u00e4te.\" \/>\n<meta property=\"og:url\" content=\"https:\/\/office-roxx.de\/primabueroklima\/mobile-luftreiniger-ergaenzen-massnahmen-zum-infektionsschutz\/\" \/>\n<meta property=\"og:site_name\" content=\"PRIMAB\u00dcROKLIMA\" \/>\n<meta property=\"article:published_time\" content=\"2021-08-23T07:00:00+00:00\" \/>\n<meta property=\"article:modified_time\" content=\"2023-01-09T16:40:44+00:00\" \/>\n<meta property=\"og:image\" content=\"http:\/\/h3068839.stratoserver.net\/office-roxx\/primabueroklima\/wp-content\/uploads\/2021\/08\/meeting-1245776-Free-Photos-Pixabay.jpg\" \/>\n\t<meta property=\"og:image:width\" content=\"1000\" \/>\n\t<meta property=\"og:image:height\" content=\"667\" \/>\n\t<meta property=\"og:image:type\" content=\"image\/jpeg\" \/>\n<meta name=\"author\" content=\"Team-PBK\" \/>\n<meta name=\"twitter:card\" content=\"summary_large_image\" \/>\n<meta name=\"twitter:label1\" content=\"Verfasst von\" \/>\n\t<meta name=\"twitter:data1\" content=\"Team-PBK\" \/>\n\t<meta name=\"twitter:label2\" content=\"Gesch\u00e4tzte Lesezeit\" \/>\n\t<meta name=\"twitter:data2\" content=\"2\u00a0Minuten\" \/>\n<script type=\"application\/ld+json\" class=\"yoast-schema-graph\">{\"@context\":\"https:\\\/\\\/schema.org\",\"@graph\":[{\"@type\":\"Article\",\"@id\":\"https:\\\/\\\/office-roxx.de\\\/primabueroklima\\\/mobile-luftreiniger-ergaenzen-massnahmen-zum-infektionsschutz\\\/#article\",\"isPartOf\":{\"@id\":\"https:\\\/\\\/office-roxx.de\\\/primabueroklima\\\/mobile-luftreiniger-ergaenzen-massnahmen-zum-infektionsschutz\\\/\"},\"author\":{\"name\":\"Team-PBK\",\"@id\":\"https:\\\/\\\/office-roxx.de\\\/primabueroklima\\\/#\\\/schema\\\/person\\\/aaff4d37a59d78dad48543c1cf5d7b0e\"},\"headline\":\"Mobile Luftreiniger erg\u00e4nzen Ma\u00dfnahmen zum Infektionsschutz\",\"datePublished\":\"2021-08-23T07:00:00+00:00\",\"dateModified\":\"2023-01-09T16:40:44+00:00\",\"mainEntityOfPage\":{\"@id\":\"https:\\\/\\\/office-roxx.de\\\/primabueroklima\\\/mobile-luftreiniger-ergaenzen-massnahmen-zum-infektionsschutz\\\/\"},\"wordCount\":184,\"publisher\":{\"@id\":\"https:\\\/\\\/office-roxx.de\\\/primabueroklima\\\/#organization\"},\"image\":{\"@id\":\"https:\\\/\\\/office-roxx.de\\\/primabueroklima\\\/mobile-luftreiniger-ergaenzen-massnahmen-zum-infektionsschutz\\\/#primaryimage\"},\"thumbnailUrl\":\"https:\\\/\\\/office-roxx.de\\\/primabueroklima\\\/wp-content\\\/uploads\\\/2021\\\/08\\\/meeting-1245776-Free-Photos-Pixabay.jpg\",\"keywords\":[\"Luftreinigung\"],\"inLanguage\":\"de\"},{\"@type\":\"WebPage\",\"@id\":\"https:\\\/\\\/office-roxx.de\\\/primabueroklima\\\/mobile-luftreiniger-ergaenzen-massnahmen-zum-infektionsschutz\\\/\",\"url\":\"https:\\\/\\\/office-roxx.de\\\/primabueroklima\\\/mobile-luftreiniger-ergaenzen-massnahmen-zum-infektionsschutz\\\/\",\"name\":\"Mobile Luftreiniger erg\u00e4nzen Ma\u00dfnahmen zum Infektionsschutz - PRIMAB\u00dcROKLIMA\",\"isPartOf\":{\"@id\":\"https:\\\/\\\/office-roxx.de\\\/primabueroklima\\\/#website\"},\"primaryImageOfPage\":{\"@id\":\"https:\\\/\\\/office-roxx.de\\\/primabueroklima\\\/mobile-luftreiniger-ergaenzen-massnahmen-zum-infektionsschutz\\\/#primaryimage\"},\"image\":{\"@id\":\"https:\\\/\\\/office-roxx.de\\\/primabueroklima\\\/mobile-luftreiniger-ergaenzen-massnahmen-zum-infektionsschutz\\\/#primaryimage\"},\"thumbnailUrl\":\"https:\\\/\\\/office-roxx.de\\\/primabueroklima\\\/wp-content\\\/uploads\\\/2021\\\/08\\\/meeting-1245776-Free-Photos-Pixabay.jpg\",\"datePublished\":\"2021-08-23T07:00:00+00:00\",\"dateModified\":\"2023-01-09T16:40:44+00:00\",\"description\":\"Mobile Luftreiniger sollen B\u00fcroumgebungen infektionssicher machen. Eine Brosch\u00fcre gibt Tipps zur Auswahl und Wirkungsweise solcher Ger\u00e4te.\",\"breadcrumb\":{\"@id\":\"https:\\\/\\\/office-roxx.de\\\/primabueroklima\\\/mobile-luftreiniger-ergaenzen-massnahmen-zum-infektionsschutz\\\/#breadcrumb\"},\"inLanguage\":\"de\",\"potentialAction\":[{\"@type\":\"ReadAction\",\"target\":[\"https:\\\/\\\/office-roxx.de\\\/primabueroklima\\\/mobile-luftreiniger-ergaenzen-massnahmen-zum-infektionsschutz\\\/\"]}]},{\"@type\":\"ImageObject\",\"inLanguage\":\"de\",\"@id\":\"https:\\\/\\\/office-roxx.de\\\/primabueroklima\\\/mobile-luftreiniger-ergaenzen-massnahmen-zum-infektionsschutz\\\/#primaryimage\",\"url\":\"https:\\\/\\\/office-roxx.de\\\/primabueroklima\\\/wp-content\\\/uploads\\\/2021\\\/08\\\/meeting-1245776-Free-Photos-Pixabay.jpg\",\"contentUrl\":\"https:\\\/\\\/office-roxx.de\\\/primabueroklima\\\/wp-content\\\/uploads\\\/2021\\\/08\\\/meeting-1245776-Free-Photos-Pixabay.jpg\",\"width\":1000,\"height\":667,\"caption\":\"Wo Menschen zusammenkommen, verteilen sie Aerosole beim Ausatmen und Sprechen. Abbildung: Free-Photos, Pixabay\"},{\"@type\":\"BreadcrumbList\",\"@id\":\"https:\\\/\\\/office-roxx.de\\\/primabueroklima\\\/mobile-luftreiniger-ergaenzen-massnahmen-zum-infektionsschutz\\\/#breadcrumb\",\"itemListElement\":[{\"@type\":\"ListItem\",\"position\":1,\"name\":\"Startseite\",\"item\":\"https:\\\/\\\/office-roxx.de\\\/primabueroklima\\\/\"},{\"@type\":\"ListItem\",\"position\":2,\"name\":\"Mobile Luftreiniger erg\u00e4nzen Ma\u00dfnahmen zum Infektionsschutz\"}]},{\"@type\":\"WebSite\",\"@id\":\"https:\\\/\\\/office-roxx.de\\\/primabueroklima\\\/#website\",\"url\":\"https:\\\/\\\/office-roxx.de\\\/primabueroklima\\\/\",\"name\":\"PRIMAB\u00dcROKLIMA\",\"description\":\"F\u00fcr eine bessere Luftqualit\u00e4t in Office-Umgebungen\",\"publisher\":{\"@id\":\"https:\\\/\\\/office-roxx.de\\\/primabueroklima\\\/#organization\"},\"potentialAction\":[{\"@type\":\"SearchAction\",\"target\":{\"@type\":\"EntryPoint\",\"urlTemplate\":\"https:\\\/\\\/office-roxx.de\\\/primabueroklima\\\/?s={search_term_string}\"},\"query-input\":{\"@type\":\"PropertyValueSpecification\",\"valueRequired\":true,\"valueName\":\"search_term_string\"}}],\"inLanguage\":\"de\"},{\"@type\":\"Organization\",\"@id\":\"https:\\\/\\\/office-roxx.de\\\/primabueroklima\\\/#organization\",\"name\":\"PRIMAB\u00dcROKLIMA\",\"url\":\"https:\\\/\\\/office-roxx.de\\\/primabueroklima\\\/\",\"logo\":{\"@type\":\"ImageObject\",\"inLanguage\":\"de\",\"@id\":\"https:\\\/\\\/office-roxx.de\\\/primabueroklima\\\/#\\\/schema\\\/logo\\\/image\\\/\",\"url\":\"https:\\\/\\\/office-roxx.de\\\/primabueroklima\\\/wp-content\\\/uploads\\\/2020\\\/09\\\/Prima-Klima-Logo_Farbe_beschn.jpg\",\"contentUrl\":\"https:\\\/\\\/office-roxx.de\\\/primabueroklima\\\/wp-content\\\/uploads\\\/2020\\\/09\\\/Prima-Klima-Logo_Farbe_beschn.jpg\",\"width\":1000,\"height\":675,\"caption\":\"PRIMAB\u00dcROKLIMA\"},\"image\":{\"@id\":\"https:\\\/\\\/office-roxx.de\\\/primabueroklima\\\/#\\\/schema\\\/logo\\\/image\\\/\"}},{\"@type\":\"Person\",\"@id\":\"https:\\\/\\\/office-roxx.de\\\/primabueroklima\\\/#\\\/schema\\\/person\\\/aaff4d37a59d78dad48543c1cf5d7b0e\",\"name\":\"Team-PBK\",\"image\":{\"@type\":\"ImageObject\",\"inLanguage\":\"de\",\"@id\":\"https:\\\/\\\/secure.gravatar.com\\\/avatar\\\/e7f38084968dcbb88b923f48395eb5ec7c3ad3102c6db95eccceb504d4317f39?s=96&d=mm&r=g\",\"url\":\"https:\\\/\\\/secure.gravatar.com\\\/avatar\\\/e7f38084968dcbb88b923f48395eb5ec7c3ad3102c6db95eccceb504d4317f39?s=96&d=mm&r=g\",\"contentUrl\":\"https:\\\/\\\/secure.gravatar.com\\\/avatar\\\/e7f38084968dcbb88b923f48395eb5ec7c3ad3102c6db95eccceb504d4317f39?s=96&d=mm&r=g\",\"caption\":\"Team-PBK\"},\"sameAs\":[\"https:\\\/\\\/office-roxx.de\\\/primabueroklima\"],\"url\":\"https:\\\/\\\/office-roxx.de\\\/primabueroklima\\\/author\\\/team-pbk\\\/\"}]}<\/script>\n<!-- \/ Yoast SEO plugin. -->","yoast_head_json":{"title":"Mobile Luftreiniger erg\u00e4nzen Ma\u00dfnahmen zum Infektionsschutz - PRIMAB\u00dcROKLIMA","description":"Mobile Luftreiniger sollen B\u00fcroumgebungen infektionssicher machen. Eine Brosch\u00fcre gibt Tipps zur Auswahl und Wirkungsweise solcher Ger\u00e4te.","robots":{"index":"index","follow":"follow","max-snippet":"max-snippet:-1","max-image-preview":"max-image-preview:large","max-video-preview":"max-video-preview:-1"},"canonical":"https:\/\/office-roxx.de\/primabueroklima\/mobile-luftreiniger-ergaenzen-massnahmen-zum-infektionsschutz\/","og_locale":"de_DE","og_type":"article","og_title":"Mobile Luftreiniger erg\u00e4nzen Ma\u00dfnahmen zum Infektionsschutz - PRIMAB\u00dcROKLIMA","og_description":"Mobile Luftreiniger sollen B\u00fcroumgebungen infektionssicher machen. Eine Brosch\u00fcre gibt Tipps zur Auswahl und Wirkungsweise solcher Ger\u00e4te.","og_url":"https:\/\/office-roxx.de\/primabueroklima\/mobile-luftreiniger-ergaenzen-massnahmen-zum-infektionsschutz\/","og_site_name":"PRIMAB\u00dcROKLIMA","article_published_time":"2021-08-23T07:00:00+00:00","article_modified_time":"2023-01-09T16:40:44+00:00","og_image":[{"width":1000,"height":667,"url":"http:\/\/h3068839.stratoserver.net\/office-roxx\/primabueroklima\/wp-content\/uploads\/2021\/08\/meeting-1245776-Free-Photos-Pixabay.jpg","type":"image\/jpeg"}],"author":"Team-PBK","twitter_card":"summary_large_image","twitter_misc":{"Verfasst von":"Team-PBK","Gesch\u00e4tzte Lesezeit":"2\u00a0Minuten"},"schema":{"@context":"https:\/\/schema.org","@graph":[{"@type":"Article","@id":"https:\/\/office-roxx.de\/primabueroklima\/mobile-luftreiniger-ergaenzen-massnahmen-zum-infektionsschutz\/#article","isPartOf":{"@id":"https:\/\/office-roxx.de\/primabueroklima\/mobile-luftreiniger-ergaenzen-massnahmen-zum-infektionsschutz\/"},"author":{"name":"Team-PBK","@id":"https:\/\/office-roxx.de\/primabueroklima\/#\/schema\/person\/aaff4d37a59d78dad48543c1cf5d7b0e"},"headline":"Mobile Luftreiniger erg\u00e4nzen Ma\u00dfnahmen zum Infektionsschutz","datePublished":"2021-08-23T07:00:00+00:00","dateModified":"2023-01-09T16:40:44+00:00","mainEntityOfPage":{"@id":"https:\/\/office-roxx.de\/primabueroklima\/mobile-luftreiniger-ergaenzen-massnahmen-zum-infektionsschutz\/"},"wordCount":184,"publisher":{"@id":"https:\/\/office-roxx.de\/primabueroklima\/#organization"},"image":{"@id":"https:\/\/office-roxx.de\/primabueroklima\/mobile-luftreiniger-ergaenzen-massnahmen-zum-infektionsschutz\/#primaryimage"},"thumbnailUrl":"https:\/\/office-roxx.de\/primabueroklima\/wp-content\/uploads\/2021\/08\/meeting-1245776-Free-Photos-Pixabay.jpg","keywords":["Luftreinigung"],"inLanguage":"de"},{"@type":"WebPage","@id":"https:\/\/office-roxx.de\/primabueroklima\/mobile-luftreiniger-ergaenzen-massnahmen-zum-infektionsschutz\/","url":"https:\/\/office-roxx.de\/primabueroklima\/mobile-luftreiniger-ergaenzen-massnahmen-zum-infektionsschutz\/","name":"Mobile Luftreiniger erg\u00e4nzen Ma\u00dfnahmen zum Infektionsschutz - PRIMAB\u00dcROKLIMA","isPartOf":{"@id":"https:\/\/office-roxx.de\/primabueroklima\/#website"},"primaryImageOfPage":{"@id":"https:\/\/office-roxx.de\/primabueroklima\/mobile-luftreiniger-ergaenzen-massnahmen-zum-infektionsschutz\/#primaryimage"},"image":{"@id":"https:\/\/office-roxx.de\/primabueroklima\/mobile-luftreiniger-ergaenzen-massnahmen-zum-infektionsschutz\/#primaryimage"},"thumbnailUrl":"https:\/\/office-roxx.de\/primabueroklima\/wp-content\/uploads\/2021\/08\/meeting-1245776-Free-Photos-Pixabay.jpg","datePublished":"2021-08-23T07:00:00+00:00","dateModified":"2023-01-09T16:40:44+00:00","description":"Mobile Luftreiniger sollen B\u00fcroumgebungen infektionssicher machen. Eine Brosch\u00fcre gibt Tipps zur Auswahl und Wirkungsweise solcher Ger\u00e4te.","breadcrumb":{"@id":"https:\/\/office-roxx.de\/primabueroklima\/mobile-luftreiniger-ergaenzen-massnahmen-zum-infektionsschutz\/#breadcrumb"},"inLanguage":"de","potentialAction":[{"@type":"ReadAction","target":["https:\/\/office-roxx.de\/primabueroklima\/mobile-luftreiniger-ergaenzen-massnahmen-zum-infektionsschutz\/"]}]},{"@type":"ImageObject","inLanguage":"de","@id":"https:\/\/office-roxx.de\/primabueroklima\/mobile-luftreiniger-ergaenzen-massnahmen-zum-infektionsschutz\/#primaryimage","url":"https:\/\/office-roxx.de\/primabueroklima\/wp-content\/uploads\/2021\/08\/meeting-1245776-Free-Photos-Pixabay.jpg","contentUrl":"https:\/\/office-roxx.de\/primabueroklima\/wp-content\/uploads\/2021\/08\/meeting-1245776-Free-Photos-Pixabay.jpg","width":1000,"height":667,"caption":"Wo Menschen zusammenkommen, verteilen sie Aerosole beim Ausatmen und Sprechen. Abbildung: Free-Photos, Pixabay"},{"@type":"BreadcrumbList","@id":"https:\/\/office-roxx.de\/primabueroklima\/mobile-luftreiniger-ergaenzen-massnahmen-zum-infektionsschutz\/#breadcrumb","itemListElement":[{"@type":"ListItem","position":1,"name":"Startseite","item":"https:\/\/office-roxx.de\/primabueroklima\/"},{"@type":"ListItem","position":2,"name":"Mobile Luftreiniger erg\u00e4nzen Ma\u00dfnahmen zum Infektionsschutz"}]},{"@type":"WebSite","@id":"https:\/\/office-roxx.de\/primabueroklima\/#website","url":"https:\/\/office-roxx.de\/primabueroklima\/","name":"PRIMAB\u00dcROKLIMA","description":"F\u00fcr eine bessere Luftqualit\u00e4t in Office-Umgebungen","publisher":{"@id":"https:\/\/office-roxx.de\/primabueroklima\/#organization"},"potentialAction":[{"@type":"SearchAction","target":{"@type":"EntryPoint","urlTemplate":"https:\/\/office-roxx.de\/primabueroklima\/?s={search_term_string}"},"query-input":{"@type":"PropertyValueSpecification","valueRequired":true,"valueName":"search_term_string"}}],"inLanguage":"de"},{"@type":"Organization","@id":"https:\/\/office-roxx.de\/primabueroklima\/#organization","name":"PRIMAB\u00dcROKLIMA","url":"https:\/\/office-roxx.de\/primabueroklima\/","logo":{"@type":"ImageObject","inLanguage":"de","@id":"https:\/\/office-roxx.de\/primabueroklima\/#\/schema\/logo\/image\/","url":"https:\/\/office-roxx.de\/primabueroklima\/wp-content\/uploads\/2020\/09\/Prima-Klima-Logo_Farbe_beschn.jpg","contentUrl":"https:\/\/office-roxx.de\/primabueroklima\/wp-content\/uploads\/2020\/09\/Prima-Klima-Logo_Farbe_beschn.jpg","width":1000,"height":675,"caption":"PRIMAB\u00dcROKLIMA"},"image":{"@id":"https:\/\/office-roxx.de\/primabueroklima\/#\/schema\/logo\/image\/"}},{"@type":"Person","@id":"https:\/\/office-roxx.de\/primabueroklima\/#\/schema\/person\/aaff4d37a59d78dad48543c1cf5d7b0e","name":"Team-PBK","image":{"@type":"ImageObject","inLanguage":"de","@id":"https:\/\/secure.gravatar.com\/avatar\/e7f38084968dcbb88b923f48395eb5ec7c3ad3102c6db95eccceb504d4317f39?s=96&d=mm&r=g","url":"https:\/\/secure.gravatar.com\/avatar\/e7f38084968dcbb88b923f48395eb5ec7c3ad3102c6db95eccceb504d4317f39?s=96&d=mm&r=g","contentUrl":"https:\/\/secure.gravatar.com\/avatar\/e7f38084968dcbb88b923f48395eb5ec7c3ad3102c6db95eccceb504d4317f39?s=96&d=mm&r=g","caption":"Team-PBK"},"sameAs":["https:\/\/office-roxx.de\/primabueroklima"],"url":"https:\/\/office-roxx.de\/primabueroklima\/author\/team-pbk\/"}]}},"_links":{"self":[{"href":"https:\/\/office-roxx.de\/primabueroklima\/wp-json\/wp\/v2\/posts\/1006","targetHints":{"allow":["GET"]}}],"collection":[{"href":"https:\/\/office-roxx.de\/primabueroklima\/wp-json\/wp\/v2\/posts"}],"about":[{"href":"https:\/\/office-roxx.de\/primabueroklima\/wp-json\/wp\/v2\/types\/post"}],"author":[{"embeddable":true,"href":"https:\/\/office-roxx.de\/primabueroklima\/wp-json\/wp\/v2\/users\/1"}],"replies":[{"embeddable":true,"href":"https:\/\/office-roxx.de\/primabueroklima\/wp-json\/wp\/v2\/comments?post=1006"}],"version-history":[{"count":11,"href":"https:\/\/office-roxx.de\/primabueroklima\/wp-json\/wp\/v2\/posts\/1006\/revisions"}],"predecessor-version":[{"id":1624,"href":"https:\/\/office-roxx.de\/primabueroklima\/wp-json\/wp\/v2\/posts\/1006\/revisions\/1624"}],"wp:featuredmedia":[{"embeddable":true,"href":"https:\/\/office-roxx.de\/primabueroklima\/wp-json\/wp\/v2\/media\/1033"}],"wp:attachment":[{"href":"https:\/\/office-roxx.de\/primabueroklima\/wp-json\/wp\/v2\/media?parent=1006"}],"wp:term":[{"taxonomy":"category","embeddable":true,"href":"https:\/\/office-roxx.de\/primabueroklima\/wp-json\/wp\/v2\/categories?post=1006"},{"taxonomy":"post_tag","embeddable":true,"href":"https:\/\/office-roxx.de\/primabueroklima\/wp-json\/wp\/v2\/tags?post=1006"}],"curies":[{"name":"wp","href":"https:\/\/api.w.org\/{rel}","templated":true}]}}