{"id":5278,"date":"2025-02-03T07:30:27","date_gmt":"2025-02-03T06:30:27","guid":{"rendered":"https:\/\/office-roxx.de\/buero-bewegung\/?p=5278"},"modified":"2025-01-20T15:28:37","modified_gmt":"2025-01-20T14:28:37","slug":"der-moderne-arbeitsalltag-belastet-den-ruecken","status":"publish","type":"post","link":"https:\/\/office-roxx.de\/buero-bewegung\/der-moderne-arbeitsalltag-belastet-den-ruecken\/","title":{"rendered":"Der moderne Arbeitsalltag belastet den R\u00fccken"},"content":{"rendered":"<p><strong>Februar 2025.<\/strong> \u00dcber 80 Prozent aller Besch\u00e4ftigten in Deutschland leiden mehrmals im Jahr unter R\u00fcckenschmerzen. Das ist ein Ergebnis einer YouGov-Umfrage im Auftrag der Aktion Gesunder R\u00fccken (AGR) e.V..<br \/>\n<!--more weiterlesen--><\/p>\n<div id=\"attachment_5279\" style=\"width: 610px\" class=\"wp-caption aligncenter\"><img loading=\"lazy\" decoding=\"async\" aria-describedby=\"caption-attachment-5279\" class=\"wp-image-5279\" src=\"https:\/\/office-roxx.de\/buero-bewegung\/wp-content\/uploads\/2025\/01\/InfografikAGR-YouGov-Umfrage-Wer-ergonomisch-arbeitet-hat-weniger-Ruecken.jpg\" alt=\"Ein ergonomischer Arbeitsplatz erweist sich in der Umfrage als effektive Investition in die Gesundheit. Abbildung: AGR\" width=\"600\" height=\"505\" srcset=\"https:\/\/office-roxx.de\/buero-bewegung\/wp-content\/uploads\/2025\/01\/InfografikAGR-YouGov-Umfrage-Wer-ergonomisch-arbeitet-hat-weniger-Ruecken.jpg 1000w, https:\/\/office-roxx.de\/buero-bewegung\/wp-content\/uploads\/2025\/01\/InfografikAGR-YouGov-Umfrage-Wer-ergonomisch-arbeitet-hat-weniger-Ruecken-300x253.jpg 300w, https:\/\/office-roxx.de\/buero-bewegung\/wp-content\/uploads\/2025\/01\/InfografikAGR-YouGov-Umfrage-Wer-ergonomisch-arbeitet-hat-weniger-Ruecken-768x647.jpg 768w\" sizes=\"auto, (max-width: 600px) 100vw, 600px\" \/><p id=\"caption-attachment-5279\" class=\"wp-caption-text\"><br \/>Ein ergonomischer Arbeitsplatz erweist sich in der Umfrage als effektive Investition in die Gesundheit. Abbildung: AGR<\/p><\/div>\n<p>Demnach erweist sich ein ergonomisch gestalteter Arbeitsplatz als effektive Investition in die Gesundheit: 28 Prozent der befragten Besch\u00e4ftigten sind frei von Beschwerden, ohne eine r\u00fcckenfreundliche Ausstattung sind es nur 5 Prozent. Besonders betroffen von R\u00fcckenschmerzen ist laut der Studie der Schulter- und Nackenbereich der Besch\u00e4ftigten. 73 Prozent der Befragten hatten in den vergangenen zw\u00f6lf Monaten Schmerzen in dieser K\u00f6rperregion, 22 Prozent davon sogar mehrmals pro Woche. Zwei Drittel berichten zudem von Schmerzen im unteren R\u00fccken (68 Prozent). Von den befragten Personen mit R\u00fcckenschmerzen greifen viele zur Schmerztablette, um R\u00fcckenbeschwerden zu lindern (40 Prozent), die Mehrzahl davon ist weiblich (59 Prozent).<\/p>\n<h2>Luft nach oben bei r\u00fcckenfreundlichen Arbeitspl\u00e4tzen<\/h2>\n<p>Etwas mehr als die H\u00e4lfte der 539 Befragten gab an, dass ihr Arbeitsplatz ergonomisch gut ausgestattet ist (57 Prozent). Im Vergleich der T\u00e4tigkeitsbereiche sind es vor allem die B\u00fcrobesch\u00e4ftigten, die mit der R\u00fcckenfreundlichkeit ihrer Arbeitsumgebung zufrieden sind. (66 Prozent). Nachholbedarf besteht vor allem in kleinen Unternehmen: Je gr\u00f6\u00dfer das Unternehmen, desto besser ist die ergonomische Ausstattung des Arbeitsplatzes, so ein weiteres <a href=\"http:\/\/www.agr-ev.de\/umfrage-ergebnisse\" target=\"_blank\" rel=\"noopener\">Ergebnis der Befragung<\/a>. Wird die eigene Arbeitsbedingung als unergonomisch bewertet, machen Besch\u00e4ftigte vor allem ihren Arbeitgeber verantwortlich \u2013 dieser sei oft nicht bereit, in Ergonomie zu investieren (42 Prozent).\u00a0 F\u00fcr die Befragung wurden im Zeitraum 17. und 24. September 2024 insgesamt 539 Arbeitnehmer ohne besondere F\u00fchrungsverantwortung befragt.<\/p>\n","protected":false},"excerpt":{"rendered":"<p>Februar 2025. \u00dcber 80 Prozent aller Besch\u00e4ftigten in Deutschland leiden mehrmals im Jahr unter R\u00fcckenschmerzen. Das ist ein Ergebnis einer YouGov-Umfrage im Auftrag der Aktion Gesunder R\u00fccken (AGR) e.V..<\/p>\n","protected":false},"author":1,"featured_media":0,"comment_status":"closed","ping_status":"closed","sticky":false,"template":"","format":"standard","meta":{"footnotes":""},"categories":[1],"tags":[],"class_list":["post-5278","post","type-post","status-publish","format-standard","hentry","category-allgemein"],"yoast_head":"<!-- This site is optimized with the Yoast SEO plugin v26.6 - https:\/\/yoast.com\/wordpress\/plugins\/seo\/ -->\n<title>Der moderne Arbeitsalltag belastet den R\u00fccken &#8211; BEWEGUNG IM B\u00dcRO<\/title>\n<meta name=\"description\" content=\"Die Berufsgenossenschaft Energie Textil Elektro Medienerzeugnisse (BG ETEM) hat f\u00fcnf Tipps f\u00fcr einen dynamischeren Arbeitsalltag.\" \/>\n<meta name=\"robots\" content=\"index, follow, max-snippet:-1, max-image-preview:large, max-video-preview:-1\" \/>\n<link rel=\"canonical\" href=\"https:\/\/office-roxx.de\/buero-bewegung\/der-moderne-arbeitsalltag-belastet-den-ruecken\/\" \/>\n<meta property=\"og:locale\" content=\"de_DE\" \/>\n<meta property=\"og:type\" content=\"article\" \/>\n<meta property=\"og:title\" content=\"Der moderne Arbeitsalltag belastet den R\u00fccken &#8211; BEWEGUNG IM B\u00dcRO\" \/>\n<meta property=\"og:description\" content=\"Die Berufsgenossenschaft Energie Textil Elektro Medienerzeugnisse (BG ETEM) hat f\u00fcnf Tipps f\u00fcr einen dynamischeren Arbeitsalltag.\" \/>\n<meta property=\"og:url\" content=\"https:\/\/office-roxx.de\/buero-bewegung\/der-moderne-arbeitsalltag-belastet-den-ruecken\/\" \/>\n<meta property=\"og:site_name\" content=\"BEWEGUNG IM B\u00dcRO\" \/>\n<meta property=\"article:published_time\" content=\"2025-02-03T06:30:27+00:00\" \/>\n<meta property=\"og:image\" content=\"https:\/\/office-roxx.de\/buero-bewegung\/wp-content\/uploads\/2025\/01\/InfografikAGR-YouGov-Umfrage-Wer-ergonomisch-arbeitet-hat-weniger-Ruecken.jpg\" \/>\n<meta name=\"author\" content=\"Team-BB\" \/>\n<meta name=\"twitter:card\" content=\"summary_large_image\" \/>\n<meta name=\"twitter:label1\" content=\"Verfasst von\" \/>\n\t<meta name=\"twitter:data1\" content=\"Team-BB\" \/>\n\t<meta name=\"twitter:label2\" content=\"Gesch\u00e4tzte Lesezeit\" \/>\n\t<meta name=\"twitter:data2\" content=\"2\u00a0Minuten\" \/>\n<script type=\"application\/ld+json\" class=\"yoast-schema-graph\">{\"@context\":\"https:\/\/schema.org\",\"@graph\":[{\"@type\":\"Article\",\"@id\":\"https:\/\/office-roxx.de\/buero-bewegung\/der-moderne-arbeitsalltag-belastet-den-ruecken\/#article\",\"isPartOf\":{\"@id\":\"https:\/\/office-roxx.de\/buero-bewegung\/der-moderne-arbeitsalltag-belastet-den-ruecken\/\"},\"author\":{\"name\":\"Team-BB\",\"@id\":\"https:\/\/office-roxx.de\/buero-bewegung\/#\/schema\/person\/1fb790e36fc2c425645a8d6bdd301799\"},\"headline\":\"Der moderne Arbeitsalltag belastet den R\u00fccken\",\"datePublished\":\"2025-02-03T06:30:27+00:00\",\"mainEntityOfPage\":{\"@id\":\"https:\/\/office-roxx.de\/buero-bewegung\/der-moderne-arbeitsalltag-belastet-den-ruecken\/\"},\"wordCount\":279,\"publisher\":{\"@id\":\"https:\/\/office-roxx.de\/buero-bewegung\/#organization\"},\"image\":{\"@id\":\"https:\/\/office-roxx.de\/buero-bewegung\/der-moderne-arbeitsalltag-belastet-den-ruecken\/#primaryimage\"},\"thumbnailUrl\":\"https:\/\/office-roxx.de\/buero-bewegung\/wp-content\/uploads\/2025\/01\/InfografikAGR-YouGov-Umfrage-Wer-ergonomisch-arbeitet-hat-weniger-Ruecken.jpg\",\"inLanguage\":\"de\"},{\"@type\":\"WebPage\",\"@id\":\"https:\/\/office-roxx.de\/buero-bewegung\/der-moderne-arbeitsalltag-belastet-den-ruecken\/\",\"url\":\"https:\/\/office-roxx.de\/buero-bewegung\/der-moderne-arbeitsalltag-belastet-den-ruecken\/\",\"name\":\"Der moderne Arbeitsalltag belastet den R\u00fccken &#8211; BEWEGUNG IM B\u00dcRO\",\"isPartOf\":{\"@id\":\"https:\/\/office-roxx.de\/buero-bewegung\/#website\"},\"primaryImageOfPage\":{\"@id\":\"https:\/\/office-roxx.de\/buero-bewegung\/der-moderne-arbeitsalltag-belastet-den-ruecken\/#primaryimage\"},\"image\":{\"@id\":\"https:\/\/office-roxx.de\/buero-bewegung\/der-moderne-arbeitsalltag-belastet-den-ruecken\/#primaryimage\"},\"thumbnailUrl\":\"https:\/\/office-roxx.de\/buero-bewegung\/wp-content\/uploads\/2025\/01\/InfografikAGR-YouGov-Umfrage-Wer-ergonomisch-arbeitet-hat-weniger-Ruecken.jpg\",\"datePublished\":\"2025-02-03T06:30:27+00:00\",\"description\":\"Die Berufsgenossenschaft Energie Textil Elektro Medienerzeugnisse (BG ETEM) hat f\u00fcnf Tipps f\u00fcr einen dynamischeren Arbeitsalltag.\",\"breadcrumb\":{\"@id\":\"https:\/\/office-roxx.de\/buero-bewegung\/der-moderne-arbeitsalltag-belastet-den-ruecken\/#breadcrumb\"},\"inLanguage\":\"de\",\"potentialAction\":[{\"@type\":\"ReadAction\",\"target\":[\"https:\/\/office-roxx.de\/buero-bewegung\/der-moderne-arbeitsalltag-belastet-den-ruecken\/\"]}]},{\"@type\":\"ImageObject\",\"inLanguage\":\"de\",\"@id\":\"https:\/\/office-roxx.de\/buero-bewegung\/der-moderne-arbeitsalltag-belastet-den-ruecken\/#primaryimage\",\"url\":\"https:\/\/office-roxx.de\/buero-bewegung\/wp-content\/uploads\/2025\/01\/InfografikAGR-YouGov-Umfrage-Wer-ergonomisch-arbeitet-hat-weniger-Ruecken.jpg\",\"contentUrl\":\"https:\/\/office-roxx.de\/buero-bewegung\/wp-content\/uploads\/2025\/01\/InfografikAGR-YouGov-Umfrage-Wer-ergonomisch-arbeitet-hat-weniger-Ruecken.jpg\",\"width\":1000,\"height\":842,\"caption\":\"Ein ergonomischer Arbeitsplatz erweist sich in der Umfrage als effektive Investition in die Gesundheit. Abbildung: AGR\"},{\"@type\":\"BreadcrumbList\",\"@id\":\"https:\/\/office-roxx.de\/buero-bewegung\/der-moderne-arbeitsalltag-belastet-den-ruecken\/#breadcrumb\",\"itemListElement\":[{\"@type\":\"ListItem\",\"position\":1,\"name\":\"Startseite\",\"item\":\"https:\/\/office-roxx.de\/buero-bewegung\/\"},{\"@type\":\"ListItem\",\"position\":2,\"name\":\"Der moderne Arbeitsalltag belastet den R\u00fccken\"}]},{\"@type\":\"WebSite\",\"@id\":\"https:\/\/office-roxx.de\/buero-bewegung\/#website\",\"url\":\"https:\/\/office-roxx.de\/buero-bewegung\/\",\"name\":\"BEWEGUNG IM B\u00dcRO\",\"description\":\"\",\"publisher\":{\"@id\":\"https:\/\/office-roxx.de\/buero-bewegung\/#organization\"},\"potentialAction\":[{\"@type\":\"SearchAction\",\"target\":{\"@type\":\"EntryPoint\",\"urlTemplate\":\"https:\/\/office-roxx.de\/buero-bewegung\/?s={search_term_string}\"},\"query-input\":{\"@type\":\"PropertyValueSpecification\",\"valueRequired\":true,\"valueName\":\"search_term_string\"}}],\"inLanguage\":\"de\"},{\"@type\":\"Organization\",\"@id\":\"https:\/\/office-roxx.de\/buero-bewegung\/#organization\",\"name\":\"Bewegung im B\u00fcro\",\"url\":\"https:\/\/office-roxx.de\/buero-bewegung\/\",\"logo\":{\"@type\":\"ImageObject\",\"inLanguage\":\"de\",\"@id\":\"https:\/\/office-roxx.de\/buero-bewegung\/#\/schema\/logo\/image\/\",\"url\":\"https:\/\/office-roxx.de\/buero-bewegung\/wp-content\/uploads\/2020\/01\/Bewegung.jpg\",\"contentUrl\":\"https:\/\/office-roxx.de\/buero-bewegung\/wp-content\/uploads\/2020\/01\/Bewegung.jpg\",\"width\":999,\"height\":520,\"caption\":\"Bewegung im B\u00fcro\"},\"image\":{\"@id\":\"https:\/\/office-roxx.de\/buero-bewegung\/#\/schema\/logo\/image\/\"}},{\"@type\":\"Person\",\"@id\":\"https:\/\/office-roxx.de\/buero-bewegung\/#\/schema\/person\/1fb790e36fc2c425645a8d6bdd301799\",\"name\":\"Team-BB\"}]}<\/script>\n<!-- \/ Yoast SEO plugin. -->","yoast_head_json":{"title":"Der moderne Arbeitsalltag belastet den R\u00fccken &#8211; BEWEGUNG IM B\u00dcRO","description":"Die Berufsgenossenschaft Energie Textil Elektro Medienerzeugnisse (BG ETEM) hat f\u00fcnf Tipps f\u00fcr einen dynamischeren Arbeitsalltag.","robots":{"index":"index","follow":"follow","max-snippet":"max-snippet:-1","max-image-preview":"max-image-preview:large","max-video-preview":"max-video-preview:-1"},"canonical":"https:\/\/office-roxx.de\/buero-bewegung\/der-moderne-arbeitsalltag-belastet-den-ruecken\/","og_locale":"de_DE","og_type":"article","og_title":"Der moderne Arbeitsalltag belastet den R\u00fccken &#8211; BEWEGUNG IM B\u00dcRO","og_description":"Die Berufsgenossenschaft Energie Textil Elektro Medienerzeugnisse (BG ETEM) hat f\u00fcnf Tipps f\u00fcr einen dynamischeren Arbeitsalltag.","og_url":"https:\/\/office-roxx.de\/buero-bewegung\/der-moderne-arbeitsalltag-belastet-den-ruecken\/","og_site_name":"BEWEGUNG IM B\u00dcRO","article_published_time":"2025-02-03T06:30:27+00:00","og_image":[{"url":"https:\/\/office-roxx.de\/buero-bewegung\/wp-content\/uploads\/2025\/01\/InfografikAGR-YouGov-Umfrage-Wer-ergonomisch-arbeitet-hat-weniger-Ruecken.jpg","type":"","width":"","height":""}],"author":"Team-BB","twitter_card":"summary_large_image","twitter_misc":{"Verfasst von":"Team-BB","Gesch\u00e4tzte Lesezeit":"2\u00a0Minuten"},"schema":{"@context":"https:\/\/schema.org","@graph":[{"@type":"Article","@id":"https:\/\/office-roxx.de\/buero-bewegung\/der-moderne-arbeitsalltag-belastet-den-ruecken\/#article","isPartOf":{"@id":"https:\/\/office-roxx.de\/buero-bewegung\/der-moderne-arbeitsalltag-belastet-den-ruecken\/"},"author":{"name":"Team-BB","@id":"https:\/\/office-roxx.de\/buero-bewegung\/#\/schema\/person\/1fb790e36fc2c425645a8d6bdd301799"},"headline":"Der moderne Arbeitsalltag belastet den R\u00fccken","datePublished":"2025-02-03T06:30:27+00:00","mainEntityOfPage":{"@id":"https:\/\/office-roxx.de\/buero-bewegung\/der-moderne-arbeitsalltag-belastet-den-ruecken\/"},"wordCount":279,"publisher":{"@id":"https:\/\/office-roxx.de\/buero-bewegung\/#organization"},"image":{"@id":"https:\/\/office-roxx.de\/buero-bewegung\/der-moderne-arbeitsalltag-belastet-den-ruecken\/#primaryimage"},"thumbnailUrl":"https:\/\/office-roxx.de\/buero-bewegung\/wp-content\/uploads\/2025\/01\/InfografikAGR-YouGov-Umfrage-Wer-ergonomisch-arbeitet-hat-weniger-Ruecken.jpg","inLanguage":"de"},{"@type":"WebPage","@id":"https:\/\/office-roxx.de\/buero-bewegung\/der-moderne-arbeitsalltag-belastet-den-ruecken\/","url":"https:\/\/office-roxx.de\/buero-bewegung\/der-moderne-arbeitsalltag-belastet-den-ruecken\/","name":"Der moderne Arbeitsalltag belastet den R\u00fccken &#8211; BEWEGUNG IM B\u00dcRO","isPartOf":{"@id":"https:\/\/office-roxx.de\/buero-bewegung\/#website"},"primaryImageOfPage":{"@id":"https:\/\/office-roxx.de\/buero-bewegung\/der-moderne-arbeitsalltag-belastet-den-ruecken\/#primaryimage"},"image":{"@id":"https:\/\/office-roxx.de\/buero-bewegung\/der-moderne-arbeitsalltag-belastet-den-ruecken\/#primaryimage"},"thumbnailUrl":"https:\/\/office-roxx.de\/buero-bewegung\/wp-content\/uploads\/2025\/01\/InfografikAGR-YouGov-Umfrage-Wer-ergonomisch-arbeitet-hat-weniger-Ruecken.jpg","datePublished":"2025-02-03T06:30:27+00:00","description":"Die Berufsgenossenschaft Energie Textil Elektro Medienerzeugnisse (BG ETEM) hat f\u00fcnf Tipps f\u00fcr einen dynamischeren Arbeitsalltag.","breadcrumb":{"@id":"https:\/\/office-roxx.de\/buero-bewegung\/der-moderne-arbeitsalltag-belastet-den-ruecken\/#breadcrumb"},"inLanguage":"de","potentialAction":[{"@type":"ReadAction","target":["https:\/\/office-roxx.de\/buero-bewegung\/der-moderne-arbeitsalltag-belastet-den-ruecken\/"]}]},{"@type":"ImageObject","inLanguage":"de","@id":"https:\/\/office-roxx.de\/buero-bewegung\/der-moderne-arbeitsalltag-belastet-den-ruecken\/#primaryimage","url":"https:\/\/office-roxx.de\/buero-bewegung\/wp-content\/uploads\/2025\/01\/InfografikAGR-YouGov-Umfrage-Wer-ergonomisch-arbeitet-hat-weniger-Ruecken.jpg","contentUrl":"https:\/\/office-roxx.de\/buero-bewegung\/wp-content\/uploads\/2025\/01\/InfografikAGR-YouGov-Umfrage-Wer-ergonomisch-arbeitet-hat-weniger-Ruecken.jpg","width":1000,"height":842,"caption":"Ein ergonomischer Arbeitsplatz erweist sich in der Umfrage als effektive Investition in die Gesundheit. Abbildung: AGR"},{"@type":"BreadcrumbList","@id":"https:\/\/office-roxx.de\/buero-bewegung\/der-moderne-arbeitsalltag-belastet-den-ruecken\/#breadcrumb","itemListElement":[{"@type":"ListItem","position":1,"name":"Startseite","item":"https:\/\/office-roxx.de\/buero-bewegung\/"},{"@type":"ListItem","position":2,"name":"Der moderne Arbeitsalltag belastet den R\u00fccken"}]},{"@type":"WebSite","@id":"https:\/\/office-roxx.de\/buero-bewegung\/#website","url":"https:\/\/office-roxx.de\/buero-bewegung\/","name":"BEWEGUNG IM B\u00dcRO","description":"","publisher":{"@id":"https:\/\/office-roxx.de\/buero-bewegung\/#organization"},"potentialAction":[{"@type":"SearchAction","target":{"@type":"EntryPoint","urlTemplate":"https:\/\/office-roxx.de\/buero-bewegung\/?s={search_term_string}"},"query-input":{"@type":"PropertyValueSpecification","valueRequired":true,"valueName":"search_term_string"}}],"inLanguage":"de"},{"@type":"Organization","@id":"https:\/\/office-roxx.de\/buero-bewegung\/#organization","name":"Bewegung im B\u00fcro","url":"https:\/\/office-roxx.de\/buero-bewegung\/","logo":{"@type":"ImageObject","inLanguage":"de","@id":"https:\/\/office-roxx.de\/buero-bewegung\/#\/schema\/logo\/image\/","url":"https:\/\/office-roxx.de\/buero-bewegung\/wp-content\/uploads\/2020\/01\/Bewegung.jpg","contentUrl":"https:\/\/office-roxx.de\/buero-bewegung\/wp-content\/uploads\/2020\/01\/Bewegung.jpg","width":999,"height":520,"caption":"Bewegung im B\u00fcro"},"image":{"@id":"https:\/\/office-roxx.de\/buero-bewegung\/#\/schema\/logo\/image\/"}},{"@type":"Person","@id":"https:\/\/office-roxx.de\/buero-bewegung\/#\/schema\/person\/1fb790e36fc2c425645a8d6bdd301799","name":"Team-BB"}]}},"_links":{"self":[{"href":"https:\/\/office-roxx.de\/buero-bewegung\/wp-json\/wp\/v2\/posts\/5278","targetHints":{"allow":["GET"]}}],"collection":[{"href":"https:\/\/office-roxx.de\/buero-bewegung\/wp-json\/wp\/v2\/posts"}],"about":[{"href":"https:\/\/office-roxx.de\/buero-bewegung\/wp-json\/wp\/v2\/types\/post"}],"author":[{"embeddable":true,"href":"https:\/\/office-roxx.de\/buero-bewegung\/wp-json\/wp\/v2\/users\/1"}],"replies":[{"embeddable":true,"href":"https:\/\/office-roxx.de\/buero-bewegung\/wp-json\/wp\/v2\/comments?post=5278"}],"version-history":[{"count":2,"href":"https:\/\/office-roxx.de\/buero-bewegung\/wp-json\/wp\/v2\/posts\/5278\/revisions"}],"predecessor-version":[{"id":5283,"href":"https:\/\/office-roxx.de\/buero-bewegung\/wp-json\/wp\/v2\/posts\/5278\/revisions\/5283"}],"wp:attachment":[{"href":"https:\/\/office-roxx.de\/buero-bewegung\/wp-json\/wp\/v2\/media?parent=5278"}],"wp:term":[{"taxonomy":"category","embeddable":true,"href":"https:\/\/office-roxx.de\/buero-bewegung\/wp-json\/wp\/v2\/categories?post=5278"},{"taxonomy":"post_tag","embeddable":true,"href":"https:\/\/office-roxx.de\/buero-bewegung\/wp-json\/wp\/v2\/tags?post=5278"}],"curies":[{"name":"wp","href":"https:\/\/api.w.org\/{rel}","templated":true}]}}