{"id":4976,"date":"2023-01-31T11:59:20","date_gmt":"2023-01-31T10:59:20","guid":{"rendered":"https:\/\/office-roxx.de\/buero-bewegung\/?p=4976"},"modified":"2023-01-31T14:18:03","modified_gmt":"2023-01-31T13:18:03","slug":"10-jahre-initiative-bewegung-im-buero","status":"publish","type":"post","link":"https:\/\/office-roxx.de\/buero-bewegung\/10-jahre-initiative-bewegung-im-buero\/","title":{"rendered":"10 Jahre Initiative BEWEGUNG IM B\u00dcRO"},"content":{"rendered":"<p><strong>Januar 2023.<\/strong>\u00a0Am 31. Januar 2013 haben wir in Berlin einen Roundtable zum Thema \u201eMehr Bewegung im B\u00fcro\u201c veranstaltet.<br \/>\n<!--more weiterlesen...--><\/p>\n<p>Renommierte Branchenvertreter aus den Bereichen Industrie, Handel, Arbeitsplatzexperten, Institutionen und Politik waren der Einladung gefolgt. Im direkten Anschluss wurde unsere Initiative gegr\u00fcndet. Mit der Homepage www.b\u00fcro-bewegung.de, Printanzeigen, aufkl\u00e4renden Beitr\u00e4gen, Umfragen (<a href=\"https:\/\/office-roxx.de\/2022\/06\/13\/stillstand-beim-bewegten-arbeiten\/\" target=\"_blank\" rel=\"noopener\">Ergebnisse 2022<\/a>) u. v. m. hat sie Millionen Office-Worker erreicht und zu einem bewegteren Arbeitsleben motiviert. Die Reise ist aber noch nicht zu Ende, denn noch immer gibt es viele, die bei der B\u00fcroarbeit fast nur noch Augen und Finger bewegen &#8211; egal ob zu Hause, im Corporate Office oder einem Dritten Ort.<\/p>\n<p>Herzlichen Dank an die aktuellen Unterst\u00fctzer: <a href=\"https:\/\/www.ergonomics.world\/\" target=\"_blank\" rel=\"noopener\">Kesseb\u00f6hmer Ergonomietechnik GmbH<\/a>, <a href=\"https:\/\/www.linak.de\/\" target=\"_blank\" rel=\"noopener\">LINAK GmbH<\/a>, <a href=\"https:\/\/www.fellowes.com\/de\/de\" target=\"_blank\" rel=\"noopener\">Fellowes Brands<\/a>, <a href=\"https:\/\/steppie.dk\/de\/\" target=\"_blank\" rel=\"noopener\">Steppie ApS<\/a>, <a href=\"https:\/\/dnb-netz.de\/\" target=\"_blank\" rel=\"noopener\">Deutsches Netzwerk B\u00fcro e.V.<\/a>, <a href=\"https:\/\/www.hwb.online\/\" target=\"_blank\" rel=\"noopener\">Handelsverband B\u00fcro und Schreibkultur<\/a>, <a href=\"https:\/\/www.haltungbewegung.de\/\" target=\"_blank\" rel=\"noopener\">BAG Bundesarbeitsgemeinschaft f\u00fcr Haltung und Bewegungsf\u00f6rderung<\/a>.<\/p>\n<p>Wir sind jederzeit offen f\u00fcr weitere Partner. Zusammen k\u00f6nnen wir etwas bewegen.<\/p>\n","protected":false},"excerpt":{"rendered":"<p>Januar 2023.\u00a0Am 31. Januar 2013 haben wir in Berlin einen Roundtable zum Thema \u201eMehr Bewegung im B\u00fcro\u201c veranstaltet.<\/p>\n","protected":false},"author":1,"featured_media":0,"comment_status":"closed","ping_status":"closed","sticky":false,"template":"","format":"standard","meta":{"footnotes":""},"categories":[1],"tags":[],"class_list":["post-4976","post","type-post","status-publish","format-standard","hentry","category-allgemein"],"yoast_head":"<!-- This site is optimized with the Yoast SEO plugin v26.6 - https:\/\/yoast.com\/wordpress\/plugins\/seo\/ -->\n<title>10 Jahre Initiative BEWEGUNG IM B\u00dcRO &#8211; BEWEGUNG IM B\u00dcRO<\/title>\n<meta name=\"robots\" content=\"index, follow, max-snippet:-1, max-image-preview:large, max-video-preview:-1\" \/>\n<link rel=\"canonical\" href=\"https:\/\/office-roxx.de\/buero-bewegung\/10-jahre-initiative-bewegung-im-buero\/\" \/>\n<meta property=\"og:locale\" content=\"de_DE\" \/>\n<meta property=\"og:type\" content=\"article\" \/>\n<meta property=\"og:title\" content=\"10 Jahre Initiative BEWEGUNG IM B\u00dcRO &#8211; BEWEGUNG IM B\u00dcRO\" \/>\n<meta property=\"og:description\" content=\"Januar 2023.\u00a0Am 31. Januar 2013 haben wir in Berlin einen Roundtable zum Thema \u201eMehr Bewegung im B\u00fcro\u201c veranstaltet.\" \/>\n<meta property=\"og:url\" content=\"https:\/\/office-roxx.de\/buero-bewegung\/10-jahre-initiative-bewegung-im-buero\/\" \/>\n<meta property=\"og:site_name\" content=\"BEWEGUNG IM B\u00dcRO\" \/>\n<meta property=\"article:published_time\" content=\"2023-01-31T10:59:20+00:00\" \/>\n<meta property=\"article:modified_time\" content=\"2023-01-31T13:18:03+00:00\" \/>\n<meta name=\"author\" content=\"Team-BB\" \/>\n<meta name=\"twitter:card\" content=\"summary_large_image\" \/>\n<meta name=\"twitter:label1\" content=\"Verfasst von\" \/>\n\t<meta name=\"twitter:data1\" content=\"Team-BB\" \/>\n\t<meta name=\"twitter:label2\" content=\"Gesch\u00e4tzte Lesezeit\" \/>\n\t<meta name=\"twitter:data2\" content=\"1\u00a0Minute\" \/>\n<script type=\"application\/ld+json\" class=\"yoast-schema-graph\">{\"@context\":\"https:\/\/schema.org\",\"@graph\":[{\"@type\":\"Article\",\"@id\":\"https:\/\/office-roxx.de\/buero-bewegung\/10-jahre-initiative-bewegung-im-buero\/#article\",\"isPartOf\":{\"@id\":\"https:\/\/office-roxx.de\/buero-bewegung\/10-jahre-initiative-bewegung-im-buero\/\"},\"author\":{\"name\":\"Team-BB\",\"@id\":\"https:\/\/office-roxx.de\/buero-bewegung\/#\/schema\/person\/1fb790e36fc2c425645a8d6bdd301799\"},\"headline\":\"10 Jahre Initiative BEWEGUNG IM B\u00dcRO\",\"datePublished\":\"2023-01-31T10:59:20+00:00\",\"dateModified\":\"2023-01-31T13:18:03+00:00\",\"mainEntityOfPage\":{\"@id\":\"https:\/\/office-roxx.de\/buero-bewegung\/10-jahre-initiative-bewegung-im-buero\/\"},\"wordCount\":162,\"publisher\":{\"@id\":\"https:\/\/office-roxx.de\/buero-bewegung\/#organization\"},\"inLanguage\":\"de\"},{\"@type\":\"WebPage\",\"@id\":\"https:\/\/office-roxx.de\/buero-bewegung\/10-jahre-initiative-bewegung-im-buero\/\",\"url\":\"https:\/\/office-roxx.de\/buero-bewegung\/10-jahre-initiative-bewegung-im-buero\/\",\"name\":\"10 Jahre Initiative BEWEGUNG IM B\u00dcRO &#8211; BEWEGUNG IM B\u00dcRO\",\"isPartOf\":{\"@id\":\"https:\/\/office-roxx.de\/buero-bewegung\/#website\"},\"datePublished\":\"2023-01-31T10:59:20+00:00\",\"dateModified\":\"2023-01-31T13:18:03+00:00\",\"breadcrumb\":{\"@id\":\"https:\/\/office-roxx.de\/buero-bewegung\/10-jahre-initiative-bewegung-im-buero\/#breadcrumb\"},\"inLanguage\":\"de\",\"potentialAction\":[{\"@type\":\"ReadAction\",\"target\":[\"https:\/\/office-roxx.de\/buero-bewegung\/10-jahre-initiative-bewegung-im-buero\/\"]}]},{\"@type\":\"BreadcrumbList\",\"@id\":\"https:\/\/office-roxx.de\/buero-bewegung\/10-jahre-initiative-bewegung-im-buero\/#breadcrumb\",\"itemListElement\":[{\"@type\":\"ListItem\",\"position\":1,\"name\":\"Startseite\",\"item\":\"https:\/\/office-roxx.de\/buero-bewegung\/\"},{\"@type\":\"ListItem\",\"position\":2,\"name\":\"10 Jahre Initiative BEWEGUNG IM B\u00dcRO\"}]},{\"@type\":\"WebSite\",\"@id\":\"https:\/\/office-roxx.de\/buero-bewegung\/#website\",\"url\":\"https:\/\/office-roxx.de\/buero-bewegung\/\",\"name\":\"BEWEGUNG IM B\u00dcRO\",\"description\":\"\",\"publisher\":{\"@id\":\"https:\/\/office-roxx.de\/buero-bewegung\/#organization\"},\"potentialAction\":[{\"@type\":\"SearchAction\",\"target\":{\"@type\":\"EntryPoint\",\"urlTemplate\":\"https:\/\/office-roxx.de\/buero-bewegung\/?s={search_term_string}\"},\"query-input\":{\"@type\":\"PropertyValueSpecification\",\"valueRequired\":true,\"valueName\":\"search_term_string\"}}],\"inLanguage\":\"de\"},{\"@type\":\"Organization\",\"@id\":\"https:\/\/office-roxx.de\/buero-bewegung\/#organization\",\"name\":\"Bewegung im B\u00fcro\",\"url\":\"https:\/\/office-roxx.de\/buero-bewegung\/\",\"logo\":{\"@type\":\"ImageObject\",\"inLanguage\":\"de\",\"@id\":\"https:\/\/office-roxx.de\/buero-bewegung\/#\/schema\/logo\/image\/\",\"url\":\"https:\/\/office-roxx.de\/buero-bewegung\/wp-content\/uploads\/2020\/01\/Bewegung.jpg\",\"contentUrl\":\"https:\/\/office-roxx.de\/buero-bewegung\/wp-content\/uploads\/2020\/01\/Bewegung.jpg\",\"width\":999,\"height\":520,\"caption\":\"Bewegung im B\u00fcro\"},\"image\":{\"@id\":\"https:\/\/office-roxx.de\/buero-bewegung\/#\/schema\/logo\/image\/\"}},{\"@type\":\"Person\",\"@id\":\"https:\/\/office-roxx.de\/buero-bewegung\/#\/schema\/person\/1fb790e36fc2c425645a8d6bdd301799\",\"name\":\"Team-BB\"}]}<\/script>\n<!-- \/ Yoast SEO plugin. -->","yoast_head_json":{"title":"10 Jahre Initiative BEWEGUNG IM B\u00dcRO &#8211; BEWEGUNG IM B\u00dcRO","robots":{"index":"index","follow":"follow","max-snippet":"max-snippet:-1","max-image-preview":"max-image-preview:large","max-video-preview":"max-video-preview:-1"},"canonical":"https:\/\/office-roxx.de\/buero-bewegung\/10-jahre-initiative-bewegung-im-buero\/","og_locale":"de_DE","og_type":"article","og_title":"10 Jahre Initiative BEWEGUNG IM B\u00dcRO &#8211; BEWEGUNG IM B\u00dcRO","og_description":"Januar 2023.\u00a0Am 31. Januar 2013 haben wir in Berlin einen Roundtable zum Thema \u201eMehr Bewegung im B\u00fcro\u201c veranstaltet.","og_url":"https:\/\/office-roxx.de\/buero-bewegung\/10-jahre-initiative-bewegung-im-buero\/","og_site_name":"BEWEGUNG IM B\u00dcRO","article_published_time":"2023-01-31T10:59:20+00:00","article_modified_time":"2023-01-31T13:18:03+00:00","author":"Team-BB","twitter_card":"summary_large_image","twitter_misc":{"Verfasst von":"Team-BB","Gesch\u00e4tzte Lesezeit":"1\u00a0Minute"},"schema":{"@context":"https:\/\/schema.org","@graph":[{"@type":"Article","@id":"https:\/\/office-roxx.de\/buero-bewegung\/10-jahre-initiative-bewegung-im-buero\/#article","isPartOf":{"@id":"https:\/\/office-roxx.de\/buero-bewegung\/10-jahre-initiative-bewegung-im-buero\/"},"author":{"name":"Team-BB","@id":"https:\/\/office-roxx.de\/buero-bewegung\/#\/schema\/person\/1fb790e36fc2c425645a8d6bdd301799"},"headline":"10 Jahre Initiative BEWEGUNG IM B\u00dcRO","datePublished":"2023-01-31T10:59:20+00:00","dateModified":"2023-01-31T13:18:03+00:00","mainEntityOfPage":{"@id":"https:\/\/office-roxx.de\/buero-bewegung\/10-jahre-initiative-bewegung-im-buero\/"},"wordCount":162,"publisher":{"@id":"https:\/\/office-roxx.de\/buero-bewegung\/#organization"},"inLanguage":"de"},{"@type":"WebPage","@id":"https:\/\/office-roxx.de\/buero-bewegung\/10-jahre-initiative-bewegung-im-buero\/","url":"https:\/\/office-roxx.de\/buero-bewegung\/10-jahre-initiative-bewegung-im-buero\/","name":"10 Jahre Initiative BEWEGUNG IM B\u00dcRO &#8211; BEWEGUNG IM B\u00dcRO","isPartOf":{"@id":"https:\/\/office-roxx.de\/buero-bewegung\/#website"},"datePublished":"2023-01-31T10:59:20+00:00","dateModified":"2023-01-31T13:18:03+00:00","breadcrumb":{"@id":"https:\/\/office-roxx.de\/buero-bewegung\/10-jahre-initiative-bewegung-im-buero\/#breadcrumb"},"inLanguage":"de","potentialAction":[{"@type":"ReadAction","target":["https:\/\/office-roxx.de\/buero-bewegung\/10-jahre-initiative-bewegung-im-buero\/"]}]},{"@type":"BreadcrumbList","@id":"https:\/\/office-roxx.de\/buero-bewegung\/10-jahre-initiative-bewegung-im-buero\/#breadcrumb","itemListElement":[{"@type":"ListItem","position":1,"name":"Startseite","item":"https:\/\/office-roxx.de\/buero-bewegung\/"},{"@type":"ListItem","position":2,"name":"10 Jahre Initiative BEWEGUNG IM B\u00dcRO"}]},{"@type":"WebSite","@id":"https:\/\/office-roxx.de\/buero-bewegung\/#website","url":"https:\/\/office-roxx.de\/buero-bewegung\/","name":"BEWEGUNG IM B\u00dcRO","description":"","publisher":{"@id":"https:\/\/office-roxx.de\/buero-bewegung\/#organization"},"potentialAction":[{"@type":"SearchAction","target":{"@type":"EntryPoint","urlTemplate":"https:\/\/office-roxx.de\/buero-bewegung\/?s={search_term_string}"},"query-input":{"@type":"PropertyValueSpecification","valueRequired":true,"valueName":"search_term_string"}}],"inLanguage":"de"},{"@type":"Organization","@id":"https:\/\/office-roxx.de\/buero-bewegung\/#organization","name":"Bewegung im B\u00fcro","url":"https:\/\/office-roxx.de\/buero-bewegung\/","logo":{"@type":"ImageObject","inLanguage":"de","@id":"https:\/\/office-roxx.de\/buero-bewegung\/#\/schema\/logo\/image\/","url":"https:\/\/office-roxx.de\/buero-bewegung\/wp-content\/uploads\/2020\/01\/Bewegung.jpg","contentUrl":"https:\/\/office-roxx.de\/buero-bewegung\/wp-content\/uploads\/2020\/01\/Bewegung.jpg","width":999,"height":520,"caption":"Bewegung im B\u00fcro"},"image":{"@id":"https:\/\/office-roxx.de\/buero-bewegung\/#\/schema\/logo\/image\/"}},{"@type":"Person","@id":"https:\/\/office-roxx.de\/buero-bewegung\/#\/schema\/person\/1fb790e36fc2c425645a8d6bdd301799","name":"Team-BB"}]}},"_links":{"self":[{"href":"https:\/\/office-roxx.de\/buero-bewegung\/wp-json\/wp\/v2\/posts\/4976","targetHints":{"allow":["GET"]}}],"collection":[{"href":"https:\/\/office-roxx.de\/buero-bewegung\/wp-json\/wp\/v2\/posts"}],"about":[{"href":"https:\/\/office-roxx.de\/buero-bewegung\/wp-json\/wp\/v2\/types\/post"}],"author":[{"embeddable":true,"href":"https:\/\/office-roxx.de\/buero-bewegung\/wp-json\/wp\/v2\/users\/1"}],"replies":[{"embeddable":true,"href":"https:\/\/office-roxx.de\/buero-bewegung\/wp-json\/wp\/v2\/comments?post=4976"}],"version-history":[{"count":4,"href":"https:\/\/office-roxx.de\/buero-bewegung\/wp-json\/wp\/v2\/posts\/4976\/revisions"}],"predecessor-version":[{"id":4981,"href":"https:\/\/office-roxx.de\/buero-bewegung\/wp-json\/wp\/v2\/posts\/4976\/revisions\/4981"}],"wp:attachment":[{"href":"https:\/\/office-roxx.de\/buero-bewegung\/wp-json\/wp\/v2\/media?parent=4976"}],"wp:term":[{"taxonomy":"category","embeddable":true,"href":"https:\/\/office-roxx.de\/buero-bewegung\/wp-json\/wp\/v2\/categories?post=4976"},{"taxonomy":"post_tag","embeddable":true,"href":"https:\/\/office-roxx.de\/buero-bewegung\/wp-json\/wp\/v2\/tags?post=4976"}],"curies":[{"name":"wp","href":"https:\/\/api.w.org\/{rel}","templated":true}]}}