{"id":4382,"date":"2020-03-26T14:01:45","date_gmt":"2020-03-26T13:01:45","guid":{"rendered":"https:\/\/office-roxx.de\/buero-bewegung\/?p=4382"},"modified":"2020-03-26T14:01:45","modified_gmt":"2020-03-26T13:01:45","slug":"relaunch-von-buero-bewegung-de","status":"publish","type":"post","link":"https:\/\/office-roxx.de\/buero-bewegung\/relaunch-von-buero-bewegung-de\/","title":{"rendered":"Relaunch von b\u00fcro-bewegung.de"},"content":{"rendered":"<p><strong>M\u00e4rz 2020:<\/strong> Nach der Integration der Initiative &#8222;Aufstand im B\u00fcro&#8220; in &#8222;Bewegung im B\u00fcro&#8220; wurde zun\u00e4chst die Anzeige der Aktion umgestaltet und aktualisiert. Nun ist auch der Relaunch der Aktionswebsite erfolgt. Diese kommt jetzt als moderner Onepager daher, der gro\u00dfz\u00fcgig, responsiv und aufmerksamkeitsstark gestaltet wurde sowie umfassend informiert.<\/p>\n","protected":false},"excerpt":{"rendered":"<p>M\u00e4rz 2020: Nach der Integration der Initiative &#8222;Aufstand im B\u00fcro&#8220; in &#8222;Bewegung im B\u00fcro&#8220; wurde zun\u00e4chst die Anzeige der Aktion umgestaltet und aktualisiert. Nun ist auch der Relaunch der Aktionswebsite erfolgt. Diese kommt jetzt als moderner Onepager daher, der gro\u00dfz\u00fcgig, responsiv und aufmerksamkeitsstark gestaltet wurde sowie umfassend informiert.<\/p>\n","protected":false},"author":1,"featured_media":0,"comment_status":"closed","ping_status":"closed","sticky":false,"template":"","format":"standard","meta":{"footnotes":""},"categories":[1],"tags":[],"class_list":["post-4382","post","type-post","status-publish","format-standard","hentry","category-allgemein"],"yoast_head":"<!-- This site is optimized with the Yoast SEO plugin v26.6 - https:\/\/yoast.com\/wordpress\/plugins\/seo\/ -->\n<title>Relaunch von b\u00fcro-bewegung.de &#8211; BEWEGUNG IM B\u00dcRO<\/title>\n<meta name=\"robots\" content=\"index, follow, max-snippet:-1, max-image-preview:large, max-video-preview:-1\" \/>\n<link rel=\"canonical\" href=\"https:\/\/office-roxx.de\/buero-bewegung\/relaunch-von-buero-bewegung-de\/\" \/>\n<meta property=\"og:locale\" content=\"de_DE\" \/>\n<meta property=\"og:type\" content=\"article\" \/>\n<meta property=\"og:title\" content=\"Relaunch von b\u00fcro-bewegung.de &#8211; BEWEGUNG IM B\u00dcRO\" \/>\n<meta property=\"og:description\" content=\"M\u00e4rz 2020: Nach der Integration der Initiative &#8222;Aufstand im B\u00fcro&#8220; in &#8222;Bewegung im B\u00fcro&#8220; wurde zun\u00e4chst die Anzeige der Aktion umgestaltet und aktualisiert. Nun ist auch der Relaunch der Aktionswebsite erfolgt. Diese kommt jetzt als moderner Onepager daher, der gro\u00dfz\u00fcgig, responsiv und aufmerksamkeitsstark gestaltet wurde sowie umfassend informiert.\" \/>\n<meta property=\"og:url\" content=\"https:\/\/office-roxx.de\/buero-bewegung\/relaunch-von-buero-bewegung-de\/\" \/>\n<meta property=\"og:site_name\" content=\"BEWEGUNG IM B\u00dcRO\" \/>\n<meta property=\"article:published_time\" content=\"2020-03-26T13:01:45+00:00\" \/>\n<meta name=\"author\" content=\"Team-BB\" \/>\n<meta name=\"twitter:card\" content=\"summary_large_image\" \/>\n<meta name=\"twitter:label1\" content=\"Verfasst von\" \/>\n\t<meta name=\"twitter:data1\" content=\"Team-BB\" \/>\n<script type=\"application\/ld+json\" class=\"yoast-schema-graph\">{\"@context\":\"https:\/\/schema.org\",\"@graph\":[{\"@type\":\"Article\",\"@id\":\"https:\/\/office-roxx.de\/buero-bewegung\/relaunch-von-buero-bewegung-de\/#article\",\"isPartOf\":{\"@id\":\"https:\/\/office-roxx.de\/buero-bewegung\/relaunch-von-buero-bewegung-de\/\"},\"author\":{\"name\":\"Team-BB\",\"@id\":\"https:\/\/office-roxx.de\/buero-bewegung\/#\/schema\/person\/1fb790e36fc2c425645a8d6bdd301799\"},\"headline\":\"Relaunch von b\u00fcro-bewegung.de\",\"datePublished\":\"2020-03-26T13:01:45+00:00\",\"mainEntityOfPage\":{\"@id\":\"https:\/\/office-roxx.de\/buero-bewegung\/relaunch-von-buero-bewegung-de\/\"},\"wordCount\":58,\"publisher\":{\"@id\":\"https:\/\/office-roxx.de\/buero-bewegung\/#organization\"},\"inLanguage\":\"de\"},{\"@type\":\"WebPage\",\"@id\":\"https:\/\/office-roxx.de\/buero-bewegung\/relaunch-von-buero-bewegung-de\/\",\"url\":\"https:\/\/office-roxx.de\/buero-bewegung\/relaunch-von-buero-bewegung-de\/\",\"name\":\"Relaunch von b\u00fcro-bewegung.de &#8211; BEWEGUNG IM B\u00dcRO\",\"isPartOf\":{\"@id\":\"https:\/\/office-roxx.de\/buero-bewegung\/#website\"},\"datePublished\":\"2020-03-26T13:01:45+00:00\",\"breadcrumb\":{\"@id\":\"https:\/\/office-roxx.de\/buero-bewegung\/relaunch-von-buero-bewegung-de\/#breadcrumb\"},\"inLanguage\":\"de\",\"potentialAction\":[{\"@type\":\"ReadAction\",\"target\":[\"https:\/\/office-roxx.de\/buero-bewegung\/relaunch-von-buero-bewegung-de\/\"]}]},{\"@type\":\"BreadcrumbList\",\"@id\":\"https:\/\/office-roxx.de\/buero-bewegung\/relaunch-von-buero-bewegung-de\/#breadcrumb\",\"itemListElement\":[{\"@type\":\"ListItem\",\"position\":1,\"name\":\"Startseite\",\"item\":\"https:\/\/office-roxx.de\/buero-bewegung\/\"},{\"@type\":\"ListItem\",\"position\":2,\"name\":\"Relaunch von b\u00fcro-bewegung.de\"}]},{\"@type\":\"WebSite\",\"@id\":\"https:\/\/office-roxx.de\/buero-bewegung\/#website\",\"url\":\"https:\/\/office-roxx.de\/buero-bewegung\/\",\"name\":\"BEWEGUNG IM B\u00dcRO\",\"description\":\"\",\"publisher\":{\"@id\":\"https:\/\/office-roxx.de\/buero-bewegung\/#organization\"},\"potentialAction\":[{\"@type\":\"SearchAction\",\"target\":{\"@type\":\"EntryPoint\",\"urlTemplate\":\"https:\/\/office-roxx.de\/buero-bewegung\/?s={search_term_string}\"},\"query-input\":{\"@type\":\"PropertyValueSpecification\",\"valueRequired\":true,\"valueName\":\"search_term_string\"}}],\"inLanguage\":\"de\"},{\"@type\":\"Organization\",\"@id\":\"https:\/\/office-roxx.de\/buero-bewegung\/#organization\",\"name\":\"Bewegung im B\u00fcro\",\"url\":\"https:\/\/office-roxx.de\/buero-bewegung\/\",\"logo\":{\"@type\":\"ImageObject\",\"inLanguage\":\"de\",\"@id\":\"https:\/\/office-roxx.de\/buero-bewegung\/#\/schema\/logo\/image\/\",\"url\":\"https:\/\/office-roxx.de\/buero-bewegung\/wp-content\/uploads\/2020\/01\/Bewegung.jpg\",\"contentUrl\":\"https:\/\/office-roxx.de\/buero-bewegung\/wp-content\/uploads\/2020\/01\/Bewegung.jpg\",\"width\":999,\"height\":520,\"caption\":\"Bewegung im B\u00fcro\"},\"image\":{\"@id\":\"https:\/\/office-roxx.de\/buero-bewegung\/#\/schema\/logo\/image\/\"}},{\"@type\":\"Person\",\"@id\":\"https:\/\/office-roxx.de\/buero-bewegung\/#\/schema\/person\/1fb790e36fc2c425645a8d6bdd301799\",\"name\":\"Team-BB\"}]}<\/script>\n<!-- \/ Yoast SEO plugin. -->","yoast_head_json":{"title":"Relaunch von b\u00fcro-bewegung.de &#8211; BEWEGUNG IM B\u00dcRO","robots":{"index":"index","follow":"follow","max-snippet":"max-snippet:-1","max-image-preview":"max-image-preview:large","max-video-preview":"max-video-preview:-1"},"canonical":"https:\/\/office-roxx.de\/buero-bewegung\/relaunch-von-buero-bewegung-de\/","og_locale":"de_DE","og_type":"article","og_title":"Relaunch von b\u00fcro-bewegung.de &#8211; BEWEGUNG IM B\u00dcRO","og_description":"M\u00e4rz 2020: Nach der Integration der Initiative &#8222;Aufstand im B\u00fcro&#8220; in &#8222;Bewegung im B\u00fcro&#8220; wurde zun\u00e4chst die Anzeige der Aktion umgestaltet und aktualisiert. Nun ist auch der Relaunch der Aktionswebsite erfolgt. Diese kommt jetzt als moderner Onepager daher, der gro\u00dfz\u00fcgig, responsiv und aufmerksamkeitsstark gestaltet wurde sowie umfassend informiert.","og_url":"https:\/\/office-roxx.de\/buero-bewegung\/relaunch-von-buero-bewegung-de\/","og_site_name":"BEWEGUNG IM B\u00dcRO","article_published_time":"2020-03-26T13:01:45+00:00","author":"Team-BB","twitter_card":"summary_large_image","twitter_misc":{"Verfasst von":"Team-BB"},"schema":{"@context":"https:\/\/schema.org","@graph":[{"@type":"Article","@id":"https:\/\/office-roxx.de\/buero-bewegung\/relaunch-von-buero-bewegung-de\/#article","isPartOf":{"@id":"https:\/\/office-roxx.de\/buero-bewegung\/relaunch-von-buero-bewegung-de\/"},"author":{"name":"Team-BB","@id":"https:\/\/office-roxx.de\/buero-bewegung\/#\/schema\/person\/1fb790e36fc2c425645a8d6bdd301799"},"headline":"Relaunch von b\u00fcro-bewegung.de","datePublished":"2020-03-26T13:01:45+00:00","mainEntityOfPage":{"@id":"https:\/\/office-roxx.de\/buero-bewegung\/relaunch-von-buero-bewegung-de\/"},"wordCount":58,"publisher":{"@id":"https:\/\/office-roxx.de\/buero-bewegung\/#organization"},"inLanguage":"de"},{"@type":"WebPage","@id":"https:\/\/office-roxx.de\/buero-bewegung\/relaunch-von-buero-bewegung-de\/","url":"https:\/\/office-roxx.de\/buero-bewegung\/relaunch-von-buero-bewegung-de\/","name":"Relaunch von b\u00fcro-bewegung.de &#8211; BEWEGUNG IM B\u00dcRO","isPartOf":{"@id":"https:\/\/office-roxx.de\/buero-bewegung\/#website"},"datePublished":"2020-03-26T13:01:45+00:00","breadcrumb":{"@id":"https:\/\/office-roxx.de\/buero-bewegung\/relaunch-von-buero-bewegung-de\/#breadcrumb"},"inLanguage":"de","potentialAction":[{"@type":"ReadAction","target":["https:\/\/office-roxx.de\/buero-bewegung\/relaunch-von-buero-bewegung-de\/"]}]},{"@type":"BreadcrumbList","@id":"https:\/\/office-roxx.de\/buero-bewegung\/relaunch-von-buero-bewegung-de\/#breadcrumb","itemListElement":[{"@type":"ListItem","position":1,"name":"Startseite","item":"https:\/\/office-roxx.de\/buero-bewegung\/"},{"@type":"ListItem","position":2,"name":"Relaunch von b\u00fcro-bewegung.de"}]},{"@type":"WebSite","@id":"https:\/\/office-roxx.de\/buero-bewegung\/#website","url":"https:\/\/office-roxx.de\/buero-bewegung\/","name":"BEWEGUNG IM B\u00dcRO","description":"","publisher":{"@id":"https:\/\/office-roxx.de\/buero-bewegung\/#organization"},"potentialAction":[{"@type":"SearchAction","target":{"@type":"EntryPoint","urlTemplate":"https:\/\/office-roxx.de\/buero-bewegung\/?s={search_term_string}"},"query-input":{"@type":"PropertyValueSpecification","valueRequired":true,"valueName":"search_term_string"}}],"inLanguage":"de"},{"@type":"Organization","@id":"https:\/\/office-roxx.de\/buero-bewegung\/#organization","name":"Bewegung im B\u00fcro","url":"https:\/\/office-roxx.de\/buero-bewegung\/","logo":{"@type":"ImageObject","inLanguage":"de","@id":"https:\/\/office-roxx.de\/buero-bewegung\/#\/schema\/logo\/image\/","url":"https:\/\/office-roxx.de\/buero-bewegung\/wp-content\/uploads\/2020\/01\/Bewegung.jpg","contentUrl":"https:\/\/office-roxx.de\/buero-bewegung\/wp-content\/uploads\/2020\/01\/Bewegung.jpg","width":999,"height":520,"caption":"Bewegung im B\u00fcro"},"image":{"@id":"https:\/\/office-roxx.de\/buero-bewegung\/#\/schema\/logo\/image\/"}},{"@type":"Person","@id":"https:\/\/office-roxx.de\/buero-bewegung\/#\/schema\/person\/1fb790e36fc2c425645a8d6bdd301799","name":"Team-BB"}]}},"_links":{"self":[{"href":"https:\/\/office-roxx.de\/buero-bewegung\/wp-json\/wp\/v2\/posts\/4382","targetHints":{"allow":["GET"]}}],"collection":[{"href":"https:\/\/office-roxx.de\/buero-bewegung\/wp-json\/wp\/v2\/posts"}],"about":[{"href":"https:\/\/office-roxx.de\/buero-bewegung\/wp-json\/wp\/v2\/types\/post"}],"author":[{"embeddable":true,"href":"https:\/\/office-roxx.de\/buero-bewegung\/wp-json\/wp\/v2\/users\/1"}],"replies":[{"embeddable":true,"href":"https:\/\/office-roxx.de\/buero-bewegung\/wp-json\/wp\/v2\/comments?post=4382"}],"version-history":[{"count":1,"href":"https:\/\/office-roxx.de\/buero-bewegung\/wp-json\/wp\/v2\/posts\/4382\/revisions"}],"predecessor-version":[{"id":4383,"href":"https:\/\/office-roxx.de\/buero-bewegung\/wp-json\/wp\/v2\/posts\/4382\/revisions\/4383"}],"wp:attachment":[{"href":"https:\/\/office-roxx.de\/buero-bewegung\/wp-json\/wp\/v2\/media?parent=4382"}],"wp:term":[{"taxonomy":"category","embeddable":true,"href":"https:\/\/office-roxx.de\/buero-bewegung\/wp-json\/wp\/v2\/categories?post=4382"},{"taxonomy":"post_tag","embeddable":true,"href":"https:\/\/office-roxx.de\/buero-bewegung\/wp-json\/wp\/v2\/tags?post=4382"}],"curies":[{"name":"wp","href":"https:\/\/api.w.org\/{rel}","templated":true}]}}