{"id":4378,"date":"2020-03-26T13:52:36","date_gmt":"2020-03-26T12:52:36","guid":{"rendered":"https:\/\/office-roxx.de\/buero-bewegung\/?p=4378"},"modified":"2020-03-26T21:14:10","modified_gmt":"2020-03-26T20:14:10","slug":"aktion-aufstand-im-buero-geht-in-aktion-bewegung-im-buero-ueber","status":"publish","type":"post","link":"https:\/\/office-roxx.de\/buero-bewegung\/aktion-aufstand-im-buero-geht-in-aktion-bewegung-im-buero-ueber\/","title":{"rendered":"Aktion \u201eAufstand im B\u00fcro\u201c geht in Aktion \u201eBewegung im B\u00fcro\u201c \u00fcber"},"content":{"rendered":"<p><strong>Januar 2020:<\/strong> Mit Beginn des Jahres 2020 wurde die Aktion \u201eAufstand im B\u00fcro\u201c in die Aktion \u201eBewegung im B\u00fcro\u201c integriert. Die seit 2012 bestehende Initiative f\u00fcr die vermehrte Nutzung von Sitz-Steh-L\u00f6sungen ist mit \u201eBewegung im B\u00fcro\u201c verschmolzen, um den Doppelaufwand zu mindern, die Kr\u00e4fte zu b\u00fcndeln und den Nutzen f\u00fcr die Partner beider Aktionen zu erh\u00f6hen. Beide Aktionen waren sich thematisch sehr nah, verfolgten im Grunde das gleiche Ziel, und es gab \u00dcberschneidungen bei den Mitgliedern.<br \/>\n<!--more weiterlesen ...--><\/p>\n<p>Das Aktionsjahr 2019 war f\u00fcr beide Aktion \u00fcberaus erfolgreich. Mit relativ begrenzten Mitteln ist es gelungen, viel zu bewirken. 2019 wurde jeweils eine kumulierte Printreichweite von etwa 2 Millionen Lesern erzielt. Hinzu kommen jeweils etwa 200.000 Besuche der jeweiligen Aktionswebsite. Das ergibt zwei Mal 2 Millionen Kontakte.<\/p>\n<p>Das Konzept der Aktion \u2013 mit dem DIMBA Deutsches Institut f\u00fcr moderne B\u00fcroarbeit und den Medien des Nehring-Verlags als unabh\u00e4ngigen Tr\u00e4gern der Aktivit\u00e4ten, die einen puren Produktwerbe-Effekt vermeiden \u2013 hat sich auch 2019 als tragf\u00e4hig und sehr zielf\u00fchrend erwiesen. Die Zusammenarbeit der Partner, die sich im Markt als Wettbewerber begegnen und gro\u00dfen Wert auf Differenzierung legen, ist sehr hoch einzusch\u00e4tzen.<\/p>\n<p>Das Thema Gesundheit bleibt ein Megatrend und der Aspekt notwendiger Bewegung insbesondere im B\u00fcro-Umfeld von gr\u00f6\u00dfter Bedeutung. Die Akzeptanz von bewegungsf\u00f6rdernden Tisch- und Stuhll\u00f6sungen steigt weiter.<\/p>\n<p>Allerdings f\u00fchrt weder die zunehmende Digitalisierung oder die sogenannte New Work noch ein gr\u00f6\u00dferes Angebot an bewegungsf\u00f6rdernden L\u00f6sungen automatisch zu mehr Bewegung in unserem Alltag. Mit der steigenden Abh\u00e4ngigkeit von Computer, Tablet und Smartphone nimmt die Gefahr eines Sedentary Lifestyle, also sitzenden Lebensstils, mit seinen ungesunden Folgen sogar noch zu. Wir sehen es in vielen Coworking-Spaces, Start-ups und Home-Offices: Ergonomie ist dort meist (nur) ein Fremdwort. Bewegungsf\u00f6rdernde L\u00f6sungen findet man dort kaum. Aber selbst da, wo es an bewegungsfreundlichen Sitzl\u00f6sungen nicht mangelt, werden diese oft nicht entsprechend genutzt.<\/p>\n<p>Deshalb bleibt es wichtig, sowohl auf die M\u00f6glichkeiten als auch die Notwendigkeit von viel Bewegung im B\u00fcro hinzuweisen. B\u00fcros m\u00fcssen nicht gleich zu Fitnessstudios werden, zumal sich konzentrierte B\u00fcroarbeit nun mal meist am besten im Sitzen macht. Es kommt darauf an, sich auch im Sitzen so zu bewegen, die Sitzhaltungen so zu wechseln, dass trotzdem produktiv gearbeitet werden kann. Dar\u00fcber hinaus bleibt der seit vielen Jahren empfohlene Mix aus 60 Prozent Sitzen, 30 Prozent Stehen und 10 Prozent Laufen noch heute ein guter Ma\u00dfstab. Und ein Blick auf unsere skandinavischen Nachbarn, bei denen die Verbreitung von Sitz-Steh-L\u00f6sungen schon seit vielen Jahren bei \u00fcber 90 Prozent liegt, zeigt, wie viel es auch hier noch zu erreichen gibt.<\/p>\n<p>Das Thema unserer Aktion hat demnach kein bisschen an Aktualit\u00e4t verloren, und es gibt noch immer viel Handlungsbedarf.<\/p>\n<p><em>Robert Nehring<\/em><br \/>\n<em>Sprecher der Aktion &#8222;Bewegung im B\u00fcro&#8220;<\/em><\/p>\n","protected":false},"excerpt":{"rendered":"<p>Januar 2020: Mit Beginn des Jahres 2020 wurde die Aktion \u201eAufstand im B\u00fcro\u201c in die Aktion \u201eBewegung im B\u00fcro\u201c integriert. Die seit 2012 bestehende Initiative f\u00fcr die vermehrte Nutzung von Sitz-Steh-L\u00f6sungen ist mit \u201eBewegung im B\u00fcro\u201c verschmolzen, um den Doppelaufwand zu mindern, die Kr\u00e4fte zu b\u00fcndeln und den Nutzen f\u00fcr die Partner beider Aktionen zu erh\u00f6hen. Beide Aktionen waren sich thematisch sehr nah, verfolgten im Grunde das gleiche Ziel, und es gab \u00dcberschneidungen bei den Mitgliedern.<\/p>\n","protected":false},"author":1,"featured_media":0,"comment_status":"closed","ping_status":"closed","sticky":false,"template":"","format":"standard","meta":{"footnotes":""},"categories":[1],"tags":[],"class_list":["post-4378","post","type-post","status-publish","format-standard","hentry","category-allgemein"],"yoast_head":"<!-- This site is optimized with the Yoast SEO plugin v26.6 - https:\/\/yoast.com\/wordpress\/plugins\/seo\/ -->\n<title>Aktion \u201eAufstand im B\u00fcro\u201c geht in Aktion \u201eBewegung im B\u00fcro\u201c \u00fcber &#8211; BEWEGUNG IM B\u00dcRO<\/title>\n<meta name=\"robots\" content=\"index, follow, max-snippet:-1, max-image-preview:large, max-video-preview:-1\" \/>\n<link rel=\"canonical\" href=\"https:\/\/office-roxx.de\/buero-bewegung\/aktion-aufstand-im-buero-geht-in-aktion-bewegung-im-buero-ueber\/\" \/>\n<meta property=\"og:locale\" content=\"de_DE\" \/>\n<meta property=\"og:type\" content=\"article\" \/>\n<meta property=\"og:title\" content=\"Aktion \u201eAufstand im B\u00fcro\u201c geht in Aktion \u201eBewegung im B\u00fcro\u201c \u00fcber &#8211; BEWEGUNG IM B\u00dcRO\" \/>\n<meta property=\"og:description\" content=\"Januar 2020: Mit Beginn des Jahres 2020 wurde die Aktion \u201eAufstand im B\u00fcro\u201c in die Aktion \u201eBewegung im B\u00fcro\u201c integriert. Die seit 2012 bestehende Initiative f\u00fcr die vermehrte Nutzung von Sitz-Steh-L\u00f6sungen ist mit \u201eBewegung im B\u00fcro\u201c verschmolzen, um den Doppelaufwand zu mindern, die Kr\u00e4fte zu b\u00fcndeln und den Nutzen f\u00fcr die Partner beider Aktionen zu erh\u00f6hen. Beide Aktionen waren sich thematisch sehr nah, verfolgten im Grunde das gleiche Ziel, und es gab \u00dcberschneidungen bei den Mitgliedern.\" \/>\n<meta property=\"og:url\" content=\"https:\/\/office-roxx.de\/buero-bewegung\/aktion-aufstand-im-buero-geht-in-aktion-bewegung-im-buero-ueber\/\" \/>\n<meta property=\"og:site_name\" content=\"BEWEGUNG IM B\u00dcRO\" \/>\n<meta property=\"article:published_time\" content=\"2020-03-26T12:52:36+00:00\" \/>\n<meta property=\"article:modified_time\" content=\"2020-03-26T20:14:10+00:00\" \/>\n<meta name=\"author\" content=\"Team-BB\" \/>\n<meta name=\"twitter:card\" content=\"summary_large_image\" \/>\n<meta name=\"twitter:label1\" content=\"Verfasst von\" \/>\n\t<meta name=\"twitter:data1\" content=\"Team-BB\" \/>\n\t<meta name=\"twitter:label2\" content=\"Gesch\u00e4tzte Lesezeit\" \/>\n\t<meta name=\"twitter:data2\" content=\"2\u00a0Minuten\" \/>\n<script type=\"application\/ld+json\" class=\"yoast-schema-graph\">{\"@context\":\"https:\/\/schema.org\",\"@graph\":[{\"@type\":\"Article\",\"@id\":\"https:\/\/office-roxx.de\/buero-bewegung\/aktion-aufstand-im-buero-geht-in-aktion-bewegung-im-buero-ueber\/#article\",\"isPartOf\":{\"@id\":\"https:\/\/office-roxx.de\/buero-bewegung\/aktion-aufstand-im-buero-geht-in-aktion-bewegung-im-buero-ueber\/\"},\"author\":{\"name\":\"Team-BB\",\"@id\":\"https:\/\/office-roxx.de\/buero-bewegung\/#\/schema\/person\/1fb790e36fc2c425645a8d6bdd301799\"},\"headline\":\"Aktion \u201eAufstand im B\u00fcro\u201c geht in Aktion \u201eBewegung im B\u00fcro\u201c \u00fcber\",\"datePublished\":\"2020-03-26T12:52:36+00:00\",\"dateModified\":\"2020-03-26T20:14:10+00:00\",\"mainEntityOfPage\":{\"@id\":\"https:\/\/office-roxx.de\/buero-bewegung\/aktion-aufstand-im-buero-geht-in-aktion-bewegung-im-buero-ueber\/\"},\"wordCount\":478,\"publisher\":{\"@id\":\"https:\/\/office-roxx.de\/buero-bewegung\/#organization\"},\"inLanguage\":\"de\"},{\"@type\":\"WebPage\",\"@id\":\"https:\/\/office-roxx.de\/buero-bewegung\/aktion-aufstand-im-buero-geht-in-aktion-bewegung-im-buero-ueber\/\",\"url\":\"https:\/\/office-roxx.de\/buero-bewegung\/aktion-aufstand-im-buero-geht-in-aktion-bewegung-im-buero-ueber\/\",\"name\":\"Aktion \u201eAufstand im B\u00fcro\u201c geht in Aktion \u201eBewegung im B\u00fcro\u201c \u00fcber &#8211; BEWEGUNG IM B\u00dcRO\",\"isPartOf\":{\"@id\":\"https:\/\/office-roxx.de\/buero-bewegung\/#website\"},\"datePublished\":\"2020-03-26T12:52:36+00:00\",\"dateModified\":\"2020-03-26T20:14:10+00:00\",\"breadcrumb\":{\"@id\":\"https:\/\/office-roxx.de\/buero-bewegung\/aktion-aufstand-im-buero-geht-in-aktion-bewegung-im-buero-ueber\/#breadcrumb\"},\"inLanguage\":\"de\",\"potentialAction\":[{\"@type\":\"ReadAction\",\"target\":[\"https:\/\/office-roxx.de\/buero-bewegung\/aktion-aufstand-im-buero-geht-in-aktion-bewegung-im-buero-ueber\/\"]}]},{\"@type\":\"BreadcrumbList\",\"@id\":\"https:\/\/office-roxx.de\/buero-bewegung\/aktion-aufstand-im-buero-geht-in-aktion-bewegung-im-buero-ueber\/#breadcrumb\",\"itemListElement\":[{\"@type\":\"ListItem\",\"position\":1,\"name\":\"Startseite\",\"item\":\"https:\/\/office-roxx.de\/buero-bewegung\/\"},{\"@type\":\"ListItem\",\"position\":2,\"name\":\"Aktion \u201eAufstand im B\u00fcro\u201c geht in Aktion \u201eBewegung im B\u00fcro\u201c \u00fcber\"}]},{\"@type\":\"WebSite\",\"@id\":\"https:\/\/office-roxx.de\/buero-bewegung\/#website\",\"url\":\"https:\/\/office-roxx.de\/buero-bewegung\/\",\"name\":\"BEWEGUNG IM B\u00dcRO\",\"description\":\"\",\"publisher\":{\"@id\":\"https:\/\/office-roxx.de\/buero-bewegung\/#organization\"},\"potentialAction\":[{\"@type\":\"SearchAction\",\"target\":{\"@type\":\"EntryPoint\",\"urlTemplate\":\"https:\/\/office-roxx.de\/buero-bewegung\/?s={search_term_string}\"},\"query-input\":{\"@type\":\"PropertyValueSpecification\",\"valueRequired\":true,\"valueName\":\"search_term_string\"}}],\"inLanguage\":\"de\"},{\"@type\":\"Organization\",\"@id\":\"https:\/\/office-roxx.de\/buero-bewegung\/#organization\",\"name\":\"Bewegung im B\u00fcro\",\"url\":\"https:\/\/office-roxx.de\/buero-bewegung\/\",\"logo\":{\"@type\":\"ImageObject\",\"inLanguage\":\"de\",\"@id\":\"https:\/\/office-roxx.de\/buero-bewegung\/#\/schema\/logo\/image\/\",\"url\":\"https:\/\/office-roxx.de\/buero-bewegung\/wp-content\/uploads\/2020\/01\/Bewegung.jpg\",\"contentUrl\":\"https:\/\/office-roxx.de\/buero-bewegung\/wp-content\/uploads\/2020\/01\/Bewegung.jpg\",\"width\":999,\"height\":520,\"caption\":\"Bewegung im B\u00fcro\"},\"image\":{\"@id\":\"https:\/\/office-roxx.de\/buero-bewegung\/#\/schema\/logo\/image\/\"}},{\"@type\":\"Person\",\"@id\":\"https:\/\/office-roxx.de\/buero-bewegung\/#\/schema\/person\/1fb790e36fc2c425645a8d6bdd301799\",\"name\":\"Team-BB\"}]}<\/script>\n<!-- \/ Yoast SEO plugin. -->","yoast_head_json":{"title":"Aktion \u201eAufstand im B\u00fcro\u201c geht in Aktion \u201eBewegung im B\u00fcro\u201c \u00fcber &#8211; BEWEGUNG IM B\u00dcRO","robots":{"index":"index","follow":"follow","max-snippet":"max-snippet:-1","max-image-preview":"max-image-preview:large","max-video-preview":"max-video-preview:-1"},"canonical":"https:\/\/office-roxx.de\/buero-bewegung\/aktion-aufstand-im-buero-geht-in-aktion-bewegung-im-buero-ueber\/","og_locale":"de_DE","og_type":"article","og_title":"Aktion \u201eAufstand im B\u00fcro\u201c geht in Aktion \u201eBewegung im B\u00fcro\u201c \u00fcber &#8211; BEWEGUNG IM B\u00dcRO","og_description":"Januar 2020: Mit Beginn des Jahres 2020 wurde die Aktion \u201eAufstand im B\u00fcro\u201c in die Aktion \u201eBewegung im B\u00fcro\u201c integriert. Die seit 2012 bestehende Initiative f\u00fcr die vermehrte Nutzung von Sitz-Steh-L\u00f6sungen ist mit \u201eBewegung im B\u00fcro\u201c verschmolzen, um den Doppelaufwand zu mindern, die Kr\u00e4fte zu b\u00fcndeln und den Nutzen f\u00fcr die Partner beider Aktionen zu erh\u00f6hen. Beide Aktionen waren sich thematisch sehr nah, verfolgten im Grunde das gleiche Ziel, und es gab \u00dcberschneidungen bei den Mitgliedern.","og_url":"https:\/\/office-roxx.de\/buero-bewegung\/aktion-aufstand-im-buero-geht-in-aktion-bewegung-im-buero-ueber\/","og_site_name":"BEWEGUNG IM B\u00dcRO","article_published_time":"2020-03-26T12:52:36+00:00","article_modified_time":"2020-03-26T20:14:10+00:00","author":"Team-BB","twitter_card":"summary_large_image","twitter_misc":{"Verfasst von":"Team-BB","Gesch\u00e4tzte Lesezeit":"2\u00a0Minuten"},"schema":{"@context":"https:\/\/schema.org","@graph":[{"@type":"Article","@id":"https:\/\/office-roxx.de\/buero-bewegung\/aktion-aufstand-im-buero-geht-in-aktion-bewegung-im-buero-ueber\/#article","isPartOf":{"@id":"https:\/\/office-roxx.de\/buero-bewegung\/aktion-aufstand-im-buero-geht-in-aktion-bewegung-im-buero-ueber\/"},"author":{"name":"Team-BB","@id":"https:\/\/office-roxx.de\/buero-bewegung\/#\/schema\/person\/1fb790e36fc2c425645a8d6bdd301799"},"headline":"Aktion \u201eAufstand im B\u00fcro\u201c geht in Aktion \u201eBewegung im B\u00fcro\u201c \u00fcber","datePublished":"2020-03-26T12:52:36+00:00","dateModified":"2020-03-26T20:14:10+00:00","mainEntityOfPage":{"@id":"https:\/\/office-roxx.de\/buero-bewegung\/aktion-aufstand-im-buero-geht-in-aktion-bewegung-im-buero-ueber\/"},"wordCount":478,"publisher":{"@id":"https:\/\/office-roxx.de\/buero-bewegung\/#organization"},"inLanguage":"de"},{"@type":"WebPage","@id":"https:\/\/office-roxx.de\/buero-bewegung\/aktion-aufstand-im-buero-geht-in-aktion-bewegung-im-buero-ueber\/","url":"https:\/\/office-roxx.de\/buero-bewegung\/aktion-aufstand-im-buero-geht-in-aktion-bewegung-im-buero-ueber\/","name":"Aktion \u201eAufstand im B\u00fcro\u201c geht in Aktion \u201eBewegung im B\u00fcro\u201c \u00fcber &#8211; BEWEGUNG IM B\u00dcRO","isPartOf":{"@id":"https:\/\/office-roxx.de\/buero-bewegung\/#website"},"datePublished":"2020-03-26T12:52:36+00:00","dateModified":"2020-03-26T20:14:10+00:00","breadcrumb":{"@id":"https:\/\/office-roxx.de\/buero-bewegung\/aktion-aufstand-im-buero-geht-in-aktion-bewegung-im-buero-ueber\/#breadcrumb"},"inLanguage":"de","potentialAction":[{"@type":"ReadAction","target":["https:\/\/office-roxx.de\/buero-bewegung\/aktion-aufstand-im-buero-geht-in-aktion-bewegung-im-buero-ueber\/"]}]},{"@type":"BreadcrumbList","@id":"https:\/\/office-roxx.de\/buero-bewegung\/aktion-aufstand-im-buero-geht-in-aktion-bewegung-im-buero-ueber\/#breadcrumb","itemListElement":[{"@type":"ListItem","position":1,"name":"Startseite","item":"https:\/\/office-roxx.de\/buero-bewegung\/"},{"@type":"ListItem","position":2,"name":"Aktion \u201eAufstand im B\u00fcro\u201c geht in Aktion \u201eBewegung im B\u00fcro\u201c \u00fcber"}]},{"@type":"WebSite","@id":"https:\/\/office-roxx.de\/buero-bewegung\/#website","url":"https:\/\/office-roxx.de\/buero-bewegung\/","name":"BEWEGUNG IM B\u00dcRO","description":"","publisher":{"@id":"https:\/\/office-roxx.de\/buero-bewegung\/#organization"},"potentialAction":[{"@type":"SearchAction","target":{"@type":"EntryPoint","urlTemplate":"https:\/\/office-roxx.de\/buero-bewegung\/?s={search_term_string}"},"query-input":{"@type":"PropertyValueSpecification","valueRequired":true,"valueName":"search_term_string"}}],"inLanguage":"de"},{"@type":"Organization","@id":"https:\/\/office-roxx.de\/buero-bewegung\/#organization","name":"Bewegung im B\u00fcro","url":"https:\/\/office-roxx.de\/buero-bewegung\/","logo":{"@type":"ImageObject","inLanguage":"de","@id":"https:\/\/office-roxx.de\/buero-bewegung\/#\/schema\/logo\/image\/","url":"https:\/\/office-roxx.de\/buero-bewegung\/wp-content\/uploads\/2020\/01\/Bewegung.jpg","contentUrl":"https:\/\/office-roxx.de\/buero-bewegung\/wp-content\/uploads\/2020\/01\/Bewegung.jpg","width":999,"height":520,"caption":"Bewegung im B\u00fcro"},"image":{"@id":"https:\/\/office-roxx.de\/buero-bewegung\/#\/schema\/logo\/image\/"}},{"@type":"Person","@id":"https:\/\/office-roxx.de\/buero-bewegung\/#\/schema\/person\/1fb790e36fc2c425645a8d6bdd301799","name":"Team-BB"}]}},"_links":{"self":[{"href":"https:\/\/office-roxx.de\/buero-bewegung\/wp-json\/wp\/v2\/posts\/4378","targetHints":{"allow":["GET"]}}],"collection":[{"href":"https:\/\/office-roxx.de\/buero-bewegung\/wp-json\/wp\/v2\/posts"}],"about":[{"href":"https:\/\/office-roxx.de\/buero-bewegung\/wp-json\/wp\/v2\/types\/post"}],"author":[{"embeddable":true,"href":"https:\/\/office-roxx.de\/buero-bewegung\/wp-json\/wp\/v2\/users\/1"}],"replies":[{"embeddable":true,"href":"https:\/\/office-roxx.de\/buero-bewegung\/wp-json\/wp\/v2\/comments?post=4378"}],"version-history":[{"count":9,"href":"https:\/\/office-roxx.de\/buero-bewegung\/wp-json\/wp\/v2\/posts\/4378\/revisions"}],"predecessor-version":[{"id":4415,"href":"https:\/\/office-roxx.de\/buero-bewegung\/wp-json\/wp\/v2\/posts\/4378\/revisions\/4415"}],"wp:attachment":[{"href":"https:\/\/office-roxx.de\/buero-bewegung\/wp-json\/wp\/v2\/media?parent=4378"}],"wp:term":[{"taxonomy":"category","embeddable":true,"href":"https:\/\/office-roxx.de\/buero-bewegung\/wp-json\/wp\/v2\/categories?post=4378"},{"taxonomy":"post_tag","embeddable":true,"href":"https:\/\/office-roxx.de\/buero-bewegung\/wp-json\/wp\/v2\/tags?post=4378"}],"curies":[{"name":"wp","href":"https:\/\/api.w.org\/{rel}","templated":true}]}}