{"id":2653,"date":"2026-04-29T07:30:00","date_gmt":"2026-04-29T05:30:00","guid":{"rendered":"https:\/\/office-roxx.de\/akustikaktion\/?p=2653"},"modified":"2026-04-28T11:41:10","modified_gmt":"2026-04-28T09:41:10","slug":"tag-gegen-laerm-2026-weiterhin-oft-zu-laut-im-buero","status":"publish","type":"post","link":"https:\/\/office-roxx.de\/akustikaktion\/2026\/04\/29\/tag-gegen-laerm-2026-weiterhin-oft-zu-laut-im-buero\/","title":{"rendered":"Tag gegen L\u00e4rm 2026: Weiterhin oft zu laut im&nbsp;B\u00fcro"},"content":{"rendered":"<p>Heu\u00adte, am 29. April 2026, ist \u201eInter\u00adna\u00adtio\u00adnal Noi\u00adse Awa\u00adre\u00adness Day\u201c, auch bekannt als \u201eTag gegen L\u00e4rm\u201c. Ins\u00adbe\u00adson\u00adde\u00adre in B\u00fcros sind akus\u00adti\u00adsche St\u00f6\u00adrun\u00adgen nach wie vor ein rele\u00advan\u00adtes The\u00adma. Das bele\u00adgen unter ande\u00adrem Stu\u00addi\u00aden unser er Initia\u00adti\u00adve Akus\u00adtik\u00adak\u00adti\u00adon \u201eQuiet plea\u00adse!\u201c und des B\u00fcro\u00adm\u00f6\u00adbel\u00adher\u00adstel\u00adlers&nbsp;Bene.<\/p>\n<p><!--more--><\/p>\n<figure id=\"attachment_2654\" aria-describedby=\"caption-attachment-2654\" style=\"width: 600px\" class=\"wp-caption aligncenter\"><img loading=\"lazy\" decoding=\"async\" class=\"wp-image-2654\" src=\"https:\/\/office-roxx.de\/akustikaktion\/wp-content\/uploads\/2026\/04\/draufsicht-einer-besorgten-frau-die-an-einem-tisch-sitzt-und-ein-dokument-haelt-das-im-buero-eine-stillegeste-macht.jpg\" alt=\"Akustische St\u00f6rungen im B\u00fcro sind nicht nur ein l\u00e4stiges \u00c4rgernis, sondern hat auch ernsthafte Auswirkungen auf die Mitarbeitergesundheit. Abbildung: KamranAydinov, Freepik\" width=\"600\" height=\"400\" srcset=\"https:\/\/office-roxx.de\/akustikaktion\/wp-content\/uploads\/2026\/04\/draufsicht-einer-besorgten-frau-die-an-einem-tisch-sitzt-und-ein-dokument-haelt-das-im-buero-eine-stillegeste-macht.jpg 1000w, https:\/\/office-roxx.de\/akustikaktion\/wp-content\/uploads\/2026\/04\/draufsicht-einer-besorgten-frau-die-an-einem-tisch-sitzt-und-ein-dokument-haelt-das-im-buero-eine-stillegeste-macht-300x200.jpg 300w, https:\/\/office-roxx.de\/akustikaktion\/wp-content\/uploads\/2026\/04\/draufsicht-einer-besorgten-frau-die-an-einem-tisch-sitzt-und-ein-dokument-haelt-das-im-buero-eine-stillegeste-macht-768x512.jpg 768w\" sizes=\"auto, (max-width: 600px) 100vw, 600px\"><figcaption id=\"caption-attachment-2654\" class=\"wp-caption-text\">Akus\u00adti\u00adsche St\u00f6\u00adrun\u00adgen im B\u00fcro sind nicht nur ein l\u00e4s\u00adti\u00adges \u00c4rger\u00adnis, son\u00addern hat auch ernst\u00adhaf\u00adte Aus\u00adwir\u00adkun\u00adgen auf die Mit\u00adar\u00adbei\u00adter\u00adge\u00adsund\u00adheit. Abbil\u00addung: Kam\u00adra\u00adnAy\u00addi\u00adnov, Freepik<\/figcaption><\/figure>\n<p>Nicht nur drau\u00ad\u00dfen im Stra\u00ad\u00dfen\u00adver\u00adkehr oder auf Bau\u00adstel\u00adlen ist L\u00e4rm all\u00adge\u00adgen\u00adw\u00e4r\u00adtig. Auch drin\u00adnen in B\u00fcros sind akus\u00adti\u00adsche St\u00f6\u00adrun\u00adgen an der Tages\u00adord\u00adnung. Sie haben Ein\u00adfluss auf die Gesund\u00adheit und die Leis\u00adtungs\u00adf\u00e4\u00adhig\u00adkeit der Besch\u00e4f\u00adtig\u00adten. Stress, Schlaf\u00adst\u00f6\u00adrun\u00adgen und Herz-Kreis\u00adlauf-Erkran\u00adkun\u00adgen sind nur eini\u00adge der nach\u00adge\u00adwie\u00adse\u00adnen Fol\u00adgen von akus\u00adti\u00adschen Belastungen.<\/p>\n<h2>Gute Raumakustik ist keine K\u00fcr, sondern Pflicht<\/h2>\n<p>Seit eini\u00adgen Jah\u00adren wird die Leser\u00adschaft von OFFICE ROXX im Auf\u00adtrag der Akus\u00adtik\u00adak\u00adti\u00adon \u201eQuiet plea\u00adse!\u201c zu einer Umfra\u00adge ein\u00adge\u00adla\u00adden. Ziel ist es, die Ent\u00adwick\u00adlun\u00adgen und Fort\u00adschrit\u00adte f\u00fcr eine bes\u00adse\u00adre Raum\u00adakus\u00adtik in deut\u00adschen B\u00fcros zu erfas\u00adsen. Doch Ruhe f\u00fcr kon\u00adzen\u00adtrier\u00adtes Arbei\u00adten bleibt vie\u00adler\u00adorts ein rares Gut. Dies best\u00e4\u00adtig\u00adten die Ergeb\u00adnis\u00adse der Leser\u00adum\u00adfra\u00adge \u201e<a href=\"https:\/\/office-roxx.de\/2025\/11\/24\/ruhe-bleibt-rar-die-ergebnisse-der-office-roxx-leserumfrage-raumakustik-2025\/\" target=\"_blank\" rel=\"noopener\">Raum\u00adakus\u00adtik 2025<\/a>\u201c von Anfang Okto\u00adber letz\u00adten Jahres:<\/p>\n<ul>\n<li>86 Pro\u00adzent lei\u00adden unter akus\u00adti\u00adschen St\u00f6\u00adrun\u00adgen in B\u00fcroumgebungen.<\/li>\n<li>Tele\u00adfo\u00adna\u00adte (54 Pro\u00adzent) und Kol\u00adle\u00adgen\u00adge\u00adspr\u00e4\u00adche (42 Pro\u00adzent) blei\u00adben die am h\u00e4u\u00adfigs\u00adten genann\u00adten St\u00f6rquellen.<\/li>\n<li>Bei 56 Pro\u00adzent der Befrag\u00adten bleibt die Kon\u00adzen\u00adtra\u00adti\u00adon auf der Stre\u00adcke, fast jeder Drit\u00adte (32 Pro\u00adzent) reagiert mit Kopf\u00adschmer\u00adzen auf die akus\u00adti\u00adschen St\u00f6rungen.<\/li>\n<\/ul>\n<p>In Bezug auf die akus\u00adti\u00adschen St\u00f6\u00adrun\u00adgen im B\u00fcro bleibt der Hand\u00adlungs\u00adbe\u00addarf gro\u00df. Eine nega\u00adti\u00adve Nach\u00adricht, die aus der OFFICE-ROXX-Leser\u00adum\u00adfra\u00adge \u201eRaum\u00adakus\u00adtik 2025\u201c her\u00advor\u00adsticht, ist, dass 60 Pro\u00adzent der Unter\u00adneh\u00admen auch im Jahr 2025 kei\u00adne Inves\u00adti\u00adtio\u00adnen in eine bes\u00adse\u00adre Raum\u00adakus\u00adtik pla\u00adnen. Gleich\u00adzei\u00adtig geben 77 Pro\u00adzent der Befrag\u00adten an, dass in ihren Unter\u00adneh\u00admen kein aus\u00adrei\u00adchen\u00adder Platz f\u00fcr kon\u00adzen\u00adtrier\u00adte Ein\u00adzel\u00adar\u00adbeit vor\u00adge\u00adse\u00adhen ist \u2013 ein deut\u00adli\u00adcher Hin\u00adweis auf struk\u00adtu\u00adrel\u00adle Defizite.<\/p>\n<h2>Zu wenig Raum f\u00fcr Fokusarbeit<\/h2>\n<p>Zu \u00e4hn\u00adli\u00adchen <a href=\"https:\/\/office-roxx.de\/akustikaktion\/2026\/04\/13\/komfort-trifft-pflicht-bene-studie-zum-wohlbefinden-am-arbeitsplatz\/\" target=\"_blank\" rel=\"noopener\">Ergeb\u00adnis\u00adsen<\/a> kommt eine Stu\u00addie im Rah\u00admen des Bene-White\u00adpa\u00adpers \u201eBey\u00adond Work\u201c. Hier\u00adf\u00fcr wur\u00adden in Koope\u00adra\u00adti\u00adon mit dem Faci\u00adli\u00adty-Manage\u00adment-Dienst\u00adleis\u00adter Sodexo rund 1.000 B\u00fcro\u00adan\u00adge\u00adstell\u00adte aus Deutsch\u00adland und \u00d6ster\u00adreich befragt. Die For\u00adschungs\u00ader\u00adgeb\u00adnis\u00adse zei\u00adgen zwar, dass mehr als 80 Pro\u00adzent der Befrag\u00adten mit dem Raum\u00adan\u00adge\u00adbot zufrie\u00adden sind und rund 60 Pro\u00adzent ihre Arbeits\u00adum\u00adge\u00adbung ins\u00adge\u00adsamt posi\u00adtiv bewer\u00adten. Zugleich sagen aber nur 17 Pro\u00adzent, dass sie aus\u00adrei\u00adchend Ruhe f\u00fcr fokus\u00adsier\u00adtes und effi\u00adzi\u00aden\u00adtes Arbei\u00adten haben. Etwa ein Drit\u00adtel f\u00fchlt sich im B\u00fcro h\u00e4u\u00adfig gestresst und angespannt.<\/p>\n<h2>15 Sekunden Stille \u2013 ein starkes Zeichen<\/h2>\n<p>Ver\u00adan\u00adstal\u00adtet wird der <a href=\"https:\/\/www.tag-gegen-laerm.de\/\" target=\"_blank\" rel=\"noopener\">Tag gegen L\u00e4rm<\/a> in Deutsch\u00adland von der Deut\u00adschen Gesell\u00adschaft f\u00fcr Akus\u00adtik e. V. (DEGA) \u2013 in die\u00adsem Jahr unter dem Mot\u00adto \u201eDer Sound von mor\u00adgen\u201d. Am 28. April fand bereits die zen\u00adtra\u00adle Online-Ver\u00adan\u00adstal\u00adtung in Koope\u00adra\u00adti\u00adon mit dem Umwelt\u00adbun\u00addes\u00adamt&nbsp;statt.<\/p>\n<p>Wie in den ver\u00adgan\u00adge\u00adnen Jah\u00adren ruft die DEGA am heu\u00adti\u00adgen Akti\u00adons\u00adtag p\u00fcnkt\u00adlich um 14:15 Uhr zu 15 Sekun\u00adden Stil\u00adle auf. Das Ziel besteht wei\u00adter\u00adhin dar\u00adin, das Bewusst\u00adsein f\u00fcr die Bedeu\u00adtung der akus\u00adti\u00adschen Qua\u00adli\u00adt\u00e4t am Arbeits\u00adplatz zu sch\u00e4r\u00adfen \u2013 und das nicht nur an die\u00adsem Tag, son\u00addern dau\u00ader\u00adhaft. Der \u201eTag gegen L\u00e4rm\u201c wur\u00adde 1998 von der DEGA ins Leben geru\u00adfen und fin\u00addet 2026 bereits zum 29. Mal&nbsp;statt.<\/p>\n","protected":false},"excerpt":{"rendered":"<p>Heu\u00adte, am 29. April 2026, ist \u201eInter\u00adna\u00adtio\u00adnal Noi\u00adse Awa\u00adre\u00adness Day\u201c, auch bekannt als \u201eTag gegen L\u00e4rm\u201c. Ins\u00adbe\u00adson\u00adde\u00adre in B\u00fcros sind akus\u00adti\u00adsche St\u00f6\u00adrun\u00adgen nach wie vor ein rele\u00advan\u00adtes The\u00adma. Das bele\u00adgen unter ande\u00adrem Stu\u00addi\u00aden unser er Initia\u00adti\u00adve Akus\u00adtik\u00adak\u00adti\u00adon \u201eQuiet plea\u00adse!\u201c und des B\u00fcro\u00adm\u00f6\u00adbel\u00adher\u00adstel\u00adlers&nbsp;Bene.<\/p>\n","protected":false},"author":3,"featured_media":0,"comment_status":"closed","ping_status":"open","sticky":false,"template":"","format":"standard","meta":{"wp_typography_post_enhancements_disabled":false,"footnotes":""},"categories":[1],"tags":[],"class_list":["post-2653","post","type-post","status-publish","format-standard","hentry","category-allgemein"],"yoast_head":"<!-- This site is optimized with the Yoast SEO plugin v27.3 - https:\/\/yoast.com\/product\/yoast-seo-wordpress\/ -->\n<title>Tag gegen L\u00e4rm 2026: Weiterhin oft zu laut im B\u00fcro &#8211; Quiet please!<\/title>\n<meta name=\"description\" content=\"Heute, am 29. April 2026, ist \u201eInternational Noise Awareness Day\u201c, auch bekannt als \u201eTag gegen L\u00e4rm\u201c. Insbesondere in B\u00fcros sind akustische St\u00f6rungen nach wie vor ein relevantes Thema.\" \/>\n<meta name=\"robots\" content=\"index, follow, max-snippet:-1, max-image-preview:large, max-video-preview:-1\" \/>\n<link rel=\"canonical\" href=\"https:\/\/office-roxx.de\/2026\/04\/29\/tag-gegen-laerm-2026-der-sound-von-morgen-im-buero-weiterhin-oft-zu-laut\/\" \/>\n<meta property=\"og:locale\" content=\"de_DE\" \/>\n<meta property=\"og:type\" content=\"article\" \/>\n<meta property=\"og:title\" content=\"Tag gegen L\u00e4rm 2026: Weiterhin oft zu laut im B\u00fcro &#8211; Quiet please!\" \/>\n<meta property=\"og:description\" content=\"Heute, am 29. April 2026, ist \u201eInternational Noise Awareness Day\u201c, auch bekannt als \u201eTag gegen L\u00e4rm\u201c. Insbesondere in B\u00fcros sind akustische St\u00f6rungen nach wie vor ein relevantes Thema.\" \/>\n<meta property=\"og:url\" content=\"https:\/\/office-roxx.de\/2026\/04\/29\/tag-gegen-laerm-2026-der-sound-von-morgen-im-buero-weiterhin-oft-zu-laut\/\" \/>\n<meta property=\"og:site_name\" content=\"Quiet please!\" \/>\n<meta property=\"article:author\" content=\"rn\" \/>\n<meta property=\"article:published_time\" content=\"2026-04-29T05:30:00+00:00\" \/>\n<meta property=\"og:image\" content=\"https:\/\/office-roxx.de\/akustikaktion\/wp-content\/uploads\/2026\/04\/draufsicht-einer-besorgten-frau-die-an-einem-tisch-sitzt-und-ein-dokument-haelt-das-im-buero-eine-stillegeste-macht.jpg\" \/>\n\t<meta property=\"og:image:width\" content=\"1000\" \/>\n\t<meta property=\"og:image:height\" content=\"667\" \/>\n\t<meta property=\"og:image:type\" content=\"image\/jpeg\" \/>\n<meta name=\"author\" content=\"P4-Akustik\" \/>\n<meta name=\"twitter:card\" content=\"summary_large_image\" \/>\n<meta name=\"twitter:label1\" content=\"Verfasst von\" \/>\n\t<meta name=\"twitter:data1\" content=\"P4-Akustik\" \/>\n\t<meta name=\"twitter:label2\" content=\"Gesch\u00e4tzte Lesezeit\" \/>\n\t<meta name=\"twitter:data2\" content=\"3\u00a0Minuten\" \/>\n<script type=\"application\/ld+json\" class=\"yoast-schema-graph\">{\"@context\":\"https:\\\/\\\/schema.org\",\"@graph\":[{\"@type\":\"Article\",\"@id\":\"https:\\\/\\\/office-roxx.de\\\/2026\\\/04\\\/29\\\/tag-gegen-laerm-2026-der-sound-von-morgen-im-buero-weiterhin-oft-zu-laut\\\/#article\",\"isPartOf\":{\"@id\":\"https:\\\/\\\/office-roxx.de\\\/akustikaktion\\\/2026\\\/04\\\/29\\\/tag-gegen-laerm-2026-weiterhin-oft-zu-laut-im-buero\\\/\"},\"author\":{\"name\":\"P4-Akustik\",\"@id\":\"https:\\\/\\\/office-roxx.de\\\/akustikaktion\\\/#\\\/schema\\\/person\\\/e3373ee4657e948c1387b5f2de2affd4\"},\"headline\":\"Tag gegen L\u00e4rm 2026: Weiterhin oft zu laut im&nbsp;B\u00fcro\",\"datePublished\":\"2026-04-29T05:30:00+00:00\",\"mainEntityOfPage\":{\"@id\":\"https:\\\/\\\/office-roxx.de\\\/akustikaktion\\\/2026\\\/04\\\/29\\\/tag-gegen-laerm-2026-weiterhin-oft-zu-laut-im-buero\\\/\"},\"wordCount\":520,\"publisher\":{\"@id\":\"https:\\\/\\\/office-roxx.de\\\/akustikaktion\\\/#organization\"},\"image\":{\"@id\":\"https:\\\/\\\/office-roxx.de\\\/2026\\\/04\\\/29\\\/tag-gegen-laerm-2026-der-sound-von-morgen-im-buero-weiterhin-oft-zu-laut\\\/#primaryimage\"},\"thumbnailUrl\":\"https:\\\/\\\/office-roxx.de\\\/akustikaktion\\\/wp-content\\\/uploads\\\/2026\\\/04\\\/draufsicht-einer-besorgten-frau-die-an-einem-tisch-sitzt-und-ein-dokument-haelt-das-im-buero-eine-stillegeste-macht.jpg\",\"inLanguage\":\"de\"},{\"@type\":\"WebPage\",\"@id\":\"https:\\\/\\\/office-roxx.de\\\/akustikaktion\\\/2026\\\/04\\\/29\\\/tag-gegen-laerm-2026-weiterhin-oft-zu-laut-im-buero\\\/\",\"url\":\"https:\\\/\\\/office-roxx.de\\\/2026\\\/04\\\/29\\\/tag-gegen-laerm-2026-der-sound-von-morgen-im-buero-weiterhin-oft-zu-laut\\\/\",\"name\":\"Tag gegen L\u00e4rm 2026: Weiterhin oft zu laut im B\u00fcro &#8211; Quiet please!\",\"isPartOf\":{\"@id\":\"https:\\\/\\\/office-roxx.de\\\/akustikaktion\\\/#website\"},\"primaryImageOfPage\":{\"@id\":\"https:\\\/\\\/office-roxx.de\\\/2026\\\/04\\\/29\\\/tag-gegen-laerm-2026-der-sound-von-morgen-im-buero-weiterhin-oft-zu-laut\\\/#primaryimage\"},\"image\":{\"@id\":\"https:\\\/\\\/office-roxx.de\\\/2026\\\/04\\\/29\\\/tag-gegen-laerm-2026-der-sound-von-morgen-im-buero-weiterhin-oft-zu-laut\\\/#primaryimage\"},\"thumbnailUrl\":\"https:\\\/\\\/office-roxx.de\\\/akustikaktion\\\/wp-content\\\/uploads\\\/2026\\\/04\\\/draufsicht-einer-besorgten-frau-die-an-einem-tisch-sitzt-und-ein-dokument-haelt-das-im-buero-eine-stillegeste-macht.jpg\",\"datePublished\":\"2026-04-29T05:30:00+00:00\",\"description\":\"Heute, am 29. April 2026, ist \u201eInternational Noise Awareness Day\u201c, auch bekannt als \u201eTag gegen L\u00e4rm\u201c. Insbesondere in B\u00fcros sind akustische St\u00f6rungen nach wie vor ein relevantes Thema.\",\"breadcrumb\":{\"@id\":\"https:\\\/\\\/office-roxx.de\\\/2026\\\/04\\\/29\\\/tag-gegen-laerm-2026-der-sound-von-morgen-im-buero-weiterhin-oft-zu-laut\\\/#breadcrumb\"},\"inLanguage\":\"de\",\"potentialAction\":[{\"@type\":\"ReadAction\",\"target\":[\"https:\\\/\\\/office-roxx.de\\\/2026\\\/04\\\/29\\\/tag-gegen-laerm-2026-der-sound-von-morgen-im-buero-weiterhin-oft-zu-laut\\\/\"]}]},{\"@type\":\"ImageObject\",\"inLanguage\":\"de\",\"@id\":\"https:\\\/\\\/office-roxx.de\\\/2026\\\/04\\\/29\\\/tag-gegen-laerm-2026-der-sound-von-morgen-im-buero-weiterhin-oft-zu-laut\\\/#primaryimage\",\"url\":\"https:\\\/\\\/office-roxx.de\\\/akustikaktion\\\/wp-content\\\/uploads\\\/2026\\\/04\\\/draufsicht-einer-besorgten-frau-die-an-einem-tisch-sitzt-und-ein-dokument-haelt-das-im-buero-eine-stillegeste-macht.jpg\",\"contentUrl\":\"https:\\\/\\\/office-roxx.de\\\/akustikaktion\\\/wp-content\\\/uploads\\\/2026\\\/04\\\/draufsicht-einer-besorgten-frau-die-an-einem-tisch-sitzt-und-ein-dokument-haelt-das-im-buero-eine-stillegeste-macht.jpg\",\"width\":1000,\"height\":667,\"caption\":\"Akustische St\u00f6rungen im B\u00fcro sind nicht nur ein l\u00e4stiges \u00c4rgernis, sondern hat auch ernsthafte Auswirkungen auf die Mitarbeitergesundheit. Abbildung: KamranAydinov, Freepik\"},{\"@type\":\"BreadcrumbList\",\"@id\":\"https:\\\/\\\/office-roxx.de\\\/2026\\\/04\\\/29\\\/tag-gegen-laerm-2026-der-sound-von-morgen-im-buero-weiterhin-oft-zu-laut\\\/#breadcrumb\",\"itemListElement\":[{\"@type\":\"ListItem\",\"position\":1,\"name\":\"Startseite\",\"item\":\"https:\\\/\\\/office-roxx.de\\\/akustikaktion\\\/\"},{\"@type\":\"ListItem\",\"position\":2,\"name\":\"Tag gegen L\u00e4rm 2026: Weiterhin oft zu laut im&nbsp;B\u00fcro\"}]},{\"@type\":\"WebSite\",\"@id\":\"https:\\\/\\\/office-roxx.de\\\/akustikaktion\\\/#website\",\"url\":\"https:\\\/\\\/office-roxx.de\\\/akustikaktion\\\/\",\"name\":\"Quiet please!\",\"description\":\"Die Akustik-Aktion\",\"publisher\":{\"@id\":\"https:\\\/\\\/office-roxx.de\\\/akustikaktion\\\/#organization\"},\"potentialAction\":[{\"@type\":\"SearchAction\",\"target\":{\"@type\":\"EntryPoint\",\"urlTemplate\":\"https:\\\/\\\/office-roxx.de\\\/akustikaktion\\\/?s={search_term_string}\"},\"query-input\":{\"@type\":\"PropertyValueSpecification\",\"valueRequired\":true,\"valueName\":\"search_term_string\"}}],\"inLanguage\":\"de\"},{\"@type\":\"Organization\",\"@id\":\"https:\\\/\\\/office-roxx.de\\\/akustikaktion\\\/#organization\",\"name\":\"Quiet please! Die Akustik-Aktion\",\"url\":\"https:\\\/\\\/office-roxx.de\\\/akustikaktion\\\/\",\"logo\":{\"@type\":\"ImageObject\",\"inLanguage\":\"de\",\"@id\":\"https:\\\/\\\/office-roxx.de\\\/akustikaktion\\\/#\\\/schema\\\/logo\\\/image\\\/\",\"url\":\"https:\\\/\\\/office-roxx.de\\\/akustikaktion\\\/wp-content\\\/uploads\\\/2018\\\/02\\\/Quiet-pease-Logo.png\",\"contentUrl\":\"https:\\\/\\\/office-roxx.de\\\/akustikaktion\\\/wp-content\\\/uploads\\\/2018\\\/02\\\/Quiet-pease-Logo.png\",\"width\":576,\"height\":132,\"caption\":\"Quiet please! Die Akustik-Aktion\"},\"image\":{\"@id\":\"https:\\\/\\\/office-roxx.de\\\/akustikaktion\\\/#\\\/schema\\\/logo\\\/image\\\/\"}},{\"@type\":\"Person\",\"@id\":\"https:\\\/\\\/office-roxx.de\\\/akustikaktion\\\/#\\\/schema\\\/person\\\/e3373ee4657e948c1387b5f2de2affd4\",\"name\":\"P4-Akustik\",\"image\":{\"@type\":\"ImageObject\",\"inLanguage\":\"de\",\"@id\":\"https:\\\/\\\/secure.gravatar.com\\\/avatar\\\/e7f38084968dcbb88b923f48395eb5ec7c3ad3102c6db95eccceb504d4317f39?s=96&d=mm&r=g\",\"url\":\"https:\\\/\\\/secure.gravatar.com\\\/avatar\\\/e7f38084968dcbb88b923f48395eb5ec7c3ad3102c6db95eccceb504d4317f39?s=96&d=mm&r=g\",\"contentUrl\":\"https:\\\/\\\/secure.gravatar.com\\\/avatar\\\/e7f38084968dcbb88b923f48395eb5ec7c3ad3102c6db95eccceb504d4317f39?s=96&d=mm&r=g\",\"caption\":\"P4-Akustik\"},\"sameAs\":[\"rn\"]}]}<\/script>\n<!-- \/ Yoast SEO plugin. -->","yoast_head_json":{"title":"Tag gegen L\u00e4rm 2026: Weiterhin oft zu laut im B\u00fcro &#8211; Quiet please!","description":"Heute, am 29. April 2026, ist \u201eInternational Noise Awareness Day\u201c, auch bekannt als \u201eTag gegen L\u00e4rm\u201c. Insbesondere in B\u00fcros sind akustische St\u00f6rungen nach wie vor ein relevantes Thema.","robots":{"index":"index","follow":"follow","max-snippet":"max-snippet:-1","max-image-preview":"max-image-preview:large","max-video-preview":"max-video-preview:-1"},"canonical":"https:\/\/office-roxx.de\/2026\/04\/29\/tag-gegen-laerm-2026-der-sound-von-morgen-im-buero-weiterhin-oft-zu-laut\/","og_locale":"de_DE","og_type":"article","og_title":"Tag gegen L\u00e4rm 2026: Weiterhin oft zu laut im B\u00fcro &#8211; Quiet please!","og_description":"Heute, am 29. April 2026, ist \u201eInternational Noise Awareness Day\u201c, auch bekannt als \u201eTag gegen L\u00e4rm\u201c. Insbesondere in B\u00fcros sind akustische St\u00f6rungen nach wie vor ein relevantes Thema.","og_url":"https:\/\/office-roxx.de\/2026\/04\/29\/tag-gegen-laerm-2026-der-sound-von-morgen-im-buero-weiterhin-oft-zu-laut\/","og_site_name":"Quiet please!","article_author":"rn","article_published_time":"2026-04-29T05:30:00+00:00","og_image":[{"width":1000,"height":667,"url":"https:\/\/office-roxx.de\/akustikaktion\/wp-content\/uploads\/2026\/04\/draufsicht-einer-besorgten-frau-die-an-einem-tisch-sitzt-und-ein-dokument-haelt-das-im-buero-eine-stillegeste-macht.jpg","type":"image\/jpeg"}],"author":"P4-Akustik","twitter_card":"summary_large_image","twitter_misc":{"Verfasst von":"P4-Akustik","Gesch\u00e4tzte Lesezeit":"3\u00a0Minuten"},"schema":{"@context":"https:\/\/schema.org","@graph":[{"@type":"Article","@id":"https:\/\/office-roxx.de\/2026\/04\/29\/tag-gegen-laerm-2026-der-sound-von-morgen-im-buero-weiterhin-oft-zu-laut\/#article","isPartOf":{"@id":"https:\/\/office-roxx.de\/akustikaktion\/2026\/04\/29\/tag-gegen-laerm-2026-weiterhin-oft-zu-laut-im-buero\/"},"author":{"name":"P4-Akustik","@id":"https:\/\/office-roxx.de\/akustikaktion\/#\/schema\/person\/e3373ee4657e948c1387b5f2de2affd4"},"headline":"Tag gegen L\u00e4rm 2026: Weiterhin oft zu laut im&nbsp;B\u00fcro","datePublished":"2026-04-29T05:30:00+00:00","mainEntityOfPage":{"@id":"https:\/\/office-roxx.de\/akustikaktion\/2026\/04\/29\/tag-gegen-laerm-2026-weiterhin-oft-zu-laut-im-buero\/"},"wordCount":520,"publisher":{"@id":"https:\/\/office-roxx.de\/akustikaktion\/#organization"},"image":{"@id":"https:\/\/office-roxx.de\/2026\/04\/29\/tag-gegen-laerm-2026-der-sound-von-morgen-im-buero-weiterhin-oft-zu-laut\/#primaryimage"},"thumbnailUrl":"https:\/\/office-roxx.de\/akustikaktion\/wp-content\/uploads\/2026\/04\/draufsicht-einer-besorgten-frau-die-an-einem-tisch-sitzt-und-ein-dokument-haelt-das-im-buero-eine-stillegeste-macht.jpg","inLanguage":"de"},{"@type":"WebPage","@id":"https:\/\/office-roxx.de\/akustikaktion\/2026\/04\/29\/tag-gegen-laerm-2026-weiterhin-oft-zu-laut-im-buero\/","url":"https:\/\/office-roxx.de\/2026\/04\/29\/tag-gegen-laerm-2026-der-sound-von-morgen-im-buero-weiterhin-oft-zu-laut\/","name":"Tag gegen L\u00e4rm 2026: Weiterhin oft zu laut im B\u00fcro &#8211; Quiet please!","isPartOf":{"@id":"https:\/\/office-roxx.de\/akustikaktion\/#website"},"primaryImageOfPage":{"@id":"https:\/\/office-roxx.de\/2026\/04\/29\/tag-gegen-laerm-2026-der-sound-von-morgen-im-buero-weiterhin-oft-zu-laut\/#primaryimage"},"image":{"@id":"https:\/\/office-roxx.de\/2026\/04\/29\/tag-gegen-laerm-2026-der-sound-von-morgen-im-buero-weiterhin-oft-zu-laut\/#primaryimage"},"thumbnailUrl":"https:\/\/office-roxx.de\/akustikaktion\/wp-content\/uploads\/2026\/04\/draufsicht-einer-besorgten-frau-die-an-einem-tisch-sitzt-und-ein-dokument-haelt-das-im-buero-eine-stillegeste-macht.jpg","datePublished":"2026-04-29T05:30:00+00:00","description":"Heute, am 29. April 2026, ist \u201eInternational Noise Awareness Day\u201c, auch bekannt als \u201eTag gegen L\u00e4rm\u201c. Insbesondere in B\u00fcros sind akustische St\u00f6rungen nach wie vor ein relevantes Thema.","breadcrumb":{"@id":"https:\/\/office-roxx.de\/2026\/04\/29\/tag-gegen-laerm-2026-der-sound-von-morgen-im-buero-weiterhin-oft-zu-laut\/#breadcrumb"},"inLanguage":"de","potentialAction":[{"@type":"ReadAction","target":["https:\/\/office-roxx.de\/2026\/04\/29\/tag-gegen-laerm-2026-der-sound-von-morgen-im-buero-weiterhin-oft-zu-laut\/"]}]},{"@type":"ImageObject","inLanguage":"de","@id":"https:\/\/office-roxx.de\/2026\/04\/29\/tag-gegen-laerm-2026-der-sound-von-morgen-im-buero-weiterhin-oft-zu-laut\/#primaryimage","url":"https:\/\/office-roxx.de\/akustikaktion\/wp-content\/uploads\/2026\/04\/draufsicht-einer-besorgten-frau-die-an-einem-tisch-sitzt-und-ein-dokument-haelt-das-im-buero-eine-stillegeste-macht.jpg","contentUrl":"https:\/\/office-roxx.de\/akustikaktion\/wp-content\/uploads\/2026\/04\/draufsicht-einer-besorgten-frau-die-an-einem-tisch-sitzt-und-ein-dokument-haelt-das-im-buero-eine-stillegeste-macht.jpg","width":1000,"height":667,"caption":"Akustische St\u00f6rungen im B\u00fcro sind nicht nur ein l\u00e4stiges \u00c4rgernis, sondern hat auch ernsthafte Auswirkungen auf die Mitarbeitergesundheit. Abbildung: KamranAydinov, Freepik"},{"@type":"BreadcrumbList","@id":"https:\/\/office-roxx.de\/2026\/04\/29\/tag-gegen-laerm-2026-der-sound-von-morgen-im-buero-weiterhin-oft-zu-laut\/#breadcrumb","itemListElement":[{"@type":"ListItem","position":1,"name":"Startseite","item":"https:\/\/office-roxx.de\/akustikaktion\/"},{"@type":"ListItem","position":2,"name":"Tag gegen L\u00e4rm 2026: Weiterhin oft zu laut im&nbsp;B\u00fcro"}]},{"@type":"WebSite","@id":"https:\/\/office-roxx.de\/akustikaktion\/#website","url":"https:\/\/office-roxx.de\/akustikaktion\/","name":"Quiet please!","description":"Die Akustik-Aktion","publisher":{"@id":"https:\/\/office-roxx.de\/akustikaktion\/#organization"},"potentialAction":[{"@type":"SearchAction","target":{"@type":"EntryPoint","urlTemplate":"https:\/\/office-roxx.de\/akustikaktion\/?s={search_term_string}"},"query-input":{"@type":"PropertyValueSpecification","valueRequired":true,"valueName":"search_term_string"}}],"inLanguage":"de"},{"@type":"Organization","@id":"https:\/\/office-roxx.de\/akustikaktion\/#organization","name":"Quiet please! Die Akustik-Aktion","url":"https:\/\/office-roxx.de\/akustikaktion\/","logo":{"@type":"ImageObject","inLanguage":"de","@id":"https:\/\/office-roxx.de\/akustikaktion\/#\/schema\/logo\/image\/","url":"https:\/\/office-roxx.de\/akustikaktion\/wp-content\/uploads\/2018\/02\/Quiet-pease-Logo.png","contentUrl":"https:\/\/office-roxx.de\/akustikaktion\/wp-content\/uploads\/2018\/02\/Quiet-pease-Logo.png","width":576,"height":132,"caption":"Quiet please! Die Akustik-Aktion"},"image":{"@id":"https:\/\/office-roxx.de\/akustikaktion\/#\/schema\/logo\/image\/"}},{"@type":"Person","@id":"https:\/\/office-roxx.de\/akustikaktion\/#\/schema\/person\/e3373ee4657e948c1387b5f2de2affd4","name":"P4-Akustik","image":{"@type":"ImageObject","inLanguage":"de","@id":"https:\/\/secure.gravatar.com\/avatar\/e7f38084968dcbb88b923f48395eb5ec7c3ad3102c6db95eccceb504d4317f39?s=96&d=mm&r=g","url":"https:\/\/secure.gravatar.com\/avatar\/e7f38084968dcbb88b923f48395eb5ec7c3ad3102c6db95eccceb504d4317f39?s=96&d=mm&r=g","contentUrl":"https:\/\/secure.gravatar.com\/avatar\/e7f38084968dcbb88b923f48395eb5ec7c3ad3102c6db95eccceb504d4317f39?s=96&d=mm&r=g","caption":"P4-Akustik"},"sameAs":["rn"]}]}},"_links":{"self":[{"href":"https:\/\/office-roxx.de\/akustikaktion\/wp-json\/wp\/v2\/posts\/2653","targetHints":{"allow":["GET"]}}],"collection":[{"href":"https:\/\/office-roxx.de\/akustikaktion\/wp-json\/wp\/v2\/posts"}],"about":[{"href":"https:\/\/office-roxx.de\/akustikaktion\/wp-json\/wp\/v2\/types\/post"}],"author":[{"embeddable":true,"href":"https:\/\/office-roxx.de\/akustikaktion\/wp-json\/wp\/v2\/users\/3"}],"replies":[{"embeddable":true,"href":"https:\/\/office-roxx.de\/akustikaktion\/wp-json\/wp\/v2\/comments?post=2653"}],"version-history":[{"count":2,"href":"https:\/\/office-roxx.de\/akustikaktion\/wp-json\/wp\/v2\/posts\/2653\/revisions"}],"predecessor-version":[{"id":2656,"href":"https:\/\/office-roxx.de\/akustikaktion\/wp-json\/wp\/v2\/posts\/2653\/revisions\/2656"}],"wp:attachment":[{"href":"https:\/\/office-roxx.de\/akustikaktion\/wp-json\/wp\/v2\/media?parent=2653"}],"wp:term":[{"taxonomy":"category","embeddable":true,"href":"https:\/\/office-roxx.de\/akustikaktion\/wp-json\/wp\/v2\/categories?post=2653"},{"taxonomy":"post_tag","embeddable":true,"href":"https:\/\/office-roxx.de\/akustikaktion\/wp-json\/wp\/v2\/tags?post=2653"}],"curies":[{"name":"wp","href":"https:\/\/api.w.org\/{rel}","templated":true}]}}