{"id":2400,"date":"2023-07-17T07:00:00","date_gmt":"2023-07-17T05:00:00","guid":{"rendered":"https:\/\/office-roxx.de\/akustikaktion\/?p=2400"},"modified":"2024-05-16T16:05:33","modified_gmt":"2024-05-16T14:05:33","slug":"podcast-akustik-drinks-mit-till-korn","status":"publish","type":"post","link":"https:\/\/office-roxx.de\/akustikaktion\/2023\/07\/17\/podcast-akustik-drinks-mit-till-korn\/","title":{"rendered":"Podcast Akustik &amp; Drinks mit Till&nbsp;Korn"},"content":{"rendered":"<p>Im Pod\u00adcast \u201eAkus\u00adtik &amp; Drinks\u201c von Lou\u00adis Geer\u00adken und Johan\u00adnes Sche\u00adyer\u00adle kom\u00admen regel\u00adm\u00e4\u00ad\u00dfig Exper\u00adten aus der Welt der Akus\u00adtik zu Wort. In der sieb\u00adten Fol\u00adge des Talks zu Gast ist Till Korn. Er gibt Ein\u00adbli\u00adcke in die Theo\u00adrie und Pra\u00adxis der Raumakustik.<!--more--><\/p>\n<p>Der Akus\u00adtik\u00adex\u00adper\u00adte Till Korn ver\u00adr\u00e4t im ers\u00adten von drei Pod\u00adcast-Tei\u00adlen \u201e<a href=\"https:\/\/www.podcast.de\/episode\/623116203\/7-raumakustik-theorie-und-praxis-mit-till-korn-teil-1\" target=\"_blank\" rel=\"noopener\">Raum\u00adakus\u00adtik: Theo\u00adrie und Pra\u00adxis<\/a>\u201c die Dos and Don\u2019ts der raum\u00adakus\u00adti\u00adschen Opti\u00admie\u00adrung. Zudem gibt er Tipps, wie R\u00e4u\u00adme am bes\u00adten klin\u00adgen und was daf\u00fcr getan wer\u00adden kann. Wer bei dem 50-min\u00fc\u00adti\u00adgen Talk genau zuh\u00f6rt, erf\u00e4hrt sogar etwas \u00fcber die Brand\u00adschutz\u00adklas\u00adse des Schaum\u00adstoffs Baso\u00adtect und \u00fcber Mate\u00adri\u00adal\u00addich\u00adten der Akus\u00adtik\u00adplat\u00adten Caru\u00adso Iso&nbsp;Bond.<\/p>\n<p>Es gibt noch wei\u00adte\u00adre inter\u00ades\u00adsan\u00adte Gespr\u00e4chs\u00adpart\u00adner und The\u00admen bei \u201e<a href=\"https:\/\/www.podcast.de\/podcast\/2996322\/akustik-drinks\" target=\"_blank\" rel=\"noopener\">Akus\u00adtik &amp; Drinks<\/a>\u201c. Wir emp\u00adfeh\u00adlen, mal reinzuh\u00f6ren.<\/p>\n","protected":false},"excerpt":{"rendered":"<p>Im Pod\u00adcast \u201eAkus\u00adtik &amp; Drinks\u201c von Lou\u00adis Geer\u00adken und Johan\u00adnes Sche\u00adyer\u00adle kom\u00admen regel\u00adm\u00e4\u00ad\u00dfig Exper\u00adten aus der Welt der Akus\u00adtik zu Wort. In der sieb\u00adten Fol\u00adge des Talks zu Gast ist Till Korn. Er gibt Ein\u00adbli\u00adcke in die Theo\u00adrie und Pra\u00adxis der Raumakustik.<\/p>\n","protected":false},"author":3,"featured_media":0,"comment_status":"closed","ping_status":"open","sticky":false,"template":"","format":"standard","meta":{"wp_typography_post_enhancements_disabled":false,"footnotes":""},"categories":[1],"tags":[],"class_list":["post-2400","post","type-post","status-publish","format-standard","hentry","category-allgemein"],"yoast_head":"<!-- This site is optimized with the Yoast SEO plugin v27.3 - https:\/\/yoast.com\/product\/yoast-seo-wordpress\/ -->\n<title>Podcast Akustik &amp; Drinks mit Till Korn &#8211; Quiet please!<\/title>\n<meta name=\"robots\" content=\"index, follow, max-snippet:-1, max-image-preview:large, max-video-preview:-1\" \/>\n<link rel=\"canonical\" href=\"https:\/\/office-roxx.de\/akustikaktion\/2023\/07\/17\/podcast-akustik-drinks-mit-till-korn\/\" \/>\n<meta property=\"og:locale\" content=\"de_DE\" \/>\n<meta property=\"og:type\" content=\"article\" \/>\n<meta property=\"og:title\" content=\"Podcast Akustik &amp; Drinks mit Till Korn &#8211; Quiet please!\" \/>\n<meta property=\"og:description\" content=\"Im Pod\u00adcast \u201eAkus\u00adtik &amp; Drinks\u201c von Lou\u00adis Geer\u00adken und Johan\u00adnes Sche\u00adyer\u00adle kom\u00admen regel\u00adm\u00e4\u00ad\u00dfig Exper\u00adten aus der Welt der Akus\u00adtik zu Wort. In der sieb\u00adten Fol\u00adge des Talks zu Gast ist Till Korn. Er gibt Ein\u00adbli\u00adcke in die Theo\u00adrie und Pra\u00adxis der Raumakustik.\" \/>\n<meta property=\"og:url\" content=\"https:\/\/office-roxx.de\/akustikaktion\/2023\/07\/17\/podcast-akustik-drinks-mit-till-korn\/\" \/>\n<meta property=\"og:site_name\" content=\"Quiet please!\" \/>\n<meta property=\"article:author\" content=\"rn\" \/>\n<meta property=\"article:published_time\" content=\"2023-07-17T05:00:00+00:00\" \/>\n<meta property=\"article:modified_time\" content=\"2024-05-16T14:05:33+00:00\" \/>\n<meta name=\"author\" content=\"P4-Akustik\" \/>\n<meta name=\"twitter:card\" content=\"summary_large_image\" \/>\n<meta name=\"twitter:label1\" content=\"Verfasst von\" \/>\n\t<meta name=\"twitter:data1\" content=\"P4-Akustik\" \/>\n\t<meta name=\"twitter:label2\" content=\"Gesch\u00e4tzte Lesezeit\" \/>\n\t<meta name=\"twitter:data2\" content=\"1\u00a0Minute\" \/>\n<script type=\"application\/ld+json\" class=\"yoast-schema-graph\">{\"@context\":\"https:\\\/\\\/schema.org\",\"@graph\":[{\"@type\":\"Article\",\"@id\":\"https:\\\/\\\/office-roxx.de\\\/akustikaktion\\\/2023\\\/07\\\/17\\\/podcast-akustik-drinks-mit-till-korn\\\/#article\",\"isPartOf\":{\"@id\":\"https:\\\/\\\/office-roxx.de\\\/akustikaktion\\\/2023\\\/07\\\/17\\\/podcast-akustik-drinks-mit-till-korn\\\/\"},\"author\":{\"name\":\"P4-Akustik\",\"@id\":\"https:\\\/\\\/office-roxx.de\\\/akustikaktion\\\/#\\\/schema\\\/person\\\/e3373ee4657e948c1387b5f2de2affd4\"},\"headline\":\"Podcast Akustik &amp; Drinks mit Till&nbsp;Korn\",\"datePublished\":\"2023-07-17T05:00:00+00:00\",\"dateModified\":\"2024-05-16T14:05:33+00:00\",\"mainEntityOfPage\":{\"@id\":\"https:\\\/\\\/office-roxx.de\\\/akustikaktion\\\/2023\\\/07\\\/17\\\/podcast-akustik-drinks-mit-till-korn\\\/\"},\"wordCount\":134,\"publisher\":{\"@id\":\"https:\\\/\\\/office-roxx.de\\\/akustikaktion\\\/#organization\"},\"inLanguage\":\"de\"},{\"@type\":\"WebPage\",\"@id\":\"https:\\\/\\\/office-roxx.de\\\/akustikaktion\\\/2023\\\/07\\\/17\\\/podcast-akustik-drinks-mit-till-korn\\\/\",\"url\":\"https:\\\/\\\/office-roxx.de\\\/akustikaktion\\\/2023\\\/07\\\/17\\\/podcast-akustik-drinks-mit-till-korn\\\/\",\"name\":\"Podcast Akustik & Drinks mit Till Korn &#8211; Quiet please!\",\"isPartOf\":{\"@id\":\"https:\\\/\\\/office-roxx.de\\\/akustikaktion\\\/#website\"},\"datePublished\":\"2023-07-17T05:00:00+00:00\",\"dateModified\":\"2024-05-16T14:05:33+00:00\",\"breadcrumb\":{\"@id\":\"https:\\\/\\\/office-roxx.de\\\/akustikaktion\\\/2023\\\/07\\\/17\\\/podcast-akustik-drinks-mit-till-korn\\\/#breadcrumb\"},\"inLanguage\":\"de\",\"potentialAction\":[{\"@type\":\"ReadAction\",\"target\":[\"https:\\\/\\\/office-roxx.de\\\/akustikaktion\\\/2023\\\/07\\\/17\\\/podcast-akustik-drinks-mit-till-korn\\\/\"]}]},{\"@type\":\"BreadcrumbList\",\"@id\":\"https:\\\/\\\/office-roxx.de\\\/akustikaktion\\\/2023\\\/07\\\/17\\\/podcast-akustik-drinks-mit-till-korn\\\/#breadcrumb\",\"itemListElement\":[{\"@type\":\"ListItem\",\"position\":1,\"name\":\"Startseite\",\"item\":\"https:\\\/\\\/office-roxx.de\\\/akustikaktion\\\/\"},{\"@type\":\"ListItem\",\"position\":2,\"name\":\"Podcast Akustik &amp; Drinks mit Till&nbsp;Korn\"}]},{\"@type\":\"WebSite\",\"@id\":\"https:\\\/\\\/office-roxx.de\\\/akustikaktion\\\/#website\",\"url\":\"https:\\\/\\\/office-roxx.de\\\/akustikaktion\\\/\",\"name\":\"Quiet please!\",\"description\":\"Die Akustik-Aktion\",\"publisher\":{\"@id\":\"https:\\\/\\\/office-roxx.de\\\/akustikaktion\\\/#organization\"},\"potentialAction\":[{\"@type\":\"SearchAction\",\"target\":{\"@type\":\"EntryPoint\",\"urlTemplate\":\"https:\\\/\\\/office-roxx.de\\\/akustikaktion\\\/?s={search_term_string}\"},\"query-input\":{\"@type\":\"PropertyValueSpecification\",\"valueRequired\":true,\"valueName\":\"search_term_string\"}}],\"inLanguage\":\"de\"},{\"@type\":\"Organization\",\"@id\":\"https:\\\/\\\/office-roxx.de\\\/akustikaktion\\\/#organization\",\"name\":\"Quiet please! Die Akustik-Aktion\",\"url\":\"https:\\\/\\\/office-roxx.de\\\/akustikaktion\\\/\",\"logo\":{\"@type\":\"ImageObject\",\"inLanguage\":\"de\",\"@id\":\"https:\\\/\\\/office-roxx.de\\\/akustikaktion\\\/#\\\/schema\\\/logo\\\/image\\\/\",\"url\":\"https:\\\/\\\/office-roxx.de\\\/akustikaktion\\\/wp-content\\\/uploads\\\/2018\\\/02\\\/Quiet-pease-Logo.png\",\"contentUrl\":\"https:\\\/\\\/office-roxx.de\\\/akustikaktion\\\/wp-content\\\/uploads\\\/2018\\\/02\\\/Quiet-pease-Logo.png\",\"width\":576,\"height\":132,\"caption\":\"Quiet please! Die Akustik-Aktion\"},\"image\":{\"@id\":\"https:\\\/\\\/office-roxx.de\\\/akustikaktion\\\/#\\\/schema\\\/logo\\\/image\\\/\"}},{\"@type\":\"Person\",\"@id\":\"https:\\\/\\\/office-roxx.de\\\/akustikaktion\\\/#\\\/schema\\\/person\\\/e3373ee4657e948c1387b5f2de2affd4\",\"name\":\"P4-Akustik\",\"image\":{\"@type\":\"ImageObject\",\"inLanguage\":\"de\",\"@id\":\"https:\\\/\\\/secure.gravatar.com\\\/avatar\\\/e7f38084968dcbb88b923f48395eb5ec7c3ad3102c6db95eccceb504d4317f39?s=96&d=mm&r=g\",\"url\":\"https:\\\/\\\/secure.gravatar.com\\\/avatar\\\/e7f38084968dcbb88b923f48395eb5ec7c3ad3102c6db95eccceb504d4317f39?s=96&d=mm&r=g\",\"contentUrl\":\"https:\\\/\\\/secure.gravatar.com\\\/avatar\\\/e7f38084968dcbb88b923f48395eb5ec7c3ad3102c6db95eccceb504d4317f39?s=96&d=mm&r=g\",\"caption\":\"P4-Akustik\"},\"sameAs\":[\"rn\"]}]}<\/script>\n<!-- \/ Yoast SEO plugin. -->","yoast_head_json":{"title":"Podcast Akustik & Drinks mit Till Korn &#8211; Quiet please!","robots":{"index":"index","follow":"follow","max-snippet":"max-snippet:-1","max-image-preview":"max-image-preview:large","max-video-preview":"max-video-preview:-1"},"canonical":"https:\/\/office-roxx.de\/akustikaktion\/2023\/07\/17\/podcast-akustik-drinks-mit-till-korn\/","og_locale":"de_DE","og_type":"article","og_title":"Podcast Akustik & Drinks mit Till Korn &#8211; Quiet please!","og_description":"Im Pod\u00adcast \u201eAkus\u00adtik &amp; Drinks\u201c von Lou\u00adis Geer\u00adken und Johan\u00adnes Sche\u00adyer\u00adle kom\u00admen regel\u00adm\u00e4\u00ad\u00dfig Exper\u00adten aus der Welt der Akus\u00adtik zu Wort. In der sieb\u00adten Fol\u00adge des Talks zu Gast ist Till Korn. Er gibt Ein\u00adbli\u00adcke in die Theo\u00adrie und Pra\u00adxis der Raumakustik.","og_url":"https:\/\/office-roxx.de\/akustikaktion\/2023\/07\/17\/podcast-akustik-drinks-mit-till-korn\/","og_site_name":"Quiet please!","article_author":"rn","article_published_time":"2023-07-17T05:00:00+00:00","article_modified_time":"2024-05-16T14:05:33+00:00","author":"P4-Akustik","twitter_card":"summary_large_image","twitter_misc":{"Verfasst von":"P4-Akustik","Gesch\u00e4tzte Lesezeit":"1\u00a0Minute"},"schema":{"@context":"https:\/\/schema.org","@graph":[{"@type":"Article","@id":"https:\/\/office-roxx.de\/akustikaktion\/2023\/07\/17\/podcast-akustik-drinks-mit-till-korn\/#article","isPartOf":{"@id":"https:\/\/office-roxx.de\/akustikaktion\/2023\/07\/17\/podcast-akustik-drinks-mit-till-korn\/"},"author":{"name":"P4-Akustik","@id":"https:\/\/office-roxx.de\/akustikaktion\/#\/schema\/person\/e3373ee4657e948c1387b5f2de2affd4"},"headline":"Podcast Akustik &amp; Drinks mit Till&nbsp;Korn","datePublished":"2023-07-17T05:00:00+00:00","dateModified":"2024-05-16T14:05:33+00:00","mainEntityOfPage":{"@id":"https:\/\/office-roxx.de\/akustikaktion\/2023\/07\/17\/podcast-akustik-drinks-mit-till-korn\/"},"wordCount":134,"publisher":{"@id":"https:\/\/office-roxx.de\/akustikaktion\/#organization"},"inLanguage":"de"},{"@type":"WebPage","@id":"https:\/\/office-roxx.de\/akustikaktion\/2023\/07\/17\/podcast-akustik-drinks-mit-till-korn\/","url":"https:\/\/office-roxx.de\/akustikaktion\/2023\/07\/17\/podcast-akustik-drinks-mit-till-korn\/","name":"Podcast Akustik & Drinks mit Till Korn &#8211; Quiet please!","isPartOf":{"@id":"https:\/\/office-roxx.de\/akustikaktion\/#website"},"datePublished":"2023-07-17T05:00:00+00:00","dateModified":"2024-05-16T14:05:33+00:00","breadcrumb":{"@id":"https:\/\/office-roxx.de\/akustikaktion\/2023\/07\/17\/podcast-akustik-drinks-mit-till-korn\/#breadcrumb"},"inLanguage":"de","potentialAction":[{"@type":"ReadAction","target":["https:\/\/office-roxx.de\/akustikaktion\/2023\/07\/17\/podcast-akustik-drinks-mit-till-korn\/"]}]},{"@type":"BreadcrumbList","@id":"https:\/\/office-roxx.de\/akustikaktion\/2023\/07\/17\/podcast-akustik-drinks-mit-till-korn\/#breadcrumb","itemListElement":[{"@type":"ListItem","position":1,"name":"Startseite","item":"https:\/\/office-roxx.de\/akustikaktion\/"},{"@type":"ListItem","position":2,"name":"Podcast Akustik &amp; Drinks mit Till&nbsp;Korn"}]},{"@type":"WebSite","@id":"https:\/\/office-roxx.de\/akustikaktion\/#website","url":"https:\/\/office-roxx.de\/akustikaktion\/","name":"Quiet please!","description":"Die Akustik-Aktion","publisher":{"@id":"https:\/\/office-roxx.de\/akustikaktion\/#organization"},"potentialAction":[{"@type":"SearchAction","target":{"@type":"EntryPoint","urlTemplate":"https:\/\/office-roxx.de\/akustikaktion\/?s={search_term_string}"},"query-input":{"@type":"PropertyValueSpecification","valueRequired":true,"valueName":"search_term_string"}}],"inLanguage":"de"},{"@type":"Organization","@id":"https:\/\/office-roxx.de\/akustikaktion\/#organization","name":"Quiet please! Die Akustik-Aktion","url":"https:\/\/office-roxx.de\/akustikaktion\/","logo":{"@type":"ImageObject","inLanguage":"de","@id":"https:\/\/office-roxx.de\/akustikaktion\/#\/schema\/logo\/image\/","url":"https:\/\/office-roxx.de\/akustikaktion\/wp-content\/uploads\/2018\/02\/Quiet-pease-Logo.png","contentUrl":"https:\/\/office-roxx.de\/akustikaktion\/wp-content\/uploads\/2018\/02\/Quiet-pease-Logo.png","width":576,"height":132,"caption":"Quiet please! Die Akustik-Aktion"},"image":{"@id":"https:\/\/office-roxx.de\/akustikaktion\/#\/schema\/logo\/image\/"}},{"@type":"Person","@id":"https:\/\/office-roxx.de\/akustikaktion\/#\/schema\/person\/e3373ee4657e948c1387b5f2de2affd4","name":"P4-Akustik","image":{"@type":"ImageObject","inLanguage":"de","@id":"https:\/\/secure.gravatar.com\/avatar\/e7f38084968dcbb88b923f48395eb5ec7c3ad3102c6db95eccceb504d4317f39?s=96&d=mm&r=g","url":"https:\/\/secure.gravatar.com\/avatar\/e7f38084968dcbb88b923f48395eb5ec7c3ad3102c6db95eccceb504d4317f39?s=96&d=mm&r=g","contentUrl":"https:\/\/secure.gravatar.com\/avatar\/e7f38084968dcbb88b923f48395eb5ec7c3ad3102c6db95eccceb504d4317f39?s=96&d=mm&r=g","caption":"P4-Akustik"},"sameAs":["rn"]}]}},"_links":{"self":[{"href":"https:\/\/office-roxx.de\/akustikaktion\/wp-json\/wp\/v2\/posts\/2400","targetHints":{"allow":["GET"]}}],"collection":[{"href":"https:\/\/office-roxx.de\/akustikaktion\/wp-json\/wp\/v2\/posts"}],"about":[{"href":"https:\/\/office-roxx.de\/akustikaktion\/wp-json\/wp\/v2\/types\/post"}],"author":[{"embeddable":true,"href":"https:\/\/office-roxx.de\/akustikaktion\/wp-json\/wp\/v2\/users\/3"}],"replies":[{"embeddable":true,"href":"https:\/\/office-roxx.de\/akustikaktion\/wp-json\/wp\/v2\/comments?post=2400"}],"version-history":[{"count":7,"href":"https:\/\/office-roxx.de\/akustikaktion\/wp-json\/wp\/v2\/posts\/2400\/revisions"}],"predecessor-version":[{"id":2475,"href":"https:\/\/office-roxx.de\/akustikaktion\/wp-json\/wp\/v2\/posts\/2400\/revisions\/2475"}],"wp:attachment":[{"href":"https:\/\/office-roxx.de\/akustikaktion\/wp-json\/wp\/v2\/media?parent=2400"}],"wp:term":[{"taxonomy":"category","embeddable":true,"href":"https:\/\/office-roxx.de\/akustikaktion\/wp-json\/wp\/v2\/categories?post=2400"},{"taxonomy":"post_tag","embeddable":true,"href":"https:\/\/office-roxx.de\/akustikaktion\/wp-json\/wp\/v2\/tags?post=2400"}],"curies":[{"name":"wp","href":"https:\/\/api.w.org\/{rel}","templated":true}]}}