{"id":1239,"date":"2018-05-14T08:30:00","date_gmt":"2018-05-14T06:30:00","guid":{"rendered":"http:\/\/www.akustikaktion.de\/?p=1239"},"modified":"2018-04-10T14:17:24","modified_gmt":"2018-04-10T12:17:24","slug":"dr-christian-nocke-zur-neuen-vdi-richtlinie-2569","status":"publish","type":"post","link":"https:\/\/office-roxx.de\/akustikaktion\/2018\/05\/14\/dr-christian-nocke-zur-neuen-vdi-richtlinie-2569\/","title":{"rendered":"Dr. Christian Nocke zur neuen VDI-Richtlinie 2569"},"content":{"rendered":"<p>Die VDI-Richt\u00adli\u00adnie 2569 \u201eSchall\u00adschutz und akus\u00adti\u00adsche Gestal\u00adtung im B\u00fcro\u201c wur\u00adde \u00fcber\u00adar\u00adbei\u00adtet. Dem\u00adn\u00e4chst soll die Neu\u00adfas\u00adsung publi\u00adziert wer\u00adden. Der Akus\u00adtik\u00adex\u00adper\u00adte Dr. Chris\u00adti\u00adan Nocke, Inha\u00adber des Akus\u00adtik\u00adb\u00fc\u00adros Olden\u00adburg und Mit\u00adglied der Akti\u00adon Quiet plea\u00adse!, hat an der \u00dcber\u00adar\u00adbei\u00adtung mit\u00adge\u00adwirkt. Im Gespr\u00e4ch infor\u00admiert er \u00fcber Inhal\u00adte und Hin\u00adter\u00adgr\u00fcn\u00adde der \u00c4nderungen.<\/p>\n<p><!--more--><\/p>\n<div id=\"metaslider-id-1241\" style=\"max-width: 1000px; margin: 0 auto;\" class=\"ml-slider-3-107-0 metaslider metaslider-flex metaslider-1241 ml-slider has-dots-nav ml-slider-lightbox-2-22-0 firelight-lightbox-2-3-19 ms-theme-default\" role=\"region\" aria-label=\"Bessere Raumakustik: Interview mit Dr. Christian Nocke\" data-height=\"400\" data-width=\"1000\">\n    <div id=\"metaslider_container_1241\">\n        <div id=\"metaslider_1241\" class=\"flexslider\">\n            <ul class=\"slides\">\n                <li style=\"display: block; width: 100%;\" class=\"slide-1242 ms-image \" aria-roledescription=\"slide\" data-date=\"2018-04-10 14:01:17\" data-filename=\"Christian-Nocke.jpg\" data-slide-type=\"image\"><img loading=\"lazy\" decoding=\"async\" width=\"1000\" height=\"756\" src=\"https:\/\/office-roxx.de\/akustikaktion\/wp-content\/uploads\/2018\/04\/Christian-Nocke.jpg\" class=\"slider-1241 slide-1242 msDefaultImage ml-lightbox-enabled\" alt=\"Dr. Christian Nocke\" rel title style=\"margin: 0 auto; width: 52.910052910053%\" srcset=\"https:\/\/office-roxx.de\/akustikaktion\/wp-content\/uploads\/2018\/04\/Christian-Nocke.jpg 1000w, https:\/\/office-roxx.de\/akustikaktion\/wp-content\/uploads\/2018\/04\/Christian-Nocke-300x227.jpg 300w, https:\/\/office-roxx.de\/akustikaktion\/wp-content\/uploads\/2018\/04\/Christian-Nocke-768x581.jpg 768w\" sizes=\"auto, (max-width: 1000px) 100vw, 1000px\"><div class=\"caption-wrap\"><div class=\"caption\">Akus\u00adtik\u00adex\u00adper\u00adte Dr. Chris\u00adti\u00adan Nocke, Inha\u00adber des Akus\u00adtik\u00adb\u00fc\u00adros Olden\u00adburg. Abbil\u00addung: Foto\u00adstu\u00addio Dieckmann<\/div><\/div><\/li>\n            <\/ul>\n        <\/div>\n        \n    <\/div>\n<\/div>\n<p><strong>Herr Dr. Nocke, die VDI-Richt\u00adli\u00adnie 2569 wur\u00adde \u00fcber\u00adar\u00adbei\u00adtet. Was regelt sie?&nbsp;<\/strong><\/p>\n<p><strong>Dr. Chris\u00adti\u00adan Nocke: <\/strong>Die Richt\u00adli\u00adnie VDI 2569 gibt Emp\u00adfeh\u00adlun\u00adgen zum Schall\u00adschutz und zur akus\u00adti\u00adschen Gestal\u00adtung im B\u00fcro. Ber\u00fcck\u00adsich\u00adti\u00adgung fin\u00addet sowohl die Schall\u00ad\u00fcber\u00adtra\u00adgung von au\u00dfen in B\u00fcros hin\u00adein, also die Bau\u00adakus\u00adtik, als auch die H\u00f6r\u00adsam\u00adkeit in den B\u00fcros, also die Raumakustik.<\/p>\n<p><strong>Die urspr\u00fcng\u00adli\u00adche Ver\u00adsi\u00adon die\u00adser Richt\u00adli\u00adnie stammt aus dem Jahr 1990. Was ist jetzt&nbsp;neu?&nbsp;<\/strong><\/p>\n<p>In der Neu\u00adfas\u00adsung wer\u00adden zus\u00e4tz\u00adli\u00adche Kenn\u00adgr\u00f6\u00ad\u00dfen zur Beschrei\u00adbung der raum\u00adakus\u00adti\u00adschen Situa\u00adti\u00adon im B\u00fcro auf\u00adge\u00adgrif\u00adfen. K\u00fcnf\u00adtig wird nicht mehr nur die Bed\u00e4mp\u00adfung oder Hal\u00adlig\u00adkeit der R\u00e4u\u00adme betrach\u00adtet, son\u00addern es wird auch detail\u00adliert die Schall\u00adaus\u00adbrei\u00adtung zwi\u00adschen Arbeits\u00adpl\u00e4t\u00adzen ber\u00fcck\u00adsich\u00adtigt. Daf\u00fcr wer\u00adden neben der Nach\u00adhall\u00adzeit die Kenn\u00adgr\u00f6\u00ad\u00dfen der ISO 3382, Teil 3 aus dem Jahr 2012 ver\u00adwen\u00addet und erst\u00admals f\u00fcr eine Klas\u00adsi\u00adfi\u00adzie\u00adrung von B\u00fcro\u00adr\u00e4u\u00admen gem\u00e4\u00df ihrer akus\u00adti\u00adschen Qua\u00adli\u00adt\u00e4t vor\u00adge\u00adge\u00adben. Die\u00adse Kenn\u00adgr\u00f6\u00ad\u00dfen beschrei\u00adben die Min\u00adde\u00adrung des Schall\u00adpe\u00adgels sowie die Ver\u00adrin\u00adge\u00adrung der Sprach\u00adver\u00adst\u00e4nd\u00adlich\u00adkeit zwi\u00adschen den Arbeits\u00adpl\u00e4t\u00adzen in einem Mehr\u00adper\u00adso\u00adnen\u00adb\u00fc\u00adro. Dar\u00ad\u00fcber hin\u00adaus ent\u00adh\u00e4lt die Richt\u00adli\u00adnie wich\u00adti\u00adge Erl\u00e4u\u00adte\u00adrun\u00adgen zu den sub\u00adjek\u00adti\u00adven Wir\u00adkun\u00adgen von L\u00e4rm bzw. Ger\u00e4u\u00adschen im&nbsp;B\u00fcro.<\/p>\n<p><strong>Was bedeu\u00adtet das f\u00fcr die Gestal\u00adtung von B\u00fcroarbeitspl\u00e4tzen?<\/strong><\/p>\n<p>Es sind Gesamt\u00adkon\u00adzep\u00adte f\u00fcr die R\u00e4u\u00adme erfor\u00adder\u00adlich, um nicht nur den ein\u00adzel\u00adnen Arbeits\u00adplatz, son\u00addern die gan\u00adze Umge\u00adbung zu erfas\u00adsen und die Wech\u00adsel\u00adwir\u00adkun\u00adgen zwi\u00adschen den Arbeits\u00adpl\u00e4t\u00adzen und dem Raum zu ber\u00fcck\u00adsich\u00adti\u00adgen. Somit ist bei der raum\u00adakus\u00adti\u00adschen Gestal\u00adtung von Arbeits\u00adpl\u00e4t\u00adzen in B\u00fcros neben der Aus\u00adge\u00adstal\u00adtung der R\u00e4u\u00adme selbst auch deren Ein\u00adrich\u00adtung von immer gr\u00f6\u00ad\u00dfe\u00adrer Bedeu\u00adtung. Die Erfor\u00adder\u00adnis\u00adse der Raum\u00adbe\u00add\u00e4mp\u00adfung k\u00f6n\u00adnen durch Mate\u00adria\u00adli\u00aden an Decke, Boden und W\u00e4n\u00adden erf\u00fcllt wer\u00adden. Wenn es um Abschir\u00admung und Min\u00adde\u00adrung von Pegel und Sprach\u00adver\u00adst\u00e4nd\u00adlich\u00adkeit geht, schl\u00e4gt die Stun\u00adde der M\u00f6blie\u00adrung und Ein\u00adrich\u00adtung. Eine Beein\u00adflus\u00adsung des Direkt\u00adschalls auf kur\u00adzer Distanz zwi\u00adschen zwei Arbeits\u00adpl\u00e4t\u00adzen erfor\u00addert effek\u00adti\u00adve Schirmung.<\/p>\n<p><strong>War\u00adum ist die Ber\u00fcck\u00adsich\u00adti\u00adgung der Sprach\u00adver\u00adst\u00e4nd\u00adlich\u00adkeit so wich\u00adtig f\u00fcr die Arbeitsplatzgestaltung?<\/strong><\/p>\n<p>Die Sprach\u00adver\u00adst\u00e4nd\u00adlich\u00adkeit hat sich seit mehr als zehn Jah\u00adren als eine der Haupt\u00adur\u00adsa\u00adchen f\u00fcr die St\u00f6\u00adrun\u00adgen oder auch gegen\u00adsei\u00adti\u00adgen Bel\u00e4s\u00adti\u00adgungs\u00adwir\u00adkun\u00adgen im B\u00fcro, gera\u00adde bei vie\u00adlen Per\u00adso\u00adnen, her\u00adaus\u00adge\u00adstellt. Wenn es um Ablen\u00adkung und St\u00f6\u00adrung geht, ist die Laut\u00adst\u00e4r\u00adke bzw. die H\u00f6he des Schall\u00adpe\u00adgels nicht die ent\u00adschei\u00adden\u00adde Gr\u00f6\u00ad\u00dfe. Auch wenn im Bereich des Arbeits\u00adschut\u00adzes noch der Pegel als wich\u00adti\u00adger Kenn\u00adwert ver\u00adwen\u00addet wird, trifft er die Situa\u00adti\u00adon im B\u00fcro nicht. Hier geht es nicht um Sch\u00e4\u00addi\u00adgun\u00adgen des Geh\u00f6rs, also um aura\u00adle Effek\u00adte. Die St\u00f6r\u00adwir\u00adkung erfolgt viel\u00admehr durch die Ver\u00adsteh\u00adbar\u00adkeit von Spra\u00adche. Spra\u00adche, die ich nicht h\u00f6ren will, aber ver\u00adste\u00adhen kann, st\u00f6rt mich bei der eigent\u00adli\u00adchen Arbeit. Die Sprach\u00adver\u00adst\u00e4nd\u00adlich\u00adkeit ist damit die ma\u00df\u00adgeb\u00adli\u00adche Wirk\u00adgr\u00f6\u00ad\u00dfe, die bei der Gestal\u00adtung von Arbeits\u00adpl\u00e4t\u00adzen im B\u00fcro\u00adum\u00adfeld zu beach\u00adten&nbsp;ist.<\/p>\n<p><strong>Kann man Sprach\u00adver\u00adst\u00e4nd\u00adlich\u00adkeit messen?<\/strong><\/p>\n<p>Die Sprach\u00adver\u00adst\u00e4nd\u00adlich\u00adkeit kann auf ver\u00adschie\u00adde\u00adne Arten bestimmt wer\u00adden. Bei sehr pres\u00adti\u00adge\u00adtr\u00e4ch\u00adti\u00adgen R\u00e4u\u00admen wer\u00adden immer mal wie\u00adder H\u00f6r- und Sprech\u00adtests zur Ermitt\u00adlung der sub\u00adjek\u00adti\u00adven Sprach\u00adver\u00adst\u00e4nd\u00adlich\u00adkeit durch\u00adge\u00adf\u00fchrt. Aus der\u00adar\u00adti\u00adgen Unter\u00adsu\u00adchun\u00adgen abge\u00adlei\u00adtet wor\u00adden ist eine objek\u00adtiv mess\u00adba\u00adre Kenn\u00adgr\u00f6\u00ad\u00dfe, der soge\u00adnann\u00adte Sprach\u00ad\u00fcber\u00adtra\u00adgungs\u00adin\u00addex bzw. im Eng\u00adli\u00adschen Speech Trans\u00admis\u00adsi\u00adon Index STI. Auf Grund\u00adla\u00adge des STI-Wer\u00adtes kann die Sprach\u00adver\u00adst\u00e4nd\u00adlich\u00adkeit objek\u00adtiv gemes\u00adsen und bewer\u00adtet wer\u00adden. Im Wesent\u00adli\u00adchen bestimmt wird die Sprach\u00adver\u00adst\u00e4nd\u00adlich\u00adkeit durch die Nach\u00adhall\u00adzeit sowie die St\u00f6r\u00adschall\u00adpe\u00adgel im&nbsp;Raum.<\/p>\n<p><strong>\u2026 und l\u00e4sst sich Sprach\u00adver\u00adst\u00e4nd\u00adlich\u00adkeit prognostizieren?<\/strong><\/p>\n<p>Pro\u00adgnos\u00adti\u00adzie\u00adren l\u00e4sst sich heut\u00adzu\u00adta\u00adge vie\u00adles. Die Fra\u00adge ist, was macht Sinn und wo ist es even\u00adtu\u00adell auch aus\u00adrei\u00adchend, mit den klas\u00adsi\u00adschen Metho\u00adden der Raum\u00adakus\u00adtik zu arbei\u00adten. Mit moder\u00adnen Rechen\u00adpro\u00adgram\u00admen und ent\u00adspre\u00adchen\u00adden Schnitt\u00adstel\u00adlen zur Ein\u00adrich\u00adtungs\u00adpla\u00adnung, wie etwa zum pCon.planner, las\u00adsen sich die Rechen\u00adzei\u00adten und der Bear\u00adbei\u00adtungs\u00adauf\u00adwand deut\u00adlich sen\u00adken. Die Raum\u00adakus\u00adtik in klei\u00adne\u00adren B\u00fcros kann auch anhand einer Tabel\u00adlen\u00adkal\u00adku\u00adla\u00adti\u00adon aus\u00adrei\u00adchend genau geplant wer\u00adden. Tools wie das Akus\u00adtik-Plug\u00adin hel\u00adfen dabei, indem schon bestehen\u00adde Pla\u00adnun\u00adgen akus\u00adtisch ana\u00adly\u00adsiert und bewer\u00adtet wer\u00adden k\u00f6n\u00adnen. Die Gren\u00adzen die\u00adser ein\u00adfa\u00adchen Ver\u00adfah\u00adren wer\u00adden dann erreicht, wenn gro\u00ad\u00dfe R\u00e4u\u00adme, kom\u00adple\u00adxe Raum\u00adfor\u00admen oder aber ung\u00fcns\u00adti\u00adge Ver\u00adtei\u00adlun\u00adgen der Absorp\u00adti\u00adon im Raum ins Spiel kom\u00admen. Hier hel\u00adfen Pro\u00adgram\u00adme, die eine drei\u00addi\u00admen\u00adsio\u00adna\u00adle Simu\u00adla\u00adti\u00adon der Schall\u00adaus\u00adbrei\u00adtung erm\u00f6g\u00adli\u00adchen, um Effek\u00adte der Posi\u00adtio\u00adnie\u00adrung oder der Abschir\u00admung zu erfas\u00adsen. Kern die\u00adser Betrach\u00adtun\u00adgen sind die Absorp\u00adti\u00adons\u00adwer\u00adte der Mate\u00adria\u00adli\u00aden im Raum. Jedes Rechen\u00admo\u00addell, egal ob ein\u00adfach oder kom\u00adplex, kann nur so gut sein, wie die Daten, die man in das Modell hin\u00adein\u00adgibt. Daher mein Appell an Her\u00adstel\u00adler und Lie\u00adfe\u00adran\u00adten: Sor\u00adgen Sie auch bei der Akus\u00adtik f\u00fcr eine gesi\u00adcher\u00adte Pla\u00adnungs\u00adgrund\u00adla\u00adge. Nur so gelingt gute Raum\u00adakus\u00adtik im&nbsp;B\u00fcro.<\/p>\n<p><strong>Vie\u00adlen&nbsp;Dank.<\/strong><\/p>\n","protected":false},"excerpt":{"rendered":"<p>Die VDI-Rich\u00adt\u00ad\u00adli\u00ad\u00adnie 2569 \u201eSchall\u00adschutz und akus\u00adti\u00adsche Gestal\u00adtung im B\u00fcro\u201c wur\u00adde \u00fcber\u00adar\u00adbei\u00adtet. Dem\u00adn\u00e4chst soll die Neu\u00adfas\u00adsung publi\u00adziert wer\u00adden. Der Akus\u00adtik\u00adex\u00adper\u00adte Dr. Chris\u00adti\u00adan Nocke, Inha\u00adber des Akus\u00adtik\u00adb\u00fc\u00adros Olden\u00adburg und Mit\u00adglied der Akti\u00adon Quiet plea\u00adse!, hat an der \u00dcber\u00adar\u00adbei\u00adtung mit\u00adge\u00adwirkt. Im Gespr\u00e4ch infor\u00admiert er \u00fcber Inhal\u00adte und Hin\u00adter\u00adgr\u00fcn\u00adde der \u00c4nderungen.<\/p>\n","protected":false},"author":3,"featured_media":0,"comment_status":"closed","ping_status":"open","sticky":false,"template":"","format":"standard","meta":{"wp_typography_post_enhancements_disabled":false,"footnotes":""},"categories":[1],"tags":[27],"class_list":["post-1239","post","type-post","status-publish","format-standard","hentry","category-allgemein","tag-regelwerke"],"yoast_head":"<!-- This site is optimized with the Yoast SEO plugin v27.3 - https:\/\/yoast.com\/product\/yoast-seo-wordpress\/ -->\n<title>Dr. Christian Nocke zur neuen VDI-Richtlinie 2569 &#8211; Quiet please!<\/title>\n<meta name=\"description\" content=\"Die VDI-Richtlinie 2569 \u201eSchallschutz und akustische Gestaltung im B\u00fcro\u201c wurde \u00fcberarbeitet und soll demn\u00e4chst in der Neufassung publiziert werden. Der Akustikexperte Dr. Christian Nocke, Inhaber des Akustikb\u00fcros Oldenburg, Mitglied der Aktion Quiet please!, hat an der \u00dcberarbeitung mitgewirk\" \/>\n<meta name=\"robots\" content=\"index, follow, max-snippet:-1, max-image-preview:large, max-video-preview:-1\" \/>\n<link rel=\"canonical\" href=\"https:\/\/office-roxx.de\/akustikaktion\/2018\/05\/14\/dr-christian-nocke-zur-neuen-vdi-richtlinie-2569\/\" \/>\n<meta property=\"og:locale\" content=\"de_DE\" \/>\n<meta property=\"og:type\" content=\"article\" \/>\n<meta property=\"og:title\" content=\"Dr. Christian Nocke zur neuen VDI-Richtlinie 2569 &#8211; Quiet please!\" \/>\n<meta property=\"og:description\" content=\"Die VDI-Richtlinie 2569 \u201eSchallschutz und akustische Gestaltung im B\u00fcro\u201c wurde \u00fcberarbeitet und soll demn\u00e4chst in der Neufassung publiziert werden. Der Akustikexperte Dr. Christian Nocke, Inhaber des Akustikb\u00fcros Oldenburg, Mitglied der Aktion Quiet please!, hat an der \u00dcberarbeitung mitgewirk\" \/>\n<meta property=\"og:url\" content=\"https:\/\/office-roxx.de\/akustikaktion\/2018\/05\/14\/dr-christian-nocke-zur-neuen-vdi-richtlinie-2569\/\" \/>\n<meta property=\"og:site_name\" content=\"Quiet please!\" \/>\n<meta property=\"article:author\" content=\"rn\" \/>\n<meta property=\"article:published_time\" content=\"2018-05-14T06:30:00+00:00\" \/>\n<meta name=\"author\" content=\"P4-Akustik\" \/>\n<meta name=\"twitter:card\" content=\"summary_large_image\" \/>\n<meta name=\"twitter:label1\" content=\"Verfasst von\" \/>\n\t<meta name=\"twitter:data1\" content=\"P4-Akustik\" \/>\n\t<meta name=\"twitter:label2\" content=\"Gesch\u00e4tzte Lesezeit\" \/>\n\t<meta name=\"twitter:data2\" content=\"4\u00a0Minuten\" \/>\n<script type=\"application\/ld+json\" class=\"yoast-schema-graph\">{\"@context\":\"https:\\\/\\\/schema.org\",\"@graph\":[{\"@type\":\"Article\",\"@id\":\"https:\\\/\\\/office-roxx.de\\\/akustikaktion\\\/2018\\\/05\\\/14\\\/dr-christian-nocke-zur-neuen-vdi-richtlinie-2569\\\/#article\",\"isPartOf\":{\"@id\":\"https:\\\/\\\/office-roxx.de\\\/akustikaktion\\\/2018\\\/05\\\/14\\\/dr-christian-nocke-zur-neuen-vdi-richtlinie-2569\\\/\"},\"author\":{\"name\":\"P4-Akustik\",\"@id\":\"https:\\\/\\\/office-roxx.de\\\/akustikaktion\\\/#\\\/schema\\\/person\\\/e3373ee4657e948c1387b5f2de2affd4\"},\"headline\":\"Dr. Christian Nocke zur neuen VDI-Richtlinie 2569\",\"datePublished\":\"2018-05-14T06:30:00+00:00\",\"mainEntityOfPage\":{\"@id\":\"https:\\\/\\\/office-roxx.de\\\/akustikaktion\\\/2018\\\/05\\\/14\\\/dr-christian-nocke-zur-neuen-vdi-richtlinie-2569\\\/\"},\"wordCount\":811,\"publisher\":{\"@id\":\"https:\\\/\\\/office-roxx.de\\\/akustikaktion\\\/#organization\"},\"keywords\":[\"Regelwerke\"],\"inLanguage\":\"de\"},{\"@type\":\"WebPage\",\"@id\":\"https:\\\/\\\/office-roxx.de\\\/akustikaktion\\\/2018\\\/05\\\/14\\\/dr-christian-nocke-zur-neuen-vdi-richtlinie-2569\\\/\",\"url\":\"https:\\\/\\\/office-roxx.de\\\/akustikaktion\\\/2018\\\/05\\\/14\\\/dr-christian-nocke-zur-neuen-vdi-richtlinie-2569\\\/\",\"name\":\"Dr. Christian Nocke zur neuen VDI-Richtlinie 2569 &#8211; Quiet please!\",\"isPartOf\":{\"@id\":\"https:\\\/\\\/office-roxx.de\\\/akustikaktion\\\/#website\"},\"datePublished\":\"2018-05-14T06:30:00+00:00\",\"description\":\"Die VDI-Richtlinie 2569 \u201eSchallschutz und akustische Gestaltung im B\u00fcro\u201c wurde \u00fcberarbeitet und soll demn\u00e4chst in der Neufassung publiziert werden. Der Akustikexperte Dr. Christian Nocke, Inhaber des Akustikb\u00fcros Oldenburg, Mitglied der Aktion Quiet please!, hat an der \u00dcberarbeitung mitgewirk\",\"breadcrumb\":{\"@id\":\"https:\\\/\\\/office-roxx.de\\\/akustikaktion\\\/2018\\\/05\\\/14\\\/dr-christian-nocke-zur-neuen-vdi-richtlinie-2569\\\/#breadcrumb\"},\"inLanguage\":\"de\",\"potentialAction\":[{\"@type\":\"ReadAction\",\"target\":[\"https:\\\/\\\/office-roxx.de\\\/akustikaktion\\\/2018\\\/05\\\/14\\\/dr-christian-nocke-zur-neuen-vdi-richtlinie-2569\\\/\"]}]},{\"@type\":\"BreadcrumbList\",\"@id\":\"https:\\\/\\\/office-roxx.de\\\/akustikaktion\\\/2018\\\/05\\\/14\\\/dr-christian-nocke-zur-neuen-vdi-richtlinie-2569\\\/#breadcrumb\",\"itemListElement\":[{\"@type\":\"ListItem\",\"position\":1,\"name\":\"Startseite\",\"item\":\"https:\\\/\\\/office-roxx.de\\\/akustikaktion\\\/\"},{\"@type\":\"ListItem\",\"position\":2,\"name\":\"Dr. Christian Nocke zur neuen VDI-Richtlinie 2569\"}]},{\"@type\":\"WebSite\",\"@id\":\"https:\\\/\\\/office-roxx.de\\\/akustikaktion\\\/#website\",\"url\":\"https:\\\/\\\/office-roxx.de\\\/akustikaktion\\\/\",\"name\":\"Quiet please!\",\"description\":\"Die Akustik-Aktion\",\"publisher\":{\"@id\":\"https:\\\/\\\/office-roxx.de\\\/akustikaktion\\\/#organization\"},\"potentialAction\":[{\"@type\":\"SearchAction\",\"target\":{\"@type\":\"EntryPoint\",\"urlTemplate\":\"https:\\\/\\\/office-roxx.de\\\/akustikaktion\\\/?s={search_term_string}\"},\"query-input\":{\"@type\":\"PropertyValueSpecification\",\"valueRequired\":true,\"valueName\":\"search_term_string\"}}],\"inLanguage\":\"de\"},{\"@type\":\"Organization\",\"@id\":\"https:\\\/\\\/office-roxx.de\\\/akustikaktion\\\/#organization\",\"name\":\"Quiet please! Die Akustik-Aktion\",\"url\":\"https:\\\/\\\/office-roxx.de\\\/akustikaktion\\\/\",\"logo\":{\"@type\":\"ImageObject\",\"inLanguage\":\"de\",\"@id\":\"https:\\\/\\\/office-roxx.de\\\/akustikaktion\\\/#\\\/schema\\\/logo\\\/image\\\/\",\"url\":\"https:\\\/\\\/office-roxx.de\\\/akustikaktion\\\/wp-content\\\/uploads\\\/2018\\\/02\\\/Quiet-pease-Logo.png\",\"contentUrl\":\"https:\\\/\\\/office-roxx.de\\\/akustikaktion\\\/wp-content\\\/uploads\\\/2018\\\/02\\\/Quiet-pease-Logo.png\",\"width\":576,\"height\":132,\"caption\":\"Quiet please! Die Akustik-Aktion\"},\"image\":{\"@id\":\"https:\\\/\\\/office-roxx.de\\\/akustikaktion\\\/#\\\/schema\\\/logo\\\/image\\\/\"}},{\"@type\":\"Person\",\"@id\":\"https:\\\/\\\/office-roxx.de\\\/akustikaktion\\\/#\\\/schema\\\/person\\\/e3373ee4657e948c1387b5f2de2affd4\",\"name\":\"P4-Akustik\",\"image\":{\"@type\":\"ImageObject\",\"inLanguage\":\"de\",\"@id\":\"https:\\\/\\\/secure.gravatar.com\\\/avatar\\\/e7f38084968dcbb88b923f48395eb5ec7c3ad3102c6db95eccceb504d4317f39?s=96&d=mm&r=g\",\"url\":\"https:\\\/\\\/secure.gravatar.com\\\/avatar\\\/e7f38084968dcbb88b923f48395eb5ec7c3ad3102c6db95eccceb504d4317f39?s=96&d=mm&r=g\",\"contentUrl\":\"https:\\\/\\\/secure.gravatar.com\\\/avatar\\\/e7f38084968dcbb88b923f48395eb5ec7c3ad3102c6db95eccceb504d4317f39?s=96&d=mm&r=g\",\"caption\":\"P4-Akustik\"},\"sameAs\":[\"rn\"]}]}<\/script>\n<!-- \/ Yoast SEO plugin. -->","yoast_head_json":{"title":"Dr. Christian Nocke zur neuen VDI-Richtlinie 2569 &#8211; Quiet please!","description":"Die VDI-Richtlinie 2569 \u201eSchallschutz und akustische Gestaltung im B\u00fcro\u201c wurde \u00fcberarbeitet und soll demn\u00e4chst in der Neufassung publiziert werden. Der Akustikexperte Dr. Christian Nocke, Inhaber des Akustikb\u00fcros Oldenburg, Mitglied der Aktion Quiet please!, hat an der \u00dcberarbeitung mitgewirk","robots":{"index":"index","follow":"follow","max-snippet":"max-snippet:-1","max-image-preview":"max-image-preview:large","max-video-preview":"max-video-preview:-1"},"canonical":"https:\/\/office-roxx.de\/akustikaktion\/2018\/05\/14\/dr-christian-nocke-zur-neuen-vdi-richtlinie-2569\/","og_locale":"de_DE","og_type":"article","og_title":"Dr. Christian Nocke zur neuen VDI-Richtlinie 2569 &#8211; Quiet please!","og_description":"Die VDI-Richtlinie 2569 \u201eSchallschutz und akustische Gestaltung im B\u00fcro\u201c wurde \u00fcberarbeitet und soll demn\u00e4chst in der Neufassung publiziert werden. Der Akustikexperte Dr. Christian Nocke, Inhaber des Akustikb\u00fcros Oldenburg, Mitglied der Aktion Quiet please!, hat an der \u00dcberarbeitung mitgewirk","og_url":"https:\/\/office-roxx.de\/akustikaktion\/2018\/05\/14\/dr-christian-nocke-zur-neuen-vdi-richtlinie-2569\/","og_site_name":"Quiet please!","article_author":"rn","article_published_time":"2018-05-14T06:30:00+00:00","author":"P4-Akustik","twitter_card":"summary_large_image","twitter_misc":{"Verfasst von":"P4-Akustik","Gesch\u00e4tzte Lesezeit":"4\u00a0Minuten"},"schema":{"@context":"https:\/\/schema.org","@graph":[{"@type":"Article","@id":"https:\/\/office-roxx.de\/akustikaktion\/2018\/05\/14\/dr-christian-nocke-zur-neuen-vdi-richtlinie-2569\/#article","isPartOf":{"@id":"https:\/\/office-roxx.de\/akustikaktion\/2018\/05\/14\/dr-christian-nocke-zur-neuen-vdi-richtlinie-2569\/"},"author":{"name":"P4-Akustik","@id":"https:\/\/office-roxx.de\/akustikaktion\/#\/schema\/person\/e3373ee4657e948c1387b5f2de2affd4"},"headline":"Dr. Christian Nocke zur neuen VDI-Richtlinie 2569","datePublished":"2018-05-14T06:30:00+00:00","mainEntityOfPage":{"@id":"https:\/\/office-roxx.de\/akustikaktion\/2018\/05\/14\/dr-christian-nocke-zur-neuen-vdi-richtlinie-2569\/"},"wordCount":811,"publisher":{"@id":"https:\/\/office-roxx.de\/akustikaktion\/#organization"},"keywords":["Regelwerke"],"inLanguage":"de"},{"@type":"WebPage","@id":"https:\/\/office-roxx.de\/akustikaktion\/2018\/05\/14\/dr-christian-nocke-zur-neuen-vdi-richtlinie-2569\/","url":"https:\/\/office-roxx.de\/akustikaktion\/2018\/05\/14\/dr-christian-nocke-zur-neuen-vdi-richtlinie-2569\/","name":"Dr. Christian Nocke zur neuen VDI-Richtlinie 2569 &#8211; Quiet please!","isPartOf":{"@id":"https:\/\/office-roxx.de\/akustikaktion\/#website"},"datePublished":"2018-05-14T06:30:00+00:00","description":"Die VDI-Richtlinie 2569 \u201eSchallschutz und akustische Gestaltung im B\u00fcro\u201c wurde \u00fcberarbeitet und soll demn\u00e4chst in der Neufassung publiziert werden. Der Akustikexperte Dr. Christian Nocke, Inhaber des Akustikb\u00fcros Oldenburg, Mitglied der Aktion Quiet please!, hat an der \u00dcberarbeitung mitgewirk","breadcrumb":{"@id":"https:\/\/office-roxx.de\/akustikaktion\/2018\/05\/14\/dr-christian-nocke-zur-neuen-vdi-richtlinie-2569\/#breadcrumb"},"inLanguage":"de","potentialAction":[{"@type":"ReadAction","target":["https:\/\/office-roxx.de\/akustikaktion\/2018\/05\/14\/dr-christian-nocke-zur-neuen-vdi-richtlinie-2569\/"]}]},{"@type":"BreadcrumbList","@id":"https:\/\/office-roxx.de\/akustikaktion\/2018\/05\/14\/dr-christian-nocke-zur-neuen-vdi-richtlinie-2569\/#breadcrumb","itemListElement":[{"@type":"ListItem","position":1,"name":"Startseite","item":"https:\/\/office-roxx.de\/akustikaktion\/"},{"@type":"ListItem","position":2,"name":"Dr. Christian Nocke zur neuen VDI-Richtlinie 2569"}]},{"@type":"WebSite","@id":"https:\/\/office-roxx.de\/akustikaktion\/#website","url":"https:\/\/office-roxx.de\/akustikaktion\/","name":"Quiet please!","description":"Die Akustik-Aktion","publisher":{"@id":"https:\/\/office-roxx.de\/akustikaktion\/#organization"},"potentialAction":[{"@type":"SearchAction","target":{"@type":"EntryPoint","urlTemplate":"https:\/\/office-roxx.de\/akustikaktion\/?s={search_term_string}"},"query-input":{"@type":"PropertyValueSpecification","valueRequired":true,"valueName":"search_term_string"}}],"inLanguage":"de"},{"@type":"Organization","@id":"https:\/\/office-roxx.de\/akustikaktion\/#organization","name":"Quiet please! Die Akustik-Aktion","url":"https:\/\/office-roxx.de\/akustikaktion\/","logo":{"@type":"ImageObject","inLanguage":"de","@id":"https:\/\/office-roxx.de\/akustikaktion\/#\/schema\/logo\/image\/","url":"https:\/\/office-roxx.de\/akustikaktion\/wp-content\/uploads\/2018\/02\/Quiet-pease-Logo.png","contentUrl":"https:\/\/office-roxx.de\/akustikaktion\/wp-content\/uploads\/2018\/02\/Quiet-pease-Logo.png","width":576,"height":132,"caption":"Quiet please! Die Akustik-Aktion"},"image":{"@id":"https:\/\/office-roxx.de\/akustikaktion\/#\/schema\/logo\/image\/"}},{"@type":"Person","@id":"https:\/\/office-roxx.de\/akustikaktion\/#\/schema\/person\/e3373ee4657e948c1387b5f2de2affd4","name":"P4-Akustik","image":{"@type":"ImageObject","inLanguage":"de","@id":"https:\/\/secure.gravatar.com\/avatar\/e7f38084968dcbb88b923f48395eb5ec7c3ad3102c6db95eccceb504d4317f39?s=96&d=mm&r=g","url":"https:\/\/secure.gravatar.com\/avatar\/e7f38084968dcbb88b923f48395eb5ec7c3ad3102c6db95eccceb504d4317f39?s=96&d=mm&r=g","contentUrl":"https:\/\/secure.gravatar.com\/avatar\/e7f38084968dcbb88b923f48395eb5ec7c3ad3102c6db95eccceb504d4317f39?s=96&d=mm&r=g","caption":"P4-Akustik"},"sameAs":["rn"]}]}},"_links":{"self":[{"href":"https:\/\/office-roxx.de\/akustikaktion\/wp-json\/wp\/v2\/posts\/1239","targetHints":{"allow":["GET"]}}],"collection":[{"href":"https:\/\/office-roxx.de\/akustikaktion\/wp-json\/wp\/v2\/posts"}],"about":[{"href":"https:\/\/office-roxx.de\/akustikaktion\/wp-json\/wp\/v2\/types\/post"}],"author":[{"embeddable":true,"href":"https:\/\/office-roxx.de\/akustikaktion\/wp-json\/wp\/v2\/users\/3"}],"replies":[{"embeddable":true,"href":"https:\/\/office-roxx.de\/akustikaktion\/wp-json\/wp\/v2\/comments?post=1239"}],"version-history":[{"count":6,"href":"https:\/\/office-roxx.de\/akustikaktion\/wp-json\/wp\/v2\/posts\/1239\/revisions"}],"predecessor-version":[{"id":1248,"href":"https:\/\/office-roxx.de\/akustikaktion\/wp-json\/wp\/v2\/posts\/1239\/revisions\/1248"}],"wp:attachment":[{"href":"https:\/\/office-roxx.de\/akustikaktion\/wp-json\/wp\/v2\/media?parent=1239"}],"wp:term":[{"taxonomy":"category","embeddable":true,"href":"https:\/\/office-roxx.de\/akustikaktion\/wp-json\/wp\/v2\/categories?post=1239"},{"taxonomy":"post_tag","embeddable":true,"href":"https:\/\/office-roxx.de\/akustikaktion\/wp-json\/wp\/v2\/tags?post=1239"}],"curies":[{"name":"wp","href":"https:\/\/api.w.org\/{rel}","templated":true}]}}